{"id":64117,"date":"2012-09-29T00:04:15","date_gmt":"2012-09-28T23:04:15","guid":{"rendered":"http:\/\/www.visit-ulcinj.com\/blog\/?p=64117"},"modified":"2012-09-30T17:02:54","modified_gmt":"2012-09-30T16:02:54","slug":"sjutra-u-ulcinju-memorijal-ljubomir-ljubo-kuzman","status":"publish","type":"post","link":"https:\/\/www.visit-ulcinj.com\/blog\/2012\/09\/29\/sjutra-u-ulcinju-memorijal-ljubomir-ljubo-kuzman\/","title":{"rendered":"Sjutra u Ulcinju Memorijal \u201cLjubomir-Ljubo Kuzman\u201d"},"content":{"rendered":"<p><a href=\"http:\/\/www.visit-ulcinj.com\/blog\/wp-content\/uploads\/2012\/09\/Ljubomir-Ljubo-Kuzman.jpg\"><img loading=\"lazy\" class=\"alignleft size-medium wp-image-64118\" title=\"Ljubomir-Ljubo Kuzman\" src=\"http:\/\/www.visit-ulcinj.com\/blog\/wp-content\/uploads\/2012\/09\/Ljubomir-Ljubo-Kuzman-224x300.jpg\" alt=\"\" width=\"224\" height=\"300\" srcset=\"https:\/\/www.visit-ulcinj.com\/blog\/wp-content\/uploads\/2012\/09\/Ljubomir-Ljubo-Kuzman-224x300.jpg 224w, https:\/\/www.visit-ulcinj.com\/blog\/wp-content\/uploads\/2012\/09\/Ljubomir-Ljubo-Kuzman.jpg 562w\" sizes=\"(max-width: 224px) 100vw, 224px\" \/><\/a>U Ulcinju \u0107e u subotu i nedjelju biti odr\u017ean me\u0111unarodni memorijalni turnir \u201cLjubomir-Ljubo Kuzman\u201d u \u010dast biv\u0161eg igra\u010da Ulcinja, koji je 17. maja ove godine, u 17. godini, tragi\u010dno preminuo na treningu.<\/p>\n<p>Osim doma\u0107eg Ulcinja, kojeg sa klupe predvoditi trener Rajko Popovi\u0107 (brat biv\u0161eg trenera Lov\u0107ena i nekada\u0161njeg crnogorskog selektora Ranka Popovi\u0107a, koji je nedavno preuzeo Novi Pazar, srpskog drugoliga\u0161a), koji \u0107e u predstoje\u0107oj sezoni igrati u Prvoj ligi, nakon \u0161to je superiorno osvojio prvo mjesto u Drugoj ligi, na turniru u\u010destvuju jo\u0161 i barski Sedmerac, Budva i Pri\u0161tina.<\/p>\n<p>Sve\u010dano otvaranje turnira je u 17 \u010dasova, nakon \u010dega \u0107e se odigrati utakmica izme\u0111u kadetskog sastava Ulcinja, \u010diji je \u010dlan bio Ljubomir Kuzman, i njihovih vr\u0161njaka iz Sedmerca.<\/p>\n<p>Nakon toga slijede polufinalni dueli, u kojima se sastaju Sedmerac \u2013 Pri\u0161tina (18 \u010dasova), odnosno Ulcinj &#8211; Budva (20).<\/p>\n<p>Finale je u nedjelju u 18 \u010dasova, dva sata ranije igra se me\u010d za tre\u0107e mjesto.<br \/>\nS.J<\/p>\n<p><strong><a href=\"http:\/\/www.vijesti.me\/\">Vijesti online<\/a><\/strong><\/p>\n","protected":false},"excerpt":{"rendered":"<p>U Ulcinju \u0107e u subotu i nedjelju biti odr\u017ean me\u0111unarodni memorijalni turnir \u201cLjubomir-Ljubo Kuzman\u201d u \u010dast biv\u0161eg igra\u010da Ulcinja, koji je 17. maja ove godine, u 17. godini, tragi\u010dno preminuo na treningu. Osim doma\u0107eg Ulcinja, kojeg sa klupe predvoditi trener Rajko Popovi\u0107 (brat biv\u0161eg trenera Lov\u0107ena i nekada\u0161njeg crnogorskog selektora Ranka Popovi\u0107a, koji je nedavno [&hellip;]<\/p>\n","protected":false},"author":1,"featured_media":0,"comment_status":"open","ping_status":"closed","sticky":false,"template":"","format":"standard","meta":{"spay_email":"","jetpack_publicize_message":"","jetpack_is_tweetstorm":false,"jetpack_publicize_feature_enabled":true},"categories":[8337],"tags":[21145,19],"jetpack_publicize_connections":[],"yoast_head":"<!-- This site is optimized with the Yoast SEO plugin v19.1 - https:\/\/yoast.com\/wordpress\/plugins\/seo\/ -->\n<title>Sjutra u Ulcinju Memorijal \u201cLjubomir-Ljubo Kuzman\u201d - Lajme nga Ulqini<\/title>\n<meta name=\"description\" content=\"U Ulcinju \u0107e u subotu i nedjelju biti odr\u017ean me\u0111unarodni memorijalni turnir \u201cLjubomir-Ljubo Kuzman\u201d u \u010dast biv\u0161eg igra\u010da Ulcinja, koji je 17. maja ove\" \/>\n<meta name=\"robots\" content=\"index, follow, max-snippet:-1, max-image-preview:large, max-video-preview:-1\" \/>\n<link rel=\"canonical\" href=\"https:\/\/www.visit-ulcinj.com\/blog\/2012\/09\/29\/sjutra-u-ulcinju-memorijal-ljubomir-ljubo-kuzman\/\" \/>\n<meta property=\"og:locale\" content=\"en_US\" \/>\n<meta property=\"og:type\" content=\"article\" \/>\n<meta property=\"og:title\" content=\"Sjutra u Ulcinju Memorijal \u201cLjubomir-Ljubo Kuzman\u201d - Lajme nga Ulqini\" \/>\n<meta property=\"og:description\" content=\"U Ulcinju \u0107e u subotu i nedjelju biti odr\u017ean me\u0111unarodni memorijalni turnir \u201cLjubomir-Ljubo Kuzman\u201d u \u010dast biv\u0161eg igra\u010da Ulcinja, koji je 17. maja ove\" \/>\n<meta property=\"og:url\" content=\"https:\/\/www.visit-ulcinj.com\/blog\/2012\/09\/29\/sjutra-u-ulcinju-memorijal-ljubomir-ljubo-kuzman\/\" \/>\n<meta property=\"og:site_name\" content=\"Lajme nga Ulqini\" \/>\n<meta property=\"article:published_time\" content=\"2012-09-28T23:04:15+00:00\" \/>\n<meta property=\"article:modified_time\" content=\"2012-09-30T16:02:54+00:00\" \/>\n<meta property=\"og:image\" content=\"http:\/\/www.visit-ulcinj.com\/blog\/wp-content\/uploads\/2012\/09\/Ljubomir-Ljubo-Kuzman-224x300.jpg\" \/>\n<meta name=\"twitter:label1\" content=\"Written by\" \/>\n\t<meta name=\"twitter:data1\" content=\"ulqini\" \/>\n\t<meta name=\"twitter:label2\" content=\"Est. reading time\" \/>\n\t<meta name=\"twitter:data2\" content=\"1 minute\" \/>\n<script type=\"application\/ld+json\" class=\"yoast-schema-graph\">{\"@context\":\"https:\/\/schema.org\",\"@graph\":[{\"@type\":\"WebSite\",\"@id\":\"https:\/\/www.visit-ulcinj.com\/blog\/#website\",\"url\":\"https:\/\/www.visit-ulcinj.com\/blog\/\",\"name\":\"Lajme nga Ulqini\",\"description\":\"Lajme,Vijesti,Ulqini,Ulqin,Crna Gora,Mali i Zi\",\"potentialAction\":[{\"@type\":\"SearchAction\",\"target\":{\"@type\":\"EntryPoint\",\"urlTemplate\":\"https:\/\/www.visit-ulcinj.com\/blog\/?s={search_term_string}\"},\"query-input\":\"required name=search_term_string\"}],\"inLanguage\":\"en-US\"},{\"@type\":\"ImageObject\",\"inLanguage\":\"en-US\",\"@id\":\"https:\/\/www.visit-ulcinj.com\/blog\/2012\/09\/29\/sjutra-u-ulcinju-memorijal-ljubomir-ljubo-kuzman\/#primaryimage\",\"url\":\"https:\/\/www.visit-ulcinj.com\/blog\/wp-content\/uploads\/2012\/09\/Ljubomir-Ljubo-Kuzman.jpg\",\"contentUrl\":\"https:\/\/www.visit-ulcinj.com\/blog\/wp-content\/uploads\/2012\/09\/Ljubomir-Ljubo-Kuzman.jpg\",\"width\":\"562\",\"height\":\"750\"},{\"@type\":\"WebPage\",\"@id\":\"https:\/\/www.visit-ulcinj.com\/blog\/2012\/09\/29\/sjutra-u-ulcinju-memorijal-ljubomir-ljubo-kuzman\/#webpage\",\"url\":\"https:\/\/www.visit-ulcinj.com\/blog\/2012\/09\/29\/sjutra-u-ulcinju-memorijal-ljubomir-ljubo-kuzman\/\",\"name\":\"Sjutra u Ulcinju Memorijal \u201cLjubomir-Ljubo Kuzman\u201d - Lajme nga Ulqini\",\"isPartOf\":{\"@id\":\"https:\/\/www.visit-ulcinj.com\/blog\/#website\"},\"primaryImageOfPage\":{\"@id\":\"https:\/\/www.visit-ulcinj.com\/blog\/2012\/09\/29\/sjutra-u-ulcinju-memorijal-ljubomir-ljubo-kuzman\/#primaryimage\"},\"datePublished\":\"2012-09-28T23:04:15+00:00\",\"dateModified\":\"2012-09-30T16:02:54+00:00\",\"author\":{\"@id\":\"https:\/\/www.visit-ulcinj.com\/blog\/#\/schema\/person\/dcab619c614d3038751c63bc2aadc06d\"},\"description\":\"U Ulcinju \u0107e u subotu i nedjelju biti odr\u017ean me\u0111unarodni memorijalni turnir \u201cLjubomir-Ljubo Kuzman\u201d u \u010dast biv\u0161eg igra\u010da Ulcinja, koji je 17. maja ove\",\"breadcrumb\":{\"@id\":\"https:\/\/www.visit-ulcinj.com\/blog\/2012\/09\/29\/sjutra-u-ulcinju-memorijal-ljubomir-ljubo-kuzman\/#breadcrumb\"},\"inLanguage\":\"en-US\",\"potentialAction\":[{\"@type\":\"ReadAction\",\"target\":[\"https:\/\/www.visit-ulcinj.com\/blog\/2012\/09\/29\/sjutra-u-ulcinju-memorijal-ljubomir-ljubo-kuzman\/\"]}]},{\"@type\":\"BreadcrumbList\",\"@id\":\"https:\/\/www.visit-ulcinj.com\/blog\/2012\/09\/29\/sjutra-u-ulcinju-memorijal-ljubomir-ljubo-kuzman\/#breadcrumb\",\"itemListElement\":[{\"@type\":\"ListItem\",\"position\":1,\"name\":\"Sjutra u Ulcinju Memorijal \u201cLjubomir-Ljubo Kuzman\u201d\"}]},{\"@type\":\"Person\",\"@id\":\"https:\/\/www.visit-ulcinj.com\/blog\/#\/schema\/person\/dcab619c614d3038751c63bc2aadc06d\",\"name\":\"ulqini\",\"sameAs\":[\"http:\/\/www.visit-ulcinj.com\"],\"url\":\"https:\/\/www.visit-ulcinj.com\/blog\/author\/admin\/\"}]}<\/script>\n<!-- \/ Yoast SEO plugin. -->","yoast_head_json":{"title":"Sjutra u Ulcinju Memorijal \u201cLjubomir-Ljubo Kuzman\u201d - Lajme nga Ulqini","description":"U Ulcinju \u0107e u subotu i nedjelju biti odr\u017ean me\u0111unarodni memorijalni turnir \u201cLjubomir-Ljubo Kuzman\u201d u \u010dast biv\u0161eg igra\u010da Ulcinja, koji je 17. maja ove","robots":{"index":"index","follow":"follow","max-snippet":"max-snippet:-1","max-image-preview":"max-image-preview:large","max-video-preview":"max-video-preview:-1"},"canonical":"https:\/\/www.visit-ulcinj.com\/blog\/2012\/09\/29\/sjutra-u-ulcinju-memorijal-ljubomir-ljubo-kuzman\/","og_locale":"en_US","og_type":"article","og_title":"Sjutra u Ulcinju Memorijal \u201cLjubomir-Ljubo Kuzman\u201d - Lajme nga Ulqini","og_description":"U Ulcinju \u0107e u subotu i nedjelju biti odr\u017ean me\u0111unarodni memorijalni turnir \u201cLjubomir-Ljubo Kuzman\u201d u \u010dast biv\u0161eg igra\u010da Ulcinja, koji je 17. maja ove","og_url":"https:\/\/www.visit-ulcinj.com\/blog\/2012\/09\/29\/sjutra-u-ulcinju-memorijal-ljubomir-ljubo-kuzman\/","og_site_name":"Lajme nga Ulqini","article_published_time":"2012-09-28T23:04:15+00:00","article_modified_time":"2012-09-30T16:02:54+00:00","og_image":[{"url":"http:\/\/www.visit-ulcinj.com\/blog\/wp-content\/uploads\/2012\/09\/Ljubomir-Ljubo-Kuzman-224x300.jpg"}],"twitter_misc":{"Written by":"ulqini","Est. reading time":"1 minute"},"schema":{"@context":"https:\/\/schema.org","@graph":[{"@type":"WebSite","@id":"https:\/\/www.visit-ulcinj.com\/blog\/#website","url":"https:\/\/www.visit-ulcinj.com\/blog\/","name":"Lajme nga Ulqini","description":"Lajme,Vijesti,Ulqini,Ulqin,Crna Gora,Mali i Zi","potentialAction":[{"@type":"SearchAction","target":{"@type":"EntryPoint","urlTemplate":"https:\/\/www.visit-ulcinj.com\/blog\/?s={search_term_string}"},"query-input":"required name=search_term_string"}],"inLanguage":"en-US"},{"@type":"ImageObject","inLanguage":"en-US","@id":"https:\/\/www.visit-ulcinj.com\/blog\/2012\/09\/29\/sjutra-u-ulcinju-memorijal-ljubomir-ljubo-kuzman\/#primaryimage","url":"https:\/\/www.visit-ulcinj.com\/blog\/wp-content\/uploads\/2012\/09\/Ljubomir-Ljubo-Kuzman.jpg","contentUrl":"https:\/\/www.visit-ulcinj.com\/blog\/wp-content\/uploads\/2012\/09\/Ljubomir-Ljubo-Kuzman.jpg","width":"562","height":"750"},{"@type":"WebPage","@id":"https:\/\/www.visit-ulcinj.com\/blog\/2012\/09\/29\/sjutra-u-ulcinju-memorijal-ljubomir-ljubo-kuzman\/#webpage","url":"https:\/\/www.visit-ulcinj.com\/blog\/2012\/09\/29\/sjutra-u-ulcinju-memorijal-ljubomir-ljubo-kuzman\/","name":"Sjutra u Ulcinju Memorijal \u201cLjubomir-Ljubo Kuzman\u201d - Lajme nga Ulqini","isPartOf":{"@id":"https:\/\/www.visit-ulcinj.com\/blog\/#website"},"primaryImageOfPage":{"@id":"https:\/\/www.visit-ulcinj.com\/blog\/2012\/09\/29\/sjutra-u-ulcinju-memorijal-ljubomir-ljubo-kuzman\/#primaryimage"},"datePublished":"2012-09-28T23:04:15+00:00","dateModified":"2012-09-30T16:02:54+00:00","author":{"@id":"https:\/\/www.visit-ulcinj.com\/blog\/#\/schema\/person\/dcab619c614d3038751c63bc2aadc06d"},"description":"U Ulcinju \u0107e u subotu i nedjelju biti odr\u017ean me\u0111unarodni memorijalni turnir \u201cLjubomir-Ljubo Kuzman\u201d u \u010dast biv\u0161eg igra\u010da Ulcinja, koji je 17. maja ove","breadcrumb":{"@id":"https:\/\/www.visit-ulcinj.com\/blog\/2012\/09\/29\/sjutra-u-ulcinju-memorijal-ljubomir-ljubo-kuzman\/#breadcrumb"},"inLanguage":"en-US","potentialAction":[{"@type":"ReadAction","target":["https:\/\/www.visit-ulcinj.com\/blog\/2012\/09\/29\/sjutra-u-ulcinju-memorijal-ljubomir-ljubo-kuzman\/"]}]},{"@type":"BreadcrumbList","@id":"https:\/\/www.visit-ulcinj.com\/blog\/2012\/09\/29\/sjutra-u-ulcinju-memorijal-ljubomir-ljubo-kuzman\/#breadcrumb","itemListElement":[{"@type":"ListItem","position":1,"name":"Sjutra u Ulcinju Memorijal \u201cLjubomir-Ljubo Kuzman\u201d"}]},{"@type":"Person","@id":"https:\/\/www.visit-ulcinj.com\/blog\/#\/schema\/person\/dcab619c614d3038751c63bc2aadc06d","name":"ulqini","sameAs":["http:\/\/www.visit-ulcinj.com"],"url":"https:\/\/www.visit-ulcinj.com\/blog\/author\/admin\/"}]}},"jetpack_featured_media_url":"","jetpack_sharing_enabled":true,"jetpack_shortlink":"https:\/\/wp.me\/pe6lTn-gG9","_links":{"self":[{"href":"https:\/\/www.visit-ulcinj.com\/blog\/wp-json\/wp\/v2\/posts\/64117"}],"collection":[{"href":"https:\/\/www.visit-ulcinj.com\/blog\/wp-json\/wp\/v2\/posts"}],"about":[{"href":"https:\/\/www.visit-ulcinj.com\/blog\/wp-json\/wp\/v2\/types\/post"}],"author":[{"embeddable":true,"href":"https:\/\/www.visit-ulcinj.com\/blog\/wp-json\/wp\/v2\/users\/1"}],"replies":[{"embeddable":true,"href":"https:\/\/www.visit-ulcinj.com\/blog\/wp-json\/wp\/v2\/comments?post=64117"}],"version-history":[{"count":2,"href":"https:\/\/www.visit-ulcinj.com\/blog\/wp-json\/wp\/v2\/posts\/64117\/revisions"}],"predecessor-version":[{"id":64143,"href":"https:\/\/www.visit-ulcinj.com\/blog\/wp-json\/wp\/v2\/posts\/64117\/revisions\/64143"}],"wp:attachment":[{"href":"https:\/\/www.visit-ulcinj.com\/blog\/wp-json\/wp\/v2\/media?parent=64117"}],"wp:term":[{"taxonomy":"category","embeddable":true,"href":"https:\/\/www.visit-ulcinj.com\/blog\/wp-json\/wp\/v2\/categories?post=64117"},{"taxonomy":"post_tag","embeddable":true,"href":"https:\/\/www.visit-ulcinj.com\/blog\/wp-json\/wp\/v2\/tags?post=64117"}],"curies":[{"name":"wp","href":"https:\/\/api.w.org\/{rel}","templated":true}]}}