{"id":64122,"date":"2012-09-29T11:53:17","date_gmt":"2012-09-29T10:53:17","guid":{"rendered":"http:\/\/www.visit-ulcinj.com\/blog\/?p=64122"},"modified":"2012-09-29T11:53:17","modified_gmt":"2012-09-29T10:53:17","slug":"vali-corleone-absolut-i-pa-permbajtshem-video","status":"publish","type":"post","link":"https:\/\/www.visit-ulcinj.com\/blog\/2012\/09\/29\/vali-corleone-absolut-i-pa-permbajtshem-video\/","title":{"rendered":"Vali Corleone, absolut i pa p\u00ebrmbajtsh\u00ebm (Video)"},"content":{"rendered":"<p><strong><a href=\"http:\/\/www.visit-ulcinj.com\/blog\/wp-content\/uploads\/2012\/09\/Vali-Korleone-n\u00eb-Ulqin.jpg\"><img loading=\"lazy\" class=\"alignleft  wp-image-64123\" title=\"Vali Korleone n\u00eb Ulqin\" src=\"http:\/\/www.visit-ulcinj.com\/blog\/wp-content\/uploads\/2012\/09\/Vali-Korleone-n\u00eb-Ulqin.jpg\" alt=\"\" width=\"508\" height=\"360\" \/><\/a>Valentino Corleone. Sigurisht, e njihni k\u00ebt\u00eb em\u00ebr shum\u00eb mir\u00eb. Superylli shqiptar nga Gjilani, i cili \u00ebsht\u00eb b\u00ebr\u00eb i famsh\u00ebm p\u00ebr m\u00ebnyr\u00ebn e jet\u00ebs dhe lidhjet e shumta, ka goditur p\u00ebrs\u00ebri, k\u00ebsaj radhe n\u00eb emisionin Zon\u00eb e Lir\u00eb. <\/strong><\/p>\n<p>Vali \u00ebsht\u00eb paraqitur n\u00eb Klan gjat\u00eb mbr\u00ebmjes t\u00eb s\u00eb premt\u00ebs, ku arriti kulmin e shikueshm\u00ebris\u00eb, e cila do t\u00eb jet\u00eb e pa p\u00ebrs\u00ebritshme p\u00ebr nj\u00eb koh\u00eb t\u00eb gjat\u00eb.<\/p>\n<p>Kjo p\u00ebr arsye se pohimet q\u00eb Vali b\u00ebri n\u00eb emisionin e Arian \u00c7anit ishin sa skandaloze aq edhe t\u00eb drejtp\u00ebrdrejta dhe t\u00eb fuqishme.<\/p>\n<p>\u201cE kam telefonuar Tun\u00ebn dhe kam k\u00ebrkuar t\u00eb dal me t\u00eb. Ajo u ankua pse e kam thirrur nat\u00ebn von\u00eb dhe m\u00eb tha t\u00eb mos e shqet\u00ebsoj. Sidoqoft\u00eb, un\u00eb i thash se n\u00ebse dua ngjitem n\u00eb sken\u00eb, e kap p\u00ebr flok\u00eb dhe b\u00ebj seks me t\u00eb\u201d, theksoi Vali gjat\u00eb bised\u00ebs me \u00c7anin, i shoq\u00ebruar prapa tij dhe nga dy prej 29 trurprojeve t\u00eb tij.<\/p>\n<p>Pos tjerash, Vali konfirmoi se edhe ka luftuar n\u00eb radh\u00ebt e U\u00c7PMB-s\u00eb, nd\u00ebrsa nuk munguan as detajet tjera p\u00ebr t\u00eb cilat ai foli me sharmin e tij mbi pasurin\u00eb, jet\u00ebn luksoze dhe lidhjet me femrat.<\/p>\n<p><strong>P\u00ebr m\u00eb shum\u00eb, shikojeni videon m\u00eb posht\u00eb: <\/strong><\/p>\n<p><iframe loading=\"lazy\" frameborder=\"0\" width=\"508\" height=\"370\" src=\"http:\/\/www.dailymotion.com\/embed\/video\/xty3bt_vali-corleona-musafire-ne-zone-e-lire-te-arian-cani-www-besfort-tv_fun\"><\/iframe><br \/><a href=\"http:\/\/www.dailymotion.com\/video\/xty3bt_vali-corleona-musafire-ne-zone-e-lire-te-arian-cani-www-besfort-tv_fun\" target=\"_blank\">Vali Corleona &#8211; Musafire ne Zone e Lire te Arian&#8230;<\/a> <i>par <a href=\"http:\/\/www.dailymotion.com\/chibis\" target=\"_blank\">chibis<\/a><\/i><\/p>\n","protected":false},"excerpt":{"rendered":"<p>Valentino Corleone. Sigurisht, e njihni k\u00ebt\u00eb em\u00ebr shum\u00eb mir\u00eb. Superylli shqiptar nga Gjilani, i cili \u00ebsht\u00eb b\u00ebr\u00eb i famsh\u00ebm p\u00ebr m\u00ebnyr\u00ebn e jet\u00ebs dhe lidhjet e shumta, ka goditur p\u00ebrs\u00ebri, k\u00ebsaj radhe n\u00eb emisionin Zon\u00eb e Lir\u00eb. Vali \u00ebsht\u00eb paraqitur n\u00eb Klan gjat\u00eb mbr\u00ebmjes t\u00eb s\u00eb premt\u00ebs, ku arriti kulmin e shikueshm\u00ebris\u00eb, e cila do [&hellip;]<\/p>\n","protected":false},"author":1,"featured_media":0,"comment_status":"open","ping_status":"closed","sticky":false,"template":"","format":"standard","meta":{"spay_email":"","jetpack_publicize_message":"","jetpack_is_tweetstorm":false,"jetpack_publicize_feature_enabled":true},"categories":[1],"tags":[21147,2297,21148,200,18,21146],"jetpack_publicize_connections":[],"yoast_head":"<!-- This site is optimized with the Yoast SEO plugin v19.1 - https:\/\/yoast.com\/wordpress\/plugins\/seo\/ -->\n<title>Vali Corleone, absolut i pa p\u00ebrmbajtsh\u00ebm (Video) - Lajme nga Ulqini<\/title>\n<meta name=\"description\" content=\"Valentino Corleone. Sigurisht, e njihni k\u00ebt\u00eb em\u00ebr shum\u00eb mir\u00eb. Superylli shqiptar nga Gjilani, i cili \u00ebsht\u00eb b\u00ebr\u00eb i famsh\u00ebm p\u00ebr m\u00ebnyr\u00ebn e jet\u00ebs dhe lidhjet\" \/>\n<meta name=\"robots\" content=\"index, follow, max-snippet:-1, max-image-preview:large, max-video-preview:-1\" \/>\n<link rel=\"canonical\" href=\"https:\/\/www.visit-ulcinj.com\/blog\/2012\/09\/29\/vali-corleone-absolut-i-pa-permbajtshem-video\/\" \/>\n<meta property=\"og:locale\" content=\"en_US\" \/>\n<meta property=\"og:type\" content=\"article\" \/>\n<meta property=\"og:title\" content=\"Vali Corleone, absolut i pa p\u00ebrmbajtsh\u00ebm (Video) - Lajme nga Ulqini\" \/>\n<meta property=\"og:description\" content=\"Valentino Corleone. Sigurisht, e njihni k\u00ebt\u00eb em\u00ebr shum\u00eb mir\u00eb. Superylli shqiptar nga Gjilani, i cili \u00ebsht\u00eb b\u00ebr\u00eb i famsh\u00ebm p\u00ebr m\u00ebnyr\u00ebn e jet\u00ebs dhe lidhjet\" \/>\n<meta property=\"og:url\" content=\"https:\/\/www.visit-ulcinj.com\/blog\/2012\/09\/29\/vali-corleone-absolut-i-pa-permbajtshem-video\/\" \/>\n<meta property=\"og:site_name\" content=\"Lajme nga Ulqini\" \/>\n<meta property=\"article:published_time\" content=\"2012-09-29T10:53:17+00:00\" \/>\n<meta name=\"twitter:label1\" content=\"Written by\" \/>\n\t<meta name=\"twitter:data1\" content=\"ulqini\" \/>\n\t<meta name=\"twitter:label2\" content=\"Est. reading time\" \/>\n\t<meta name=\"twitter:data2\" content=\"1 minute\" \/>\n<script type=\"application\/ld+json\" class=\"yoast-schema-graph\">{\"@context\":\"https:\/\/schema.org\",\"@graph\":[{\"@type\":\"WebSite\",\"@id\":\"https:\/\/www.visit-ulcinj.com\/blog\/#website\",\"url\":\"https:\/\/www.visit-ulcinj.com\/blog\/\",\"name\":\"Lajme nga Ulqini\",\"description\":\"Lajme,Vijesti,Ulqini,Ulqin,Crna Gora,Mali i Zi\",\"potentialAction\":[{\"@type\":\"SearchAction\",\"target\":{\"@type\":\"EntryPoint\",\"urlTemplate\":\"https:\/\/www.visit-ulcinj.com\/blog\/?s={search_term_string}\"},\"query-input\":\"required name=search_term_string\"}],\"inLanguage\":\"en-US\"},{\"@type\":\"WebPage\",\"@id\":\"https:\/\/www.visit-ulcinj.com\/blog\/2012\/09\/29\/vali-corleone-absolut-i-pa-permbajtshem-video\/#webpage\",\"url\":\"https:\/\/www.visit-ulcinj.com\/blog\/2012\/09\/29\/vali-corleone-absolut-i-pa-permbajtshem-video\/\",\"name\":\"Vali Corleone, absolut i pa p\u00ebrmbajtsh\u00ebm (Video) - Lajme nga Ulqini\",\"isPartOf\":{\"@id\":\"https:\/\/www.visit-ulcinj.com\/blog\/#website\"},\"datePublished\":\"2012-09-29T10:53:17+00:00\",\"dateModified\":\"2012-09-29T10:53:17+00:00\",\"author\":{\"@id\":\"https:\/\/www.visit-ulcinj.com\/blog\/#\/schema\/person\/dcab619c614d3038751c63bc2aadc06d\"},\"description\":\"Valentino Corleone. Sigurisht, e njihni k\u00ebt\u00eb em\u00ebr shum\u00eb mir\u00eb. Superylli shqiptar nga Gjilani, i cili \u00ebsht\u00eb b\u00ebr\u00eb i famsh\u00ebm p\u00ebr m\u00ebnyr\u00ebn e jet\u00ebs dhe lidhjet\",\"breadcrumb\":{\"@id\":\"https:\/\/www.visit-ulcinj.com\/blog\/2012\/09\/29\/vali-corleone-absolut-i-pa-permbajtshem-video\/#breadcrumb\"},\"inLanguage\":\"en-US\",\"potentialAction\":[{\"@type\":\"ReadAction\",\"target\":[\"https:\/\/www.visit-ulcinj.com\/blog\/2012\/09\/29\/vali-corleone-absolut-i-pa-permbajtshem-video\/\"]}]},{\"@type\":\"BreadcrumbList\",\"@id\":\"https:\/\/www.visit-ulcinj.com\/blog\/2012\/09\/29\/vali-corleone-absolut-i-pa-permbajtshem-video\/#breadcrumb\",\"itemListElement\":[{\"@type\":\"ListItem\",\"position\":1,\"name\":\"Vali Corleone, absolut i pa p\u00ebrmbajtsh\u00ebm (Video)\"}]},{\"@type\":\"Person\",\"@id\":\"https:\/\/www.visit-ulcinj.com\/blog\/#\/schema\/person\/dcab619c614d3038751c63bc2aadc06d\",\"name\":\"ulqini\",\"sameAs\":[\"http:\/\/www.visit-ulcinj.com\"],\"url\":\"https:\/\/www.visit-ulcinj.com\/blog\/author\/admin\/\"}]}<\/script>\n<!-- \/ Yoast SEO plugin. -->","yoast_head_json":{"title":"Vali Corleone, absolut i pa p\u00ebrmbajtsh\u00ebm (Video) - Lajme nga Ulqini","description":"Valentino Corleone. Sigurisht, e njihni k\u00ebt\u00eb em\u00ebr shum\u00eb mir\u00eb. Superylli shqiptar nga Gjilani, i cili \u00ebsht\u00eb b\u00ebr\u00eb i famsh\u00ebm p\u00ebr m\u00ebnyr\u00ebn e jet\u00ebs dhe lidhjet","robots":{"index":"index","follow":"follow","max-snippet":"max-snippet:-1","max-image-preview":"max-image-preview:large","max-video-preview":"max-video-preview:-1"},"canonical":"https:\/\/www.visit-ulcinj.com\/blog\/2012\/09\/29\/vali-corleone-absolut-i-pa-permbajtshem-video\/","og_locale":"en_US","og_type":"article","og_title":"Vali Corleone, absolut i pa p\u00ebrmbajtsh\u00ebm (Video) - Lajme nga Ulqini","og_description":"Valentino Corleone. Sigurisht, e njihni k\u00ebt\u00eb em\u00ebr shum\u00eb mir\u00eb. Superylli shqiptar nga Gjilani, i cili \u00ebsht\u00eb b\u00ebr\u00eb i famsh\u00ebm p\u00ebr m\u00ebnyr\u00ebn e jet\u00ebs dhe lidhjet","og_url":"https:\/\/www.visit-ulcinj.com\/blog\/2012\/09\/29\/vali-corleone-absolut-i-pa-permbajtshem-video\/","og_site_name":"Lajme nga Ulqini","article_published_time":"2012-09-29T10:53:17+00:00","twitter_misc":{"Written by":"ulqini","Est. reading time":"1 minute"},"schema":{"@context":"https:\/\/schema.org","@graph":[{"@type":"WebSite","@id":"https:\/\/www.visit-ulcinj.com\/blog\/#website","url":"https:\/\/www.visit-ulcinj.com\/blog\/","name":"Lajme nga Ulqini","description":"Lajme,Vijesti,Ulqini,Ulqin,Crna Gora,Mali i Zi","potentialAction":[{"@type":"SearchAction","target":{"@type":"EntryPoint","urlTemplate":"https:\/\/www.visit-ulcinj.com\/blog\/?s={search_term_string}"},"query-input":"required name=search_term_string"}],"inLanguage":"en-US"},{"@type":"WebPage","@id":"https:\/\/www.visit-ulcinj.com\/blog\/2012\/09\/29\/vali-corleone-absolut-i-pa-permbajtshem-video\/#webpage","url":"https:\/\/www.visit-ulcinj.com\/blog\/2012\/09\/29\/vali-corleone-absolut-i-pa-permbajtshem-video\/","name":"Vali Corleone, absolut i pa p\u00ebrmbajtsh\u00ebm (Video) - Lajme nga Ulqini","isPartOf":{"@id":"https:\/\/www.visit-ulcinj.com\/blog\/#website"},"datePublished":"2012-09-29T10:53:17+00:00","dateModified":"2012-09-29T10:53:17+00:00","author":{"@id":"https:\/\/www.visit-ulcinj.com\/blog\/#\/schema\/person\/dcab619c614d3038751c63bc2aadc06d"},"description":"Valentino Corleone. Sigurisht, e njihni k\u00ebt\u00eb em\u00ebr shum\u00eb mir\u00eb. Superylli shqiptar nga Gjilani, i cili \u00ebsht\u00eb b\u00ebr\u00eb i famsh\u00ebm p\u00ebr m\u00ebnyr\u00ebn e jet\u00ebs dhe lidhjet","breadcrumb":{"@id":"https:\/\/www.visit-ulcinj.com\/blog\/2012\/09\/29\/vali-corleone-absolut-i-pa-permbajtshem-video\/#breadcrumb"},"inLanguage":"en-US","potentialAction":[{"@type":"ReadAction","target":["https:\/\/www.visit-ulcinj.com\/blog\/2012\/09\/29\/vali-corleone-absolut-i-pa-permbajtshem-video\/"]}]},{"@type":"BreadcrumbList","@id":"https:\/\/www.visit-ulcinj.com\/blog\/2012\/09\/29\/vali-corleone-absolut-i-pa-permbajtshem-video\/#breadcrumb","itemListElement":[{"@type":"ListItem","position":1,"name":"Vali Corleone, absolut i pa p\u00ebrmbajtsh\u00ebm (Video)"}]},{"@type":"Person","@id":"https:\/\/www.visit-ulcinj.com\/blog\/#\/schema\/person\/dcab619c614d3038751c63bc2aadc06d","name":"ulqini","sameAs":["http:\/\/www.visit-ulcinj.com"],"url":"https:\/\/www.visit-ulcinj.com\/blog\/author\/admin\/"}]}},"jetpack_featured_media_url":"","jetpack_sharing_enabled":true,"jetpack_shortlink":"https:\/\/wp.me\/pe6lTn-gGe","_links":{"self":[{"href":"https:\/\/www.visit-ulcinj.com\/blog\/wp-json\/wp\/v2\/posts\/64122"}],"collection":[{"href":"https:\/\/www.visit-ulcinj.com\/blog\/wp-json\/wp\/v2\/posts"}],"about":[{"href":"https:\/\/www.visit-ulcinj.com\/blog\/wp-json\/wp\/v2\/types\/post"}],"author":[{"embeddable":true,"href":"https:\/\/www.visit-ulcinj.com\/blog\/wp-json\/wp\/v2\/users\/1"}],"replies":[{"embeddable":true,"href":"https:\/\/www.visit-ulcinj.com\/blog\/wp-json\/wp\/v2\/comments?post=64122"}],"version-history":[{"count":1,"href":"https:\/\/www.visit-ulcinj.com\/blog\/wp-json\/wp\/v2\/posts\/64122\/revisions"}],"predecessor-version":[{"id":64124,"href":"https:\/\/www.visit-ulcinj.com\/blog\/wp-json\/wp\/v2\/posts\/64122\/revisions\/64124"}],"wp:attachment":[{"href":"https:\/\/www.visit-ulcinj.com\/blog\/wp-json\/wp\/v2\/media?parent=64122"}],"wp:term":[{"taxonomy":"category","embeddable":true,"href":"https:\/\/www.visit-ulcinj.com\/blog\/wp-json\/wp\/v2\/categories?post=64122"},{"taxonomy":"post_tag","embeddable":true,"href":"https:\/\/www.visit-ulcinj.com\/blog\/wp-json\/wp\/v2\/tags?post=64122"}],"curies":[{"name":"wp","href":"https:\/\/api.w.org\/{rel}","templated":true}]}}