{"id":64125,"date":"2012-09-29T17:21:12","date_gmt":"2012-09-29T16:21:12","guid":{"rendered":"http:\/\/www.visit-ulcinj.com\/blog\/?p=64125"},"modified":"2012-09-29T17:21:12","modified_gmt":"2012-09-29T16:21:12","slug":"genci-nimanbegu-albanci-mogu-do-tri-mandata","status":"publish","type":"post","link":"https:\/\/www.visit-ulcinj.com\/blog\/2012\/09\/29\/genci-nimanbegu-albanci-mogu-do-tri-mandata\/","title":{"rendered":"Genci Nimanbegu: Albanci mogu do tri mandata"},"content":{"rendered":"<p><a href=\"http:\/\/www.visit-ulcinj.com\/blog\/wp-content\/uploads\/2012\/09\/GENCI-NIMANBEGU_ULCINJ1.jpg\"><img loading=\"lazy\" class=\"alignleft  wp-image-64126\" title=\"GENCI NIMANBEGU_ULCINJ\" src=\"http:\/\/www.visit-ulcinj.com\/blog\/wp-content\/uploads\/2012\/09\/GENCI-NIMANBEGU_ULCINJ1.jpg\" alt=\"\" width=\"350\" height=\"400\" \/><\/a>Na oktobarskim izborima realno je o\u010dekivati tri mandata za albanske partije \u0161to je i najvi\u0161e \u0161to se mo\u017ee dobiti na osnovu takozvane afirmativne akcije, to jest, zbrajanja lista koje \u0107e dobiti preko 0,7 odsto glasova, saop\u0161tio je ju\u010de Genci Nimanbegu, poslanik albanske partije Nova demokratska snaga \u2013 Forca.<br \/>\nOn je u razgovoru za \u201eDan\u201d istakao da je u\u010de\u0161\u0107e Demokratske partije socijalista (DPS) u albanskom bira\u010dkom tijelu u opadanju.<br \/>\nNimanegu predvodi koaliciju \u201eZa jedinstvo\u201d, koju \u010dine Forca, Gra\u0111anska inicijativa i Pokret Perspektiva. Ovu koaliciju, osim Nimanbegua, vodi\u0107e i i Vaselj Sini\u0161taj.<br \/>\n\u2013 Na oktobarskim izborima realno je o\u010dekivati tri mandata za albanske partije \u0161to je i najvi\u0161e \u0161to se mo\u017ee dobiti na osnovu takozvane afirmativne akcije, to jest zbrajanja lista koje \u0107e dobiti preko 0,7 odsto. Ali, ako bude lista koje ne\u0107e pro\u0107i kvalifikacioni prag, mogu\u0107e je da se tri mandata ne\u0107e dobiti. U pro\u0161lom sazivu Skup\u0161tine Crne Gore, albanske partije imale su \u010detiri mandata, dok je DPS-u pripao jedan mandat. Tako da je to manje za jedan, pa \u010dak i dva mandata za albanske partije \u2013 upozorio je Nimanbegu.<br \/>\nPrema izbornom zakonodavstvu, za potvr\u0111ivanje manjinskih lista sa u\u010de\u0161\u0107em do 15 odsto od ukupnog broja stanovni\u0161tva u Crnoj Gori potrebno je najmanje hiljadu potpisa bira\u010da. Ko zastupa manjine kojih ima do dva odsto obavezan je da prikupi 300 potpisa. Dvije partije koje zastupaju isti narod mogu zajedno konkurisati za mandate pod povla\u0161\u0107enim uslovima, ali dva razli\u010dita naroda nije mogu\u0107e kombinovati.<br \/>\nU slu\u010daju da nijedna manjinska lista ne osvoji tri odsto, a pojedina\u010dno dobiju najmanje 0,7 va\u017ee\u0107ih glasova, liste zastupnika jednog naroda mogu zbrojiti glasove. Na taj na\u010din mogu se dobiti najvi\u0161e tri mandata. Dodatno pravo rezervisano je za pripadnike hrvatskog naroda, pa \u0107e najuspje\u0161nijoj hrvatskoj listi koja mora osvojiti minimalno 0,35 odsto glasova, pripasti jedan mandat.<br \/>\nNa pitanje da li misli da ve\u0107ina Albanaca u Crnoj Gori vjeruje u predizborna obe\u0107anja DPS-a, Genci Nimanegu je istakao da je na pro\u0161lim izborima potvr\u0111eno da Albanci u Crnoj Gori glasaju za albanske partije.<br \/>\n\u2013 U\u010de\u0161\u0107e Demokratske partije socijalista u albanskom bira\u010dkom tijelu je u opadanju. Op\u0161tina Malesija je sada na dnevnom redu ne samo zbog obe\u0107anja DPS-a, ve\u0107 i zbog upornog i kvalitetnog institucionalnog djelovanja Force i Gra\u0111anske inicijative \u2013 rekao je Nimanbegu.<br \/>\nOn je naglasio da su Forca i Gra\u0111anska inicijativa podno\u0161enjem predloga izmjene zakona o teritorijalnoj organizaciji, i elaborata o opravdanosti op\u0161tine Malesija, obavezali Vladu zakonskim odredbama da se pokrene procedura o sticanju statusa op\u0161tine Malesija.<br \/>\n\u2013 S druge strane, za razvojne projekte u op\u0161tini Ulcinj bilo je dosta vremena i ni\u0161ta nije ura\u0111eno. \u0160tavi\u0161e, ekonomija je lo\u0161im privatizacijama uni\u0161tena \u2013 zaklju\u010dio je Nimanbegu.<br \/>\n<strong>M.V.<\/strong><\/p>\n<p><strong>Do albanskog ujedinjenja u EU<\/strong><br \/>\nNa pitanje je li ideja Velike Albanije, ili Prirodne Albanije, politi\u010dki mrtva, Genci Nimanbegu je naglasio da \u0107e Albanci biti ujedinjeni u EU.<br \/>\n\u2013 Forca ima jasan stav \u2013 ujedinjenje Albanaca \u0107e se obaviti u Evropskoj uniji \u2013 kazao je Nimanbegu.<br \/>\n<a href=\"http:\/\/www.dan.co.me\/?nivo=3&amp;rubrika=Politika&amp;clanak=349426&amp;datum=2012-09-29&amp;naslov=Albanci%20mogu%20do%20tri%20mandata\" target=\"_blank\"><strong>Izvor: DAN<\/strong><\/a><\/p>\n","protected":false},"excerpt":{"rendered":"<p>Na oktobarskim izborima realno je o\u010dekivati tri mandata za albanske partije \u0161to je i najvi\u0161e \u0161to se mo\u017ee dobiti na osnovu takozvane afirmativne akcije, to jest, zbrajanja lista koje \u0107e dobiti preko 0,7 odsto glasova, saop\u0161tio je ju\u010de Genci Nimanbegu, poslanik albanske partije Nova demokratska snaga \u2013 Forca. On je u razgovoru za \u201eDan\u201d istakao [&hellip;]<\/p>\n","protected":false},"author":1,"featured_media":0,"comment_status":"open","ping_status":"closed","sticky":false,"template":"","format":"standard","meta":{"spay_email":"","jetpack_publicize_message":"","jetpack_is_tweetstorm":false,"jetpack_publicize_feature_enabled":true},"categories":[8337],"tags":[1520,1073,19],"jetpack_publicize_connections":[],"yoast_head":"<!-- This site is optimized with the Yoast SEO plugin v19.1 - https:\/\/yoast.com\/wordpress\/plugins\/seo\/ -->\n<title>Genci Nimanbegu: Albanci mogu do tri mandata - Lajme nga Ulqini<\/title>\n<meta name=\"description\" content=\"Na oktobarskim izborima realno je o\u010dekivati tri mandata za albanske partije \u0161to je i najvi\u0161e \u0161to se mo\u017ee dobiti na osnovu takozvane afirmativne akcije, to\" \/>\n<meta name=\"robots\" content=\"index, follow, max-snippet:-1, max-image-preview:large, max-video-preview:-1\" \/>\n<link rel=\"canonical\" href=\"https:\/\/www.visit-ulcinj.com\/blog\/2012\/09\/29\/genci-nimanbegu-albanci-mogu-do-tri-mandata\/\" \/>\n<meta property=\"og:locale\" content=\"en_US\" \/>\n<meta property=\"og:type\" content=\"article\" \/>\n<meta property=\"og:title\" content=\"Genci Nimanbegu: Albanci mogu do tri mandata - Lajme nga Ulqini\" \/>\n<meta property=\"og:description\" content=\"Na oktobarskim izborima realno je o\u010dekivati tri mandata za albanske partije \u0161to je i najvi\u0161e \u0161to se mo\u017ee dobiti na osnovu takozvane afirmativne akcije, to\" \/>\n<meta property=\"og:url\" content=\"https:\/\/www.visit-ulcinj.com\/blog\/2012\/09\/29\/genci-nimanbegu-albanci-mogu-do-tri-mandata\/\" \/>\n<meta property=\"og:site_name\" content=\"Lajme nga Ulqini\" \/>\n<meta property=\"article:published_time\" content=\"2012-09-29T16:21:12+00:00\" \/>\n<meta property=\"og:image\" content=\"http:\/\/www.visit-ulcinj.com\/blog\/wp-content\/uploads\/2012\/09\/GENCI-NIMANBEGU_ULCINJ1.jpg\" \/>\n<meta name=\"twitter:label1\" content=\"Written by\" \/>\n\t<meta name=\"twitter:data1\" content=\"ulqini\" \/>\n\t<meta name=\"twitter:label2\" content=\"Est. reading time\" \/>\n\t<meta name=\"twitter:data2\" content=\"3 minutes\" \/>\n<script type=\"application\/ld+json\" class=\"yoast-schema-graph\">{\"@context\":\"https:\/\/schema.org\",\"@graph\":[{\"@type\":\"WebSite\",\"@id\":\"https:\/\/www.visit-ulcinj.com\/blog\/#website\",\"url\":\"https:\/\/www.visit-ulcinj.com\/blog\/\",\"name\":\"Lajme nga Ulqini\",\"description\":\"Lajme,Vijesti,Ulqini,Ulqin,Crna Gora,Mali i Zi\",\"potentialAction\":[{\"@type\":\"SearchAction\",\"target\":{\"@type\":\"EntryPoint\",\"urlTemplate\":\"https:\/\/www.visit-ulcinj.com\/blog\/?s={search_term_string}\"},\"query-input\":\"required name=search_term_string\"}],\"inLanguage\":\"en-US\"},{\"@type\":\"ImageObject\",\"inLanguage\":\"en-US\",\"@id\":\"https:\/\/www.visit-ulcinj.com\/blog\/2012\/09\/29\/genci-nimanbegu-albanci-mogu-do-tri-mandata\/#primaryimage\",\"url\":\"https:\/\/www.visit-ulcinj.com\/blog\/wp-content\/uploads\/2012\/09\/GENCI-NIMANBEGU_ULCINJ1.jpg\",\"contentUrl\":\"https:\/\/www.visit-ulcinj.com\/blog\/wp-content\/uploads\/2012\/09\/GENCI-NIMANBEGU_ULCINJ1.jpg\",\"width\":\"416\",\"height\":\"428\"},{\"@type\":\"WebPage\",\"@id\":\"https:\/\/www.visit-ulcinj.com\/blog\/2012\/09\/29\/genci-nimanbegu-albanci-mogu-do-tri-mandata\/#webpage\",\"url\":\"https:\/\/www.visit-ulcinj.com\/blog\/2012\/09\/29\/genci-nimanbegu-albanci-mogu-do-tri-mandata\/\",\"name\":\"Genci Nimanbegu: Albanci mogu do tri mandata - Lajme nga Ulqini\",\"isPartOf\":{\"@id\":\"https:\/\/www.visit-ulcinj.com\/blog\/#website\"},\"primaryImageOfPage\":{\"@id\":\"https:\/\/www.visit-ulcinj.com\/blog\/2012\/09\/29\/genci-nimanbegu-albanci-mogu-do-tri-mandata\/#primaryimage\"},\"datePublished\":\"2012-09-29T16:21:12+00:00\",\"dateModified\":\"2012-09-29T16:21:12+00:00\",\"author\":{\"@id\":\"https:\/\/www.visit-ulcinj.com\/blog\/#\/schema\/person\/dcab619c614d3038751c63bc2aadc06d\"},\"description\":\"Na oktobarskim izborima realno je o\u010dekivati tri mandata za albanske partije \u0161to je i najvi\u0161e \u0161to se mo\u017ee dobiti na osnovu takozvane afirmativne akcije, to\",\"breadcrumb\":{\"@id\":\"https:\/\/www.visit-ulcinj.com\/blog\/2012\/09\/29\/genci-nimanbegu-albanci-mogu-do-tri-mandata\/#breadcrumb\"},\"inLanguage\":\"en-US\",\"potentialAction\":[{\"@type\":\"ReadAction\",\"target\":[\"https:\/\/www.visit-ulcinj.com\/blog\/2012\/09\/29\/genci-nimanbegu-albanci-mogu-do-tri-mandata\/\"]}]},{\"@type\":\"BreadcrumbList\",\"@id\":\"https:\/\/www.visit-ulcinj.com\/blog\/2012\/09\/29\/genci-nimanbegu-albanci-mogu-do-tri-mandata\/#breadcrumb\",\"itemListElement\":[{\"@type\":\"ListItem\",\"position\":1,\"name\":\"Genci Nimanbegu: Albanci mogu do tri mandata\"}]},{\"@type\":\"Person\",\"@id\":\"https:\/\/www.visit-ulcinj.com\/blog\/#\/schema\/person\/dcab619c614d3038751c63bc2aadc06d\",\"name\":\"ulqini\",\"sameAs\":[\"http:\/\/www.visit-ulcinj.com\"],\"url\":\"https:\/\/www.visit-ulcinj.com\/blog\/author\/admin\/\"}]}<\/script>\n<!-- \/ Yoast SEO plugin. -->","yoast_head_json":{"title":"Genci Nimanbegu: Albanci mogu do tri mandata - Lajme nga Ulqini","description":"Na oktobarskim izborima realno je o\u010dekivati tri mandata za albanske partije \u0161to je i najvi\u0161e \u0161to se mo\u017ee dobiti na osnovu takozvane afirmativne akcije, to","robots":{"index":"index","follow":"follow","max-snippet":"max-snippet:-1","max-image-preview":"max-image-preview:large","max-video-preview":"max-video-preview:-1"},"canonical":"https:\/\/www.visit-ulcinj.com\/blog\/2012\/09\/29\/genci-nimanbegu-albanci-mogu-do-tri-mandata\/","og_locale":"en_US","og_type":"article","og_title":"Genci Nimanbegu: Albanci mogu do tri mandata - Lajme nga Ulqini","og_description":"Na oktobarskim izborima realno je o\u010dekivati tri mandata za albanske partije \u0161to je i najvi\u0161e \u0161to se mo\u017ee dobiti na osnovu takozvane afirmativne akcije, to","og_url":"https:\/\/www.visit-ulcinj.com\/blog\/2012\/09\/29\/genci-nimanbegu-albanci-mogu-do-tri-mandata\/","og_site_name":"Lajme nga Ulqini","article_published_time":"2012-09-29T16:21:12+00:00","og_image":[{"url":"http:\/\/www.visit-ulcinj.com\/blog\/wp-content\/uploads\/2012\/09\/GENCI-NIMANBEGU_ULCINJ1.jpg"}],"twitter_misc":{"Written by":"ulqini","Est. reading time":"3 minutes"},"schema":{"@context":"https:\/\/schema.org","@graph":[{"@type":"WebSite","@id":"https:\/\/www.visit-ulcinj.com\/blog\/#website","url":"https:\/\/www.visit-ulcinj.com\/blog\/","name":"Lajme nga Ulqini","description":"Lajme,Vijesti,Ulqini,Ulqin,Crna Gora,Mali i Zi","potentialAction":[{"@type":"SearchAction","target":{"@type":"EntryPoint","urlTemplate":"https:\/\/www.visit-ulcinj.com\/blog\/?s={search_term_string}"},"query-input":"required name=search_term_string"}],"inLanguage":"en-US"},{"@type":"ImageObject","inLanguage":"en-US","@id":"https:\/\/www.visit-ulcinj.com\/blog\/2012\/09\/29\/genci-nimanbegu-albanci-mogu-do-tri-mandata\/#primaryimage","url":"https:\/\/www.visit-ulcinj.com\/blog\/wp-content\/uploads\/2012\/09\/GENCI-NIMANBEGU_ULCINJ1.jpg","contentUrl":"https:\/\/www.visit-ulcinj.com\/blog\/wp-content\/uploads\/2012\/09\/GENCI-NIMANBEGU_ULCINJ1.jpg","width":"416","height":"428"},{"@type":"WebPage","@id":"https:\/\/www.visit-ulcinj.com\/blog\/2012\/09\/29\/genci-nimanbegu-albanci-mogu-do-tri-mandata\/#webpage","url":"https:\/\/www.visit-ulcinj.com\/blog\/2012\/09\/29\/genci-nimanbegu-albanci-mogu-do-tri-mandata\/","name":"Genci Nimanbegu: Albanci mogu do tri mandata - Lajme nga Ulqini","isPartOf":{"@id":"https:\/\/www.visit-ulcinj.com\/blog\/#website"},"primaryImageOfPage":{"@id":"https:\/\/www.visit-ulcinj.com\/blog\/2012\/09\/29\/genci-nimanbegu-albanci-mogu-do-tri-mandata\/#primaryimage"},"datePublished":"2012-09-29T16:21:12+00:00","dateModified":"2012-09-29T16:21:12+00:00","author":{"@id":"https:\/\/www.visit-ulcinj.com\/blog\/#\/schema\/person\/dcab619c614d3038751c63bc2aadc06d"},"description":"Na oktobarskim izborima realno je o\u010dekivati tri mandata za albanske partije \u0161to je i najvi\u0161e \u0161to se mo\u017ee dobiti na osnovu takozvane afirmativne akcije, to","breadcrumb":{"@id":"https:\/\/www.visit-ulcinj.com\/blog\/2012\/09\/29\/genci-nimanbegu-albanci-mogu-do-tri-mandata\/#breadcrumb"},"inLanguage":"en-US","potentialAction":[{"@type":"ReadAction","target":["https:\/\/www.visit-ulcinj.com\/blog\/2012\/09\/29\/genci-nimanbegu-albanci-mogu-do-tri-mandata\/"]}]},{"@type":"BreadcrumbList","@id":"https:\/\/www.visit-ulcinj.com\/blog\/2012\/09\/29\/genci-nimanbegu-albanci-mogu-do-tri-mandata\/#breadcrumb","itemListElement":[{"@type":"ListItem","position":1,"name":"Genci Nimanbegu: Albanci mogu do tri mandata"}]},{"@type":"Person","@id":"https:\/\/www.visit-ulcinj.com\/blog\/#\/schema\/person\/dcab619c614d3038751c63bc2aadc06d","name":"ulqini","sameAs":["http:\/\/www.visit-ulcinj.com"],"url":"https:\/\/www.visit-ulcinj.com\/blog\/author\/admin\/"}]}},"jetpack_featured_media_url":"","jetpack_sharing_enabled":true,"jetpack_shortlink":"https:\/\/wp.me\/pe6lTn-gGh","_links":{"self":[{"href":"https:\/\/www.visit-ulcinj.com\/blog\/wp-json\/wp\/v2\/posts\/64125"}],"collection":[{"href":"https:\/\/www.visit-ulcinj.com\/blog\/wp-json\/wp\/v2\/posts"}],"about":[{"href":"https:\/\/www.visit-ulcinj.com\/blog\/wp-json\/wp\/v2\/types\/post"}],"author":[{"embeddable":true,"href":"https:\/\/www.visit-ulcinj.com\/blog\/wp-json\/wp\/v2\/users\/1"}],"replies":[{"embeddable":true,"href":"https:\/\/www.visit-ulcinj.com\/blog\/wp-json\/wp\/v2\/comments?post=64125"}],"version-history":[{"count":2,"href":"https:\/\/www.visit-ulcinj.com\/blog\/wp-json\/wp\/v2\/posts\/64125\/revisions"}],"predecessor-version":[{"id":64128,"href":"https:\/\/www.visit-ulcinj.com\/blog\/wp-json\/wp\/v2\/posts\/64125\/revisions\/64128"}],"wp:attachment":[{"href":"https:\/\/www.visit-ulcinj.com\/blog\/wp-json\/wp\/v2\/media?parent=64125"}],"wp:term":[{"taxonomy":"category","embeddable":true,"href":"https:\/\/www.visit-ulcinj.com\/blog\/wp-json\/wp\/v2\/categories?post=64125"},{"taxonomy":"post_tag","embeddable":true,"href":"https:\/\/www.visit-ulcinj.com\/blog\/wp-json\/wp\/v2\/tags?post=64125"}],"curies":[{"name":"wp","href":"https:\/\/api.w.org\/{rel}","templated":true}]}}