{"id":64129,"date":"2012-09-29T18:13:40","date_gmt":"2012-09-29T17:13:40","guid":{"rendered":"http:\/\/www.visit-ulcinj.com\/blog\/?p=64129"},"modified":"2012-09-29T18:13:40","modified_gmt":"2012-09-29T17:13:40","slug":"mirjam-cani-jeta-ime-ne-360-grade","status":"publish","type":"post","link":"https:\/\/www.visit-ulcinj.com\/blog\/2012\/09\/29\/mirjam-cani-jeta-ime-ne-360-grade\/","title":{"rendered":"Mirjam Cani: Jeta ime n\u00eb 360 grad\u00eb"},"content":{"rendered":"<p>Mirjam Cani, k\u00ebng\u00ebtarja q\u00eb jeton jet\u00ebn e saj midis Shqip\u00ebris\u00eb dhe Gjermanis\u00eb, ishte e ftuara eksluzive t\u00eb premten n\u00eb nj\u00eb intervist\u00eb t\u00eb gjat\u00eb n\u00eb studion e \u201cPasdite\u201d n\u00eb \u201cTop-Channel\u201d.<\/p>\n<p>N\u00eb nj\u00eb intervist\u00eb t\u00eb gjat\u00eb, 26-vje\u00e7arja tregoi se si ngjiti shkall\u00ebn e suksesit n\u00eb Gjermani, se si ruante kontaktet me vendin e saj gjat\u00eb nj\u00eb periudhe t\u00eb gjat\u00eb mungese, rr\u00ebfeu p\u00ebrvojat e t\u00eb shkuar\u00ebs, planet e s\u00eb ardhmes, si dhe detaje t\u00eb jet\u00ebs s\u00eb saj personale e lidhjes 5-vje\u00e7are me Alban Sk\u00ebnderajn.<\/p>\n<p><a href=\"http:\/\/www.visit-ulcinj.com\/blog\/wp-content\/uploads\/2012\/09\/miriamcani.jpg\"><img loading=\"lazy\" class=\"alignleft size-full wp-image-64130\" title=\"miriamcani\" src=\"http:\/\/www.visit-ulcinj.com\/blog\/wp-content\/uploads\/2012\/09\/miriamcani.jpg\" alt=\"\" width=\"300\" height=\"400\" \/><\/a><\/p>\n<p><strong>TCH<\/strong>\u00a0\u2013 P\u00ebrpara se t\u2019iu ftonim n\u00eb k\u00ebt\u00eb studio, kishim dilem\u00ebn n\u00eb duhet t\u2019iu telefononim n\u00eb numrin tuaj shqiptar apo gjerman. A e kan\u00eb k\u00ebt\u00eb dilem\u00eb shum\u00eb persona n\u00eb jet\u00ebn tuaj?<\/p>\n<p><strong>Mirjam Cani\u00a0<\/strong>\u2013 \u00cbsht\u00eb e natyrshme. Un\u00eb kam disa vite q\u00eb jetoj midis Tiran\u00ebs dhe Mynihut. Megjithat\u00eb, n\u00eb vitet e fundit kam qen\u00eb disi prezente edhe n\u00eb tregun e muzik\u00ebs n\u00eb Shqip\u00ebri, sidomos n\u00eb pes\u00eb vitet e fundit, kur kam qen\u00eb e lidhur edhe p\u00ebrkrah Albanit, q\u00eb m\u00eb ka b\u00ebr\u00eb t\u00eb jem gjithmon\u00eb edhe m\u00eb e pranishme.<\/p>\n<p><strong>TCH<\/strong>\u00a0\u2013 Shkove n\u00eb Gjermani n\u00eb mosh\u00ebn 5-vje\u00e7are dhe u riktheve n\u00eb 2005-n. Shum\u00eb vite t\u00eb kaluar jasht\u00eb vendit. Si ishte kjo periudh\u00eb atje?<\/p>\n<p><strong>Mirjam Cani<\/strong>\u00a0&#8211; Fillimi im n\u00eb Gjermani ishte n\u00eb mosh\u00ebn 5-vje\u00e7are, n\u00eb vitin 1991, kur u shp\u00ebrngul\u00ebm nga Shqip\u00ebria me v\u00ebllain q\u00eb nuk kishte mbushur as nj\u00eb vje\u00e7. Kuptohet, kujtimet nuk jan\u00eb shum\u00eb intensive, por \u00ebsht\u00eb nj\u00eb avantazh i madh kur je i vog\u00ebl sepse p\u00ebrshtatesh m\u00eb shpejt n\u00eb nj\u00eb kultur\u00eb dhe m\u00ebson m\u00eb shpesh gjuh\u00ebn. P\u00ebr mua nuk ishte e v\u00ebshtir\u00eb t\u00eb p\u00ebrshtatesh me kultur\u00ebn gjermane, p\u00ebr nj\u00eb vit m\u00ebsova gjuh\u00ebn dhe hyra direkt n\u00eb shkoll\u00eb, prandaj nuk mund t\u00eb them q\u00eb isha vuajta shum\u00eb p\u00ebr t\u2019u p\u00ebrshtatur.<\/p>\n<p><strong>TCH\u00a0<\/strong>\u2013 Pavar\u00ebsisht se pjes\u00ebn m\u00eb t\u00eb madhe e keni kaluar n\u00eb Gjermani, bie n\u00eb sy fakti q\u00eb nuk ke absolutisht theksi t\u00eb huaj dhe q\u00eb flet nj\u00eb gjuh\u00eb shum\u00eb t\u00eb past\u00ebr.<\/p>\n<p><strong>Mirjam Cani\u00a0<\/strong>&#8211; Kjo \u00ebsht\u00eb kryesisht merit\u00eb e babait tim, q\u00eb gjithmon\u00eb n\u00eb Gjermani ka k\u00ebmb\u00ebngulur q\u00eb t\u00eb pakt\u00ebn n\u00eb sht\u00ebpi t\u00eb flisim shqip, ndon\u00ebse disa her\u00eb kam mungesa, por sa m\u00eb \u00ebshum\u00eb koh\u00eb kalon ndiej q\u00eb po p\u00ebrmir\u00ebsohem. Por, t\u00eb pakt\u00ebn baz\u00ebn e kam dhe p\u00ebr k\u00ebt\u00eb falenderoj babain tim. Ai nervozohej kur na d\u00ebgjonte t\u00eb flisnim gjermanisht dhe na thonte q\u00eb nuk do t\u00eb na jepte ato lek\u00eb q\u00eb kishim kuot\u00ebn e muajit. M\u00eb thonte q\u00eb do t\u00eb vij\u00eb dita q\u00eb do t\u00eb duhet gjuha.<\/p>\n<p><strong>TCH\u00a0<\/strong>\u2013 Zakonisht, nj\u00eb k\u00ebng\u00ebtar b\u00ebhet i famsh\u00ebm n\u00eb vendin e tij dhe p\u00ebrpiqet q\u00eb t\u00eb p\u00ebrhap\u00eb fam\u00ebn e tij nd\u00ebrkomb\u00ebtarisht. Me ty ndodhi e kund\u00ebrta, u b\u00ebre fillimisht e famshme n\u00eb Gjermani, q\u00eb n\u00eb mosh\u00ebn 18-vje\u00e7are, n\u00eb programin \u201cPop Stars\u201d dhe grupin \u201cPreluders\u201d.<\/p>\n<p><strong>Mirjam Cani\u00a0<\/strong>&#8211; Karriera ime ka nisur n\u00eb Gjermani, e logjikshme duke pasur parasysh q\u00eb kam 22 vjet q\u00eb jetoj atje. Muzik\u00ebn nuk e kam pasur vet\u00ebm nj\u00eb \u00ebnd\u00ebrr dhe pasion, por ishte synimi im t\u00eb hyja n\u00eb k\u00ebt\u00eb bot\u00eb dhe jam shum\u00eb e lumtur e mir\u00ebnjoh\u00ebse q\u00eb m\u00eb jepet fati dhe q\u00eb vazhdoj t\u00eb jetoj \u00ebndrr\u00ebn time. Nuk ka gj\u00eb m\u00eb t\u00eb bukur se sa t\u00eb kthesh pasionin n\u00eb profesionin t\u00ebnd. Megjithat\u00eb, bota e muzik\u00ebs nisi shum\u00eb her\u00ebt p\u00ebr mua, q\u00eb n\u00eb band\u00ebn muzikore t\u00eb shkoll\u00ebs. Ishta pjesa e teatrit n\u00eb shkoll\u00eb, si adoleshente konkurrova n\u00eb disa festivale, prandaj talenti u zhvillua shum\u00eb m\u00eb her\u00ebt se sa mosha kur fitova fam\u00ebn.<\/p>\n<p><strong>TCH\u00a0<\/strong>\u2013 N\u00eb \u201cPreluders\u201d, ju ishit pes\u00eb vajza t\u00eb gjitha me komb\u00ebsi t\u00eb ndryshme, q\u00eb fituat nj\u00eb kontrat\u00eb 3-vje\u00e7are q\u00eb ju detyronte t\u00eb ishit n\u00eb kontakt t\u00eb p\u00ebrditsh\u00ebm me nj\u00ebra-tjetr\u00ebn. Si ishte ajo p\u00ebrvoj\u00eb?<\/p>\n<p><strong>Mirjam Cani\u00a0<\/strong>&#8211; Ishim karaktere t\u00eb ndryshme, nj\u00ebra italiane, tjera nga Afrika e Jugut, nj\u00ebra nga Vietnami, nj\u00eb gjermane dhe un\u00eb shqiptare. Ishim nj\u00eb miks interesant dhe k\u00ebt\u00eb miks e rrezatonim n\u00eb sken\u00eb, gjith\u00e7ka ishte shum\u00eb intensive. Ishim gjith\u00eb koh\u00ebn n\u00eb pun\u00eb, por vjen nj\u00eb moment q\u00eb krijon konflikte t\u00eb vogla sese kushdo vinte nga profile t\u00eb ndryshme. Sidoqoft\u00eb, nuk ishte kjo arsyeja direkte pse u ndam\u00eb, por pas 3 vitesh na u k\u00ebrkua t\u00eb rinovonim p\u00ebr tre vjet, por secila pati oferta individuale q\u00eb nuk donim t\u2019i humbnim dhe t\u00eb dyja pun\u00ebt bashk\u00eb n\u00eb tregun gjerman nuk mund t\u00eb b\u00ebheshin.<\/p>\n<p><strong>TCH<\/strong>\u00a0\u2013 Duhet t\u00eb ket\u00eb qen\u00eb nj\u00eb p\u00ebrvoj\u00eb e mir\u00eb p\u00ebr ju p\u00ebr t\u2019u njohur me njer\u00ebz t\u00eb r\u00ebnd\u00ebsish\u00ebm dhe k\u00ebng\u00ebtar\u00eb t\u00eb m\u00ebdhenj.<br \/>\n<strong><br \/>\nMirjam Cani<\/strong>\u00a0&#8211; P\u00ebr mua ato tre vite ishin shum\u00eb intensiv\u00eb, m\u00eb formuan shum\u00eb karakterin, \u00ebndrrat dhe synimet q\u00eb kisha p\u00ebr jet\u00ebn time artistike. Ishte nj\u00eb faz\u00eb shum\u00eb pozitive dhe natyrisht t\u00eb takosh edhe idhujt e tu e t\u00eb performosh n\u00eb t\u00eb nj\u00ebjtat skena me ata q\u00eb i ke si postera n\u00eb dhom\u00ebn t\u00ebnde \u00ebsht\u00eb e pabesueshme.<\/p>\n<p><strong>TCH<\/strong>\u00a0\u2013 M\u00eb pas, ju iu p\u00ebrshktuat televizionit, duke u shnd\u00ebrrua n\u00eb nj\u00eb prezantuese.<\/p>\n<p><strong>Mirjam Cani<\/strong>\u00a0&#8211;\u00a0 Punoja n\u00eb dy televizione nj\u00ebkoh\u00ebsisht dhe prezantoja dy programe n\u00eb secilin. Nj\u00ebri prej tyre ishte i thjesht\u00eb, ndodhej n\u00eb Mynih, ku jetoja edhe n\u00eb un\u00eb, nd\u00ebrsa tjetri ishte n\u00eb K\u00ebln. M\u00eb duhet t\u00eb zgjohesha n\u00eb m\u00ebngjes, t\u00eb merrja avionin, t\u00eb prezantoja, merrja avionin n\u00eb dark\u00eb dhe kthehesha.<\/p>\n<p><strong>TCH<\/strong>\u00a0\u2013 P\u00ebrse u shk\u00ebput\u00ebt n\u00eb k\u00ebt\u00eb moment t\u00eb art\u00eb t\u00eb karrier\u00ebs suaj p\u00ebr t\u00eb ardhur n\u00eb Shqip\u00ebri?<\/p>\n<p><strong>Mirjam Cani<\/strong>\u00a0&#8211; N\u00eb radh\u00eb t\u00eb par\u00eb m\u00eb solli babai, q\u00eb donte q\u00eb t\u00eb isha aktive her\u00eb pas her\u00eb n\u00eb Shqip\u00ebri me projekte m\u00eb individuale dhe t\u00eb ve\u00e7anta. Absolutisht, at\u00eb q\u00eb kam nd\u00ebrtuar n\u00eb Gjermani e mir\u00ebmbaj, kam t\u00eb nj\u00ebjtin staf prej m\u00eb shum\u00eb se shtat\u00eb vitesh, por edhe n\u00ebse fati m\u00eb lidhi me Albanin, kjo gj\u00eb k\u00ebrkoi t\u00eb jem her\u00eb pas here edhe n\u00eb Shqip\u00ebri. P\u00ebr t\u00eb mos q\u00ebndruar kot, b\u00ebra nj\u00eb struktur\u00eb edhe n\u00eb Shqip\u00ebri.<\/p>\n<p><strong>TCH<\/strong>\u00a0\u2013 Ju erdh\u00ebt n\u00eb Shqip\u00ebri p\u00ebr her\u00eb t\u00eb par\u00eb n\u00eb nj\u00eb muzikal. E shihni t\u00eb ardhmen tuaj n\u00eb k\u00ebt\u00eb fush\u00eb?<\/p>\n<p><strong>Mirjam Cani\u00a0<\/strong>\u2013 E vetmja gj\u00eb q\u00eb di \u00ebsht\u00eb q\u00eb e shoh veten n\u00eb bot\u00ebn e artit. Disa vite m\u00eb par\u00eb, nuk e mendoja q\u00eb do t\u00eb b\u00ebhesha ndonj\u00ebher\u00eb prezantuese apo pjes\u00eb e nj\u00eb muzikali. Ka gj\u00ebra q\u00eb si ke menduar, por ka njer\u00ebz p\u00ebrreth q\u00eb t\u00eb ngacmojn\u00eb p\u00ebr k\u00ebt\u00eb. Nuk e di ku do t\u00eb jem pas 10 vitesh, por besoj se muzikali mund t\u00eb jet\u00eb gjithmon\u00eb nj\u00eb pjes\u00eb e jet\u00ebs sime.<\/p>\n<p><strong>TCH\u00a0<\/strong>\u2013 Cilat ishin p\u00ebrshtypjet e tua kur mb\u00ebrrite p\u00ebr her\u00eb t\u00eb par\u00eb n\u00eb Tiran\u00eb? U zhg\u00ebnjeve?<\/p>\n<p><strong>Mirjam Cani\u00a0<\/strong>\u2013 Absolutisht Tirana nuk m\u00eb zhg\u00ebnjeu, ishte di\u00e7ka e re, m\u00eb p\u00eblqeu dhe ende m\u00eb p\u00eblqen si qytet. P\u00ebr profesionin q\u00eb un\u00eb kam k\u00ebtu gjej gjith\u00e7ka, \u00ebsht\u00eb nj\u00eb vend q\u00eb t\u00eb ofron gjith\u00e7ka. K\u00ebtu ka jet\u00eb, un\u00eb kam edhe njer\u00ebz t\u00eb familjes q\u00eb \u00e7mallem, nd\u00ebrkoh\u00eb q\u00eb n\u00eb nj\u00eb vend si Gjermania m\u00eb duhet t\u00eb udh\u00ebtoj 1 mij\u00eb-1 500 km n\u00eb dit\u00eb, ndonj\u00ebher\u00eb edhe me makin\u00eb, nd\u00ebrsa k\u00ebtu i ke t\u00eb gjitha af\u00ebr dhe \u00ebsht\u00eb gj\u00eb e bukur.<\/p>\n<p><strong>TCH\u00a0<\/strong>\u2013 Prej 2006-s, ju that\u00eb se vini shpesh edhe p\u00ebr shkak t\u00eb raportit tuaj me Albanian. Megjithat\u00eb, jan\u00eb t\u00eb pakt\u00eb ata q\u00eb e din\u00eb se shkas p\u00ebr k\u00ebt\u00eb lidhjen tuaj u b\u00eb babai.<\/p>\n<p><strong>Mirjam Cani<\/strong>\u00a0\u2013 Shkaku \u00ebsht\u00eb babai im, q\u00eb shprehte d\u00ebshir\u00ebn t\u00eb isha aktive edhe n\u00eb Shqip\u00ebri, duke qen\u00eb se edhe ai ka 5-6 vjet q\u00eb jeton midis dy vendeve sepse ka nd\u00ebrtuar disa pun\u00ebt e tij n\u00eb Shqip\u00ebri dhe d\u00ebshira e tij ishte t\u00eb manaxhonte imazhin tim kur isha n\u00eb vend. Ideja e tij ishte p\u00ebrse mos b\u00ebsh nj\u00eb bashk\u00ebpunin me nj\u00eb artist shqiptar. Babai m\u00eb foli p\u00ebr fjal\u00ebt m\u00eb t\u00eb mira p\u00ebr Albanin, m\u00eb lavd\u00ebroi shum\u00eb muzik\u00ebn e tij dhe mendonte se mund t\u00eb p\u00ebrshtateshim mir\u00eb n\u00eb nj\u00eb bashk\u00ebpunim. Nj\u00eb her\u00eb kishte takuar edhe Albanin rast\u00ebsisht n\u00eb Vlor\u00eb kur ishte me pushime me maman\u00eb dhe v\u00ebllain. Nj\u00eb moment q\u00eb nuk e harroj ishte kur ishte takuar p\u00ebr albanin n\u00eb kafe dhe m\u00eb merr n\u00eb telefon. Po flisnim p\u00ebr takimin q\u00eb do t\u00eb b\u00ebnim muajin e ardhsh\u00ebm, kur un\u00eb kisha fiksuar ardhjen n\u00eb Shqip\u00ebri, ku babai m\u00eb thot\u00eb q\u00eb mund ta takoja q\u00eb pas nj\u00eb jave n\u00eb nj\u00eb koncert n\u00eb Zvic\u00ebr dhe ma kalon n\u00eb telefon. Me natyr\u00ebn e tij t\u00eb drejt\u00ebp\u00ebrdrejt\u00eb, e b\u00ebn gjithmon\u00eb k\u00ebt\u00eb, q\u00eb m\u00eb kalon k\u00ebshtu telefonata t\u00eb papritura.<\/p>\n<p><strong>TCH\u00a0<\/strong>\u2013 \u00c7far\u00eb ishte gj\u00ebja q\u00eb ju b\u00ebri m\u00eb shum\u00eb p\u00ebrshtypje n\u00eb takimin e par\u00eb me Albanin?<\/p>\n<p><strong>Mirjam Cani\u00a0<\/strong>\u2013 M\u00ebnyra e komunikimit, kishim nj\u00eb lirshm\u00ebri t\u00eb rrall\u00eb p\u00ebr ty njer\u00ebz q\u00eb nuk njiheshin, nuk ndiheshim n\u00eb siklet dhe nuk kishim turp t\u00eb bisedonim p\u00ebr shum\u00eb gj\u00ebra t\u00eb ndryshme. Faza e nd\u00ebrtimit t\u00eb raportit ton\u00eb ka qen\u00eb shum\u00eb e shtr\u00ebnjt\u00eb, sepse viti i par\u00eb ishte kur Albani shumic\u00ebn e koh\u00ebs ishte vet\u00ebm n\u00eb Shqip\u00ebri, un\u00eb nuk l\u00ebvizja dot prej programeve tv dhe disa or\u00eb n\u00eb dit\u00eb e kishim bised\u00eb n\u00eb telefon, aq sa t\u00eb gjith\u00eb njer\u00ebzit habiteshin se \u00e7far\u00eb mund t\u00eb flas\u00ebsh kaq gjat\u00eb, por ndikoi pozitivisht n\u00eb lidhjen ton\u00eb.<\/p>\n<p><strong>TCH\u00a0<\/strong>\u2013 Tashm\u00eb ju keni vendosur t\u00eb bashk\u00ebjetoni bashk\u00eb?<\/p>\n<p><strong>Mirjam Cani\u00a0<\/strong>\u2013 Po. Nuk kemi pasur kurr\u00eb konflikte bashk\u00eb. Fillimisht nuk kemi jetuar vet\u00ebm, por bashk\u00eb me familjen time n\u00eb Gjermani. Fillimisht bashk\u00ebjetuam me familjen time dhe kemi dy vjet q\u00eb jetojm\u00eb vet\u00ebm. Gjith\u00e7ka mes nesh \u00ebsht\u00eb shum\u00eb mir\u00eb, ndon\u00ebse raporti \u00ebsht\u00eb i ngjash\u00ebm me \u00e7do \u00e7ift tjet\u00ebr dhe absolutisht nuk e konsiderojm\u00eb veten t\u00eb ndrysh\u00ebm nga t\u00eb tjer\u00ebt.<\/p>\n<p><strong>TCH\u00a0<\/strong>\u2013 S\u00eb fundmi, nj\u00eb p\u00ebrvoj\u00eb e r\u00ebnd\u00ebsishme n\u00eb jet\u00ebn tuaj ishte edhe ajo e \u201cThe Voice\u201d. Si e vler\u00ebsoni k\u00ebt\u00eb eksperienc\u00eb?<\/p>\n<p><strong>Mirjam Cani\u00a0<\/strong>&#8211; Ishte nj\u00eb p\u00ebrvoj\u00eb shum\u00eb pozitive dhe e bukur p\u00ebr mua. Dash\u00eb dhe mora shum\u00eb, provova emocionin n\u00eb an\u00ebn e kund\u00ebrt dhe m\u00eb kujtoi pak at\u00eb faz\u00ebn e fillimeve t\u00eb mia, e till\u00eb nisi edhe karriera ime n\u00eb Gjermani. Po ashtu edhe p\u00ebr kandidat\u00ebt, un\u00eb jam munduar t\u00eb jap maksimumin m\u00eb shum\u00eb n\u00eb praktik\u00eb, t\u00eb sillja m\u00eb shum\u00eb nga p\u00ebrvojat q\u00eb kam pasur fatin t\u00eb mbledh dhe kjo rezultoi shum\u00eb pozitive edhe pas shfaqjes ruajta kontaktin, marr\u00ebdh\u00ebnien me kandidat\u00ebt, b\u00ebm\u00eb k\u00ebng\u00eb, videoklipe dhe pres me padurim edicionin e dyt\u00eb t\u00eb \u201cThe Voice\u201d, p\u00ebr t\u00eb p\u00ebrs\u00ebritur t\u00eb nj\u00ebjtat ndjesi.<\/p>\n<p>TOP CHANNEL<br \/>\n<!--YouTube Error: bad URL entered--><\/p>\n","protected":false},"excerpt":{"rendered":"<p>Mirjam Cani, k\u00ebng\u00ebtarja q\u00eb jeton jet\u00ebn e saj midis Shqip\u00ebris\u00eb dhe Gjermanis\u00eb, ishte e ftuara eksluzive t\u00eb premten n\u00eb nj\u00eb intervist\u00eb t\u00eb gjat\u00eb n\u00eb studion e \u201cPasdite\u201d n\u00eb \u201cTop-Channel\u201d. N\u00eb nj\u00eb intervist\u00eb t\u00eb gjat\u00eb, 26-vje\u00e7arja tregoi se si ngjiti shkall\u00ebn e suksesit n\u00eb Gjermani, se si ruante kontaktet me vendin e saj gjat\u00eb nj\u00eb periudhe [&hellip;]<\/p>\n","protected":false},"author":1,"featured_media":0,"comment_status":"open","ping_status":"closed","sticky":false,"template":"","format":"standard","meta":{"spay_email":"","jetpack_publicize_message":"","jetpack_is_tweetstorm":false,"jetpack_publicize_feature_enabled":true},"categories":[1],"tags":[21149],"jetpack_publicize_connections":[],"yoast_head":"<!-- This site is optimized with the Yoast SEO plugin v19.1 - https:\/\/yoast.com\/wordpress\/plugins\/seo\/ -->\n<title>Mirjam Cani: Jeta ime n\u00eb 360 grad\u00eb - Lajme nga Ulqini<\/title>\n<meta name=\"description\" content=\"Mirjam Cani, k\u00ebng\u00ebtarja q\u00eb jeton jet\u00ebn e saj midis Shqip\u00ebris\u00eb dhe Gjermanis\u00eb, ishte e ftuara eksluzive t\u00eb premten n\u00eb nj\u00eb intervist\u00eb t\u00eb gjat\u00eb n\u00eb studion e\" \/>\n<meta name=\"robots\" content=\"index, follow, max-snippet:-1, max-image-preview:large, max-video-preview:-1\" \/>\n<link rel=\"canonical\" href=\"https:\/\/www.visit-ulcinj.com\/blog\/2012\/09\/29\/mirjam-cani-jeta-ime-ne-360-grade\/\" \/>\n<meta property=\"og:locale\" content=\"en_US\" \/>\n<meta property=\"og:type\" content=\"article\" \/>\n<meta property=\"og:title\" content=\"Mirjam Cani: Jeta ime n\u00eb 360 grad\u00eb - Lajme nga Ulqini\" \/>\n<meta property=\"og:description\" content=\"Mirjam Cani, k\u00ebng\u00ebtarja q\u00eb jeton jet\u00ebn e saj midis Shqip\u00ebris\u00eb dhe Gjermanis\u00eb, ishte e ftuara eksluzive t\u00eb premten n\u00eb nj\u00eb intervist\u00eb t\u00eb gjat\u00eb n\u00eb studion e\" \/>\n<meta property=\"og:url\" content=\"https:\/\/www.visit-ulcinj.com\/blog\/2012\/09\/29\/mirjam-cani-jeta-ime-ne-360-grade\/\" \/>\n<meta property=\"og:site_name\" content=\"Lajme nga Ulqini\" \/>\n<meta property=\"article:published_time\" content=\"2012-09-29T17:13:40+00:00\" \/>\n<meta property=\"og:image\" content=\"http:\/\/www.visit-ulcinj.com\/blog\/wp-content\/uploads\/2012\/09\/miriamcani.jpg\" \/>\n<meta name=\"twitter:label1\" content=\"Written by\" \/>\n\t<meta name=\"twitter:data1\" content=\"ulqini\" \/>\n\t<meta name=\"twitter:label2\" content=\"Est. reading time\" \/>\n\t<meta name=\"twitter:data2\" content=\"9 minutes\" \/>\n<script type=\"application\/ld+json\" class=\"yoast-schema-graph\">{\"@context\":\"https:\/\/schema.org\",\"@graph\":[{\"@type\":\"WebSite\",\"@id\":\"https:\/\/www.visit-ulcinj.com\/blog\/#website\",\"url\":\"https:\/\/www.visit-ulcinj.com\/blog\/\",\"name\":\"Lajme nga Ulqini\",\"description\":\"Lajme,Vijesti,Ulqini,Ulqin,Crna Gora,Mali i Zi\",\"potentialAction\":[{\"@type\":\"SearchAction\",\"target\":{\"@type\":\"EntryPoint\",\"urlTemplate\":\"https:\/\/www.visit-ulcinj.com\/blog\/?s={search_term_string}\"},\"query-input\":\"required name=search_term_string\"}],\"inLanguage\":\"en-US\"},{\"@type\":\"ImageObject\",\"inLanguage\":\"en-US\",\"@id\":\"https:\/\/www.visit-ulcinj.com\/blog\/2012\/09\/29\/mirjam-cani-jeta-ime-ne-360-grade\/#primaryimage\",\"url\":\"http:\/\/www.visit-ulcinj.com\/blog\/wp-content\/uploads\/2012\/09\/miriamcani.jpg\",\"contentUrl\":\"http:\/\/www.visit-ulcinj.com\/blog\/wp-content\/uploads\/2012\/09\/miriamcani.jpg\"},{\"@type\":\"WebPage\",\"@id\":\"https:\/\/www.visit-ulcinj.com\/blog\/2012\/09\/29\/mirjam-cani-jeta-ime-ne-360-grade\/#webpage\",\"url\":\"https:\/\/www.visit-ulcinj.com\/blog\/2012\/09\/29\/mirjam-cani-jeta-ime-ne-360-grade\/\",\"name\":\"Mirjam Cani: Jeta ime n\u00eb 360 grad\u00eb - Lajme nga Ulqini\",\"isPartOf\":{\"@id\":\"https:\/\/www.visit-ulcinj.com\/blog\/#website\"},\"primaryImageOfPage\":{\"@id\":\"https:\/\/www.visit-ulcinj.com\/blog\/2012\/09\/29\/mirjam-cani-jeta-ime-ne-360-grade\/#primaryimage\"},\"datePublished\":\"2012-09-29T17:13:40+00:00\",\"dateModified\":\"2012-09-29T17:13:40+00:00\",\"author\":{\"@id\":\"https:\/\/www.visit-ulcinj.com\/blog\/#\/schema\/person\/dcab619c614d3038751c63bc2aadc06d\"},\"description\":\"Mirjam Cani, k\u00ebng\u00ebtarja q\u00eb jeton jet\u00ebn e saj midis Shqip\u00ebris\u00eb dhe Gjermanis\u00eb, ishte e ftuara eksluzive t\u00eb premten n\u00eb nj\u00eb intervist\u00eb t\u00eb gjat\u00eb n\u00eb studion e\",\"breadcrumb\":{\"@id\":\"https:\/\/www.visit-ulcinj.com\/blog\/2012\/09\/29\/mirjam-cani-jeta-ime-ne-360-grade\/#breadcrumb\"},\"inLanguage\":\"en-US\",\"potentialAction\":[{\"@type\":\"ReadAction\",\"target\":[\"https:\/\/www.visit-ulcinj.com\/blog\/2012\/09\/29\/mirjam-cani-jeta-ime-ne-360-grade\/\"]}]},{\"@type\":\"BreadcrumbList\",\"@id\":\"https:\/\/www.visit-ulcinj.com\/blog\/2012\/09\/29\/mirjam-cani-jeta-ime-ne-360-grade\/#breadcrumb\",\"itemListElement\":[{\"@type\":\"ListItem\",\"position\":1,\"name\":\"Mirjam Cani: Jeta ime n\u00eb 360 grad\u00eb\"}]},{\"@type\":\"Person\",\"@id\":\"https:\/\/www.visit-ulcinj.com\/blog\/#\/schema\/person\/dcab619c614d3038751c63bc2aadc06d\",\"name\":\"ulqini\",\"sameAs\":[\"http:\/\/www.visit-ulcinj.com\"],\"url\":\"https:\/\/www.visit-ulcinj.com\/blog\/author\/admin\/\"}]}<\/script>\n<!-- \/ Yoast SEO plugin. -->","yoast_head_json":{"title":"Mirjam Cani: Jeta ime n\u00eb 360 grad\u00eb - Lajme nga Ulqini","description":"Mirjam Cani, k\u00ebng\u00ebtarja q\u00eb jeton jet\u00ebn e saj midis Shqip\u00ebris\u00eb dhe Gjermanis\u00eb, ishte e ftuara eksluzive t\u00eb premten n\u00eb nj\u00eb intervist\u00eb t\u00eb gjat\u00eb n\u00eb studion e","robots":{"index":"index","follow":"follow","max-snippet":"max-snippet:-1","max-image-preview":"max-image-preview:large","max-video-preview":"max-video-preview:-1"},"canonical":"https:\/\/www.visit-ulcinj.com\/blog\/2012\/09\/29\/mirjam-cani-jeta-ime-ne-360-grade\/","og_locale":"en_US","og_type":"article","og_title":"Mirjam Cani: Jeta ime n\u00eb 360 grad\u00eb - Lajme nga Ulqini","og_description":"Mirjam Cani, k\u00ebng\u00ebtarja q\u00eb jeton jet\u00ebn e saj midis Shqip\u00ebris\u00eb dhe Gjermanis\u00eb, ishte e ftuara eksluzive t\u00eb premten n\u00eb nj\u00eb intervist\u00eb t\u00eb gjat\u00eb n\u00eb studion e","og_url":"https:\/\/www.visit-ulcinj.com\/blog\/2012\/09\/29\/mirjam-cani-jeta-ime-ne-360-grade\/","og_site_name":"Lajme nga Ulqini","article_published_time":"2012-09-29T17:13:40+00:00","og_image":[{"url":"http:\/\/www.visit-ulcinj.com\/blog\/wp-content\/uploads\/2012\/09\/miriamcani.jpg"}],"twitter_misc":{"Written by":"ulqini","Est. reading time":"9 minutes"},"schema":{"@context":"https:\/\/schema.org","@graph":[{"@type":"WebSite","@id":"https:\/\/www.visit-ulcinj.com\/blog\/#website","url":"https:\/\/www.visit-ulcinj.com\/blog\/","name":"Lajme nga Ulqini","description":"Lajme,Vijesti,Ulqini,Ulqin,Crna Gora,Mali i Zi","potentialAction":[{"@type":"SearchAction","target":{"@type":"EntryPoint","urlTemplate":"https:\/\/www.visit-ulcinj.com\/blog\/?s={search_term_string}"},"query-input":"required name=search_term_string"}],"inLanguage":"en-US"},{"@type":"ImageObject","inLanguage":"en-US","@id":"https:\/\/www.visit-ulcinj.com\/blog\/2012\/09\/29\/mirjam-cani-jeta-ime-ne-360-grade\/#primaryimage","url":"http:\/\/www.visit-ulcinj.com\/blog\/wp-content\/uploads\/2012\/09\/miriamcani.jpg","contentUrl":"http:\/\/www.visit-ulcinj.com\/blog\/wp-content\/uploads\/2012\/09\/miriamcani.jpg"},{"@type":"WebPage","@id":"https:\/\/www.visit-ulcinj.com\/blog\/2012\/09\/29\/mirjam-cani-jeta-ime-ne-360-grade\/#webpage","url":"https:\/\/www.visit-ulcinj.com\/blog\/2012\/09\/29\/mirjam-cani-jeta-ime-ne-360-grade\/","name":"Mirjam Cani: Jeta ime n\u00eb 360 grad\u00eb - Lajme nga Ulqini","isPartOf":{"@id":"https:\/\/www.visit-ulcinj.com\/blog\/#website"},"primaryImageOfPage":{"@id":"https:\/\/www.visit-ulcinj.com\/blog\/2012\/09\/29\/mirjam-cani-jeta-ime-ne-360-grade\/#primaryimage"},"datePublished":"2012-09-29T17:13:40+00:00","dateModified":"2012-09-29T17:13:40+00:00","author":{"@id":"https:\/\/www.visit-ulcinj.com\/blog\/#\/schema\/person\/dcab619c614d3038751c63bc2aadc06d"},"description":"Mirjam Cani, k\u00ebng\u00ebtarja q\u00eb jeton jet\u00ebn e saj midis Shqip\u00ebris\u00eb dhe Gjermanis\u00eb, ishte e ftuara eksluzive t\u00eb premten n\u00eb nj\u00eb intervist\u00eb t\u00eb gjat\u00eb n\u00eb studion e","breadcrumb":{"@id":"https:\/\/www.visit-ulcinj.com\/blog\/2012\/09\/29\/mirjam-cani-jeta-ime-ne-360-grade\/#breadcrumb"},"inLanguage":"en-US","potentialAction":[{"@type":"ReadAction","target":["https:\/\/www.visit-ulcinj.com\/blog\/2012\/09\/29\/mirjam-cani-jeta-ime-ne-360-grade\/"]}]},{"@type":"BreadcrumbList","@id":"https:\/\/www.visit-ulcinj.com\/blog\/2012\/09\/29\/mirjam-cani-jeta-ime-ne-360-grade\/#breadcrumb","itemListElement":[{"@type":"ListItem","position":1,"name":"Mirjam Cani: Jeta ime n\u00eb 360 grad\u00eb"}]},{"@type":"Person","@id":"https:\/\/www.visit-ulcinj.com\/blog\/#\/schema\/person\/dcab619c614d3038751c63bc2aadc06d","name":"ulqini","sameAs":["http:\/\/www.visit-ulcinj.com"],"url":"https:\/\/www.visit-ulcinj.com\/blog\/author\/admin\/"}]}},"jetpack_featured_media_url":"","jetpack_sharing_enabled":true,"jetpack_shortlink":"https:\/\/wp.me\/pe6lTn-gGl","_links":{"self":[{"href":"https:\/\/www.visit-ulcinj.com\/blog\/wp-json\/wp\/v2\/posts\/64129"}],"collection":[{"href":"https:\/\/www.visit-ulcinj.com\/blog\/wp-json\/wp\/v2\/posts"}],"about":[{"href":"https:\/\/www.visit-ulcinj.com\/blog\/wp-json\/wp\/v2\/types\/post"}],"author":[{"embeddable":true,"href":"https:\/\/www.visit-ulcinj.com\/blog\/wp-json\/wp\/v2\/users\/1"}],"replies":[{"embeddable":true,"href":"https:\/\/www.visit-ulcinj.com\/blog\/wp-json\/wp\/v2\/comments?post=64129"}],"version-history":[{"count":2,"href":"https:\/\/www.visit-ulcinj.com\/blog\/wp-json\/wp\/v2\/posts\/64129\/revisions"}],"predecessor-version":[{"id":64132,"href":"https:\/\/www.visit-ulcinj.com\/blog\/wp-json\/wp\/v2\/posts\/64129\/revisions\/64132"}],"wp:attachment":[{"href":"https:\/\/www.visit-ulcinj.com\/blog\/wp-json\/wp\/v2\/media?parent=64129"}],"wp:term":[{"taxonomy":"category","embeddable":true,"href":"https:\/\/www.visit-ulcinj.com\/blog\/wp-json\/wp\/v2\/categories?post=64129"},{"taxonomy":"post_tag","embeddable":true,"href":"https:\/\/www.visit-ulcinj.com\/blog\/wp-json\/wp\/v2\/tags?post=64129"}],"curies":[{"name":"wp","href":"https:\/\/api.w.org\/{rel}","templated":true}]}}