{"id":64133,"date":"2012-09-29T18:28:47","date_gmt":"2012-09-29T17:28:47","guid":{"rendered":"http:\/\/www.visit-ulcinj.com\/blog\/?p=64133"},"modified":"2012-09-29T18:28:47","modified_gmt":"2012-09-29T17:28:47","slug":"bashkepunim-i-ri-me-vip-boteror-per-vidane-zenelin","status":"publish","type":"post","link":"https:\/\/www.visit-ulcinj.com\/blog\/2012\/09\/29\/bashkepunim-i-ri-me-vip-boteror-per-vidane-zenelin\/","title":{"rendered":"Bashkepunim i ri me VIP boteror per Vidane Zenelin"},"content":{"rendered":"<p><a href=\"http:\/\/www.visit-ulcinj.com\/blog\/wp-content\/uploads\/2012\/09\/WIKI_vildanezeneli.jpg\"><img loading=\"lazy\" class=\"alignleft  wp-image-64134\" title=\"WIKI_vildanezeneli\" src=\"http:\/\/www.visit-ulcinj.com\/blog\/wp-content\/uploads\/2012\/09\/WIKI_vildanezeneli.jpg\" alt=\"\" width=\"350\" height=\"400\" \/><\/a>Shum\u00eb \u00ebsht\u00eb folur n\u00eb median e shkruar apo portale t\u00eb ndryshme online p\u00ebr modelen fillimisht, dhe s\u00eb fundi k\u00ebng\u00ebtaren Kosovare Vildane Zeneli (Vicky). Nga fotot p\u00ebr editoriale n\u00eb revistat m\u00eb prestigjioze amerikane, tek reklamat televizive p\u00ebr produkte cil\u00ebsore. Nga personazh i videoklipeve t\u00eb artist\u00ebve t\u00eb ndrysh\u00ebm me fam\u00eb nd\u00ebrkomb\u00ebtare tek regjistrimi i nj\u00eb albumi krejt\u00ebsisht solo. K\u00ebto jan\u00eb shkall\u00ebt e ngjitura nj\u00ebra pas tjetr\u00ebs dhe suksesi n\u00eb rritje i shqiptares nga Prishtina, Vildane Zeneli, e cila p\u00ebr publikun shqiptar mund t\u00eb identifikohet leht\u00eb me personazhin e videos \u201cNext\u201d t\u00eb Flori Mumajesi. Pamja e saj sensuale nuk ka l\u00ebn\u00eb indiferente emra t\u00eb mir\u00ebnjohur t\u00eb mod\u00ebs internacionale, teksa vitet e fundit Vildane Zeneli ka qen\u00eb imazhi prezantues i brand-eve: J.Lo by Jennifer Lopez, Just Cavalli, Vera Wang, Ed Hardy apo Beats by Dr. D.R.E, Canon e shum\u00eb t\u00eb tjera.<\/p>\n<p>S\u00eb fundi, n\u00eb profilet personale \u201cFacebook\u201d apo \u201cTwitter\u201d, jan\u00eb disa foto ku Vicky shfaqet n\u00eb studio regjistrimi dhe kjo jo p\u00ebr arsye publiciteti, por p\u00ebr nj\u00eb album krejt\u00ebsisht muzikor. Nga fjal\u00ebt q\u00eb kan\u00eb dal\u00eb n\u00eb lidhje me k\u00ebt\u00eb projekt t\u00eb debutimit t\u00eb saj n\u00eb muzik\u00eb, m\u00ebsohet se Vildane Zeneli po bashk\u00ebpunon me kompozitoren Melanie Fontana, nd\u00ebrsa njeri prej emrave m\u00eb t\u00eb njohur edhe p\u00ebr publikun shqiptar, i cili ka pranuar t\u00eb k\u00ebndoj\u00eb n\u00eb nj\u00eb nga k\u00ebng\u00ebt e Vickyt \u00ebsht\u00eb reperi Soulja Boy. Ky album po regjistrohet n\u00eb studiot e Dr. D.R.E me producentin Jonas Seead, nd\u00ebrsa sht\u00ebpia diskografike q\u00eb ka marr\u00eb p\u00ebrsip\u00ebr katapultimin e bukuroshes shqiptare n\u00eb biznesin internacional t\u00eb muzik\u00ebs \u00ebsht\u00eb e famshmja \u201cInterscope Records\u201d, e cila besoi n\u00eb talentin e yllit Lady Gaga.<\/p>\n<p>Koha Jon<\/p>\n<!--YouTube Error: bad URL entered-->\n","protected":false},"excerpt":{"rendered":"<p>Shum\u00eb \u00ebsht\u00eb folur n\u00eb median e shkruar apo portale t\u00eb ndryshme online p\u00ebr modelen fillimisht, dhe s\u00eb fundi k\u00ebng\u00ebtaren Kosovare Vildane Zeneli (Vicky). Nga fotot p\u00ebr editoriale n\u00eb revistat m\u00eb prestigjioze amerikane, tek reklamat televizive p\u00ebr produkte cil\u00ebsore. Nga personazh i videoklipeve t\u00eb artist\u00ebve t\u00eb ndrysh\u00ebm me fam\u00eb nd\u00ebrkomb\u00ebtare tek regjistrimi i nj\u00eb albumi krejt\u00ebsisht [&hellip;]<\/p>\n","protected":false},"author":1,"featured_media":0,"comment_status":"open","ping_status":"closed","sticky":false,"template":"","format":"standard","meta":{"spay_email":"","jetpack_publicize_message":"","jetpack_is_tweetstorm":false,"jetpack_publicize_feature_enabled":true},"categories":[1],"tags":[21150],"jetpack_publicize_connections":[],"yoast_head":"<!-- This site is optimized with the Yoast SEO plugin v19.1 - https:\/\/yoast.com\/wordpress\/plugins\/seo\/ -->\n<title>Bashkepunim i ri me VIP boteror per Vidane Zenelin - Lajme nga Ulqini<\/title>\n<meta name=\"description\" content=\"Shum\u00eb \u00ebsht\u00eb folur n\u00eb median e shkruar apo portale t\u00eb ndryshme online p\u00ebr modelen fillimisht, dhe s\u00eb fundi k\u00ebng\u00ebtaren Kosovare Vildane Zeneli (Vicky). Nga\" \/>\n<meta name=\"robots\" content=\"index, follow, max-snippet:-1, max-image-preview:large, max-video-preview:-1\" \/>\n<link rel=\"canonical\" href=\"https:\/\/www.visit-ulcinj.com\/blog\/2012\/09\/29\/bashkepunim-i-ri-me-vip-boteror-per-vidane-zenelin\/\" \/>\n<meta property=\"og:locale\" content=\"en_US\" \/>\n<meta property=\"og:type\" content=\"article\" \/>\n<meta property=\"og:title\" content=\"Bashkepunim i ri me VIP boteror per Vidane Zenelin - Lajme nga Ulqini\" \/>\n<meta property=\"og:description\" content=\"Shum\u00eb \u00ebsht\u00eb folur n\u00eb median e shkruar apo portale t\u00eb ndryshme online p\u00ebr modelen fillimisht, dhe s\u00eb fundi k\u00ebng\u00ebtaren Kosovare Vildane Zeneli (Vicky). Nga\" \/>\n<meta property=\"og:url\" content=\"https:\/\/www.visit-ulcinj.com\/blog\/2012\/09\/29\/bashkepunim-i-ri-me-vip-boteror-per-vidane-zenelin\/\" \/>\n<meta property=\"og:site_name\" content=\"Lajme nga Ulqini\" \/>\n<meta property=\"article:published_time\" content=\"2012-09-29T17:28:47+00:00\" \/>\n<meta property=\"og:image\" content=\"http:\/\/www.visit-ulcinj.com\/blog\/wp-content\/uploads\/2012\/09\/WIKI_vildanezeneli.jpg\" \/>\n<meta name=\"twitter:label1\" content=\"Written by\" \/>\n\t<meta name=\"twitter:data1\" content=\"ulqini\" \/>\n\t<meta name=\"twitter:label2\" content=\"Est. reading time\" \/>\n\t<meta name=\"twitter:data2\" content=\"2 minutes\" \/>\n<script type=\"application\/ld+json\" class=\"yoast-schema-graph\">{\"@context\":\"https:\/\/schema.org\",\"@graph\":[{\"@type\":\"WebSite\",\"@id\":\"https:\/\/www.visit-ulcinj.com\/blog\/#website\",\"url\":\"https:\/\/www.visit-ulcinj.com\/blog\/\",\"name\":\"Lajme nga Ulqini\",\"description\":\"Lajme,Vijesti,Ulqini,Ulqin,Crna Gora,Mali i Zi\",\"potentialAction\":[{\"@type\":\"SearchAction\",\"target\":{\"@type\":\"EntryPoint\",\"urlTemplate\":\"https:\/\/www.visit-ulcinj.com\/blog\/?s={search_term_string}\"},\"query-input\":\"required name=search_term_string\"}],\"inLanguage\":\"en-US\"},{\"@type\":\"ImageObject\",\"inLanguage\":\"en-US\",\"@id\":\"https:\/\/www.visit-ulcinj.com\/blog\/2012\/09\/29\/bashkepunim-i-ri-me-vip-boteror-per-vidane-zenelin\/#primaryimage\",\"url\":\"http:\/\/www.visit-ulcinj.com\/blog\/wp-content\/uploads\/2012\/09\/WIKI_vildanezeneli.jpg\",\"contentUrl\":\"http:\/\/www.visit-ulcinj.com\/blog\/wp-content\/uploads\/2012\/09\/WIKI_vildanezeneli.jpg\"},{\"@type\":\"WebPage\",\"@id\":\"https:\/\/www.visit-ulcinj.com\/blog\/2012\/09\/29\/bashkepunim-i-ri-me-vip-boteror-per-vidane-zenelin\/#webpage\",\"url\":\"https:\/\/www.visit-ulcinj.com\/blog\/2012\/09\/29\/bashkepunim-i-ri-me-vip-boteror-per-vidane-zenelin\/\",\"name\":\"Bashkepunim i ri me VIP boteror per Vidane Zenelin - Lajme nga Ulqini\",\"isPartOf\":{\"@id\":\"https:\/\/www.visit-ulcinj.com\/blog\/#website\"},\"primaryImageOfPage\":{\"@id\":\"https:\/\/www.visit-ulcinj.com\/blog\/2012\/09\/29\/bashkepunim-i-ri-me-vip-boteror-per-vidane-zenelin\/#primaryimage\"},\"datePublished\":\"2012-09-29T17:28:47+00:00\",\"dateModified\":\"2012-09-29T17:28:47+00:00\",\"author\":{\"@id\":\"https:\/\/www.visit-ulcinj.com\/blog\/#\/schema\/person\/dcab619c614d3038751c63bc2aadc06d\"},\"description\":\"Shum\u00eb \u00ebsht\u00eb folur n\u00eb median e shkruar apo portale t\u00eb ndryshme online p\u00ebr modelen fillimisht, dhe s\u00eb fundi k\u00ebng\u00ebtaren Kosovare Vildane Zeneli (Vicky). Nga\",\"breadcrumb\":{\"@id\":\"https:\/\/www.visit-ulcinj.com\/blog\/2012\/09\/29\/bashkepunim-i-ri-me-vip-boteror-per-vidane-zenelin\/#breadcrumb\"},\"inLanguage\":\"en-US\",\"potentialAction\":[{\"@type\":\"ReadAction\",\"target\":[\"https:\/\/www.visit-ulcinj.com\/blog\/2012\/09\/29\/bashkepunim-i-ri-me-vip-boteror-per-vidane-zenelin\/\"]}]},{\"@type\":\"BreadcrumbList\",\"@id\":\"https:\/\/www.visit-ulcinj.com\/blog\/2012\/09\/29\/bashkepunim-i-ri-me-vip-boteror-per-vidane-zenelin\/#breadcrumb\",\"itemListElement\":[{\"@type\":\"ListItem\",\"position\":1,\"name\":\"Bashkepunim i ri me VIP boteror per Vidane Zenelin\"}]},{\"@type\":\"Person\",\"@id\":\"https:\/\/www.visit-ulcinj.com\/blog\/#\/schema\/person\/dcab619c614d3038751c63bc2aadc06d\",\"name\":\"ulqini\",\"sameAs\":[\"http:\/\/www.visit-ulcinj.com\"],\"url\":\"https:\/\/www.visit-ulcinj.com\/blog\/author\/admin\/\"}]}<\/script>\n<!-- \/ Yoast SEO plugin. -->","yoast_head_json":{"title":"Bashkepunim i ri me VIP boteror per Vidane Zenelin - Lajme nga Ulqini","description":"Shum\u00eb \u00ebsht\u00eb folur n\u00eb median e shkruar apo portale t\u00eb ndryshme online p\u00ebr modelen fillimisht, dhe s\u00eb fundi k\u00ebng\u00ebtaren Kosovare Vildane Zeneli (Vicky). Nga","robots":{"index":"index","follow":"follow","max-snippet":"max-snippet:-1","max-image-preview":"max-image-preview:large","max-video-preview":"max-video-preview:-1"},"canonical":"https:\/\/www.visit-ulcinj.com\/blog\/2012\/09\/29\/bashkepunim-i-ri-me-vip-boteror-per-vidane-zenelin\/","og_locale":"en_US","og_type":"article","og_title":"Bashkepunim i ri me VIP boteror per Vidane Zenelin - Lajme nga Ulqini","og_description":"Shum\u00eb \u00ebsht\u00eb folur n\u00eb median e shkruar apo portale t\u00eb ndryshme online p\u00ebr modelen fillimisht, dhe s\u00eb fundi k\u00ebng\u00ebtaren Kosovare Vildane Zeneli (Vicky). Nga","og_url":"https:\/\/www.visit-ulcinj.com\/blog\/2012\/09\/29\/bashkepunim-i-ri-me-vip-boteror-per-vidane-zenelin\/","og_site_name":"Lajme nga Ulqini","article_published_time":"2012-09-29T17:28:47+00:00","og_image":[{"url":"http:\/\/www.visit-ulcinj.com\/blog\/wp-content\/uploads\/2012\/09\/WIKI_vildanezeneli.jpg"}],"twitter_misc":{"Written by":"ulqini","Est. reading time":"2 minutes"},"schema":{"@context":"https:\/\/schema.org","@graph":[{"@type":"WebSite","@id":"https:\/\/www.visit-ulcinj.com\/blog\/#website","url":"https:\/\/www.visit-ulcinj.com\/blog\/","name":"Lajme nga Ulqini","description":"Lajme,Vijesti,Ulqini,Ulqin,Crna Gora,Mali i Zi","potentialAction":[{"@type":"SearchAction","target":{"@type":"EntryPoint","urlTemplate":"https:\/\/www.visit-ulcinj.com\/blog\/?s={search_term_string}"},"query-input":"required name=search_term_string"}],"inLanguage":"en-US"},{"@type":"ImageObject","inLanguage":"en-US","@id":"https:\/\/www.visit-ulcinj.com\/blog\/2012\/09\/29\/bashkepunim-i-ri-me-vip-boteror-per-vidane-zenelin\/#primaryimage","url":"http:\/\/www.visit-ulcinj.com\/blog\/wp-content\/uploads\/2012\/09\/WIKI_vildanezeneli.jpg","contentUrl":"http:\/\/www.visit-ulcinj.com\/blog\/wp-content\/uploads\/2012\/09\/WIKI_vildanezeneli.jpg"},{"@type":"WebPage","@id":"https:\/\/www.visit-ulcinj.com\/blog\/2012\/09\/29\/bashkepunim-i-ri-me-vip-boteror-per-vidane-zenelin\/#webpage","url":"https:\/\/www.visit-ulcinj.com\/blog\/2012\/09\/29\/bashkepunim-i-ri-me-vip-boteror-per-vidane-zenelin\/","name":"Bashkepunim i ri me VIP boteror per Vidane Zenelin - Lajme nga Ulqini","isPartOf":{"@id":"https:\/\/www.visit-ulcinj.com\/blog\/#website"},"primaryImageOfPage":{"@id":"https:\/\/www.visit-ulcinj.com\/blog\/2012\/09\/29\/bashkepunim-i-ri-me-vip-boteror-per-vidane-zenelin\/#primaryimage"},"datePublished":"2012-09-29T17:28:47+00:00","dateModified":"2012-09-29T17:28:47+00:00","author":{"@id":"https:\/\/www.visit-ulcinj.com\/blog\/#\/schema\/person\/dcab619c614d3038751c63bc2aadc06d"},"description":"Shum\u00eb \u00ebsht\u00eb folur n\u00eb median e shkruar apo portale t\u00eb ndryshme online p\u00ebr modelen fillimisht, dhe s\u00eb fundi k\u00ebng\u00ebtaren Kosovare Vildane Zeneli (Vicky). Nga","breadcrumb":{"@id":"https:\/\/www.visit-ulcinj.com\/blog\/2012\/09\/29\/bashkepunim-i-ri-me-vip-boteror-per-vidane-zenelin\/#breadcrumb"},"inLanguage":"en-US","potentialAction":[{"@type":"ReadAction","target":["https:\/\/www.visit-ulcinj.com\/blog\/2012\/09\/29\/bashkepunim-i-ri-me-vip-boteror-per-vidane-zenelin\/"]}]},{"@type":"BreadcrumbList","@id":"https:\/\/www.visit-ulcinj.com\/blog\/2012\/09\/29\/bashkepunim-i-ri-me-vip-boteror-per-vidane-zenelin\/#breadcrumb","itemListElement":[{"@type":"ListItem","position":1,"name":"Bashkepunim i ri me VIP boteror per Vidane Zenelin"}]},{"@type":"Person","@id":"https:\/\/www.visit-ulcinj.com\/blog\/#\/schema\/person\/dcab619c614d3038751c63bc2aadc06d","name":"ulqini","sameAs":["http:\/\/www.visit-ulcinj.com"],"url":"https:\/\/www.visit-ulcinj.com\/blog\/author\/admin\/"}]}},"jetpack_featured_media_url":"","jetpack_sharing_enabled":true,"jetpack_shortlink":"https:\/\/wp.me\/pe6lTn-gGp","_links":{"self":[{"href":"https:\/\/www.visit-ulcinj.com\/blog\/wp-json\/wp\/v2\/posts\/64133"}],"collection":[{"href":"https:\/\/www.visit-ulcinj.com\/blog\/wp-json\/wp\/v2\/posts"}],"about":[{"href":"https:\/\/www.visit-ulcinj.com\/blog\/wp-json\/wp\/v2\/types\/post"}],"author":[{"embeddable":true,"href":"https:\/\/www.visit-ulcinj.com\/blog\/wp-json\/wp\/v2\/users\/1"}],"replies":[{"embeddable":true,"href":"https:\/\/www.visit-ulcinj.com\/blog\/wp-json\/wp\/v2\/comments?post=64133"}],"version-history":[{"count":2,"href":"https:\/\/www.visit-ulcinj.com\/blog\/wp-json\/wp\/v2\/posts\/64133\/revisions"}],"predecessor-version":[{"id":64136,"href":"https:\/\/www.visit-ulcinj.com\/blog\/wp-json\/wp\/v2\/posts\/64133\/revisions\/64136"}],"wp:attachment":[{"href":"https:\/\/www.visit-ulcinj.com\/blog\/wp-json\/wp\/v2\/media?parent=64133"}],"wp:term":[{"taxonomy":"category","embeddable":true,"href":"https:\/\/www.visit-ulcinj.com\/blog\/wp-json\/wp\/v2\/categories?post=64133"},{"taxonomy":"post_tag","embeddable":true,"href":"https:\/\/www.visit-ulcinj.com\/blog\/wp-json\/wp\/v2\/tags?post=64133"}],"curies":[{"name":"wp","href":"https:\/\/api.w.org\/{rel}","templated":true}]}}