{"id":6414,"date":"2008-11-21T09:29:32","date_gmt":"2008-11-21T14:29:32","guid":{"rendered":"http:\/\/www.visit-ulcinj.com\/blog\/?p=6414"},"modified":"2008-11-21T09:29:32","modified_gmt":"2008-11-21T14:29:32","slug":"ulcinj-%e2%80%9eeuroflexu%e2%80%9c-nagrada-za-najkvalitetniji-dusek","status":"publish","type":"post","link":"https:\/\/www.visit-ulcinj.com\/blog\/2008\/11\/21\/ulcinj-%e2%80%9eeuroflexu%e2%80%9c-nagrada-za-najkvalitetniji-dusek\/","title":{"rendered":"Ulcinj: \u201eEuroflexu\u201c nagrada za najkvalitetniji du\u0161ek"},"content":{"rendered":"<p><a href=\"http:\/\/www.visit-ulcinj.com\/blog\/wp-content\/uploads\/2008\/11\/euroflex-ulcinj.jpg\"><img loading=\"lazy\" class=\"alignleft size-medium wp-image-6415\" title=\"euroflex-ulcinj\" src=\"http:\/\/www.visit-ulcinj.com\/blog\/wp-content\/uploads\/2008\/11\/euroflex-ulcinj-300x238.jpg\" alt=\"\" width=\"300\" height=\"238\" \/><\/a>Ulcinj &#8211; Du\u0161ek \u201eregency\u201c, proizveden u ulcinjskoj firmi \u201eEuroflex\u201c, ocijenjen je kao najkvalitetniji proizvod u robnoj grupi \u201eProizvodi za opremanje i unutra\u0161nje ure?enje stanova i javnih objekata\u201c na 46. me?unarodnom sajmu namje\u0161taja, opreme i unutra\u0161nje dekoracije u Beogradu.<br \/>\nVlasnik \u201eEuroflexa\u201c Be?ir Hod\u017ei? kazao je da uspjeh njegove firme jo\u0161 vi\u0161e dobija na zna?aju ako se zna da je ona bila jedini predstavnik Crne Gore u Beogradu, te da su na sajmu izlagali i evropski giganti iz bran\u0161e proizvodnje du\u0161eka.<br \/>\n&#8211; Ovo je veliki uspjeh za moju firmu, za Ulcinj i Crnu Goru. \u017delim da se zahvalim mojim radnicima i timu koji su radili na proizvodu ?iji je kvalitet do\u0161ao do punog izra\u017eaja u \u017eestokoj konkurenciji mo?nih i dokazanih proizvo?a?a iz Italije, Danske, Austrije, Slovenije, Hrvatske i Srbije. Tako?e, na\u0161 uspjeh je ve?i i ako se u vidu ima ?injenica da je beogradski sajam najve?i na Balkanu- kazao je Hod\u017ei? na ju?era\u0161njoj konferenciji za novinare u prostorijama Ulcinj biznis asocijacije, ?iji je ?lan i \u201eEuroflex\u201c.<br \/>\nPetrit Molabe?irovi? iz UBA kazao je da je na sajmu u?estvovalo 567 izlaga?a od kojih 173 strana.<br \/>\nOn je podsjetio da je \u201eEuroflex\u201c na istom sajmu prije ?etiri godine dobio nagradu \u201ePosebno priznanje za kolekciju du\u0161eka\u201c.<br \/>\n&#8211; To je samo dokaz da \u201eEuroflex\u201c ve? godinama odr\u017eava visoki nivo kvaliteta &#8211; kazao je Molabe?irovi?.<br \/>\n<strong>Web site:<\/strong><a href=\"Web site: www.euroflexbaro.com\" target=\"_blank\"> <strong>www.euroflexbaro.com<\/strong><\/a><br \/>\n<strong>S.A.<br \/>\nIzvor \/ Vijesti<\/strong><\/p>\n","protected":false},"excerpt":{"rendered":"<p>Ulcinj &#8211; Du\u0161ek \u201eregency\u201c, proizveden u ulcinjskoj firmi \u201eEuroflex\u201c, ocijenjen je kao najkvalitetniji proizvod u robnoj grupi \u201eProizvodi za opremanje i unutra\u0161nje ure?enje stanova i javnih objekata\u201c na 46. me?unarodnom sajmu namje\u0161taja, opreme i unutra\u0161nje dekoracije u Beogradu. Vlasnik \u201eEuroflexa\u201c Be?ir Hod\u017ei? kazao je da uspjeh njegove firme jo\u0161 vi\u0161e dobija na zna?aju ako se [&hellip;]<\/p>\n","protected":false},"author":1,"featured_media":0,"comment_status":"open","ping_status":"closed","sticky":false,"template":"","format":"standard","meta":{"spay_email":"","jetpack_publicize_message":"","jetpack_is_tweetstorm":false,"jetpack_publicize_feature_enabled":true},"categories":[10],"tags":[5106,5105],"jetpack_publicize_connections":[],"yoast_head":"<!-- This site is optimized with the Yoast SEO plugin v19.1 - https:\/\/yoast.com\/wordpress\/plugins\/seo\/ -->\n<title>Ulcinj: \u201eEuroflexu\u201c nagrada za najkvalitetniji du\u0161ek - Lajme nga Ulqini<\/title>\n<meta name=\"description\" content=\"Ulcinj - Du\u0161ek \u201eregency\u201c, proizveden u ulcinjskoj firmi \u201eEuroflex\u201c, ocijenjen je kao najkvalitetniji proizvod u robnoj grupi \u201eProizvodi za opremanje i\" \/>\n<meta name=\"robots\" content=\"index, follow, max-snippet:-1, max-image-preview:large, max-video-preview:-1\" \/>\n<link rel=\"canonical\" href=\"https:\/\/www.visit-ulcinj.com\/blog\/2008\/11\/21\/ulcinj-\u201eeuroflexu\u201c-nagrada-za-najkvalitetniji-dusek\/\" \/>\n<meta property=\"og:locale\" content=\"en_US\" \/>\n<meta property=\"og:type\" content=\"article\" \/>\n<meta property=\"og:title\" content=\"Ulcinj: \u201eEuroflexu\u201c nagrada za najkvalitetniji du\u0161ek - Lajme nga Ulqini\" \/>\n<meta property=\"og:description\" content=\"Ulcinj - Du\u0161ek \u201eregency\u201c, proizveden u ulcinjskoj firmi \u201eEuroflex\u201c, ocijenjen je kao najkvalitetniji proizvod u robnoj grupi \u201eProizvodi za opremanje i\" \/>\n<meta property=\"og:url\" content=\"https:\/\/www.visit-ulcinj.com\/blog\/2008\/11\/21\/ulcinj-\u201eeuroflexu\u201c-nagrada-za-najkvalitetniji-dusek\/\" \/>\n<meta property=\"og:site_name\" content=\"Lajme nga Ulqini\" \/>\n<meta property=\"article:published_time\" content=\"2008-11-21T14:29:32+00:00\" \/>\n<meta property=\"og:image\" content=\"http:\/\/www.visit-ulcinj.com\/blog\/wp-content\/uploads\/2008\/11\/euroflex-ulcinj-300x238.jpg\" \/>\n<meta name=\"twitter:label1\" content=\"Written by\" \/>\n\t<meta name=\"twitter:data1\" content=\"ulqini\" \/>\n\t<meta name=\"twitter:label2\" content=\"Est. reading time\" \/>\n\t<meta name=\"twitter:data2\" content=\"1 minute\" \/>\n<script type=\"application\/ld+json\" class=\"yoast-schema-graph\">{\"@context\":\"https:\/\/schema.org\",\"@graph\":[{\"@type\":\"WebSite\",\"@id\":\"https:\/\/www.visit-ulcinj.com\/blog\/#website\",\"url\":\"https:\/\/www.visit-ulcinj.com\/blog\/\",\"name\":\"Lajme nga Ulqini\",\"description\":\"Lajme,Vijesti,Ulqini,Ulqin,Crna Gora,Mali i Zi\",\"potentialAction\":[{\"@type\":\"SearchAction\",\"target\":{\"@type\":\"EntryPoint\",\"urlTemplate\":\"https:\/\/www.visit-ulcinj.com\/blog\/?s={search_term_string}\"},\"query-input\":\"required name=search_term_string\"}],\"inLanguage\":\"en-US\"},{\"@type\":\"ImageObject\",\"inLanguage\":\"en-US\",\"@id\":\"https:\/\/www.visit-ulcinj.com\/blog\/2008\/11\/21\/ulcinj-%e2%80%9eeuroflexu%e2%80%9c-nagrada-za-najkvalitetniji-dusek\/#primaryimage\",\"url\":\"http:\/\/www.visit-ulcinj.com\/blog\/wp-content\/uploads\/2008\/11\/euroflex-ulcinj-300x238.jpg\",\"contentUrl\":\"http:\/\/www.visit-ulcinj.com\/blog\/wp-content\/uploads\/2008\/11\/euroflex-ulcinj-300x238.jpg\"},{\"@type\":\"WebPage\",\"@id\":\"https:\/\/www.visit-ulcinj.com\/blog\/2008\/11\/21\/ulcinj-%e2%80%9eeuroflexu%e2%80%9c-nagrada-za-najkvalitetniji-dusek\/#webpage\",\"url\":\"https:\/\/www.visit-ulcinj.com\/blog\/2008\/11\/21\/ulcinj-%e2%80%9eeuroflexu%e2%80%9c-nagrada-za-najkvalitetniji-dusek\/\",\"name\":\"Ulcinj: \u201eEuroflexu\u201c nagrada za najkvalitetniji du\u0161ek - Lajme nga Ulqini\",\"isPartOf\":{\"@id\":\"https:\/\/www.visit-ulcinj.com\/blog\/#website\"},\"primaryImageOfPage\":{\"@id\":\"https:\/\/www.visit-ulcinj.com\/blog\/2008\/11\/21\/ulcinj-%e2%80%9eeuroflexu%e2%80%9c-nagrada-za-najkvalitetniji-dusek\/#primaryimage\"},\"datePublished\":\"2008-11-21T14:29:32+00:00\",\"dateModified\":\"2008-11-21T14:29:32+00:00\",\"author\":{\"@id\":\"https:\/\/www.visit-ulcinj.com\/blog\/#\/schema\/person\/dcab619c614d3038751c63bc2aadc06d\"},\"description\":\"Ulcinj - Du\u0161ek \u201eregency\u201c, proizveden u ulcinjskoj firmi \u201eEuroflex\u201c, ocijenjen je kao najkvalitetniji proizvod u robnoj grupi \u201eProizvodi za opremanje i\",\"breadcrumb\":{\"@id\":\"https:\/\/www.visit-ulcinj.com\/blog\/2008\/11\/21\/ulcinj-%e2%80%9eeuroflexu%e2%80%9c-nagrada-za-najkvalitetniji-dusek\/#breadcrumb\"},\"inLanguage\":\"en-US\",\"potentialAction\":[{\"@type\":\"ReadAction\",\"target\":[\"https:\/\/www.visit-ulcinj.com\/blog\/2008\/11\/21\/ulcinj-%e2%80%9eeuroflexu%e2%80%9c-nagrada-za-najkvalitetniji-dusek\/\"]}]},{\"@type\":\"BreadcrumbList\",\"@id\":\"https:\/\/www.visit-ulcinj.com\/blog\/2008\/11\/21\/ulcinj-%e2%80%9eeuroflexu%e2%80%9c-nagrada-za-najkvalitetniji-dusek\/#breadcrumb\",\"itemListElement\":[{\"@type\":\"ListItem\",\"position\":1,\"name\":\"Ulcinj: \u201eEuroflexu\u201c nagrada za najkvalitetniji du\u0161ek\"}]},{\"@type\":\"Person\",\"@id\":\"https:\/\/www.visit-ulcinj.com\/blog\/#\/schema\/person\/dcab619c614d3038751c63bc2aadc06d\",\"name\":\"ulqini\",\"sameAs\":[\"http:\/\/www.visit-ulcinj.com\"],\"url\":\"https:\/\/www.visit-ulcinj.com\/blog\/author\/admin\/\"}]}<\/script>\n<!-- \/ Yoast SEO plugin. -->","yoast_head_json":{"title":"Ulcinj: \u201eEuroflexu\u201c nagrada za najkvalitetniji du\u0161ek - Lajme nga Ulqini","description":"Ulcinj - Du\u0161ek \u201eregency\u201c, proizveden u ulcinjskoj firmi \u201eEuroflex\u201c, ocijenjen je kao najkvalitetniji proizvod u robnoj grupi \u201eProizvodi za opremanje i","robots":{"index":"index","follow":"follow","max-snippet":"max-snippet:-1","max-image-preview":"max-image-preview:large","max-video-preview":"max-video-preview:-1"},"canonical":"https:\/\/www.visit-ulcinj.com\/blog\/2008\/11\/21\/ulcinj-\u201eeuroflexu\u201c-nagrada-za-najkvalitetniji-dusek\/","og_locale":"en_US","og_type":"article","og_title":"Ulcinj: \u201eEuroflexu\u201c nagrada za najkvalitetniji du\u0161ek - Lajme nga Ulqini","og_description":"Ulcinj - Du\u0161ek \u201eregency\u201c, proizveden u ulcinjskoj firmi \u201eEuroflex\u201c, ocijenjen je kao najkvalitetniji proizvod u robnoj grupi \u201eProizvodi za opremanje i","og_url":"https:\/\/www.visit-ulcinj.com\/blog\/2008\/11\/21\/ulcinj-\u201eeuroflexu\u201c-nagrada-za-najkvalitetniji-dusek\/","og_site_name":"Lajme nga Ulqini","article_published_time":"2008-11-21T14:29:32+00:00","og_image":[{"url":"http:\/\/www.visit-ulcinj.com\/blog\/wp-content\/uploads\/2008\/11\/euroflex-ulcinj-300x238.jpg"}],"twitter_misc":{"Written by":"ulqini","Est. reading time":"1 minute"},"schema":{"@context":"https:\/\/schema.org","@graph":[{"@type":"WebSite","@id":"https:\/\/www.visit-ulcinj.com\/blog\/#website","url":"https:\/\/www.visit-ulcinj.com\/blog\/","name":"Lajme nga Ulqini","description":"Lajme,Vijesti,Ulqini,Ulqin,Crna Gora,Mali i Zi","potentialAction":[{"@type":"SearchAction","target":{"@type":"EntryPoint","urlTemplate":"https:\/\/www.visit-ulcinj.com\/blog\/?s={search_term_string}"},"query-input":"required name=search_term_string"}],"inLanguage":"en-US"},{"@type":"ImageObject","inLanguage":"en-US","@id":"https:\/\/www.visit-ulcinj.com\/blog\/2008\/11\/21\/ulcinj-%e2%80%9eeuroflexu%e2%80%9c-nagrada-za-najkvalitetniji-dusek\/#primaryimage","url":"http:\/\/www.visit-ulcinj.com\/blog\/wp-content\/uploads\/2008\/11\/euroflex-ulcinj-300x238.jpg","contentUrl":"http:\/\/www.visit-ulcinj.com\/blog\/wp-content\/uploads\/2008\/11\/euroflex-ulcinj-300x238.jpg"},{"@type":"WebPage","@id":"https:\/\/www.visit-ulcinj.com\/blog\/2008\/11\/21\/ulcinj-%e2%80%9eeuroflexu%e2%80%9c-nagrada-za-najkvalitetniji-dusek\/#webpage","url":"https:\/\/www.visit-ulcinj.com\/blog\/2008\/11\/21\/ulcinj-%e2%80%9eeuroflexu%e2%80%9c-nagrada-za-najkvalitetniji-dusek\/","name":"Ulcinj: \u201eEuroflexu\u201c nagrada za najkvalitetniji du\u0161ek - Lajme nga Ulqini","isPartOf":{"@id":"https:\/\/www.visit-ulcinj.com\/blog\/#website"},"primaryImageOfPage":{"@id":"https:\/\/www.visit-ulcinj.com\/blog\/2008\/11\/21\/ulcinj-%e2%80%9eeuroflexu%e2%80%9c-nagrada-za-najkvalitetniji-dusek\/#primaryimage"},"datePublished":"2008-11-21T14:29:32+00:00","dateModified":"2008-11-21T14:29:32+00:00","author":{"@id":"https:\/\/www.visit-ulcinj.com\/blog\/#\/schema\/person\/dcab619c614d3038751c63bc2aadc06d"},"description":"Ulcinj - Du\u0161ek \u201eregency\u201c, proizveden u ulcinjskoj firmi \u201eEuroflex\u201c, ocijenjen je kao najkvalitetniji proizvod u robnoj grupi \u201eProizvodi za opremanje i","breadcrumb":{"@id":"https:\/\/www.visit-ulcinj.com\/blog\/2008\/11\/21\/ulcinj-%e2%80%9eeuroflexu%e2%80%9c-nagrada-za-najkvalitetniji-dusek\/#breadcrumb"},"inLanguage":"en-US","potentialAction":[{"@type":"ReadAction","target":["https:\/\/www.visit-ulcinj.com\/blog\/2008\/11\/21\/ulcinj-%e2%80%9eeuroflexu%e2%80%9c-nagrada-za-najkvalitetniji-dusek\/"]}]},{"@type":"BreadcrumbList","@id":"https:\/\/www.visit-ulcinj.com\/blog\/2008\/11\/21\/ulcinj-%e2%80%9eeuroflexu%e2%80%9c-nagrada-za-najkvalitetniji-dusek\/#breadcrumb","itemListElement":[{"@type":"ListItem","position":1,"name":"Ulcinj: \u201eEuroflexu\u201c nagrada za najkvalitetniji du\u0161ek"}]},{"@type":"Person","@id":"https:\/\/www.visit-ulcinj.com\/blog\/#\/schema\/person\/dcab619c614d3038751c63bc2aadc06d","name":"ulqini","sameAs":["http:\/\/www.visit-ulcinj.com"],"url":"https:\/\/www.visit-ulcinj.com\/blog\/author\/admin\/"}]}},"jetpack_featured_media_url":"","jetpack_sharing_enabled":true,"jetpack_shortlink":"https:\/\/wp.me\/pe6lTn-1Fs","_links":{"self":[{"href":"https:\/\/www.visit-ulcinj.com\/blog\/wp-json\/wp\/v2\/posts\/6414"}],"collection":[{"href":"https:\/\/www.visit-ulcinj.com\/blog\/wp-json\/wp\/v2\/posts"}],"about":[{"href":"https:\/\/www.visit-ulcinj.com\/blog\/wp-json\/wp\/v2\/types\/post"}],"author":[{"embeddable":true,"href":"https:\/\/www.visit-ulcinj.com\/blog\/wp-json\/wp\/v2\/users\/1"}],"replies":[{"embeddable":true,"href":"https:\/\/www.visit-ulcinj.com\/blog\/wp-json\/wp\/v2\/comments?post=6414"}],"version-history":[{"count":0,"href":"https:\/\/www.visit-ulcinj.com\/blog\/wp-json\/wp\/v2\/posts\/6414\/revisions"}],"wp:attachment":[{"href":"https:\/\/www.visit-ulcinj.com\/blog\/wp-json\/wp\/v2\/media?parent=6414"}],"wp:term":[{"taxonomy":"category","embeddable":true,"href":"https:\/\/www.visit-ulcinj.com\/blog\/wp-json\/wp\/v2\/categories?post=6414"},{"taxonomy":"post_tag","embeddable":true,"href":"https:\/\/www.visit-ulcinj.com\/blog\/wp-json\/wp\/v2\/tags?post=6414"}],"curies":[{"name":"wp","href":"https:\/\/api.w.org\/{rel}","templated":true}]}}