{"id":64157,"date":"2012-09-30T21:29:07","date_gmt":"2012-09-30T20:29:07","guid":{"rendered":"http:\/\/www.visit-ulcinj.com\/blog\/?p=64157"},"modified":"2012-10-01T07:01:35","modified_gmt":"2012-10-01T06:01:35","slug":"taekwon-do-ulqin-ne-theranda-open-2012-me-5-medalje-te-arta","status":"publish","type":"post","link":"https:\/\/www.visit-ulcinj.com\/blog\/2012\/09\/30\/taekwon-do-ulqin-ne-theranda-open-2012-me-5-medalje-te-arta\/","title":{"rendered":"Taekwon Do Ulqin n\u00eb Theranda open 2012 me 5 medalje t\u00eb arta"},"content":{"rendered":"<p><a href=\"http:\/\/www.visit-ulcinj.com\/blog\/wp-content\/uploads\/2012\/09\/Taekwon-Do-Ulqin-n\u00eb-Theranda-open-2012.jpg\"><img loading=\"lazy\" class=\"alignleft  wp-image-64158\" title=\"Taekwon Do Ulqin n\u00eb Theranda open 2012\" src=\"http:\/\/www.visit-ulcinj.com\/blog\/wp-content\/uploads\/2012\/09\/Taekwon-Do-Ulqin-n\u00eb-Theranda-open-2012.jpg\" alt=\"\" width=\"508\" height=\"360\" \/><\/a>Me dat\u00eb 29.09.2012 n\u00eb Therand\u00eb t\u00eb Kosov\u00ebs u mbajt\u00eb turneu internacional p\u00ebr t\u00eb tretin vit me radh\u00eb.<\/p>\n<p>N\u00eb k\u00ebt\u00eb turne mor\u00ebn pjes\u00eb kryesisht klubet shqiptare nga Kosova, Shqip\u00ebria, Mali i Zi me afto 140 garues.<\/p>\n<p>Klubi i TK Ulqinit u paraqit me vet\u00ebm 5 garues ku t\u00eb gjith\u00eb garuesit e KT Ulqinit fituan vendin e par\u00eb gjejg\u00ebsisht u shp\u00ebrblyen me medalje t\u00eb arta.<\/p>\n<p>Esad Kraja n\u00eb kategorin\u00eb -29 kg arrin\u00eb t\u00eb fitoi bindsh\u00ebm dy dyluftime dhe nj\u00ebherit shpallet edhe si pioniri m\u00eb i mir\u00eb i turneut i cili shp\u00ebrblehet me nj\u00eb kup.<\/p>\n<p>Me medalje t\u00eb arta u shp\u00ebrblyen dhe Artan Fici, Ardiana Karamanaga, Nuri Kanaqi dhe Amir Suka. T\u00eb gjith\u00eb garuesit e TK Ulqinit fituan me nga nj\u00eb apo dy dyluftime. \u00a0Nd\u00ebrsa n\u00eb r\u00ebnditje t\u00eb p\u00ebrgjithshme klubit t\u00eb taekwondo-s\u00eb Ulqini i takoi kupa e vendit t\u00eb tret\u00eb.\u00a0Falenderojm\u00eb prind\u00ebrit e nx\u00ebn\u00ebsve p\u00ebr kontributin e dh\u00ebn\u00eb, gjithashtu falenderojm\u00eb organizatorin e k\u00ebtij turneu p\u00ebr mir\u00ebpritje.<\/p>\n\n\t\t<style type=\"text\/css\">\n\t\t\t#gallery-1 {\n\t\t\t\tmargin: auto;\n\t\t\t}\n\t\t\t#gallery-1 .gallery-item {\n\t\t\t\tfloat: left;\n\t\t\t\tmargin-top: 10px;\n\t\t\t\ttext-align: center;\n\t\t\t\twidth: 33%;\n\t\t\t}\n\t\t\t#gallery-1 img {\n\t\t\t\tborder: 2px solid #cfcfcf;\n\t\t\t}\n\t\t\t#gallery-1 .gallery-caption {\n\t\t\t\tmargin-left: 0;\n\t\t\t}\n\t\t\t\/* see gallery_shortcode() in wp-includes\/media.php *\/\n\t\t<\/style>\n\t\t<div id='gallery-1' class='gallery galleryid-64157 gallery-columns-3 gallery-size-thumbnail'><dl class='gallery-item'>\n\t\t\t<dt class='gallery-icon landscape'>\n\t\t\t\t<a href='https:\/\/www.visit-ulcinj.com\/blog\/wp-content\/uploads\/2012\/09\/Taekwon-Do-Ulqin-n\u00eb-Theranda-open-2012.jpg'><img width=\"150\" height=\"150\" src=\"https:\/\/www.visit-ulcinj.com\/blog\/wp-content\/uploads\/2012\/09\/Taekwon-Do-Ulqin-n\u00eb-Theranda-open-2012-150x150.jpg\" class=\"attachment-thumbnail size-thumbnail\" alt=\"\" loading=\"lazy\" \/><\/a>\n\t\t\t<\/dt><\/dl><dl class='gallery-item'>\n\t\t\t<dt class='gallery-icon landscape'>\n\t\t\t\t<a href='https:\/\/www.visit-ulcinj.com\/blog\/wp-content\/uploads\/2012\/09\/Taekwon-Do-Ulqin-n\u00eb-Theranda-open-2012.1.jpg'><img width=\"150\" height=\"150\" src=\"https:\/\/www.visit-ulcinj.com\/blog\/wp-content\/uploads\/2012\/09\/Taekwon-Do-Ulqin-n\u00eb-Theranda-open-2012.1-150x150.jpg\" class=\"attachment-thumbnail size-thumbnail\" alt=\"\" loading=\"lazy\" \/><\/a>\n\t\t\t<\/dt><\/dl><dl class='gallery-item'>\n\t\t\t<dt class='gallery-icon landscape'>\n\t\t\t\t<a href='https:\/\/www.visit-ulcinj.com\/blog\/wp-content\/uploads\/2012\/09\/Taekwon-Do-Ulqin-n\u00eb-Theranda-open-2012.2.jpg'><img width=\"150\" height=\"150\" src=\"https:\/\/www.visit-ulcinj.com\/blog\/wp-content\/uploads\/2012\/09\/Taekwon-Do-Ulqin-n\u00eb-Theranda-open-2012.2-150x150.jpg\" class=\"attachment-thumbnail size-thumbnail\" alt=\"\" loading=\"lazy\" \/><\/a>\n\t\t\t<\/dt><\/dl><br style=\"clear: both\" \/><dl class='gallery-item'>\n\t\t\t<dt class='gallery-icon landscape'>\n\t\t\t\t<a href='https:\/\/www.visit-ulcinj.com\/blog\/wp-content\/uploads\/2012\/09\/Taekwon-Do-Ulqin-n\u00eb-Theranda-open-2012.3.jpg'><img width=\"150\" height=\"150\" src=\"https:\/\/www.visit-ulcinj.com\/blog\/wp-content\/uploads\/2012\/09\/Taekwon-Do-Ulqin-n\u00eb-Theranda-open-2012.3-150x150.jpg\" class=\"attachment-thumbnail size-thumbnail\" alt=\"\" loading=\"lazy\" \/><\/a>\n\t\t\t<\/dt><\/dl><dl class='gallery-item'>\n\t\t\t<dt class='gallery-icon landscape'>\n\t\t\t\t<a href='https:\/\/www.visit-ulcinj.com\/blog\/wp-content\/uploads\/2012\/09\/Taekwon-Do-Ulqin-n\u00eb-Theranda-open-2012.4.jpg'><img width=\"150\" height=\"150\" src=\"https:\/\/www.visit-ulcinj.com\/blog\/wp-content\/uploads\/2012\/09\/Taekwon-Do-Ulqin-n\u00eb-Theranda-open-2012.4-150x150.jpg\" class=\"attachment-thumbnail size-thumbnail\" alt=\"\" loading=\"lazy\" \/><\/a>\n\t\t\t<\/dt><\/dl><dl class='gallery-item'>\n\t\t\t<dt class='gallery-icon landscape'>\n\t\t\t\t<a href='https:\/\/www.visit-ulcinj.com\/blog\/wp-content\/uploads\/2012\/09\/Taekwon-Do-Ulqin-n\u00eb-Theranda-open-2012.5.jpg'><img width=\"150\" height=\"150\" src=\"https:\/\/www.visit-ulcinj.com\/blog\/wp-content\/uploads\/2012\/09\/Taekwon-Do-Ulqin-n\u00eb-Theranda-open-2012.5-150x150.jpg\" class=\"attachment-thumbnail size-thumbnail\" alt=\"\" loading=\"lazy\" \/><\/a>\n\t\t\t<\/dt><\/dl><br style=\"clear: both\" \/><dl class='gallery-item'>\n\t\t\t<dt class='gallery-icon landscape'>\n\t\t\t\t<a href='https:\/\/www.visit-ulcinj.com\/blog\/wp-content\/uploads\/2012\/09\/Taekwon-Do-Ulqin-n\u00eb-Theranda-open-2012.6.jpg'><img width=\"150\" height=\"150\" src=\"https:\/\/www.visit-ulcinj.com\/blog\/wp-content\/uploads\/2012\/09\/Taekwon-Do-Ulqin-n\u00eb-Theranda-open-2012.6-150x150.jpg\" class=\"attachment-thumbnail size-thumbnail\" alt=\"\" loading=\"lazy\" \/><\/a>\n\t\t\t<\/dt><\/dl><dl class='gallery-item'>\n\t\t\t<dt class='gallery-icon landscape'>\n\t\t\t\t<a href='https:\/\/www.visit-ulcinj.com\/blog\/wp-content\/uploads\/2012\/09\/Taekwon-Do-Ulqin-n\u00eb-Theranda-open-2012.7.jpg'><img width=\"150\" height=\"150\" src=\"https:\/\/www.visit-ulcinj.com\/blog\/wp-content\/uploads\/2012\/09\/Taekwon-Do-Ulqin-n\u00eb-Theranda-open-2012.7-150x150.jpg\" class=\"attachment-thumbnail size-thumbnail\" alt=\"\" loading=\"lazy\" \/><\/a>\n\t\t\t<\/dt><\/dl><dl class='gallery-item'>\n\t\t\t<dt class='gallery-icon landscape'>\n\t\t\t\t<a href='https:\/\/www.visit-ulcinj.com\/blog\/wp-content\/uploads\/2012\/09\/Taekwon-Do-Ulqin-n\u00eb-Theranda-open-2012.9.jpg'><img width=\"150\" height=\"150\" src=\"https:\/\/www.visit-ulcinj.com\/blog\/wp-content\/uploads\/2012\/09\/Taekwon-Do-Ulqin-n\u00eb-Theranda-open-2012.9-150x150.jpg\" class=\"attachment-thumbnail size-thumbnail\" alt=\"\" loading=\"lazy\" \/><\/a>\n\t\t\t<\/dt><\/dl><br style=\"clear: both\" \/>\n\t\t<\/div>\n\n","protected":false},"excerpt":{"rendered":"<p>Me dat\u00eb 29.09.2012 n\u00eb Therand\u00eb t\u00eb Kosov\u00ebs u mbajt\u00eb turneu internacional p\u00ebr t\u00eb tretin vit me radh\u00eb. N\u00eb k\u00ebt\u00eb turne mor\u00ebn pjes\u00eb kryesisht klubet shqiptare nga Kosova, Shqip\u00ebria, Mali i Zi me afto 140 garues. Klubi i TK Ulqinit u paraqit me vet\u00ebm 5 garues ku t\u00eb gjith\u00eb garuesit e KT Ulqinit fituan vendin e [&hellip;]<\/p>\n","protected":false},"author":1,"featured_media":0,"comment_status":"open","ping_status":"closed","sticky":false,"template":"","format":"standard","meta":{"spay_email":"","jetpack_publicize_message":"","jetpack_is_tweetstorm":false,"jetpack_publicize_feature_enabled":true},"categories":[3],"tags":[21153],"jetpack_publicize_connections":[],"yoast_head":"<!-- This site is optimized with the Yoast SEO plugin v19.1 - https:\/\/yoast.com\/wordpress\/plugins\/seo\/ -->\n<title>Taekwon Do Ulqin n\u00eb Theranda open 2012 me 5 medalje t\u00eb arta - Lajme nga Ulqini<\/title>\n<meta name=\"description\" content=\"Me dat\u00eb 29.09.2012 n\u00eb Therand\u00eb t\u00eb Kosov\u00ebs u mbajt\u00eb turneu internacional p\u00ebr t\u00eb tretin vit me radh\u00eb. N\u00eb k\u00ebt\u00eb turne mor\u00ebn pjes\u00eb kryesisht klubet shqiptare\" \/>\n<meta name=\"robots\" content=\"index, follow, max-snippet:-1, max-image-preview:large, max-video-preview:-1\" \/>\n<link rel=\"canonical\" href=\"https:\/\/www.visit-ulcinj.com\/blog\/2012\/09\/30\/taekwon-do-ulqin-ne-theranda-open-2012-me-5-medalje-te-arta\/\" \/>\n<meta property=\"og:locale\" content=\"en_US\" \/>\n<meta property=\"og:type\" content=\"article\" \/>\n<meta property=\"og:title\" content=\"Taekwon Do Ulqin n\u00eb Theranda open 2012 me 5 medalje t\u00eb arta - Lajme nga Ulqini\" \/>\n<meta property=\"og:description\" content=\"Me dat\u00eb 29.09.2012 n\u00eb Therand\u00eb t\u00eb Kosov\u00ebs u mbajt\u00eb turneu internacional p\u00ebr t\u00eb tretin vit me radh\u00eb. N\u00eb k\u00ebt\u00eb turne mor\u00ebn pjes\u00eb kryesisht klubet shqiptare\" \/>\n<meta property=\"og:url\" content=\"https:\/\/www.visit-ulcinj.com\/blog\/2012\/09\/30\/taekwon-do-ulqin-ne-theranda-open-2012-me-5-medalje-te-arta\/\" \/>\n<meta property=\"og:site_name\" content=\"Lajme nga Ulqini\" \/>\n<meta property=\"article:published_time\" content=\"2012-09-30T20:29:07+00:00\" \/>\n<meta property=\"article:modified_time\" content=\"2012-10-01T06:01:35+00:00\" \/>\n<meta property=\"og:image\" content=\"https:\/\/www.visit-ulcinj.com\/blog\/wp-content\/uploads\/2012\/09\/Taekwon-Do-Ulqin-n\u00eb-Theranda-open-2012-150x150.jpg\" \/>\n<meta name=\"twitter:label1\" content=\"Written by\" \/>\n\t<meta name=\"twitter:data1\" content=\"ulqini\" \/>\n\t<meta name=\"twitter:label2\" content=\"Est. reading time\" \/>\n\t<meta name=\"twitter:data2\" content=\"1 minute\" \/>\n<script type=\"application\/ld+json\" class=\"yoast-schema-graph\">{\"@context\":\"https:\/\/schema.org\",\"@graph\":[{\"@type\":\"WebSite\",\"@id\":\"https:\/\/www.visit-ulcinj.com\/blog\/#website\",\"url\":\"https:\/\/www.visit-ulcinj.com\/blog\/\",\"name\":\"Lajme nga Ulqini\",\"description\":\"Lajme,Vijesti,Ulqini,Ulqin,Crna Gora,Mali i Zi\",\"potentialAction\":[{\"@type\":\"SearchAction\",\"target\":{\"@type\":\"EntryPoint\",\"urlTemplate\":\"https:\/\/www.visit-ulcinj.com\/blog\/?s={search_term_string}\"},\"query-input\":\"required name=search_term_string\"}],\"inLanguage\":\"en-US\"},{\"@type\":\"WebPage\",\"@id\":\"https:\/\/www.visit-ulcinj.com\/blog\/2012\/09\/30\/taekwon-do-ulqin-ne-theranda-open-2012-me-5-medalje-te-arta\/#webpage\",\"url\":\"https:\/\/www.visit-ulcinj.com\/blog\/2012\/09\/30\/taekwon-do-ulqin-ne-theranda-open-2012-me-5-medalje-te-arta\/\",\"name\":\"Taekwon Do Ulqin n\u00eb Theranda open 2012 me 5 medalje t\u00eb arta - Lajme nga Ulqini\",\"isPartOf\":{\"@id\":\"https:\/\/www.visit-ulcinj.com\/blog\/#website\"},\"datePublished\":\"2012-09-30T20:29:07+00:00\",\"dateModified\":\"2012-10-01T06:01:35+00:00\",\"author\":{\"@id\":\"https:\/\/www.visit-ulcinj.com\/blog\/#\/schema\/person\/dcab619c614d3038751c63bc2aadc06d\"},\"description\":\"Me dat\u00eb 29.09.2012 n\u00eb Therand\u00eb t\u00eb Kosov\u00ebs u mbajt\u00eb turneu internacional p\u00ebr t\u00eb tretin vit me radh\u00eb. N\u00eb k\u00ebt\u00eb turne mor\u00ebn pjes\u00eb kryesisht klubet shqiptare\",\"breadcrumb\":{\"@id\":\"https:\/\/www.visit-ulcinj.com\/blog\/2012\/09\/30\/taekwon-do-ulqin-ne-theranda-open-2012-me-5-medalje-te-arta\/#breadcrumb\"},\"inLanguage\":\"en-US\",\"potentialAction\":[{\"@type\":\"ReadAction\",\"target\":[\"https:\/\/www.visit-ulcinj.com\/blog\/2012\/09\/30\/taekwon-do-ulqin-ne-theranda-open-2012-me-5-medalje-te-arta\/\"]}]},{\"@type\":\"BreadcrumbList\",\"@id\":\"https:\/\/www.visit-ulcinj.com\/blog\/2012\/09\/30\/taekwon-do-ulqin-ne-theranda-open-2012-me-5-medalje-te-arta\/#breadcrumb\",\"itemListElement\":[{\"@type\":\"ListItem\",\"position\":1,\"name\":\"Taekwon Do Ulqin n\u00eb Theranda open 2012 me 5 medalje t\u00eb arta\"}]},{\"@type\":\"Person\",\"@id\":\"https:\/\/www.visit-ulcinj.com\/blog\/#\/schema\/person\/dcab619c614d3038751c63bc2aadc06d\",\"name\":\"ulqini\",\"sameAs\":[\"http:\/\/www.visit-ulcinj.com\"],\"url\":\"https:\/\/www.visit-ulcinj.com\/blog\/author\/admin\/\"}]}<\/script>\n<!-- \/ Yoast SEO plugin. -->","yoast_head_json":{"title":"Taekwon Do Ulqin n\u00eb Theranda open 2012 me 5 medalje t\u00eb arta - Lajme nga Ulqini","description":"Me dat\u00eb 29.09.2012 n\u00eb Therand\u00eb t\u00eb Kosov\u00ebs u mbajt\u00eb turneu internacional p\u00ebr t\u00eb tretin vit me radh\u00eb. N\u00eb k\u00ebt\u00eb turne mor\u00ebn pjes\u00eb kryesisht klubet shqiptare","robots":{"index":"index","follow":"follow","max-snippet":"max-snippet:-1","max-image-preview":"max-image-preview:large","max-video-preview":"max-video-preview:-1"},"canonical":"https:\/\/www.visit-ulcinj.com\/blog\/2012\/09\/30\/taekwon-do-ulqin-ne-theranda-open-2012-me-5-medalje-te-arta\/","og_locale":"en_US","og_type":"article","og_title":"Taekwon Do Ulqin n\u00eb Theranda open 2012 me 5 medalje t\u00eb arta - Lajme nga Ulqini","og_description":"Me dat\u00eb 29.09.2012 n\u00eb Therand\u00eb t\u00eb Kosov\u00ebs u mbajt\u00eb turneu internacional p\u00ebr t\u00eb tretin vit me radh\u00eb. N\u00eb k\u00ebt\u00eb turne mor\u00ebn pjes\u00eb kryesisht klubet shqiptare","og_url":"https:\/\/www.visit-ulcinj.com\/blog\/2012\/09\/30\/taekwon-do-ulqin-ne-theranda-open-2012-me-5-medalje-te-arta\/","og_site_name":"Lajme nga Ulqini","article_published_time":"2012-09-30T20:29:07+00:00","article_modified_time":"2012-10-01T06:01:35+00:00","og_image":[{"url":"https:\/\/www.visit-ulcinj.com\/blog\/wp-content\/uploads\/2012\/09\/Taekwon-Do-Ulqin-n\u00eb-Theranda-open-2012-150x150.jpg"}],"twitter_misc":{"Written by":"ulqini","Est. reading time":"1 minute"},"schema":{"@context":"https:\/\/schema.org","@graph":[{"@type":"WebSite","@id":"https:\/\/www.visit-ulcinj.com\/blog\/#website","url":"https:\/\/www.visit-ulcinj.com\/blog\/","name":"Lajme nga Ulqini","description":"Lajme,Vijesti,Ulqini,Ulqin,Crna Gora,Mali i Zi","potentialAction":[{"@type":"SearchAction","target":{"@type":"EntryPoint","urlTemplate":"https:\/\/www.visit-ulcinj.com\/blog\/?s={search_term_string}"},"query-input":"required name=search_term_string"}],"inLanguage":"en-US"},{"@type":"WebPage","@id":"https:\/\/www.visit-ulcinj.com\/blog\/2012\/09\/30\/taekwon-do-ulqin-ne-theranda-open-2012-me-5-medalje-te-arta\/#webpage","url":"https:\/\/www.visit-ulcinj.com\/blog\/2012\/09\/30\/taekwon-do-ulqin-ne-theranda-open-2012-me-5-medalje-te-arta\/","name":"Taekwon Do Ulqin n\u00eb Theranda open 2012 me 5 medalje t\u00eb arta - Lajme nga Ulqini","isPartOf":{"@id":"https:\/\/www.visit-ulcinj.com\/blog\/#website"},"datePublished":"2012-09-30T20:29:07+00:00","dateModified":"2012-10-01T06:01:35+00:00","author":{"@id":"https:\/\/www.visit-ulcinj.com\/blog\/#\/schema\/person\/dcab619c614d3038751c63bc2aadc06d"},"description":"Me dat\u00eb 29.09.2012 n\u00eb Therand\u00eb t\u00eb Kosov\u00ebs u mbajt\u00eb turneu internacional p\u00ebr t\u00eb tretin vit me radh\u00eb. N\u00eb k\u00ebt\u00eb turne mor\u00ebn pjes\u00eb kryesisht klubet shqiptare","breadcrumb":{"@id":"https:\/\/www.visit-ulcinj.com\/blog\/2012\/09\/30\/taekwon-do-ulqin-ne-theranda-open-2012-me-5-medalje-te-arta\/#breadcrumb"},"inLanguage":"en-US","potentialAction":[{"@type":"ReadAction","target":["https:\/\/www.visit-ulcinj.com\/blog\/2012\/09\/30\/taekwon-do-ulqin-ne-theranda-open-2012-me-5-medalje-te-arta\/"]}]},{"@type":"BreadcrumbList","@id":"https:\/\/www.visit-ulcinj.com\/blog\/2012\/09\/30\/taekwon-do-ulqin-ne-theranda-open-2012-me-5-medalje-te-arta\/#breadcrumb","itemListElement":[{"@type":"ListItem","position":1,"name":"Taekwon Do Ulqin n\u00eb Theranda open 2012 me 5 medalje t\u00eb arta"}]},{"@type":"Person","@id":"https:\/\/www.visit-ulcinj.com\/blog\/#\/schema\/person\/dcab619c614d3038751c63bc2aadc06d","name":"ulqini","sameAs":["http:\/\/www.visit-ulcinj.com"],"url":"https:\/\/www.visit-ulcinj.com\/blog\/author\/admin\/"}]}},"jetpack_featured_media_url":"","jetpack_sharing_enabled":true,"jetpack_shortlink":"https:\/\/wp.me\/pe6lTn-gGN","_links":{"self":[{"href":"https:\/\/www.visit-ulcinj.com\/blog\/wp-json\/wp\/v2\/posts\/64157"}],"collection":[{"href":"https:\/\/www.visit-ulcinj.com\/blog\/wp-json\/wp\/v2\/posts"}],"about":[{"href":"https:\/\/www.visit-ulcinj.com\/blog\/wp-json\/wp\/v2\/types\/post"}],"author":[{"embeddable":true,"href":"https:\/\/www.visit-ulcinj.com\/blog\/wp-json\/wp\/v2\/users\/1"}],"replies":[{"embeddable":true,"href":"https:\/\/www.visit-ulcinj.com\/blog\/wp-json\/wp\/v2\/comments?post=64157"}],"version-history":[{"count":6,"href":"https:\/\/www.visit-ulcinj.com\/blog\/wp-json\/wp\/v2\/posts\/64157\/revisions"}],"predecessor-version":[{"id":64173,"href":"https:\/\/www.visit-ulcinj.com\/blog\/wp-json\/wp\/v2\/posts\/64157\/revisions\/64173"}],"wp:attachment":[{"href":"https:\/\/www.visit-ulcinj.com\/blog\/wp-json\/wp\/v2\/media?parent=64157"}],"wp:term":[{"taxonomy":"category","embeddable":true,"href":"https:\/\/www.visit-ulcinj.com\/blog\/wp-json\/wp\/v2\/categories?post=64157"},{"taxonomy":"post_tag","embeddable":true,"href":"https:\/\/www.visit-ulcinj.com\/blog\/wp-json\/wp\/v2\/tags?post=64157"}],"curies":[{"name":"wp","href":"https:\/\/api.w.org\/{rel}","templated":true}]}}