{"id":64175,"date":"2012-10-01T17:06:38","date_gmt":"2012-10-01T16:06:38","guid":{"rendered":"http:\/\/www.visit-ulcinj.com\/blog\/?p=64175"},"modified":"2012-10-01T17:06:38","modified_gmt":"2012-10-01T16:06:38","slug":"predsednik-ulcinja-cungu-se-sastao-sa-predsjednikom-snp-srdanom-milicem","status":"publish","type":"post","link":"https:\/\/www.visit-ulcinj.com\/blog\/2012\/10\/01\/predsednik-ulcinja-cungu-se-sastao-sa-predsjednikom-snp-srdanom-milicem\/","title":{"rendered":"Predsednik Ulcinja Cungu se sastao sa  predsjednikom SNP Sr\u0111anom Mili\u0107em"},"content":{"rendered":"<p><a href=\"http:\/\/www.visit-ulcinj.com\/blog\/wp-content\/uploads\/2012\/10\/Predsednik-Ulcinja-Nazif-Cungu-predsjednik-SNP-Srdjan-Milic.3.jpg\"><img loading=\"lazy\" class=\"alignleft  wp-image-64176\" title=\"Predsednik Ulcinja Nazif Cungu-predsjednik SNP Srdjan Milic.3\" src=\"http:\/\/www.visit-ulcinj.com\/blog\/wp-content\/uploads\/2012\/10\/Predsednik-Ulcinja-Nazif-Cungu-predsjednik-SNP-Srdjan-Milic.3.jpg\" alt=\"\" width=\"508\" height=\"360\" \/><\/a>Danas se Predsjednik Op\u0161tine Ulcinj Nazif Cungu sa saradnicima sastao sa predsjednikom Socijalisti\u010dke narodne partije SNP Sr\u0111anom Mili\u0107em i predsjednikom Op\u0161tinskog odbora SNPa u Ulcinju Andrijom \u0106etkovi\u0107. Predsjednik Cungu je prisutne obavjestio o aktivnostima i projektima koje je lokalna vlast u Ulcinju preuzela u cilju rije\u0161avanja mnogih problema nagomilanih godinama u ovoj op\u0161tini. On tvrdi da je mnogo toga ura\u0111eno ali da glavni problemi ostaju, nagomilani dugovi i nedostatak administrativnih kapaciteta.<\/p>\n<p>G-din. Mili\u0107 je naglasio da je promjenom vlasti dokazano da Ulcinj ima demokratskog kapaciteta. On pozdravlja projekte lokalne vlasti u Ulcinju i smatra da \u0107e se ovim pristupom stvoriti dobra osnova za dalji razvoj, \u0161to i ovaj grad zaslu\u017euje, s obzirom na potencijale.<br \/>\nNa sastanku se tako\u0111e razgovaralo o politi\u010dkoj poziciji albanaca pred predstoje\u0107im parlamentarinim izborima. Gdin Mili\u0107 je pri tome naglasio da \u0107e manjinski narodi biti va\u017ean faktor u formiranju nove vlade Crne Gore i dodao da se ne smije smanjiti broj zastupnika albanaca u parlamentu Crne Gore.<\/p>\n<p><strong>Op\u0161tina Ulcinj \/ Komuna e Ulqinit<\/strong><br \/>\nTel: +382 30 412 050<br \/>\nFax: +382 30 412 413<br \/>\nAdresa: Bul. Skenderbeu bb, 85360 Ulcinj, MNE<\/p>\n\n\t\t<style type=\"text\/css\">\n\t\t\t#gallery-1 {\n\t\t\t\tmargin: auto;\n\t\t\t}\n\t\t\t#gallery-1 .gallery-item {\n\t\t\t\tfloat: left;\n\t\t\t\tmargin-top: 10px;\n\t\t\t\ttext-align: center;\n\t\t\t\twidth: 50%;\n\t\t\t}\n\t\t\t#gallery-1 img {\n\t\t\t\tborder: 2px solid #cfcfcf;\n\t\t\t}\n\t\t\t#gallery-1 .gallery-caption {\n\t\t\t\tmargin-left: 0;\n\t\t\t}\n\t\t\t\/* see gallery_shortcode() in wp-includes\/media.php *\/\n\t\t<\/style>\n\t\t<div id='gallery-1' class='gallery galleryid-64175 gallery-columns-2 gallery-size-thumbnail'><dl class='gallery-item'>\n\t\t\t<dt class='gallery-icon landscape'>\n\t\t\t\t<a href='https:\/\/www.visit-ulcinj.com\/blog\/wp-content\/uploads\/2012\/10\/Predsednik-Ulcinja-Nazif-Cungu-predsjednik-SNP-Srdjan-Milic.3.jpg'><img width=\"150\" height=\"150\" src=\"https:\/\/www.visit-ulcinj.com\/blog\/wp-content\/uploads\/2012\/10\/Predsednik-Ulcinja-Nazif-Cungu-predsjednik-SNP-Srdjan-Milic.3-150x150.jpg\" class=\"attachment-thumbnail size-thumbnail\" alt=\"\" loading=\"lazy\" \/><\/a>\n\t\t\t<\/dt><\/dl><dl class='gallery-item'>\n\t\t\t<dt class='gallery-icon landscape'>\n\t\t\t\t<a href='https:\/\/www.visit-ulcinj.com\/blog\/wp-content\/uploads\/2012\/10\/Predsednik-Ulcinja-Nazif-Cungu-predsjednik-SNP-Srdjan-Milic.2.jpg'><img width=\"150\" height=\"150\" src=\"https:\/\/www.visit-ulcinj.com\/blog\/wp-content\/uploads\/2012\/10\/Predsednik-Ulcinja-Nazif-Cungu-predsjednik-SNP-Srdjan-Milic.2-150x150.jpg\" class=\"attachment-thumbnail size-thumbnail\" alt=\"\" loading=\"lazy\" \/><\/a>\n\t\t\t<\/dt><\/dl><br style=\"clear: both\" \/><dl class='gallery-item'>\n\t\t\t<dt class='gallery-icon landscape'>\n\t\t\t\t<a href='https:\/\/www.visit-ulcinj.com\/blog\/wp-content\/uploads\/2012\/10\/Predsednik-Ulcinja-Nazif-Cungu-predsjednik-SNP-Srdjan-Milic.31.jpg'><img width=\"150\" height=\"150\" src=\"https:\/\/www.visit-ulcinj.com\/blog\/wp-content\/uploads\/2012\/10\/Predsednik-Ulcinja-Nazif-Cungu-predsjednik-SNP-Srdjan-Milic.31-150x150.jpg\" class=\"attachment-thumbnail size-thumbnail\" alt=\"\" loading=\"lazy\" \/><\/a>\n\t\t\t<\/dt><\/dl><dl class='gallery-item'>\n\t\t\t<dt class='gallery-icon landscape'>\n\t\t\t\t<a href='https:\/\/www.visit-ulcinj.com\/blog\/wp-content\/uploads\/2012\/10\/Predsednik-Ulcinja-Nazif-Cungu-predsjednik-SNP-Srdjan-Milic.jpg'><img width=\"150\" height=\"150\" src=\"https:\/\/www.visit-ulcinj.com\/blog\/wp-content\/uploads\/2012\/10\/Predsednik-Ulcinja-Nazif-Cungu-predsjednik-SNP-Srdjan-Milic-150x150.jpg\" class=\"attachment-thumbnail size-thumbnail\" alt=\"\" loading=\"lazy\" \/><\/a>\n\t\t\t<\/dt><\/dl><br style=\"clear: both\" \/>\n\t\t<\/div>\n\n","protected":false},"excerpt":{"rendered":"<p>Danas se Predsjednik Op\u0161tine Ulcinj Nazif Cungu sa saradnicima sastao sa predsjednikom Socijalisti\u010dke narodne partije SNP Sr\u0111anom Mili\u0107em i predsjednikom Op\u0161tinskog odbora SNPa u Ulcinju Andrijom \u0106etkovi\u0107. Predsjednik Cungu je prisutne obavjestio o aktivnostima i projektima koje je lokalna vlast u Ulcinju preuzela u cilju rije\u0161avanja mnogih problema nagomilanih godinama u ovoj op\u0161tini. On tvrdi [&hellip;]<\/p>\n","protected":false},"author":1,"featured_media":0,"comment_status":"open","ping_status":"closed","sticky":false,"template":"","format":"standard","meta":{"spay_email":"","jetpack_publicize_message":"","jetpack_is_tweetstorm":false,"jetpack_publicize_feature_enabled":true},"categories":[8337],"tags":[117,118,21154,2424,19],"jetpack_publicize_connections":[],"yoast_head":"<!-- This site is optimized with the Yoast SEO plugin v19.1 - https:\/\/yoast.com\/wordpress\/plugins\/seo\/ -->\n<title>Predsednik Ulcinja Cungu se sastao sa predsjednikom SNP Sr\u0111anom Mili\u0107em - Lajme nga Ulqini<\/title>\n<meta name=\"description\" content=\"Danas se Predsjednik Op\u0161tine Ulcinj Nazif Cungu sa saradnicima sastao sa predsjednikom Socijalisti\u010dke narodne partije SNP Sr\u0111anom Mili\u0107em i predsjednikom\" \/>\n<meta name=\"robots\" content=\"index, follow, max-snippet:-1, max-image-preview:large, max-video-preview:-1\" \/>\n<link rel=\"canonical\" href=\"https:\/\/www.visit-ulcinj.com\/blog\/2012\/10\/01\/predsednik-ulcinja-cungu-se-sastao-sa-predsjednikom-snp-srdanom-milicem\/\" \/>\n<meta property=\"og:locale\" content=\"en_US\" \/>\n<meta property=\"og:type\" content=\"article\" \/>\n<meta property=\"og:title\" content=\"Predsednik Ulcinja Cungu se sastao sa predsjednikom SNP Sr\u0111anom Mili\u0107em - Lajme nga Ulqini\" \/>\n<meta property=\"og:description\" content=\"Danas se Predsjednik Op\u0161tine Ulcinj Nazif Cungu sa saradnicima sastao sa predsjednikom Socijalisti\u010dke narodne partije SNP Sr\u0111anom Mili\u0107em i predsjednikom\" \/>\n<meta property=\"og:url\" content=\"https:\/\/www.visit-ulcinj.com\/blog\/2012\/10\/01\/predsednik-ulcinja-cungu-se-sastao-sa-predsjednikom-snp-srdanom-milicem\/\" \/>\n<meta property=\"og:site_name\" content=\"Lajme nga Ulqini\" \/>\n<meta property=\"article:published_time\" content=\"2012-10-01T16:06:38+00:00\" \/>\n<meta property=\"og:image\" content=\"https:\/\/www.visit-ulcinj.com\/blog\/wp-content\/uploads\/2012\/10\/Predsednik-Ulcinja-Nazif-Cungu-predsjednik-SNP-Srdjan-Milic.3-150x150.jpg\" \/>\n<meta name=\"twitter:label1\" content=\"Written by\" \/>\n\t<meta name=\"twitter:data1\" content=\"ulqini\" \/>\n\t<meta name=\"twitter:label2\" content=\"Est. reading time\" \/>\n\t<meta name=\"twitter:data2\" content=\"1 minute\" \/>\n<script type=\"application\/ld+json\" class=\"yoast-schema-graph\">{\"@context\":\"https:\/\/schema.org\",\"@graph\":[{\"@type\":\"WebSite\",\"@id\":\"https:\/\/www.visit-ulcinj.com\/blog\/#website\",\"url\":\"https:\/\/www.visit-ulcinj.com\/blog\/\",\"name\":\"Lajme nga Ulqini\",\"description\":\"Lajme,Vijesti,Ulqini,Ulqin,Crna Gora,Mali i Zi\",\"potentialAction\":[{\"@type\":\"SearchAction\",\"target\":{\"@type\":\"EntryPoint\",\"urlTemplate\":\"https:\/\/www.visit-ulcinj.com\/blog\/?s={search_term_string}\"},\"query-input\":\"required name=search_term_string\"}],\"inLanguage\":\"en-US\"},{\"@type\":\"ImageObject\",\"inLanguage\":\"en-US\",\"@id\":\"https:\/\/www.visit-ulcinj.com\/blog\/2012\/10\/01\/predsednik-ulcinja-cungu-se-sastao-sa-predsjednikom-snp-srdanom-milicem\/#primaryimage\",\"url\":\"https:\/\/www.visit-ulcinj.com\/blog\/wp-content\/uploads\/2012\/10\/Predsednik-Ulcinja-Nazif-Cungu-predsjednik-SNP-Srdjan-Milic.3.jpg\",\"contentUrl\":\"https:\/\/www.visit-ulcinj.com\/blog\/wp-content\/uploads\/2012\/10\/Predsednik-Ulcinja-Nazif-Cungu-predsjednik-SNP-Srdjan-Milic.3.jpg\",\"width\":\"640\",\"height\":\"424\"},{\"@type\":\"WebPage\",\"@id\":\"https:\/\/www.visit-ulcinj.com\/blog\/2012\/10\/01\/predsednik-ulcinja-cungu-se-sastao-sa-predsjednikom-snp-srdanom-milicem\/#webpage\",\"url\":\"https:\/\/www.visit-ulcinj.com\/blog\/2012\/10\/01\/predsednik-ulcinja-cungu-se-sastao-sa-predsjednikom-snp-srdanom-milicem\/\",\"name\":\"Predsednik Ulcinja Cungu se sastao sa predsjednikom SNP Sr\u0111anom Mili\u0107em - Lajme nga Ulqini\",\"isPartOf\":{\"@id\":\"https:\/\/www.visit-ulcinj.com\/blog\/#website\"},\"primaryImageOfPage\":{\"@id\":\"https:\/\/www.visit-ulcinj.com\/blog\/2012\/10\/01\/predsednik-ulcinja-cungu-se-sastao-sa-predsjednikom-snp-srdanom-milicem\/#primaryimage\"},\"datePublished\":\"2012-10-01T16:06:38+00:00\",\"dateModified\":\"2012-10-01T16:06:38+00:00\",\"author\":{\"@id\":\"https:\/\/www.visit-ulcinj.com\/blog\/#\/schema\/person\/dcab619c614d3038751c63bc2aadc06d\"},\"description\":\"Danas se Predsjednik Op\u0161tine Ulcinj Nazif Cungu sa saradnicima sastao sa predsjednikom Socijalisti\u010dke narodne partije SNP Sr\u0111anom Mili\u0107em i predsjednikom\",\"breadcrumb\":{\"@id\":\"https:\/\/www.visit-ulcinj.com\/blog\/2012\/10\/01\/predsednik-ulcinja-cungu-se-sastao-sa-predsjednikom-snp-srdanom-milicem\/#breadcrumb\"},\"inLanguage\":\"en-US\",\"potentialAction\":[{\"@type\":\"ReadAction\",\"target\":[\"https:\/\/www.visit-ulcinj.com\/blog\/2012\/10\/01\/predsednik-ulcinja-cungu-se-sastao-sa-predsjednikom-snp-srdanom-milicem\/\"]}]},{\"@type\":\"BreadcrumbList\",\"@id\":\"https:\/\/www.visit-ulcinj.com\/blog\/2012\/10\/01\/predsednik-ulcinja-cungu-se-sastao-sa-predsjednikom-snp-srdanom-milicem\/#breadcrumb\",\"itemListElement\":[{\"@type\":\"ListItem\",\"position\":1,\"name\":\"Predsednik Ulcinja Cungu se sastao sa predsjednikom SNP Sr\u0111anom Mili\u0107em\"}]},{\"@type\":\"Person\",\"@id\":\"https:\/\/www.visit-ulcinj.com\/blog\/#\/schema\/person\/dcab619c614d3038751c63bc2aadc06d\",\"name\":\"ulqini\",\"sameAs\":[\"http:\/\/www.visit-ulcinj.com\"],\"url\":\"https:\/\/www.visit-ulcinj.com\/blog\/author\/admin\/\"}]}<\/script>\n<!-- \/ Yoast SEO plugin. -->","yoast_head_json":{"title":"Predsednik Ulcinja Cungu se sastao sa predsjednikom SNP Sr\u0111anom Mili\u0107em - Lajme nga Ulqini","description":"Danas se Predsjednik Op\u0161tine Ulcinj Nazif Cungu sa saradnicima sastao sa predsjednikom Socijalisti\u010dke narodne partije SNP Sr\u0111anom Mili\u0107em i predsjednikom","robots":{"index":"index","follow":"follow","max-snippet":"max-snippet:-1","max-image-preview":"max-image-preview:large","max-video-preview":"max-video-preview:-1"},"canonical":"https:\/\/www.visit-ulcinj.com\/blog\/2012\/10\/01\/predsednik-ulcinja-cungu-se-sastao-sa-predsjednikom-snp-srdanom-milicem\/","og_locale":"en_US","og_type":"article","og_title":"Predsednik Ulcinja Cungu se sastao sa predsjednikom SNP Sr\u0111anom Mili\u0107em - Lajme nga Ulqini","og_description":"Danas se Predsjednik Op\u0161tine Ulcinj Nazif Cungu sa saradnicima sastao sa predsjednikom Socijalisti\u010dke narodne partije SNP Sr\u0111anom Mili\u0107em i predsjednikom","og_url":"https:\/\/www.visit-ulcinj.com\/blog\/2012\/10\/01\/predsednik-ulcinja-cungu-se-sastao-sa-predsjednikom-snp-srdanom-milicem\/","og_site_name":"Lajme nga Ulqini","article_published_time":"2012-10-01T16:06:38+00:00","og_image":[{"url":"https:\/\/www.visit-ulcinj.com\/blog\/wp-content\/uploads\/2012\/10\/Predsednik-Ulcinja-Nazif-Cungu-predsjednik-SNP-Srdjan-Milic.3-150x150.jpg"}],"twitter_misc":{"Written by":"ulqini","Est. reading time":"1 minute"},"schema":{"@context":"https:\/\/schema.org","@graph":[{"@type":"WebSite","@id":"https:\/\/www.visit-ulcinj.com\/blog\/#website","url":"https:\/\/www.visit-ulcinj.com\/blog\/","name":"Lajme nga Ulqini","description":"Lajme,Vijesti,Ulqini,Ulqin,Crna Gora,Mali i Zi","potentialAction":[{"@type":"SearchAction","target":{"@type":"EntryPoint","urlTemplate":"https:\/\/www.visit-ulcinj.com\/blog\/?s={search_term_string}"},"query-input":"required name=search_term_string"}],"inLanguage":"en-US"},{"@type":"ImageObject","inLanguage":"en-US","@id":"https:\/\/www.visit-ulcinj.com\/blog\/2012\/10\/01\/predsednik-ulcinja-cungu-se-sastao-sa-predsjednikom-snp-srdanom-milicem\/#primaryimage","url":"https:\/\/www.visit-ulcinj.com\/blog\/wp-content\/uploads\/2012\/10\/Predsednik-Ulcinja-Nazif-Cungu-predsjednik-SNP-Srdjan-Milic.3.jpg","contentUrl":"https:\/\/www.visit-ulcinj.com\/blog\/wp-content\/uploads\/2012\/10\/Predsednik-Ulcinja-Nazif-Cungu-predsjednik-SNP-Srdjan-Milic.3.jpg","width":"640","height":"424"},{"@type":"WebPage","@id":"https:\/\/www.visit-ulcinj.com\/blog\/2012\/10\/01\/predsednik-ulcinja-cungu-se-sastao-sa-predsjednikom-snp-srdanom-milicem\/#webpage","url":"https:\/\/www.visit-ulcinj.com\/blog\/2012\/10\/01\/predsednik-ulcinja-cungu-se-sastao-sa-predsjednikom-snp-srdanom-milicem\/","name":"Predsednik Ulcinja Cungu se sastao sa predsjednikom SNP Sr\u0111anom Mili\u0107em - Lajme nga Ulqini","isPartOf":{"@id":"https:\/\/www.visit-ulcinj.com\/blog\/#website"},"primaryImageOfPage":{"@id":"https:\/\/www.visit-ulcinj.com\/blog\/2012\/10\/01\/predsednik-ulcinja-cungu-se-sastao-sa-predsjednikom-snp-srdanom-milicem\/#primaryimage"},"datePublished":"2012-10-01T16:06:38+00:00","dateModified":"2012-10-01T16:06:38+00:00","author":{"@id":"https:\/\/www.visit-ulcinj.com\/blog\/#\/schema\/person\/dcab619c614d3038751c63bc2aadc06d"},"description":"Danas se Predsjednik Op\u0161tine Ulcinj Nazif Cungu sa saradnicima sastao sa predsjednikom Socijalisti\u010dke narodne partije SNP Sr\u0111anom Mili\u0107em i predsjednikom","breadcrumb":{"@id":"https:\/\/www.visit-ulcinj.com\/blog\/2012\/10\/01\/predsednik-ulcinja-cungu-se-sastao-sa-predsjednikom-snp-srdanom-milicem\/#breadcrumb"},"inLanguage":"en-US","potentialAction":[{"@type":"ReadAction","target":["https:\/\/www.visit-ulcinj.com\/blog\/2012\/10\/01\/predsednik-ulcinja-cungu-se-sastao-sa-predsjednikom-snp-srdanom-milicem\/"]}]},{"@type":"BreadcrumbList","@id":"https:\/\/www.visit-ulcinj.com\/blog\/2012\/10\/01\/predsednik-ulcinja-cungu-se-sastao-sa-predsjednikom-snp-srdanom-milicem\/#breadcrumb","itemListElement":[{"@type":"ListItem","position":1,"name":"Predsednik Ulcinja Cungu se sastao sa predsjednikom SNP Sr\u0111anom Mili\u0107em"}]},{"@type":"Person","@id":"https:\/\/www.visit-ulcinj.com\/blog\/#\/schema\/person\/dcab619c614d3038751c63bc2aadc06d","name":"ulqini","sameAs":["http:\/\/www.visit-ulcinj.com"],"url":"https:\/\/www.visit-ulcinj.com\/blog\/author\/admin\/"}]}},"jetpack_featured_media_url":"","jetpack_sharing_enabled":true,"jetpack_shortlink":"https:\/\/wp.me\/pe6lTn-gH5","_links":{"self":[{"href":"https:\/\/www.visit-ulcinj.com\/blog\/wp-json\/wp\/v2\/posts\/64175"}],"collection":[{"href":"https:\/\/www.visit-ulcinj.com\/blog\/wp-json\/wp\/v2\/posts"}],"about":[{"href":"https:\/\/www.visit-ulcinj.com\/blog\/wp-json\/wp\/v2\/types\/post"}],"author":[{"embeddable":true,"href":"https:\/\/www.visit-ulcinj.com\/blog\/wp-json\/wp\/v2\/users\/1"}],"replies":[{"embeddable":true,"href":"https:\/\/www.visit-ulcinj.com\/blog\/wp-json\/wp\/v2\/comments?post=64175"}],"version-history":[{"count":1,"href":"https:\/\/www.visit-ulcinj.com\/blog\/wp-json\/wp\/v2\/posts\/64175\/revisions"}],"predecessor-version":[{"id":64180,"href":"https:\/\/www.visit-ulcinj.com\/blog\/wp-json\/wp\/v2\/posts\/64175\/revisions\/64180"}],"wp:attachment":[{"href":"https:\/\/www.visit-ulcinj.com\/blog\/wp-json\/wp\/v2\/media?parent=64175"}],"wp:term":[{"taxonomy":"category","embeddable":true,"href":"https:\/\/www.visit-ulcinj.com\/blog\/wp-json\/wp\/v2\/categories?post=64175"},{"taxonomy":"post_tag","embeddable":true,"href":"https:\/\/www.visit-ulcinj.com\/blog\/wp-json\/wp\/v2\/tags?post=64175"}],"curies":[{"name":"wp","href":"https:\/\/api.w.org\/{rel}","templated":true}]}}