{"id":64182,"date":"2012-10-01T17:17:06","date_gmt":"2012-10-01T16:17:06","guid":{"rendered":"http:\/\/www.visit-ulcinj.com\/blog\/?p=64182"},"modified":"2012-10-01T17:17:06","modified_gmt":"2012-10-01T16:17:06","slug":"ne-peje-u-promovua-vepra-e-pedagogut-flamur-anamalit-nga-ulqini","status":"publish","type":"post","link":"https:\/\/www.visit-ulcinj.com\/blog\/2012\/10\/01\/ne-peje-u-promovua-vepra-e-pedagogut-flamur-anamalit-nga-ulqini\/","title":{"rendered":"N\u00eb Pej\u00eb u promovua vepra e pedagogut Flamur Anamalit nga Ulqini"},"content":{"rendered":"<p><strong><a href=\"http:\/\/www.visit-ulcinj.com\/blog\/wp-content\/uploads\/2012\/10\/Promovimi-librit-flamur-anamalit-ne-peje1.jpg\"><img loading=\"lazy\" class=\"alignleft  wp-image-64184\" title=\"Promovimi-librit-flamur-anamalit ne peje\" src=\"http:\/\/www.visit-ulcinj.com\/blog\/wp-content\/uploads\/2012\/10\/Promovimi-librit-flamur-anamalit-ne-peje1.jpg\" alt=\"\" width=\"508\" height=\"350\" \/><\/a>V\u00ebshtir\u00eb e ka kultura dhe arsimi shqip n\u00eb Mal t\u00eb Zi<\/strong><\/p>\n<p>N\u00eb ambientet e Asambles\u00eb Komunale t\u00eb Pej\u00ebs \u00ebsht\u00eb organizuar nga Shoqata e V\u00ebllaz\u00ebris\u00eb Kosov\u00eb \u2013Mal\u00ebsi e Madhe \u201cMartin Dreshaj\u201d dhe K\u00ebshilli Nacional i Shqiptar\u00ebve n\u00eb Mal t\u00eb Zi promovimi i librit \u201cKultura shqiptare n\u00eb tekstet m\u00ebsimore t\u00eb shkoll\u00ebs fillore n\u00eb gjuh\u00ebn shqipe n\u00eb Mal t\u00eb Zi \u201c e autorit Flamur Anamali. \u00c7\u00ebshtja e shtjelluar leht\u00eb dhe me plot argumente n\u00eb k\u00ebt\u00eb vep\u00ebr ka b\u00ebr\u00eb q\u00eb t\u00eb kishte interesim t\u00eb madh p\u00ebr pjes\u00ebmarrje n\u00eb k\u00ebt\u00eb promovim. Ishin aty p\u00ebrfaq\u00ebsues t\u00eb pushtetit lokal, t\u00eb subjekteve politike, t\u00eb forumeve intelektual\u00ebsh, poet\u00eb dhe p\u00ebrfaq\u00ebsues t\u00eb konfesioneve fetare. N\u00eb hapje t\u00eb k\u00ebtij Manifestimi letrat gazetari i mal\u00ebsia.org nga Kosova, Rrahman Jasharaj , ka p\u00ebrsh\u00ebndetur mysafir\u00ebt e nderuar nga Ulqini dhe gjith\u00eb t\u00eb pranishmit. Ai ka lavd\u00ebruar pun\u00ebn e Anamalit dhe ka deklaruar se tani e tutje Shoqata \u201cMartin Dreshaj\u201d, por edhe gjith\u00eb t\u00eb tjer\u00ebt q\u00eb duan t\u00eb jen\u00eb z\u00eb i v\u00ebllez\u00ebrve t\u00eb tyre n\u00eb trojet shqiptare t\u00eb administruara nga Mali i Zi e kan\u00eb nj\u00eb vep\u00ebr analitike me qindra argumente q\u00eb flasin se sa v\u00ebshtir\u00eb e kan\u00eb kultura dhe arsimi shqip atje, q\u00eb cenohen \u00e7do dit\u00eb nga pushteti n\u00eb Podgoric\u00eb.<\/p>\n<p>Profesori , veprimtari e publicisti Valdet Hyseni ,duke qen\u00eb njoh\u00ebs i mir\u00eb i rrethanave n\u00eb kultur\u00ebn dhe arsimin shqip kudo n\u00eb trojet etnike ka paraqitur nj\u00eb kumtes\u00eb analitike p\u00ebr vepr\u00ebn e Flamur Anamalit q\u00eb po promovohej n\u00eb Pej\u00eb. Ai ka p\u00ebrg\u00ebzuar Anamalin p\u00ebr pun\u00ebn e p\u00ebrkushtuar dhe ka th\u00ebn\u00eb se \u00ebsht\u00eb p\u00ebr keqardhje se si n\u00eb koh\u00ebn kur Mali i Zi pretendon t\u00eb jet\u00eb pjes\u00eb e Evrop\u00ebs s\u00eb Bashkuar e demokratike b\u00ebn gjith\u00eb k\u00ebto shkelje n\u00eb lirit\u00eb elementare t\u00eb shqiptar\u00ebve atje duke ua mohuar t\u00eb drejtat elementare e duke mos ua b\u00ebr\u00eb t\u00eb mundur q\u00eb t\u00eb m\u00ebsojn\u00eb p\u00ebr kultur\u00ebn e historin\u00eb komb\u00ebtare, po ua servon tekstet e p\u00ebrkthyera keq e q\u00eb flasin p\u00ebr historit\u00eb e kulturat e t\u00eb tjer\u00ebve. \u201cKjo vep\u00ebr e punuar me p\u00ebrkushtim tregon se Flamuri ende po valon dhe se duhet t\u00eb lexohet nga t\u00eb gjith\u00eb njer\u00ebzit kudo jan\u00eb e ve\u00e7mas nga zyrtar\u00eb institucionesh me q\u00ebllim q\u00eb t\u00eb kuptohet e v\u00ebrteta dhe q\u00eb n\u00eb takime zyrtare t\u2019i thuhet Podgoric\u00ebs se ajo duhet t\u00eb ndryshoj\u00eb shum\u00eb gj\u00ebra dhe q\u00ebndrimin e saj ndaj shqiptar\u00ebve atje dhe kultur\u00ebs e arsimit t\u00eb tyre\u201d, \u00ebsht\u00eb shprehur Hysenaj. Kumtesa e prof. Hysenajt ka zgjuar interesim mes pjes\u00ebmarr\u00ebsve, t\u00eb cil\u00ebt pastaj kan\u00eb marr\u00eb pjes\u00eb n\u00eb debat duke e ngjallur atmosfer\u00ebn n\u00eb ambientet e Asambles\u00eb Komunale.<\/p>\n<p>Redaktori i librit q\u00eb po promovohej , dr. Nail Draga, ka b\u00ebr\u00eb nj\u00eb pasqyrim t\u00eb angazhimeve t\u00eb b\u00ebra me q\u00ebllim t\u00eb daljes n\u00eb drit\u00eb t\u00eb k\u00ebsaj vepre dhe ka uruar q\u00eb ajo t\u00eb p\u00ebrkthehet edhe n\u00eb gjuh\u00ebn angleze p\u00ebr t\u2019i dh\u00ebn\u00eb mund\u00ebsi edhe popujve tjer\u00eb ta lexojn\u00eb e v\u00ebrejn\u00eb fatin e arsimit e kultur\u00ebs shqipe n\u00eb Mal t\u00eb Zi. Dragaj ka th\u00ebn\u00eb se libri duhet botuar edhe n\u00eb gjuh\u00ebn malazeze q\u00eb ta lexojn\u00eb edhe zyrtar\u00ebt n\u00eb Podgoric\u00eb e t\u00eb v\u00ebrejn\u00eb gjith\u00eb ato fakte p\u00ebr qasjen e gabuar q\u00eb b\u00ebjn\u00eb vet\u00eb ata ndaj arsimit e kultur\u00ebs shqiptare n\u00eb shkollat fillore n\u00eb gjuh\u00ebn shqipe atje. Edhe kryetari i K\u00ebshillit Nacional t\u00eb Shqiptar\u00ebve n\u00eb Mal t\u00eb Zi, z. Tahir Tahiri, ka shtruar shum\u00eb \u00e7\u00ebshtje lidhur me t\u00eb drejta e munguara e t\u00eb mohuara t\u00eb shqiptar\u00ebve n\u00eb Mal t\u00eb Zi. Ai \u00ebsht\u00eb shprehur mir\u00ebnjoh\u00ebs ndaj Shoqat\u00ebs \u201cMartin Dreshajt\u201d dhe ka shprehur gatishm\u00ebrin\u00eb se me k\u00ebt\u00eb Shoqat\u00eb do t\u00eb vazhdoj\u00eb bashk\u00ebpunimi n\u00eb shum\u00eb sfera.<\/p>\n<p>Kryetari i Shoqat\u00ebs \u201cMartin Dreshaj\u201d, z. Ukshin Jashari, ka p\u00ebrg\u00ebzuar autorin p\u00ebr pun\u00ebn dhe p\u00ebrkushtimin dhe ka premtuar se n\u00eb t\u00eb gjitha takimet me Organizata, subjekte e institucione vendore e nd\u00ebrkomb\u00ebtare do u prezantojn\u00eb librin dhe argumentet n\u00eb t\u00eb p\u00ebr t\u00eb k\u00ebrkuar q\u00eb ata ta ngrisin z\u00ebrin kund\u00ebr gjith\u00eb k\u00ebtyre padrejt\u00ebsive q\u00eb Podgorica ua b\u00ebn shqiptar\u00ebve q\u00eb jetojn\u00eb atje e n\u00eb trojet e tyre etnike e st\u00ebrgjyshore. Pedagogu Sefedin P\u00ebrgjegjaj ka sjell\u00eb k\u00ebtu kujtes\u00ebn nga vitet e vrara t\u00eb Kosov\u00ebs kur pushtuesi serb po shfrynte gjith\u00eb mllefin ndaj f\u00ebmij\u00ebve, shkoll\u00ebs, arsimit dhe kultur\u00ebs shqipe n\u00eb shkoll\u00ebn q\u00eb ai drejtonte at\u00ebher\u00eb, por edhe n\u00eb gjith\u00eb institucionet e arsimit e kultur\u00ebs n\u00eb Kosov\u00eb. Ai \u00ebsht\u00eb shprehur i sigurt se kultura e arsimi shqip n\u00eb trojet etnike shqiptare , pra edhe n\u00eb Ulqin, Hot, Grud\u00eb, Koj\u00eb Triesh e vende tjera do iu mbijetoj furtunave sepse ruhet n\u00eb zemrat e pastra t\u00eb f\u00ebmij\u00ebve shqiptar atje.<br \/>\nPoeti, veprimtari e luft\u00ebtari i liris\u00eb, Ali Geci, ka p\u00ebrg\u00ebzuar Anamalin p\u00ebr angazhimet dhe vepr\u00ebn e botuar duke shtuar se \u00ebsht\u00eb mir\u00eb tani kur shqiptar\u00ebt nuk po vazhdojn\u00eb avazin e vjet\u00ebr e t\u00eb heshturit, por gj\u00ebrat po i v\u00ebn\u00eb n\u00eb let\u00ebr dhe ato i sh\u00ebrbejn\u00eb t\u00eb sotmes, por edhe gjeneratave q\u00eb vijn\u00eb.<\/p>\n<p>P\u00ebrfaq\u00ebsuesi i Bashk\u00ebsis\u00eb Islame dhe veprimtari i dalluar i Shoqat\u00ebs \u201cMartin Dreshaj\u201d, Mulla Sadi Zeka, ka p\u00ebrsh\u00ebndetur k\u00ebt\u00eb takim v\u00ebllaz\u00ebror dhe ka p\u00ebrg\u00ebzuar aktivitetet e tilla t\u00eb p\u00ebrbashk\u00ebta, kurse Flamurin e ka uruar duke e k\u00ebshilluar q\u00eb t\u00eb vazhdoj\u00eb t\u00eb valoj\u00eb e t\u00eb punoj\u00eb n\u00eb sh\u00ebrbim t\u00eb kombit dhe arsimit shqip.<br \/>\nAutori i librit \u201cKultura shqiptare n\u00eb tekstet m\u00ebsimore t\u00eb shkoll\u00ebs fillore n\u00eb gjuh\u00ebn shqipe n\u00eb Mal t\u00eb Zi \u201c , z. Flamur Anamali ka p\u00ebrsh\u00ebndetur t\u00eb pranishmit dhe ka fal\u00ebnderuar organizator\u00ebt p\u00ebr pun\u00ebn e b\u00ebr\u00eb. Ai ka th\u00ebn\u00eb se ndjehet shum\u00eb i emocionuar me pritjen dhe me atmosfer\u00ebn v\u00ebllaz\u00ebrore k\u00ebtu. Ai p\u00ebr p\u00ebrmbajtjen e librit ka fol\u00eb para mediave n\u00eb nj\u00eb takim me ta. Atmosfer\u00eb t\u00eb ngroht\u00eb n\u00eb k\u00ebt\u00eb takim kan\u00eb krijuar edhe nx\u00ebn\u00ebsit e shkoll\u00ebs \u201cXhemajl Kada\u201d, t\u00eb udh\u00ebhequr nga arsimtar\u00ebt Haxhi Gashi e Sute Bruqaj, t\u00eb cil\u00ebt p\u00ebr k\u00ebt\u00eb takim artistik kishin p\u00ebrgatitur nj\u00eb paraqitje t\u00eb bukur skenike me vargje t\u00eb poetit e pedagogut Agim Desku.<\/p>\n<p><strong>Rrahman Jasharaj<\/strong>, gazetar nga Kosova i Malesia.org<\/p>\n","protected":false},"excerpt":{"rendered":"<p>V\u00ebshtir\u00eb e ka kultura dhe arsimi shqip n\u00eb Mal t\u00eb Zi N\u00eb ambientet e Asambles\u00eb Komunale t\u00eb Pej\u00ebs \u00ebsht\u00eb organizuar nga Shoqata e V\u00ebllaz\u00ebris\u00eb Kosov\u00eb \u2013Mal\u00ebsi e Madhe \u201cMartin Dreshaj\u201d dhe K\u00ebshilli Nacional i Shqiptar\u00ebve n\u00eb Mal t\u00eb Zi promovimi i librit \u201cKultura shqiptare n\u00eb tekstet m\u00ebsimore t\u00eb shkoll\u00ebs fillore n\u00eb gjuh\u00ebn shqipe n\u00eb Mal [&hellip;]<\/p>\n","protected":false},"author":1,"featured_media":0,"comment_status":"open","ping_status":"closed","sticky":false,"template":"","format":"standard","meta":{"spay_email":"","jetpack_publicize_message":"","jetpack_is_tweetstorm":false,"jetpack_publicize_feature_enabled":true},"categories":[8],"tags":[212,196,200],"jetpack_publicize_connections":[],"yoast_head":"<!-- This site is optimized with the Yoast SEO plugin v19.1 - https:\/\/yoast.com\/wordpress\/plugins\/seo\/ -->\n<title>N\u00eb Pej\u00eb u promovua vepra e pedagogut Flamur Anamalit nga Ulqini - Lajme nga Ulqini<\/title>\n<meta name=\"description\" content=\"V\u00ebshtir\u00eb e ka kultura dhe arsimi shqip n\u00eb Mal t\u00eb Zi N\u00eb ambientet e Asambles\u00eb Komunale t\u00eb Pej\u00ebs \u00ebsht\u00eb organizuar nga Shoqata e V\u00ebllaz\u00ebris\u00eb Kosov\u00eb \u2013Mal\u00ebsi e\" \/>\n<meta name=\"robots\" content=\"index, follow, max-snippet:-1, max-image-preview:large, max-video-preview:-1\" \/>\n<link rel=\"canonical\" href=\"https:\/\/www.visit-ulcinj.com\/blog\/2012\/10\/01\/ne-peje-u-promovua-vepra-e-pedagogut-flamur-anamalit-nga-ulqini\/\" \/>\n<meta property=\"og:locale\" content=\"en_US\" \/>\n<meta property=\"og:type\" content=\"article\" \/>\n<meta property=\"og:title\" content=\"N\u00eb Pej\u00eb u promovua vepra e pedagogut Flamur Anamalit nga Ulqini - Lajme nga Ulqini\" \/>\n<meta property=\"og:description\" content=\"V\u00ebshtir\u00eb e ka kultura dhe arsimi shqip n\u00eb Mal t\u00eb Zi N\u00eb ambientet e Asambles\u00eb Komunale t\u00eb Pej\u00ebs \u00ebsht\u00eb organizuar nga Shoqata e V\u00ebllaz\u00ebris\u00eb Kosov\u00eb \u2013Mal\u00ebsi e\" \/>\n<meta property=\"og:url\" content=\"https:\/\/www.visit-ulcinj.com\/blog\/2012\/10\/01\/ne-peje-u-promovua-vepra-e-pedagogut-flamur-anamalit-nga-ulqini\/\" \/>\n<meta property=\"og:site_name\" content=\"Lajme nga Ulqini\" \/>\n<meta property=\"article:published_time\" content=\"2012-10-01T16:17:06+00:00\" \/>\n<meta property=\"og:image\" content=\"http:\/\/www.visit-ulcinj.com\/blog\/wp-content\/uploads\/2012\/10\/Promovimi-librit-flamur-anamalit-ne-peje1.jpg\" \/>\n<meta name=\"twitter:label1\" content=\"Written by\" \/>\n\t<meta name=\"twitter:data1\" content=\"ulqini\" \/>\n\t<meta name=\"twitter:label2\" content=\"Est. reading time\" \/>\n\t<meta name=\"twitter:data2\" content=\"6 minutes\" \/>\n<script type=\"application\/ld+json\" class=\"yoast-schema-graph\">{\"@context\":\"https:\/\/schema.org\",\"@graph\":[{\"@type\":\"WebSite\",\"@id\":\"https:\/\/www.visit-ulcinj.com\/blog\/#website\",\"url\":\"https:\/\/www.visit-ulcinj.com\/blog\/\",\"name\":\"Lajme nga Ulqini\",\"description\":\"Lajme,Vijesti,Ulqini,Ulqin,Crna Gora,Mali i Zi\",\"potentialAction\":[{\"@type\":\"SearchAction\",\"target\":{\"@type\":\"EntryPoint\",\"urlTemplate\":\"https:\/\/www.visit-ulcinj.com\/blog\/?s={search_term_string}\"},\"query-input\":\"required name=search_term_string\"}],\"inLanguage\":\"en-US\"},{\"@type\":\"ImageObject\",\"inLanguage\":\"en-US\",\"@id\":\"https:\/\/www.visit-ulcinj.com\/blog\/2012\/10\/01\/ne-peje-u-promovua-vepra-e-pedagogut-flamur-anamalit-nga-ulqini\/#primaryimage\",\"url\":\"http:\/\/www.visit-ulcinj.com\/blog\/wp-content\/uploads\/2012\/10\/Promovimi-librit-flamur-anamalit-ne-peje1.jpg\",\"contentUrl\":\"http:\/\/www.visit-ulcinj.com\/blog\/wp-content\/uploads\/2012\/10\/Promovimi-librit-flamur-anamalit-ne-peje1.jpg\"},{\"@type\":\"WebPage\",\"@id\":\"https:\/\/www.visit-ulcinj.com\/blog\/2012\/10\/01\/ne-peje-u-promovua-vepra-e-pedagogut-flamur-anamalit-nga-ulqini\/#webpage\",\"url\":\"https:\/\/www.visit-ulcinj.com\/blog\/2012\/10\/01\/ne-peje-u-promovua-vepra-e-pedagogut-flamur-anamalit-nga-ulqini\/\",\"name\":\"N\u00eb Pej\u00eb u promovua vepra e pedagogut Flamur Anamalit nga Ulqini - Lajme nga Ulqini\",\"isPartOf\":{\"@id\":\"https:\/\/www.visit-ulcinj.com\/blog\/#website\"},\"primaryImageOfPage\":{\"@id\":\"https:\/\/www.visit-ulcinj.com\/blog\/2012\/10\/01\/ne-peje-u-promovua-vepra-e-pedagogut-flamur-anamalit-nga-ulqini\/#primaryimage\"},\"datePublished\":\"2012-10-01T16:17:06+00:00\",\"dateModified\":\"2012-10-01T16:17:06+00:00\",\"author\":{\"@id\":\"https:\/\/www.visit-ulcinj.com\/blog\/#\/schema\/person\/dcab619c614d3038751c63bc2aadc06d\"},\"description\":\"V\u00ebshtir\u00eb e ka kultura dhe arsimi shqip n\u00eb Mal t\u00eb Zi N\u00eb ambientet e Asambles\u00eb Komunale t\u00eb Pej\u00ebs \u00ebsht\u00eb organizuar nga Shoqata e V\u00ebllaz\u00ebris\u00eb Kosov\u00eb \u2013Mal\u00ebsi e\",\"breadcrumb\":{\"@id\":\"https:\/\/www.visit-ulcinj.com\/blog\/2012\/10\/01\/ne-peje-u-promovua-vepra-e-pedagogut-flamur-anamalit-nga-ulqini\/#breadcrumb\"},\"inLanguage\":\"en-US\",\"potentialAction\":[{\"@type\":\"ReadAction\",\"target\":[\"https:\/\/www.visit-ulcinj.com\/blog\/2012\/10\/01\/ne-peje-u-promovua-vepra-e-pedagogut-flamur-anamalit-nga-ulqini\/\"]}]},{\"@type\":\"BreadcrumbList\",\"@id\":\"https:\/\/www.visit-ulcinj.com\/blog\/2012\/10\/01\/ne-peje-u-promovua-vepra-e-pedagogut-flamur-anamalit-nga-ulqini\/#breadcrumb\",\"itemListElement\":[{\"@type\":\"ListItem\",\"position\":1,\"name\":\"N\u00eb Pej\u00eb u promovua vepra e pedagogut Flamur Anamalit nga Ulqini\"}]},{\"@type\":\"Person\",\"@id\":\"https:\/\/www.visit-ulcinj.com\/blog\/#\/schema\/person\/dcab619c614d3038751c63bc2aadc06d\",\"name\":\"ulqini\",\"sameAs\":[\"http:\/\/www.visit-ulcinj.com\"],\"url\":\"https:\/\/www.visit-ulcinj.com\/blog\/author\/admin\/\"}]}<\/script>\n<!-- \/ Yoast SEO plugin. -->","yoast_head_json":{"title":"N\u00eb Pej\u00eb u promovua vepra e pedagogut Flamur Anamalit nga Ulqini - Lajme nga Ulqini","description":"V\u00ebshtir\u00eb e ka kultura dhe arsimi shqip n\u00eb Mal t\u00eb Zi N\u00eb ambientet e Asambles\u00eb Komunale t\u00eb Pej\u00ebs \u00ebsht\u00eb organizuar nga Shoqata e V\u00ebllaz\u00ebris\u00eb Kosov\u00eb \u2013Mal\u00ebsi e","robots":{"index":"index","follow":"follow","max-snippet":"max-snippet:-1","max-image-preview":"max-image-preview:large","max-video-preview":"max-video-preview:-1"},"canonical":"https:\/\/www.visit-ulcinj.com\/blog\/2012\/10\/01\/ne-peje-u-promovua-vepra-e-pedagogut-flamur-anamalit-nga-ulqini\/","og_locale":"en_US","og_type":"article","og_title":"N\u00eb Pej\u00eb u promovua vepra e pedagogut Flamur Anamalit nga Ulqini - Lajme nga Ulqini","og_description":"V\u00ebshtir\u00eb e ka kultura dhe arsimi shqip n\u00eb Mal t\u00eb Zi N\u00eb ambientet e Asambles\u00eb Komunale t\u00eb Pej\u00ebs \u00ebsht\u00eb organizuar nga Shoqata e V\u00ebllaz\u00ebris\u00eb Kosov\u00eb \u2013Mal\u00ebsi e","og_url":"https:\/\/www.visit-ulcinj.com\/blog\/2012\/10\/01\/ne-peje-u-promovua-vepra-e-pedagogut-flamur-anamalit-nga-ulqini\/","og_site_name":"Lajme nga Ulqini","article_published_time":"2012-10-01T16:17:06+00:00","og_image":[{"url":"http:\/\/www.visit-ulcinj.com\/blog\/wp-content\/uploads\/2012\/10\/Promovimi-librit-flamur-anamalit-ne-peje1.jpg"}],"twitter_misc":{"Written by":"ulqini","Est. reading time":"6 minutes"},"schema":{"@context":"https:\/\/schema.org","@graph":[{"@type":"WebSite","@id":"https:\/\/www.visit-ulcinj.com\/blog\/#website","url":"https:\/\/www.visit-ulcinj.com\/blog\/","name":"Lajme nga Ulqini","description":"Lajme,Vijesti,Ulqini,Ulqin,Crna Gora,Mali i Zi","potentialAction":[{"@type":"SearchAction","target":{"@type":"EntryPoint","urlTemplate":"https:\/\/www.visit-ulcinj.com\/blog\/?s={search_term_string}"},"query-input":"required name=search_term_string"}],"inLanguage":"en-US"},{"@type":"ImageObject","inLanguage":"en-US","@id":"https:\/\/www.visit-ulcinj.com\/blog\/2012\/10\/01\/ne-peje-u-promovua-vepra-e-pedagogut-flamur-anamalit-nga-ulqini\/#primaryimage","url":"http:\/\/www.visit-ulcinj.com\/blog\/wp-content\/uploads\/2012\/10\/Promovimi-librit-flamur-anamalit-ne-peje1.jpg","contentUrl":"http:\/\/www.visit-ulcinj.com\/blog\/wp-content\/uploads\/2012\/10\/Promovimi-librit-flamur-anamalit-ne-peje1.jpg"},{"@type":"WebPage","@id":"https:\/\/www.visit-ulcinj.com\/blog\/2012\/10\/01\/ne-peje-u-promovua-vepra-e-pedagogut-flamur-anamalit-nga-ulqini\/#webpage","url":"https:\/\/www.visit-ulcinj.com\/blog\/2012\/10\/01\/ne-peje-u-promovua-vepra-e-pedagogut-flamur-anamalit-nga-ulqini\/","name":"N\u00eb Pej\u00eb u promovua vepra e pedagogut Flamur Anamalit nga Ulqini - Lajme nga Ulqini","isPartOf":{"@id":"https:\/\/www.visit-ulcinj.com\/blog\/#website"},"primaryImageOfPage":{"@id":"https:\/\/www.visit-ulcinj.com\/blog\/2012\/10\/01\/ne-peje-u-promovua-vepra-e-pedagogut-flamur-anamalit-nga-ulqini\/#primaryimage"},"datePublished":"2012-10-01T16:17:06+00:00","dateModified":"2012-10-01T16:17:06+00:00","author":{"@id":"https:\/\/www.visit-ulcinj.com\/blog\/#\/schema\/person\/dcab619c614d3038751c63bc2aadc06d"},"description":"V\u00ebshtir\u00eb e ka kultura dhe arsimi shqip n\u00eb Mal t\u00eb Zi N\u00eb ambientet e Asambles\u00eb Komunale t\u00eb Pej\u00ebs \u00ebsht\u00eb organizuar nga Shoqata e V\u00ebllaz\u00ebris\u00eb Kosov\u00eb \u2013Mal\u00ebsi e","breadcrumb":{"@id":"https:\/\/www.visit-ulcinj.com\/blog\/2012\/10\/01\/ne-peje-u-promovua-vepra-e-pedagogut-flamur-anamalit-nga-ulqini\/#breadcrumb"},"inLanguage":"en-US","potentialAction":[{"@type":"ReadAction","target":["https:\/\/www.visit-ulcinj.com\/blog\/2012\/10\/01\/ne-peje-u-promovua-vepra-e-pedagogut-flamur-anamalit-nga-ulqini\/"]}]},{"@type":"BreadcrumbList","@id":"https:\/\/www.visit-ulcinj.com\/blog\/2012\/10\/01\/ne-peje-u-promovua-vepra-e-pedagogut-flamur-anamalit-nga-ulqini\/#breadcrumb","itemListElement":[{"@type":"ListItem","position":1,"name":"N\u00eb Pej\u00eb u promovua vepra e pedagogut Flamur Anamalit nga Ulqini"}]},{"@type":"Person","@id":"https:\/\/www.visit-ulcinj.com\/blog\/#\/schema\/person\/dcab619c614d3038751c63bc2aadc06d","name":"ulqini","sameAs":["http:\/\/www.visit-ulcinj.com"],"url":"https:\/\/www.visit-ulcinj.com\/blog\/author\/admin\/"}]}},"jetpack_featured_media_url":"","jetpack_sharing_enabled":true,"jetpack_shortlink":"https:\/\/wp.me\/pe6lTn-gHc","_links":{"self":[{"href":"https:\/\/www.visit-ulcinj.com\/blog\/wp-json\/wp\/v2\/posts\/64182"}],"collection":[{"href":"https:\/\/www.visit-ulcinj.com\/blog\/wp-json\/wp\/v2\/posts"}],"about":[{"href":"https:\/\/www.visit-ulcinj.com\/blog\/wp-json\/wp\/v2\/types\/post"}],"author":[{"embeddable":true,"href":"https:\/\/www.visit-ulcinj.com\/blog\/wp-json\/wp\/v2\/users\/1"}],"replies":[{"embeddable":true,"href":"https:\/\/www.visit-ulcinj.com\/blog\/wp-json\/wp\/v2\/comments?post=64182"}],"version-history":[{"count":2,"href":"https:\/\/www.visit-ulcinj.com\/blog\/wp-json\/wp\/v2\/posts\/64182\/revisions"}],"predecessor-version":[{"id":64186,"href":"https:\/\/www.visit-ulcinj.com\/blog\/wp-json\/wp\/v2\/posts\/64182\/revisions\/64186"}],"wp:attachment":[{"href":"https:\/\/www.visit-ulcinj.com\/blog\/wp-json\/wp\/v2\/media?parent=64182"}],"wp:term":[{"taxonomy":"category","embeddable":true,"href":"https:\/\/www.visit-ulcinj.com\/blog\/wp-json\/wp\/v2\/categories?post=64182"},{"taxonomy":"post_tag","embeddable":true,"href":"https:\/\/www.visit-ulcinj.com\/blog\/wp-json\/wp\/v2\/tags?post=64182"}],"curies":[{"name":"wp","href":"https:\/\/api.w.org\/{rel}","templated":true}]}}