{"id":64187,"date":"2012-10-01T17:43:06","date_gmt":"2012-10-01T16:43:06","guid":{"rendered":"http:\/\/www.visit-ulcinj.com\/blog\/?p=64187"},"modified":"2012-10-01T17:43:06","modified_gmt":"2012-10-01T16:43:06","slug":"ledina-celo-gati-te-kthehet-me-klip-te-ri-ne-tregun-muzikor","status":"publish","type":"post","link":"https:\/\/www.visit-ulcinj.com\/blog\/2012\/10\/01\/ledina-celo-gati-te-kthehet-me-klip-te-ri-ne-tregun-muzikor\/","title":{"rendered":"Ledina \u00c7elo gati t\u00eb kthehet me klip t\u00eb ri n\u00eb tregun muzikor"},"content":{"rendered":"<p>E dashur, e p\u00eblqyer nga t\u00eb gjith\u00eb, gjithmon\u00eb me k\u00ebng\u00eb sensuale q\u00eb jan\u00eb kthyer n\u00eb hite dhe t\u00eb preferuarat e publikut.<br \/>\n\u00cbsht\u00eb Ledina \u00c7elo, k\u00ebng\u00ebtarja q\u00eb n\u00eb k\u00ebto dy dekada ka korrur suksese pafund, mes t\u00eb cil\u00ebve \u00ebsht\u00eb edhe p\u00ebrfaq\u00ebsimi i Shqip\u00ebris\u00eb n\u00eb Eurovizion.<br \/>\n<a href=\"http:\/\/www.visit-ulcinj.com\/blog\/wp-content\/uploads\/2012\/10\/Ledina-Celo.jpg\"><img loading=\"lazy\" class=\"alignleft  wp-image-64188\" title=\"Ledina Celo\" src=\"http:\/\/www.visit-ulcinj.com\/blog\/wp-content\/uploads\/2012\/10\/Ledina-Celo.jpg\" alt=\"\" width=\"508\" height=\"600\" \/><\/a><br \/>\nE zhvendosur n\u00eb Gjermani, ajo jo vet\u00ebm ka krijuar familjen e saj, por nuk ka l\u00ebn\u00eb as muzik\u00ebn pas dore duke u b\u00ebr\u00eb pjes\u00eb e charter-ave gjerman\u00eb.<br \/>\nPor ja q\u00eb ka ardhur p\u00ebr nj\u00eb k\u00ebng\u00eb shqip. Dhe n\u00eb k\u00ebt\u00eb pik\u00eb zemra e saj rreh fort. Ndaj, kur vendosi t\u00eb kthehej n\u00eb tregun shqiptar donte q\u00eb gjith\u00e7ka t\u00eb ishte e p\u00ebrkryer.<br \/>\nMes shum\u00eb materialeve muzikor\u00eb q\u00eb d\u00ebgjoi, melodia e krijuar nga kantautori i ri Dren Abazi duket se e b\u00ebri p\u00ebr vete.<br \/>\nDhe ja k\u00ebnga \u00ebsht\u00eb e regjistruar dhe ajo q\u00eb i mungon finalizimit t\u00eb pun\u00ebs \u00ebsht\u00eb klipi, i cili shum\u00eb shpejt n\u00eb fakt do t\u00eb realizohet. Kjo \u00ebsht\u00eb edhe arsyeja q\u00eb Ledina \u00ebsht\u00eb kthyer k\u00ebto dit\u00eb n\u00eb Tiran\u00eb p\u00ebr t\u2019i dh\u00ebn\u00eb jet\u00eb k\u00ebng\u00ebs s\u00eb saj t\u00eb re q\u00eb do t\u00eb jet\u00eb nj\u00eb balad\u00eb, dhe q\u00eb do t\u00eb interpretohet vet\u00ebm nga artisja e dashur (ndryshe nga \u00e7far\u00eb \u00ebsht\u00eb komentuar n\u00eb disa media, se \u00c7elo po realizon nj\u00eb duet).<br \/>\nN\u00eb fakt, kjo k\u00ebng\u00eb nuk do t\u00eb jet\u00eb e vetmja shqip e artistes, pasi edhe nj\u00eb tjet\u00ebr projekt do t\u00eb lan\u00e7ohet brenda k\u00ebtij viti.<\/p>\n<p>Bota Sot<\/p>\n<!--YouTube Error: bad URL entered-->\n","protected":false},"excerpt":{"rendered":"<p>E dashur, e p\u00eblqyer nga t\u00eb gjith\u00eb, gjithmon\u00eb me k\u00ebng\u00eb sensuale q\u00eb jan\u00eb kthyer n\u00eb hite dhe t\u00eb preferuarat e publikut. \u00cbsht\u00eb Ledina \u00c7elo, k\u00ebng\u00ebtarja q\u00eb n\u00eb k\u00ebto dy dekada ka korrur suksese pafund, mes t\u00eb cil\u00ebve \u00ebsht\u00eb edhe p\u00ebrfaq\u00ebsimi i Shqip\u00ebris\u00eb n\u00eb Eurovizion. E zhvendosur n\u00eb Gjermani, ajo jo vet\u00ebm ka krijuar familjen e [&hellip;]<\/p>\n","protected":false},"author":1,"featured_media":0,"comment_status":"open","ping_status":"closed","sticky":false,"template":"","format":"standard","meta":{"spay_email":"","jetpack_publicize_message":"","jetpack_is_tweetstorm":false,"jetpack_publicize_feature_enabled":true},"categories":[1],"tags":[13519],"jetpack_publicize_connections":[],"yoast_head":"<!-- This site is optimized with the Yoast SEO plugin v19.1 - https:\/\/yoast.com\/wordpress\/plugins\/seo\/ -->\n<title>Ledina \u00c7elo gati t\u00eb kthehet me klip t\u00eb ri n\u00eb tregun muzikor - Lajme nga Ulqini<\/title>\n<meta name=\"description\" content=\"E dashur, e p\u00eblqyer nga t\u00eb gjith\u00eb, gjithmon\u00eb me k\u00ebng\u00eb sensuale q\u00eb jan\u00eb kthyer n\u00eb hite dhe t\u00eb preferuarat e publikut. \u00cbsht\u00eb Ledina \u00c7elo, k\u00ebng\u00ebtarja q\u00eb n\u00eb\" \/>\n<meta name=\"robots\" content=\"index, follow, max-snippet:-1, max-image-preview:large, max-video-preview:-1\" \/>\n<link rel=\"canonical\" href=\"https:\/\/www.visit-ulcinj.com\/blog\/2012\/10\/01\/ledina-celo-gati-te-kthehet-me-klip-te-ri-ne-tregun-muzikor\/\" \/>\n<meta property=\"og:locale\" content=\"en_US\" \/>\n<meta property=\"og:type\" content=\"article\" \/>\n<meta property=\"og:title\" content=\"Ledina \u00c7elo gati t\u00eb kthehet me klip t\u00eb ri n\u00eb tregun muzikor - Lajme nga Ulqini\" \/>\n<meta property=\"og:description\" content=\"E dashur, e p\u00eblqyer nga t\u00eb gjith\u00eb, gjithmon\u00eb me k\u00ebng\u00eb sensuale q\u00eb jan\u00eb kthyer n\u00eb hite dhe t\u00eb preferuarat e publikut. \u00cbsht\u00eb Ledina \u00c7elo, k\u00ebng\u00ebtarja q\u00eb n\u00eb\" \/>\n<meta property=\"og:url\" content=\"https:\/\/www.visit-ulcinj.com\/blog\/2012\/10\/01\/ledina-celo-gati-te-kthehet-me-klip-te-ri-ne-tregun-muzikor\/\" \/>\n<meta property=\"og:site_name\" content=\"Lajme nga Ulqini\" \/>\n<meta property=\"article:published_time\" content=\"2012-10-01T16:43:06+00:00\" \/>\n<meta property=\"og:image\" content=\"http:\/\/www.visit-ulcinj.com\/blog\/wp-content\/uploads\/2012\/10\/Ledina-Celo.jpg\" \/>\n<meta name=\"twitter:label1\" content=\"Written by\" \/>\n\t<meta name=\"twitter:data1\" content=\"ulqini\" \/>\n\t<meta name=\"twitter:label2\" content=\"Est. reading time\" \/>\n\t<meta name=\"twitter:data2\" content=\"1 minute\" \/>\n<script type=\"application\/ld+json\" class=\"yoast-schema-graph\">{\"@context\":\"https:\/\/schema.org\",\"@graph\":[{\"@type\":\"WebSite\",\"@id\":\"https:\/\/www.visit-ulcinj.com\/blog\/#website\",\"url\":\"https:\/\/www.visit-ulcinj.com\/blog\/\",\"name\":\"Lajme nga Ulqini\",\"description\":\"Lajme,Vijesti,Ulqini,Ulqin,Crna Gora,Mali i Zi\",\"potentialAction\":[{\"@type\":\"SearchAction\",\"target\":{\"@type\":\"EntryPoint\",\"urlTemplate\":\"https:\/\/www.visit-ulcinj.com\/blog\/?s={search_term_string}\"},\"query-input\":\"required name=search_term_string\"}],\"inLanguage\":\"en-US\"},{\"@type\":\"ImageObject\",\"inLanguage\":\"en-US\",\"@id\":\"https:\/\/www.visit-ulcinj.com\/blog\/2012\/10\/01\/ledina-celo-gati-te-kthehet-me-klip-te-ri-ne-tregun-muzikor\/#primaryimage\",\"url\":\"http:\/\/www.visit-ulcinj.com\/blog\/wp-content\/uploads\/2012\/10\/Ledina-Celo.jpg\",\"contentUrl\":\"http:\/\/www.visit-ulcinj.com\/blog\/wp-content\/uploads\/2012\/10\/Ledina-Celo.jpg\"},{\"@type\":\"WebPage\",\"@id\":\"https:\/\/www.visit-ulcinj.com\/blog\/2012\/10\/01\/ledina-celo-gati-te-kthehet-me-klip-te-ri-ne-tregun-muzikor\/#webpage\",\"url\":\"https:\/\/www.visit-ulcinj.com\/blog\/2012\/10\/01\/ledina-celo-gati-te-kthehet-me-klip-te-ri-ne-tregun-muzikor\/\",\"name\":\"Ledina \u00c7elo gati t\u00eb kthehet me klip t\u00eb ri n\u00eb tregun muzikor - Lajme nga Ulqini\",\"isPartOf\":{\"@id\":\"https:\/\/www.visit-ulcinj.com\/blog\/#website\"},\"primaryImageOfPage\":{\"@id\":\"https:\/\/www.visit-ulcinj.com\/blog\/2012\/10\/01\/ledina-celo-gati-te-kthehet-me-klip-te-ri-ne-tregun-muzikor\/#primaryimage\"},\"datePublished\":\"2012-10-01T16:43:06+00:00\",\"dateModified\":\"2012-10-01T16:43:06+00:00\",\"author\":{\"@id\":\"https:\/\/www.visit-ulcinj.com\/blog\/#\/schema\/person\/dcab619c614d3038751c63bc2aadc06d\"},\"description\":\"E dashur, e p\u00eblqyer nga t\u00eb gjith\u00eb, gjithmon\u00eb me k\u00ebng\u00eb sensuale q\u00eb jan\u00eb kthyer n\u00eb hite dhe t\u00eb preferuarat e publikut. \u00cbsht\u00eb Ledina \u00c7elo, k\u00ebng\u00ebtarja q\u00eb n\u00eb\",\"breadcrumb\":{\"@id\":\"https:\/\/www.visit-ulcinj.com\/blog\/2012\/10\/01\/ledina-celo-gati-te-kthehet-me-klip-te-ri-ne-tregun-muzikor\/#breadcrumb\"},\"inLanguage\":\"en-US\",\"potentialAction\":[{\"@type\":\"ReadAction\",\"target\":[\"https:\/\/www.visit-ulcinj.com\/blog\/2012\/10\/01\/ledina-celo-gati-te-kthehet-me-klip-te-ri-ne-tregun-muzikor\/\"]}]},{\"@type\":\"BreadcrumbList\",\"@id\":\"https:\/\/www.visit-ulcinj.com\/blog\/2012\/10\/01\/ledina-celo-gati-te-kthehet-me-klip-te-ri-ne-tregun-muzikor\/#breadcrumb\",\"itemListElement\":[{\"@type\":\"ListItem\",\"position\":1,\"name\":\"Ledina \u00c7elo gati t\u00eb kthehet me klip t\u00eb ri n\u00eb tregun muzikor\"}]},{\"@type\":\"Person\",\"@id\":\"https:\/\/www.visit-ulcinj.com\/blog\/#\/schema\/person\/dcab619c614d3038751c63bc2aadc06d\",\"name\":\"ulqini\",\"sameAs\":[\"http:\/\/www.visit-ulcinj.com\"],\"url\":\"https:\/\/www.visit-ulcinj.com\/blog\/author\/admin\/\"}]}<\/script>\n<!-- \/ Yoast SEO plugin. -->","yoast_head_json":{"title":"Ledina \u00c7elo gati t\u00eb kthehet me klip t\u00eb ri n\u00eb tregun muzikor - Lajme nga Ulqini","description":"E dashur, e p\u00eblqyer nga t\u00eb gjith\u00eb, gjithmon\u00eb me k\u00ebng\u00eb sensuale q\u00eb jan\u00eb kthyer n\u00eb hite dhe t\u00eb preferuarat e publikut. \u00cbsht\u00eb Ledina \u00c7elo, k\u00ebng\u00ebtarja q\u00eb n\u00eb","robots":{"index":"index","follow":"follow","max-snippet":"max-snippet:-1","max-image-preview":"max-image-preview:large","max-video-preview":"max-video-preview:-1"},"canonical":"https:\/\/www.visit-ulcinj.com\/blog\/2012\/10\/01\/ledina-celo-gati-te-kthehet-me-klip-te-ri-ne-tregun-muzikor\/","og_locale":"en_US","og_type":"article","og_title":"Ledina \u00c7elo gati t\u00eb kthehet me klip t\u00eb ri n\u00eb tregun muzikor - Lajme nga Ulqini","og_description":"E dashur, e p\u00eblqyer nga t\u00eb gjith\u00eb, gjithmon\u00eb me k\u00ebng\u00eb sensuale q\u00eb jan\u00eb kthyer n\u00eb hite dhe t\u00eb preferuarat e publikut. \u00cbsht\u00eb Ledina \u00c7elo, k\u00ebng\u00ebtarja q\u00eb n\u00eb","og_url":"https:\/\/www.visit-ulcinj.com\/blog\/2012\/10\/01\/ledina-celo-gati-te-kthehet-me-klip-te-ri-ne-tregun-muzikor\/","og_site_name":"Lajme nga Ulqini","article_published_time":"2012-10-01T16:43:06+00:00","og_image":[{"url":"http:\/\/www.visit-ulcinj.com\/blog\/wp-content\/uploads\/2012\/10\/Ledina-Celo.jpg"}],"twitter_misc":{"Written by":"ulqini","Est. reading time":"1 minute"},"schema":{"@context":"https:\/\/schema.org","@graph":[{"@type":"WebSite","@id":"https:\/\/www.visit-ulcinj.com\/blog\/#website","url":"https:\/\/www.visit-ulcinj.com\/blog\/","name":"Lajme nga Ulqini","description":"Lajme,Vijesti,Ulqini,Ulqin,Crna Gora,Mali i Zi","potentialAction":[{"@type":"SearchAction","target":{"@type":"EntryPoint","urlTemplate":"https:\/\/www.visit-ulcinj.com\/blog\/?s={search_term_string}"},"query-input":"required name=search_term_string"}],"inLanguage":"en-US"},{"@type":"ImageObject","inLanguage":"en-US","@id":"https:\/\/www.visit-ulcinj.com\/blog\/2012\/10\/01\/ledina-celo-gati-te-kthehet-me-klip-te-ri-ne-tregun-muzikor\/#primaryimage","url":"http:\/\/www.visit-ulcinj.com\/blog\/wp-content\/uploads\/2012\/10\/Ledina-Celo.jpg","contentUrl":"http:\/\/www.visit-ulcinj.com\/blog\/wp-content\/uploads\/2012\/10\/Ledina-Celo.jpg"},{"@type":"WebPage","@id":"https:\/\/www.visit-ulcinj.com\/blog\/2012\/10\/01\/ledina-celo-gati-te-kthehet-me-klip-te-ri-ne-tregun-muzikor\/#webpage","url":"https:\/\/www.visit-ulcinj.com\/blog\/2012\/10\/01\/ledina-celo-gati-te-kthehet-me-klip-te-ri-ne-tregun-muzikor\/","name":"Ledina \u00c7elo gati t\u00eb kthehet me klip t\u00eb ri n\u00eb tregun muzikor - Lajme nga Ulqini","isPartOf":{"@id":"https:\/\/www.visit-ulcinj.com\/blog\/#website"},"primaryImageOfPage":{"@id":"https:\/\/www.visit-ulcinj.com\/blog\/2012\/10\/01\/ledina-celo-gati-te-kthehet-me-klip-te-ri-ne-tregun-muzikor\/#primaryimage"},"datePublished":"2012-10-01T16:43:06+00:00","dateModified":"2012-10-01T16:43:06+00:00","author":{"@id":"https:\/\/www.visit-ulcinj.com\/blog\/#\/schema\/person\/dcab619c614d3038751c63bc2aadc06d"},"description":"E dashur, e p\u00eblqyer nga t\u00eb gjith\u00eb, gjithmon\u00eb me k\u00ebng\u00eb sensuale q\u00eb jan\u00eb kthyer n\u00eb hite dhe t\u00eb preferuarat e publikut. \u00cbsht\u00eb Ledina \u00c7elo, k\u00ebng\u00ebtarja q\u00eb n\u00eb","breadcrumb":{"@id":"https:\/\/www.visit-ulcinj.com\/blog\/2012\/10\/01\/ledina-celo-gati-te-kthehet-me-klip-te-ri-ne-tregun-muzikor\/#breadcrumb"},"inLanguage":"en-US","potentialAction":[{"@type":"ReadAction","target":["https:\/\/www.visit-ulcinj.com\/blog\/2012\/10\/01\/ledina-celo-gati-te-kthehet-me-klip-te-ri-ne-tregun-muzikor\/"]}]},{"@type":"BreadcrumbList","@id":"https:\/\/www.visit-ulcinj.com\/blog\/2012\/10\/01\/ledina-celo-gati-te-kthehet-me-klip-te-ri-ne-tregun-muzikor\/#breadcrumb","itemListElement":[{"@type":"ListItem","position":1,"name":"Ledina \u00c7elo gati t\u00eb kthehet me klip t\u00eb ri n\u00eb tregun muzikor"}]},{"@type":"Person","@id":"https:\/\/www.visit-ulcinj.com\/blog\/#\/schema\/person\/dcab619c614d3038751c63bc2aadc06d","name":"ulqini","sameAs":["http:\/\/www.visit-ulcinj.com"],"url":"https:\/\/www.visit-ulcinj.com\/blog\/author\/admin\/"}]}},"jetpack_featured_media_url":"","jetpack_sharing_enabled":true,"jetpack_shortlink":"https:\/\/wp.me\/pe6lTn-gHh","_links":{"self":[{"href":"https:\/\/www.visit-ulcinj.com\/blog\/wp-json\/wp\/v2\/posts\/64187"}],"collection":[{"href":"https:\/\/www.visit-ulcinj.com\/blog\/wp-json\/wp\/v2\/posts"}],"about":[{"href":"https:\/\/www.visit-ulcinj.com\/blog\/wp-json\/wp\/v2\/types\/post"}],"author":[{"embeddable":true,"href":"https:\/\/www.visit-ulcinj.com\/blog\/wp-json\/wp\/v2\/users\/1"}],"replies":[{"embeddable":true,"href":"https:\/\/www.visit-ulcinj.com\/blog\/wp-json\/wp\/v2\/comments?post=64187"}],"version-history":[{"count":1,"href":"https:\/\/www.visit-ulcinj.com\/blog\/wp-json\/wp\/v2\/posts\/64187\/revisions"}],"predecessor-version":[{"id":64189,"href":"https:\/\/www.visit-ulcinj.com\/blog\/wp-json\/wp\/v2\/posts\/64187\/revisions\/64189"}],"wp:attachment":[{"href":"https:\/\/www.visit-ulcinj.com\/blog\/wp-json\/wp\/v2\/media?parent=64187"}],"wp:term":[{"taxonomy":"category","embeddable":true,"href":"https:\/\/www.visit-ulcinj.com\/blog\/wp-json\/wp\/v2\/categories?post=64187"},{"taxonomy":"post_tag","embeddable":true,"href":"https:\/\/www.visit-ulcinj.com\/blog\/wp-json\/wp\/v2\/tags?post=64187"}],"curies":[{"name":"wp","href":"https:\/\/api.w.org\/{rel}","templated":true}]}}