{"id":64190,"date":"2012-10-02T14:50:43","date_gmt":"2012-10-02T13:50:43","guid":{"rendered":"http:\/\/www.visit-ulcinj.com\/blog\/?p=64190"},"modified":"2012-10-03T18:57:16","modified_gmt":"2012-10-03T17:57:16","slug":"nazif-cungu-priti-kryetarin-e-snp-srgjan-miliq","status":"publish","type":"post","link":"https:\/\/www.visit-ulcinj.com\/blog\/2012\/10\/02\/nazif-cungu-priti-kryetarin-e-snp-srgjan-miliq\/","title":{"rendered":"Nazif Cungu priti kryetarin e SNP Srgjan Miliq"},"content":{"rendered":"<p><a href=\"http:\/\/www.visit-ulcinj.com\/blog\/wp-content\/uploads\/2012\/10\/Nazif-Cungu-priti-kryetarin-e-SNP-Srgjan-Miliq.2.jpg\"><img loading=\"lazy\" class=\"alignleft  wp-image-64191\" title=\"Nazif Cungu priti kryetarin e SNP Srgjan Miliq.2\" src=\"http:\/\/www.visit-ulcinj.com\/blog\/wp-content\/uploads\/2012\/10\/Nazif-Cungu-priti-kryetarin-e-SNP-Srgjan-Miliq.2.jpg\" alt=\"\" width=\"508\" height=\"360\" \/><\/a>Kryetari i komun\u00ebs s\u00eb Ulqinit Nazif Cungu me bashk\u00ebpun\u00ebtor\u00ebt e tij sot priti kryetarin e Partis\u00eb socialiste popullore SNP Srgjan Miliq dhe kryetarin e K\u00ebshillit komunal t\u00eb PSP (SNP) n\u00eb Ulqin Andrija Qetkoviq. Kryetari Cungu t\u00eb pranishmit i ka njoftuar p\u00ebr aktivitetet dhe projektet t\u00eb cil\u00ebt pushteti lokal n\u00eb Ulqin ka nd\u00ebrmarr\u00eb me q\u00ebllim t\u00eb zgjidhjes s\u00eb shum\u00eb problemeve t\u00eb grumbulluara me vite n\u00eb k\u00ebt\u00eb komun\u00eb. Ai pohoi se \u00ebsht\u00eb punuar shum\u00eb, por q\u00eb mbeten probleme t\u00eb mdha, borxhet e grubulluara dhe mungesa e kapaciteteve administrative.<br \/>\n<a href=\"http:\/\/www.visit-ulcinj.com\/blog\/wp-content\/uploads\/2012\/10\/Nazif-Cungu-priti-kryetarin-e-SNP-Srgjan-Miliq.1.jpg\"><img loading=\"lazy\" class=\"alignleft  wp-image-64192\" title=\"Nazif Cungu priti kryetarin e SNP Srgjan Miliq.1\" src=\"http:\/\/www.visit-ulcinj.com\/blog\/wp-content\/uploads\/2012\/10\/Nazif-Cungu-priti-kryetarin-e-SNP-Srgjan-Miliq.1.jpg\" alt=\"\" width=\"508\" height=\"300\" \/><\/a><\/p>\n<p>Z. Miliq ka theksuar se me ndryshimin e pushtetit \u00ebsht\u00eb d\u00ebshmuar se Ulqini ka kapacitete demokratike. Ai i p\u00ebrsh\u00ebndet\u00ebn projektet e pushtetit lokal n\u00eb Ulqin dhe vler\u00ebson se me k\u00ebt\u00eb qasje do t\u00eb krijohet nj\u00eb baz\u00eb e mir\u00eb p\u00ebr zhvillim t\u00eb m\u00ebtejsh\u00ebm, gj\u00eb t\u00eb cil\u00ebn ky qytet e meriton, kur kemi parasysh potencialet.<\/p>\n<p><a href=\"http:\/\/www.visit-ulcinj.com\/blog\/wp-content\/uploads\/2012\/10\/Nazif-Cungu-priti-kryetarin-e-SNP-Srgjan-Miliq.jpg\"><img loading=\"lazy\" class=\"alignleft  wp-image-64193\" title=\"Nazif Cungu priti kryetarin e SNP Srgjan Miliq\" src=\"http:\/\/www.visit-ulcinj.com\/blog\/wp-content\/uploads\/2012\/10\/Nazif-Cungu-priti-kryetarin-e-SNP-Srgjan-Miliq.jpg\" alt=\"\" width=\"508\" height=\"300\" \/><\/a><\/p>\n<p>N\u00eb takim gjithashtu \u00ebsht\u00eb diskutuar edhe p\u00ebr pozit\u00ebn politike t\u00eb shqiptar\u00ebve n\u00eb prag t\u00eb zgjedhjeve t\u00eb ardhshme parlamentare. Z. Miliq me k\u00ebt\u00eb rast ka theksuar se popujt pakic\u00eb do t\u00eb jen\u00eb faktor i r\u00ebnd\u00ebsish\u00ebm p\u00ebr forimin e Qeveris\u00eb s\u00eb re t\u00eb Malit t\u00eb Zi dhe ka shtuar se nuk guxon t\u00eb zvog\u00eblohet numri i p\u00ebrfaq\u00ebsuesve shqiptar\u00eb n\u00eb Parlamentin e Malit t\u00eb Zi.<\/p>\n<p><strong>Op\u0161tina Ulcinj \/ Komuna e Ulqinit<\/strong><br \/>\nTel: +382 30 412 050<br \/>\nFax: +382 30 412 413<br \/>\nAdresa: Bul. Skenderbeu bb, 85360 Ulcinj, MNE<\/p>\n","protected":false},"excerpt":{"rendered":"<p>Kryetari i komun\u00ebs s\u00eb Ulqinit Nazif Cungu me bashk\u00ebpun\u00ebtor\u00ebt e tij sot priti kryetarin e Partis\u00eb socialiste popullore SNP Srgjan Miliq dhe kryetarin e K\u00ebshillit komunal t\u00eb PSP (SNP) n\u00eb Ulqin Andrija Qetkoviq. Kryetari Cungu t\u00eb pranishmit i ka njoftuar p\u00ebr aktivitetet dhe projektet t\u00eb cil\u00ebt pushteti lokal n\u00eb Ulqin ka nd\u00ebrmarr\u00eb me q\u00ebllim t\u00eb [&hellip;]<\/p>\n","protected":false},"author":1,"featured_media":0,"comment_status":"open","ping_status":"closed","sticky":false,"template":"","format":"standard","meta":{"spay_email":"","jetpack_publicize_message":"","jetpack_is_tweetstorm":false,"jetpack_publicize_feature_enabled":true},"categories":[1,14249],"tags":[200],"jetpack_publicize_connections":[],"yoast_head":"<!-- This site is optimized with the Yoast SEO plugin v19.1 - https:\/\/yoast.com\/wordpress\/plugins\/seo\/ -->\n<title>Nazif Cungu priti kryetarin e SNP Srgjan Miliq - Lajme nga Ulqini<\/title>\n<meta name=\"description\" content=\"Kryetari i komun\u00ebs s\u00eb Ulqinit Nazif Cungu me bashk\u00ebpun\u00ebtor\u00ebt e tij sot priti kryetarin e Partis\u00eb socialiste popullore SNP Srgjan Miliq dhe kryetarin e\" \/>\n<meta name=\"robots\" content=\"index, follow, max-snippet:-1, max-image-preview:large, max-video-preview:-1\" \/>\n<link rel=\"canonical\" href=\"https:\/\/www.visit-ulcinj.com\/blog\/2012\/10\/02\/nazif-cungu-priti-kryetarin-e-snp-srgjan-miliq\/\" \/>\n<meta property=\"og:locale\" content=\"en_US\" \/>\n<meta property=\"og:type\" content=\"article\" \/>\n<meta property=\"og:title\" content=\"Nazif Cungu priti kryetarin e SNP Srgjan Miliq - Lajme nga Ulqini\" \/>\n<meta property=\"og:description\" content=\"Kryetari i komun\u00ebs s\u00eb Ulqinit Nazif Cungu me bashk\u00ebpun\u00ebtor\u00ebt e tij sot priti kryetarin e Partis\u00eb socialiste popullore SNP Srgjan Miliq dhe kryetarin e\" \/>\n<meta property=\"og:url\" content=\"https:\/\/www.visit-ulcinj.com\/blog\/2012\/10\/02\/nazif-cungu-priti-kryetarin-e-snp-srgjan-miliq\/\" \/>\n<meta property=\"og:site_name\" content=\"Lajme nga Ulqini\" \/>\n<meta property=\"article:published_time\" content=\"2012-10-02T13:50:43+00:00\" \/>\n<meta property=\"article:modified_time\" content=\"2012-10-03T17:57:16+00:00\" \/>\n<meta property=\"og:image\" content=\"http:\/\/www.visit-ulcinj.com\/blog\/wp-content\/uploads\/2012\/10\/Nazif-Cungu-priti-kryetarin-e-SNP-Srgjan-Miliq.2.jpg\" \/>\n<meta name=\"twitter:label1\" content=\"Written by\" \/>\n\t<meta name=\"twitter:data1\" content=\"ulqini\" \/>\n\t<meta name=\"twitter:label2\" content=\"Est. reading time\" \/>\n\t<meta name=\"twitter:data2\" content=\"1 minute\" \/>\n<script type=\"application\/ld+json\" class=\"yoast-schema-graph\">{\"@context\":\"https:\/\/schema.org\",\"@graph\":[{\"@type\":\"WebSite\",\"@id\":\"https:\/\/www.visit-ulcinj.com\/blog\/#website\",\"url\":\"https:\/\/www.visit-ulcinj.com\/blog\/\",\"name\":\"Lajme nga Ulqini\",\"description\":\"Lajme,Vijesti,Ulqini,Ulqin,Crna Gora,Mali i Zi\",\"potentialAction\":[{\"@type\":\"SearchAction\",\"target\":{\"@type\":\"EntryPoint\",\"urlTemplate\":\"https:\/\/www.visit-ulcinj.com\/blog\/?s={search_term_string}\"},\"query-input\":\"required name=search_term_string\"}],\"inLanguage\":\"en-US\"},{\"@type\":\"ImageObject\",\"inLanguage\":\"en-US\",\"@id\":\"https:\/\/www.visit-ulcinj.com\/blog\/2012\/10\/02\/nazif-cungu-priti-kryetarin-e-snp-srgjan-miliq\/#primaryimage\",\"url\":\"https:\/\/www.visit-ulcinj.com\/blog\/wp-content\/uploads\/2012\/10\/Nazif-Cungu-priti-kryetarin-e-SNP-Srgjan-Miliq.2.jpg\",\"contentUrl\":\"https:\/\/www.visit-ulcinj.com\/blog\/wp-content\/uploads\/2012\/10\/Nazif-Cungu-priti-kryetarin-e-SNP-Srgjan-Miliq.2.jpg\",\"width\":\"640\",\"height\":\"424\"},{\"@type\":\"WebPage\",\"@id\":\"https:\/\/www.visit-ulcinj.com\/blog\/2012\/10\/02\/nazif-cungu-priti-kryetarin-e-snp-srgjan-miliq\/#webpage\",\"url\":\"https:\/\/www.visit-ulcinj.com\/blog\/2012\/10\/02\/nazif-cungu-priti-kryetarin-e-snp-srgjan-miliq\/\",\"name\":\"Nazif Cungu priti kryetarin e SNP Srgjan Miliq - Lajme nga Ulqini\",\"isPartOf\":{\"@id\":\"https:\/\/www.visit-ulcinj.com\/blog\/#website\"},\"primaryImageOfPage\":{\"@id\":\"https:\/\/www.visit-ulcinj.com\/blog\/2012\/10\/02\/nazif-cungu-priti-kryetarin-e-snp-srgjan-miliq\/#primaryimage\"},\"datePublished\":\"2012-10-02T13:50:43+00:00\",\"dateModified\":\"2012-10-03T17:57:16+00:00\",\"author\":{\"@id\":\"https:\/\/www.visit-ulcinj.com\/blog\/#\/schema\/person\/dcab619c614d3038751c63bc2aadc06d\"},\"description\":\"Kryetari i komun\u00ebs s\u00eb Ulqinit Nazif Cungu me bashk\u00ebpun\u00ebtor\u00ebt e tij sot priti kryetarin e Partis\u00eb socialiste popullore SNP Srgjan Miliq dhe kryetarin e\",\"breadcrumb\":{\"@id\":\"https:\/\/www.visit-ulcinj.com\/blog\/2012\/10\/02\/nazif-cungu-priti-kryetarin-e-snp-srgjan-miliq\/#breadcrumb\"},\"inLanguage\":\"en-US\",\"potentialAction\":[{\"@type\":\"ReadAction\",\"target\":[\"https:\/\/www.visit-ulcinj.com\/blog\/2012\/10\/02\/nazif-cungu-priti-kryetarin-e-snp-srgjan-miliq\/\"]}]},{\"@type\":\"BreadcrumbList\",\"@id\":\"https:\/\/www.visit-ulcinj.com\/blog\/2012\/10\/02\/nazif-cungu-priti-kryetarin-e-snp-srgjan-miliq\/#breadcrumb\",\"itemListElement\":[{\"@type\":\"ListItem\",\"position\":1,\"name\":\"Nazif Cungu priti kryetarin e SNP Srgjan Miliq\"}]},{\"@type\":\"Person\",\"@id\":\"https:\/\/www.visit-ulcinj.com\/blog\/#\/schema\/person\/dcab619c614d3038751c63bc2aadc06d\",\"name\":\"ulqini\",\"sameAs\":[\"http:\/\/www.visit-ulcinj.com\"],\"url\":\"https:\/\/www.visit-ulcinj.com\/blog\/author\/admin\/\"}]}<\/script>\n<!-- \/ Yoast SEO plugin. -->","yoast_head_json":{"title":"Nazif Cungu priti kryetarin e SNP Srgjan Miliq - Lajme nga Ulqini","description":"Kryetari i komun\u00ebs s\u00eb Ulqinit Nazif Cungu me bashk\u00ebpun\u00ebtor\u00ebt e tij sot priti kryetarin e Partis\u00eb socialiste popullore SNP Srgjan Miliq dhe kryetarin e","robots":{"index":"index","follow":"follow","max-snippet":"max-snippet:-1","max-image-preview":"max-image-preview:large","max-video-preview":"max-video-preview:-1"},"canonical":"https:\/\/www.visit-ulcinj.com\/blog\/2012\/10\/02\/nazif-cungu-priti-kryetarin-e-snp-srgjan-miliq\/","og_locale":"en_US","og_type":"article","og_title":"Nazif Cungu priti kryetarin e SNP Srgjan Miliq - Lajme nga Ulqini","og_description":"Kryetari i komun\u00ebs s\u00eb Ulqinit Nazif Cungu me bashk\u00ebpun\u00ebtor\u00ebt e tij sot priti kryetarin e Partis\u00eb socialiste popullore SNP Srgjan Miliq dhe kryetarin e","og_url":"https:\/\/www.visit-ulcinj.com\/blog\/2012\/10\/02\/nazif-cungu-priti-kryetarin-e-snp-srgjan-miliq\/","og_site_name":"Lajme nga Ulqini","article_published_time":"2012-10-02T13:50:43+00:00","article_modified_time":"2012-10-03T17:57:16+00:00","og_image":[{"url":"http:\/\/www.visit-ulcinj.com\/blog\/wp-content\/uploads\/2012\/10\/Nazif-Cungu-priti-kryetarin-e-SNP-Srgjan-Miliq.2.jpg"}],"twitter_misc":{"Written by":"ulqini","Est. reading time":"1 minute"},"schema":{"@context":"https:\/\/schema.org","@graph":[{"@type":"WebSite","@id":"https:\/\/www.visit-ulcinj.com\/blog\/#website","url":"https:\/\/www.visit-ulcinj.com\/blog\/","name":"Lajme nga Ulqini","description":"Lajme,Vijesti,Ulqini,Ulqin,Crna Gora,Mali i Zi","potentialAction":[{"@type":"SearchAction","target":{"@type":"EntryPoint","urlTemplate":"https:\/\/www.visit-ulcinj.com\/blog\/?s={search_term_string}"},"query-input":"required name=search_term_string"}],"inLanguage":"en-US"},{"@type":"ImageObject","inLanguage":"en-US","@id":"https:\/\/www.visit-ulcinj.com\/blog\/2012\/10\/02\/nazif-cungu-priti-kryetarin-e-snp-srgjan-miliq\/#primaryimage","url":"https:\/\/www.visit-ulcinj.com\/blog\/wp-content\/uploads\/2012\/10\/Nazif-Cungu-priti-kryetarin-e-SNP-Srgjan-Miliq.2.jpg","contentUrl":"https:\/\/www.visit-ulcinj.com\/blog\/wp-content\/uploads\/2012\/10\/Nazif-Cungu-priti-kryetarin-e-SNP-Srgjan-Miliq.2.jpg","width":"640","height":"424"},{"@type":"WebPage","@id":"https:\/\/www.visit-ulcinj.com\/blog\/2012\/10\/02\/nazif-cungu-priti-kryetarin-e-snp-srgjan-miliq\/#webpage","url":"https:\/\/www.visit-ulcinj.com\/blog\/2012\/10\/02\/nazif-cungu-priti-kryetarin-e-snp-srgjan-miliq\/","name":"Nazif Cungu priti kryetarin e SNP Srgjan Miliq - Lajme nga Ulqini","isPartOf":{"@id":"https:\/\/www.visit-ulcinj.com\/blog\/#website"},"primaryImageOfPage":{"@id":"https:\/\/www.visit-ulcinj.com\/blog\/2012\/10\/02\/nazif-cungu-priti-kryetarin-e-snp-srgjan-miliq\/#primaryimage"},"datePublished":"2012-10-02T13:50:43+00:00","dateModified":"2012-10-03T17:57:16+00:00","author":{"@id":"https:\/\/www.visit-ulcinj.com\/blog\/#\/schema\/person\/dcab619c614d3038751c63bc2aadc06d"},"description":"Kryetari i komun\u00ebs s\u00eb Ulqinit Nazif Cungu me bashk\u00ebpun\u00ebtor\u00ebt e tij sot priti kryetarin e Partis\u00eb socialiste popullore SNP Srgjan Miliq dhe kryetarin e","breadcrumb":{"@id":"https:\/\/www.visit-ulcinj.com\/blog\/2012\/10\/02\/nazif-cungu-priti-kryetarin-e-snp-srgjan-miliq\/#breadcrumb"},"inLanguage":"en-US","potentialAction":[{"@type":"ReadAction","target":["https:\/\/www.visit-ulcinj.com\/blog\/2012\/10\/02\/nazif-cungu-priti-kryetarin-e-snp-srgjan-miliq\/"]}]},{"@type":"BreadcrumbList","@id":"https:\/\/www.visit-ulcinj.com\/blog\/2012\/10\/02\/nazif-cungu-priti-kryetarin-e-snp-srgjan-miliq\/#breadcrumb","itemListElement":[{"@type":"ListItem","position":1,"name":"Nazif Cungu priti kryetarin e SNP Srgjan Miliq"}]},{"@type":"Person","@id":"https:\/\/www.visit-ulcinj.com\/blog\/#\/schema\/person\/dcab619c614d3038751c63bc2aadc06d","name":"ulqini","sameAs":["http:\/\/www.visit-ulcinj.com"],"url":"https:\/\/www.visit-ulcinj.com\/blog\/author\/admin\/"}]}},"jetpack_featured_media_url":"","jetpack_sharing_enabled":true,"jetpack_shortlink":"https:\/\/wp.me\/pe6lTn-gHk","_links":{"self":[{"href":"https:\/\/www.visit-ulcinj.com\/blog\/wp-json\/wp\/v2\/posts\/64190"}],"collection":[{"href":"https:\/\/www.visit-ulcinj.com\/blog\/wp-json\/wp\/v2\/posts"}],"about":[{"href":"https:\/\/www.visit-ulcinj.com\/blog\/wp-json\/wp\/v2\/types\/post"}],"author":[{"embeddable":true,"href":"https:\/\/www.visit-ulcinj.com\/blog\/wp-json\/wp\/v2\/users\/1"}],"replies":[{"embeddable":true,"href":"https:\/\/www.visit-ulcinj.com\/blog\/wp-json\/wp\/v2\/comments?post=64190"}],"version-history":[{"count":2,"href":"https:\/\/www.visit-ulcinj.com\/blog\/wp-json\/wp\/v2\/posts\/64190\/revisions"}],"predecessor-version":[{"id":64266,"href":"https:\/\/www.visit-ulcinj.com\/blog\/wp-json\/wp\/v2\/posts\/64190\/revisions\/64266"}],"wp:attachment":[{"href":"https:\/\/www.visit-ulcinj.com\/blog\/wp-json\/wp\/v2\/media?parent=64190"}],"wp:term":[{"taxonomy":"category","embeddable":true,"href":"https:\/\/www.visit-ulcinj.com\/blog\/wp-json\/wp\/v2\/categories?post=64190"},{"taxonomy":"post_tag","embeddable":true,"href":"https:\/\/www.visit-ulcinj.com\/blog\/wp-json\/wp\/v2\/tags?post=64190"}],"curies":[{"name":"wp","href":"https:\/\/api.w.org\/{rel}","templated":true}]}}