{"id":64210,"date":"2012-10-02T18:10:52","date_gmt":"2012-10-02T17:10:52","guid":{"rendered":"http:\/\/www.visit-ulcinj.com\/blog\/?p=64210"},"modified":"2012-10-03T16:56:36","modified_gmt":"2012-10-03T15:56:36","slug":"be-430-mije-euro-fonde-per-te-promovuar-turizmin-ne-shkoder-dhe-ulqin","status":"publish","type":"post","link":"https:\/\/www.visit-ulcinj.com\/blog\/2012\/10\/02\/be-430-mije-euro-fonde-per-te-promovuar-turizmin-ne-shkoder-dhe-ulqin\/","title":{"rendered":"BE 430 mij\u00eb euro Fonde p\u00ebr t\u00eb promovuar turizmin n\u00eb Shkod\u00ebr dhe Ulqin"},"content":{"rendered":"<p>430 mij\u00eb Euro jan\u00eb dh\u00ebn\u00eb nga Bashkimi Evropain p\u00ebr t\u00eb promovuar turizmin n\u00eb Shkod\u00ebr dhe n\u00eb Ulqin, n\u00ebp\u00ebrmjet nj\u00eb projekti t\u00eb p\u00ebrbashket \u201cMarubi. Ministri i Kultur\u00ebs Aldo Bum\u00e7i tha se bashk\u00ebpunimet mes Shkodr\u00ebs dhe Ulqinit jan\u00eb si t\u00eb nj\u00eb m\u00ebhalle sepse kemi t\u00eb b\u00ebjm\u00eb me nj\u00eb rajon t\u00eb lidhur ngusht\u00eb me nj\u00ebri tjetrin dhe k\u00ebto bashk\u00ebpunime do intensifikohen.<\/p>\n<p><a href=\"http:\/\/www.visit-ulcinj.com\/blog\/wp-content\/uploads\/2012\/10\/promovimi-i-turizmit-n\u00eb-Shkod\u00ebr-dhe-Ulqin.jpg\"><img loading=\"lazy\" class=\"alignleft  wp-image-64211\" title=\"promovimi i turizmit n\u00eb Shkod\u00ebr dhe Ulqin\" src=\"http:\/\/www.visit-ulcinj.com\/blog\/wp-content\/uploads\/2012\/10\/promovimi-i-turizmit-n\u00eb-Shkod\u00ebr-dhe-Ulqin.jpg\" alt=\"\" width=\"508\" height=\"361\" \/><\/a>Kryetari i Komun\u00ebs Ulqin Nazif Cungu sqaron se ky bashk\u00ebpunim ka t\u00eb b\u00ebj\u00eb edhe me lidhjet shpirt\u00ebror\u00eb q\u00eb Ulqini ka me Shkodr\u00ebn.<\/p>\n<p>Kryebashkiaku I Shkodr\u00ebs Lorenc Luka, u ndal tek r\u00ebnd\u00ebsia e evidentimit t\u00eb vlerave historike dhe komb\u00ebtare p\u00ebrmes dinastis\u00eb s\u00eb Marub\u00ebve.<br \/>\nKy projekt ka p\u00ebr q\u00ebllim promovimin e vlerave t\u00eb p\u00ebrbashk\u00ebta kulturore dhe potencialet mjedisore t\u00eb zon\u00ebs s\u00eb Shkodr\u00ebs dhe Ulqinit, duke filluar q\u00eb nga ekspozitat p\u00ebrmes \u201c Marubit Rout\u201d, n\u00eb Shkod\u00ebr, Ulqin, Bruksel .\/ABC News\/<\/p>\n","protected":false},"excerpt":{"rendered":"<p>430 mij\u00eb Euro jan\u00eb dh\u00ebn\u00eb nga Bashkimi Evropain p\u00ebr t\u00eb promovuar turizmin n\u00eb Shkod\u00ebr dhe n\u00eb Ulqin, n\u00ebp\u00ebrmjet nj\u00eb projekti t\u00eb p\u00ebrbashket \u201cMarubi. Ministri i Kultur\u00ebs Aldo Bum\u00e7i tha se bashk\u00ebpunimet mes Shkodr\u00ebs dhe Ulqinit jan\u00eb si t\u00eb nj\u00eb m\u00ebhalle sepse kemi t\u00eb b\u00ebjm\u00eb me nj\u00eb rajon t\u00eb lidhur ngusht\u00eb me nj\u00ebri tjetrin dhe k\u00ebto [&hellip;]<\/p>\n","protected":false},"author":1,"featured_media":0,"comment_status":"open","ping_status":"closed","sticky":false,"template":"","format":"standard","meta":{"spay_email":"","jetpack_publicize_message":"","jetpack_is_tweetstorm":false,"jetpack_publicize_feature_enabled":true},"categories":[12],"tags":[118,3617,200],"jetpack_publicize_connections":[],"yoast_head":"<!-- This site is optimized with the Yoast SEO plugin v19.1 - https:\/\/yoast.com\/wordpress\/plugins\/seo\/ -->\n<title>BE 430 mij\u00eb euro Fonde p\u00ebr t\u00eb promovuar turizmin n\u00eb Shkod\u00ebr dhe Ulqin - Lajme nga Ulqini<\/title>\n<meta name=\"description\" content=\"430 mij\u00eb Euro jan\u00eb dh\u00ebn\u00eb nga Bashkimi Evropain p\u00ebr t\u00eb promovuar turizmin n\u00eb Shkod\u00ebr dhe n\u00eb Ulqin, n\u00ebp\u00ebrmjet nj\u00eb projekti t\u00eb p\u00ebrbashket \u201cMarubi. Ministri i\" \/>\n<meta name=\"robots\" content=\"index, follow, max-snippet:-1, max-image-preview:large, max-video-preview:-1\" \/>\n<link rel=\"canonical\" href=\"https:\/\/www.visit-ulcinj.com\/blog\/2012\/10\/02\/be-430-mije-euro-fonde-per-te-promovuar-turizmin-ne-shkoder-dhe-ulqin\/\" \/>\n<meta property=\"og:locale\" content=\"en_US\" \/>\n<meta property=\"og:type\" content=\"article\" \/>\n<meta property=\"og:title\" content=\"BE 430 mij\u00eb euro Fonde p\u00ebr t\u00eb promovuar turizmin n\u00eb Shkod\u00ebr dhe Ulqin - Lajme nga Ulqini\" \/>\n<meta property=\"og:description\" content=\"430 mij\u00eb Euro jan\u00eb dh\u00ebn\u00eb nga Bashkimi Evropain p\u00ebr t\u00eb promovuar turizmin n\u00eb Shkod\u00ebr dhe n\u00eb Ulqin, n\u00ebp\u00ebrmjet nj\u00eb projekti t\u00eb p\u00ebrbashket \u201cMarubi. Ministri i\" \/>\n<meta property=\"og:url\" content=\"https:\/\/www.visit-ulcinj.com\/blog\/2012\/10\/02\/be-430-mije-euro-fonde-per-te-promovuar-turizmin-ne-shkoder-dhe-ulqin\/\" \/>\n<meta property=\"og:site_name\" content=\"Lajme nga Ulqini\" \/>\n<meta property=\"article:published_time\" content=\"2012-10-02T17:10:52+00:00\" \/>\n<meta property=\"article:modified_time\" content=\"2012-10-03T15:56:36+00:00\" \/>\n<meta name=\"twitter:label1\" content=\"Written by\" \/>\n\t<meta name=\"twitter:data1\" content=\"ulqini\" \/>\n\t<meta name=\"twitter:label2\" content=\"Est. reading time\" \/>\n\t<meta name=\"twitter:data2\" content=\"1 minute\" \/>\n<script type=\"application\/ld+json\" class=\"yoast-schema-graph\">{\"@context\":\"https:\/\/schema.org\",\"@graph\":[{\"@type\":\"WebSite\",\"@id\":\"https:\/\/www.visit-ulcinj.com\/blog\/#website\",\"url\":\"https:\/\/www.visit-ulcinj.com\/blog\/\",\"name\":\"Lajme nga Ulqini\",\"description\":\"Lajme,Vijesti,Ulqini,Ulqin,Crna Gora,Mali i Zi\",\"potentialAction\":[{\"@type\":\"SearchAction\",\"target\":{\"@type\":\"EntryPoint\",\"urlTemplate\":\"https:\/\/www.visit-ulcinj.com\/blog\/?s={search_term_string}\"},\"query-input\":\"required name=search_term_string\"}],\"inLanguage\":\"en-US\"},{\"@type\":\"WebPage\",\"@id\":\"https:\/\/www.visit-ulcinj.com\/blog\/2012\/10\/02\/be-430-mije-euro-fonde-per-te-promovuar-turizmin-ne-shkoder-dhe-ulqin\/#webpage\",\"url\":\"https:\/\/www.visit-ulcinj.com\/blog\/2012\/10\/02\/be-430-mije-euro-fonde-per-te-promovuar-turizmin-ne-shkoder-dhe-ulqin\/\",\"name\":\"BE 430 mij\u00eb euro Fonde p\u00ebr t\u00eb promovuar turizmin n\u00eb Shkod\u00ebr dhe Ulqin - Lajme nga Ulqini\",\"isPartOf\":{\"@id\":\"https:\/\/www.visit-ulcinj.com\/blog\/#website\"},\"datePublished\":\"2012-10-02T17:10:52+00:00\",\"dateModified\":\"2012-10-03T15:56:36+00:00\",\"author\":{\"@id\":\"https:\/\/www.visit-ulcinj.com\/blog\/#\/schema\/person\/dcab619c614d3038751c63bc2aadc06d\"},\"description\":\"430 mij\u00eb Euro jan\u00eb dh\u00ebn\u00eb nga Bashkimi Evropain p\u00ebr t\u00eb promovuar turizmin n\u00eb Shkod\u00ebr dhe n\u00eb Ulqin, n\u00ebp\u00ebrmjet nj\u00eb projekti t\u00eb p\u00ebrbashket \u201cMarubi. Ministri i\",\"breadcrumb\":{\"@id\":\"https:\/\/www.visit-ulcinj.com\/blog\/2012\/10\/02\/be-430-mije-euro-fonde-per-te-promovuar-turizmin-ne-shkoder-dhe-ulqin\/#breadcrumb\"},\"inLanguage\":\"en-US\",\"potentialAction\":[{\"@type\":\"ReadAction\",\"target\":[\"https:\/\/www.visit-ulcinj.com\/blog\/2012\/10\/02\/be-430-mije-euro-fonde-per-te-promovuar-turizmin-ne-shkoder-dhe-ulqin\/\"]}]},{\"@type\":\"BreadcrumbList\",\"@id\":\"https:\/\/www.visit-ulcinj.com\/blog\/2012\/10\/02\/be-430-mije-euro-fonde-per-te-promovuar-turizmin-ne-shkoder-dhe-ulqin\/#breadcrumb\",\"itemListElement\":[{\"@type\":\"ListItem\",\"position\":1,\"name\":\"BE 430 mij\u00eb euro Fonde p\u00ebr t\u00eb promovuar turizmin n\u00eb Shkod\u00ebr dhe Ulqin\"}]},{\"@type\":\"Person\",\"@id\":\"https:\/\/www.visit-ulcinj.com\/blog\/#\/schema\/person\/dcab619c614d3038751c63bc2aadc06d\",\"name\":\"ulqini\",\"sameAs\":[\"http:\/\/www.visit-ulcinj.com\"],\"url\":\"https:\/\/www.visit-ulcinj.com\/blog\/author\/admin\/\"}]}<\/script>\n<!-- \/ Yoast SEO plugin. -->","yoast_head_json":{"title":"BE 430 mij\u00eb euro Fonde p\u00ebr t\u00eb promovuar turizmin n\u00eb Shkod\u00ebr dhe Ulqin - Lajme nga Ulqini","description":"430 mij\u00eb Euro jan\u00eb dh\u00ebn\u00eb nga Bashkimi Evropain p\u00ebr t\u00eb promovuar turizmin n\u00eb Shkod\u00ebr dhe n\u00eb Ulqin, n\u00ebp\u00ebrmjet nj\u00eb projekti t\u00eb p\u00ebrbashket \u201cMarubi. Ministri i","robots":{"index":"index","follow":"follow","max-snippet":"max-snippet:-1","max-image-preview":"max-image-preview:large","max-video-preview":"max-video-preview:-1"},"canonical":"https:\/\/www.visit-ulcinj.com\/blog\/2012\/10\/02\/be-430-mije-euro-fonde-per-te-promovuar-turizmin-ne-shkoder-dhe-ulqin\/","og_locale":"en_US","og_type":"article","og_title":"BE 430 mij\u00eb euro Fonde p\u00ebr t\u00eb promovuar turizmin n\u00eb Shkod\u00ebr dhe Ulqin - Lajme nga Ulqini","og_description":"430 mij\u00eb Euro jan\u00eb dh\u00ebn\u00eb nga Bashkimi Evropain p\u00ebr t\u00eb promovuar turizmin n\u00eb Shkod\u00ebr dhe n\u00eb Ulqin, n\u00ebp\u00ebrmjet nj\u00eb projekti t\u00eb p\u00ebrbashket \u201cMarubi. Ministri i","og_url":"https:\/\/www.visit-ulcinj.com\/blog\/2012\/10\/02\/be-430-mije-euro-fonde-per-te-promovuar-turizmin-ne-shkoder-dhe-ulqin\/","og_site_name":"Lajme nga Ulqini","article_published_time":"2012-10-02T17:10:52+00:00","article_modified_time":"2012-10-03T15:56:36+00:00","twitter_misc":{"Written by":"ulqini","Est. reading time":"1 minute"},"schema":{"@context":"https:\/\/schema.org","@graph":[{"@type":"WebSite","@id":"https:\/\/www.visit-ulcinj.com\/blog\/#website","url":"https:\/\/www.visit-ulcinj.com\/blog\/","name":"Lajme nga Ulqini","description":"Lajme,Vijesti,Ulqini,Ulqin,Crna Gora,Mali i Zi","potentialAction":[{"@type":"SearchAction","target":{"@type":"EntryPoint","urlTemplate":"https:\/\/www.visit-ulcinj.com\/blog\/?s={search_term_string}"},"query-input":"required name=search_term_string"}],"inLanguage":"en-US"},{"@type":"WebPage","@id":"https:\/\/www.visit-ulcinj.com\/blog\/2012\/10\/02\/be-430-mije-euro-fonde-per-te-promovuar-turizmin-ne-shkoder-dhe-ulqin\/#webpage","url":"https:\/\/www.visit-ulcinj.com\/blog\/2012\/10\/02\/be-430-mije-euro-fonde-per-te-promovuar-turizmin-ne-shkoder-dhe-ulqin\/","name":"BE 430 mij\u00eb euro Fonde p\u00ebr t\u00eb promovuar turizmin n\u00eb Shkod\u00ebr dhe Ulqin - Lajme nga Ulqini","isPartOf":{"@id":"https:\/\/www.visit-ulcinj.com\/blog\/#website"},"datePublished":"2012-10-02T17:10:52+00:00","dateModified":"2012-10-03T15:56:36+00:00","author":{"@id":"https:\/\/www.visit-ulcinj.com\/blog\/#\/schema\/person\/dcab619c614d3038751c63bc2aadc06d"},"description":"430 mij\u00eb Euro jan\u00eb dh\u00ebn\u00eb nga Bashkimi Evropain p\u00ebr t\u00eb promovuar turizmin n\u00eb Shkod\u00ebr dhe n\u00eb Ulqin, n\u00ebp\u00ebrmjet nj\u00eb projekti t\u00eb p\u00ebrbashket \u201cMarubi. Ministri i","breadcrumb":{"@id":"https:\/\/www.visit-ulcinj.com\/blog\/2012\/10\/02\/be-430-mije-euro-fonde-per-te-promovuar-turizmin-ne-shkoder-dhe-ulqin\/#breadcrumb"},"inLanguage":"en-US","potentialAction":[{"@type":"ReadAction","target":["https:\/\/www.visit-ulcinj.com\/blog\/2012\/10\/02\/be-430-mije-euro-fonde-per-te-promovuar-turizmin-ne-shkoder-dhe-ulqin\/"]}]},{"@type":"BreadcrumbList","@id":"https:\/\/www.visit-ulcinj.com\/blog\/2012\/10\/02\/be-430-mije-euro-fonde-per-te-promovuar-turizmin-ne-shkoder-dhe-ulqin\/#breadcrumb","itemListElement":[{"@type":"ListItem","position":1,"name":"BE 430 mij\u00eb euro Fonde p\u00ebr t\u00eb promovuar turizmin n\u00eb Shkod\u00ebr dhe Ulqin"}]},{"@type":"Person","@id":"https:\/\/www.visit-ulcinj.com\/blog\/#\/schema\/person\/dcab619c614d3038751c63bc2aadc06d","name":"ulqini","sameAs":["http:\/\/www.visit-ulcinj.com"],"url":"https:\/\/www.visit-ulcinj.com\/blog\/author\/admin\/"}]}},"jetpack_featured_media_url":"","jetpack_sharing_enabled":true,"jetpack_shortlink":"https:\/\/wp.me\/pe6lTn-gHE","_links":{"self":[{"href":"https:\/\/www.visit-ulcinj.com\/blog\/wp-json\/wp\/v2\/posts\/64210"}],"collection":[{"href":"https:\/\/www.visit-ulcinj.com\/blog\/wp-json\/wp\/v2\/posts"}],"about":[{"href":"https:\/\/www.visit-ulcinj.com\/blog\/wp-json\/wp\/v2\/types\/post"}],"author":[{"embeddable":true,"href":"https:\/\/www.visit-ulcinj.com\/blog\/wp-json\/wp\/v2\/users\/1"}],"replies":[{"embeddable":true,"href":"https:\/\/www.visit-ulcinj.com\/blog\/wp-json\/wp\/v2\/comments?post=64210"}],"version-history":[{"count":2,"href":"https:\/\/www.visit-ulcinj.com\/blog\/wp-json\/wp\/v2\/posts\/64210\/revisions"}],"predecessor-version":[{"id":64234,"href":"https:\/\/www.visit-ulcinj.com\/blog\/wp-json\/wp\/v2\/posts\/64210\/revisions\/64234"}],"wp:attachment":[{"href":"https:\/\/www.visit-ulcinj.com\/blog\/wp-json\/wp\/v2\/media?parent=64210"}],"wp:term":[{"taxonomy":"category","embeddable":true,"href":"https:\/\/www.visit-ulcinj.com\/blog\/wp-json\/wp\/v2\/categories?post=64210"},{"taxonomy":"post_tag","embeddable":true,"href":"https:\/\/www.visit-ulcinj.com\/blog\/wp-json\/wp\/v2\/tags?post=64210"}],"curies":[{"name":"wp","href":"https:\/\/api.w.org\/{rel}","templated":true}]}}