{"id":64226,"date":"2012-10-03T14:18:03","date_gmt":"2012-10-03T13:18:03","guid":{"rendered":"http:\/\/www.visit-ulcinj.com\/blog\/?p=64226"},"modified":"2012-10-03T14:18:03","modified_gmt":"2012-10-03T13:18:03","slug":"hulumtimi-i-cedem-it-nuk-ka-lidhje-me-realitetin","status":"publish","type":"post","link":"https:\/\/www.visit-ulcinj.com\/blog\/2012\/10\/03\/hulumtimi-i-cedem-it-nuk-ka-lidhje-me-realitetin\/","title":{"rendered":"Hulumtimi i CEDEM-it nuk ka lidhje me realitetin"},"content":{"rendered":"<p><a href=\"http:\/\/www.visit-ulcinj.com\/blog\/wp-content\/uploads\/2012\/10\/Rejtingu-i-partive-politike-n\u00eb-mal-te-zi-jo-reale.jpg\"><img loading=\"lazy\" class=\"alignleft  wp-image-64227\" title=\"Rejtingu i partive politike n\u00eb mal te zi -jo reale\" src=\"http:\/\/www.visit-ulcinj.com\/blog\/wp-content\/uploads\/2012\/10\/Rejtingu-i-partive-politike-n\u00eb-mal-te-zi-jo-reale.jpg\" alt=\"\" width=\"508\" height=\"360\" \/><\/a>Koalicioni &#8220;p\u00ebr Malin e Zi Evropian&#8221; \u00ebsht\u00eb koalicioni politik i ranguar m\u00eb lart\u00eb n\u00eb Mal t\u00eb Zi dhe ka p\u00ebrkrahjen e 47.2 p\u00ebr qind t\u00eb qytetar\u00ebve, ka treguar hulumtimi i opinionit publik q\u00eb \u00ebsht\u00eb b\u00ebr\u00eb n\u00eb tetor nga Qendra p\u00ebr demokraci dhe t\u00eb drejtat e njeriut. Sipas k\u00ebtij hulumtimi, p\u00ebr Frontin Demokratik, boshtin e t\u00eb cilit e p\u00ebrb\u00ebjn\u00eb &#8220;Demokracia e re Serbe-NOVA&#8221; dhe &#8220;L\u00ebvizja p\u00ebr ndryshime&#8221; do t\u00eb votonin 18.5 p\u00ebr qind t\u00eb qytetar\u00ebve, p\u00ebr &#8220;Partin\u00eb Socialiste Popullore&#8221; 14.9 p\u00ebr qind, kurse &#8220;Malin e Zi Pozitiv&#8221; 10.5 p\u00ebr qind.<\/p>\n<p>Hulumtimi ka treguar se &#8220;Harmonia Serbe&#8221; m\u00eb 1.9 p\u00ebr qind dhe koalicioni &#8220;S\u00eb Bashku&#8221; me 2.2 p\u00ebr qind nuk do t\u00eb kishin sukses q\u00eb ta kalonin censusin zgjedhor. Nga partit\u00eb e pakicave, p\u00ebr t\u00eb cilat vlen principi i aksionit afirmativ, m\u00eb lart\u00eb t\u00eb ranguara jan\u00eb &#8220;Partia e Boshnjake&#8221; me 2.3 p\u00ebr qind dhe &#8220;Unioni demokratik i Shqiptar\u00ebve&#8221; me 1.2 p\u00ebr qind gj\u00eb q\u00eb, sipas ligjit t\u00eb ri mbi zgjedhjen e deputet\u00ebve dhe k\u00ebshilltar\u00ebve, do t&#8217;u mund\u00ebsonte hyrje t\u00eb sigurt n\u00eb parlament. Hulumtimi i opinionit publik nga Qendra p\u00ebr Demokraci dhe t\u00eb Drejtat e Njeriut nuk ka lidhje me gjendjen reale dhe m\u00eb tep\u00ebr \u00ebsht\u00eb n\u00eb funksion t\u00eb propagand\u00ebs t\u00eb Partis\u00eb Demokratike t\u00eb Socialisteve, ka rekomanduar funksionari i frontit demokratik, Andrija Mandiq. Mandiq u ka th\u00ebn\u00eb gazetar\u00ebve se kjo ka ndodhur edhe n\u00eb t\u00eb kaluar\u00ebn dhe se hulumtimin e opinionit e ka b\u00ebr\u00eb njeriu t\u00eb cilin, si\u00e7 ka th\u00ebn\u00eb ai, e ka angazhuar Partia demokratike e Socialisteve si K\u00ebshilltar\u00eb. Ai jo vet\u00ebm se k\u00ebshillon, por edhe p\u00ebrkrah\u00eb n\u00eb t\u00eb gjitha m\u00ebnyrat e mundshme.<\/p>\n<p><strong>RTCG<\/strong><\/p>\n","protected":false},"excerpt":{"rendered":"<p>Koalicioni &#8220;p\u00ebr Malin e Zi Evropian&#8221; \u00ebsht\u00eb koalicioni politik i ranguar m\u00eb lart\u00eb n\u00eb Mal t\u00eb Zi dhe ka p\u00ebrkrahjen e 47.2 p\u00ebr qind t\u00eb qytetar\u00ebve, ka treguar hulumtimi i opinionit publik q\u00eb \u00ebsht\u00eb b\u00ebr\u00eb n\u00eb tetor nga Qendra p\u00ebr demokraci dhe t\u00eb drejtat e njeriut. Sipas k\u00ebtij hulumtimi, p\u00ebr Frontin Demokratik, boshtin e t\u00eb [&hellip;]<\/p>\n","protected":false},"author":1,"featured_media":0,"comment_status":"open","ping_status":"closed","sticky":false,"template":"","format":"standard","meta":{"spay_email":"","jetpack_publicize_message":"","jetpack_is_tweetstorm":false,"jetpack_publicize_feature_enabled":true},"categories":[11],"tags":[197,21156],"jetpack_publicize_connections":[],"yoast_head":"<!-- This site is optimized with the Yoast SEO plugin v19.1 - https:\/\/yoast.com\/wordpress\/plugins\/seo\/ -->\n<title>Hulumtimi i CEDEM-it nuk ka lidhje me realitetin - Lajme nga Ulqini<\/title>\n<meta name=\"description\" content=\"Koalicioni &quot;p\u00ebr Malin e Zi Evropian&quot; \u00ebsht\u00eb koalicioni politik i ranguar m\u00eb lart\u00eb n\u00eb Mal t\u00eb Zi dhe ka p\u00ebrkrahjen e 47.2 p\u00ebr qind t\u00eb qytetar\u00ebve, ka treguar\" \/>\n<meta name=\"robots\" content=\"index, follow, max-snippet:-1, max-image-preview:large, max-video-preview:-1\" \/>\n<link rel=\"canonical\" href=\"https:\/\/www.visit-ulcinj.com\/blog\/2012\/10\/03\/hulumtimi-i-cedem-it-nuk-ka-lidhje-me-realitetin\/\" \/>\n<meta property=\"og:locale\" content=\"en_US\" \/>\n<meta property=\"og:type\" content=\"article\" \/>\n<meta property=\"og:title\" content=\"Hulumtimi i CEDEM-it nuk ka lidhje me realitetin - Lajme nga Ulqini\" \/>\n<meta property=\"og:description\" content=\"Koalicioni &quot;p\u00ebr Malin e Zi Evropian&quot; \u00ebsht\u00eb koalicioni politik i ranguar m\u00eb lart\u00eb n\u00eb Mal t\u00eb Zi dhe ka p\u00ebrkrahjen e 47.2 p\u00ebr qind t\u00eb qytetar\u00ebve, ka treguar\" \/>\n<meta property=\"og:url\" content=\"https:\/\/www.visit-ulcinj.com\/blog\/2012\/10\/03\/hulumtimi-i-cedem-it-nuk-ka-lidhje-me-realitetin\/\" \/>\n<meta property=\"og:site_name\" content=\"Lajme nga Ulqini\" \/>\n<meta property=\"article:published_time\" content=\"2012-10-03T13:18:03+00:00\" \/>\n<meta name=\"twitter:label1\" content=\"Written by\" \/>\n\t<meta name=\"twitter:data1\" content=\"ulqini\" \/>\n\t<meta name=\"twitter:label2\" content=\"Est. reading time\" \/>\n\t<meta name=\"twitter:data2\" content=\"1 minute\" \/>\n<script type=\"application\/ld+json\" class=\"yoast-schema-graph\">{\"@context\":\"https:\/\/schema.org\",\"@graph\":[{\"@type\":\"WebSite\",\"@id\":\"https:\/\/www.visit-ulcinj.com\/blog\/#website\",\"url\":\"https:\/\/www.visit-ulcinj.com\/blog\/\",\"name\":\"Lajme nga Ulqini\",\"description\":\"Lajme,Vijesti,Ulqini,Ulqin,Crna Gora,Mali i Zi\",\"potentialAction\":[{\"@type\":\"SearchAction\",\"target\":{\"@type\":\"EntryPoint\",\"urlTemplate\":\"https:\/\/www.visit-ulcinj.com\/blog\/?s={search_term_string}\"},\"query-input\":\"required name=search_term_string\"}],\"inLanguage\":\"en-US\"},{\"@type\":\"WebPage\",\"@id\":\"https:\/\/www.visit-ulcinj.com\/blog\/2012\/10\/03\/hulumtimi-i-cedem-it-nuk-ka-lidhje-me-realitetin\/#webpage\",\"url\":\"https:\/\/www.visit-ulcinj.com\/blog\/2012\/10\/03\/hulumtimi-i-cedem-it-nuk-ka-lidhje-me-realitetin\/\",\"name\":\"Hulumtimi i CEDEM-it nuk ka lidhje me realitetin - Lajme nga Ulqini\",\"isPartOf\":{\"@id\":\"https:\/\/www.visit-ulcinj.com\/blog\/#website\"},\"datePublished\":\"2012-10-03T13:18:03+00:00\",\"dateModified\":\"2012-10-03T13:18:03+00:00\",\"author\":{\"@id\":\"https:\/\/www.visit-ulcinj.com\/blog\/#\/schema\/person\/dcab619c614d3038751c63bc2aadc06d\"},\"description\":\"Koalicioni \\\"p\u00ebr Malin e Zi Evropian\\\" \u00ebsht\u00eb koalicioni politik i ranguar m\u00eb lart\u00eb n\u00eb Mal t\u00eb Zi dhe ka p\u00ebrkrahjen e 47.2 p\u00ebr qind t\u00eb qytetar\u00ebve, ka treguar\",\"breadcrumb\":{\"@id\":\"https:\/\/www.visit-ulcinj.com\/blog\/2012\/10\/03\/hulumtimi-i-cedem-it-nuk-ka-lidhje-me-realitetin\/#breadcrumb\"},\"inLanguage\":\"en-US\",\"potentialAction\":[{\"@type\":\"ReadAction\",\"target\":[\"https:\/\/www.visit-ulcinj.com\/blog\/2012\/10\/03\/hulumtimi-i-cedem-it-nuk-ka-lidhje-me-realitetin\/\"]}]},{\"@type\":\"BreadcrumbList\",\"@id\":\"https:\/\/www.visit-ulcinj.com\/blog\/2012\/10\/03\/hulumtimi-i-cedem-it-nuk-ka-lidhje-me-realitetin\/#breadcrumb\",\"itemListElement\":[{\"@type\":\"ListItem\",\"position\":1,\"name\":\"Hulumtimi i CEDEM-it nuk ka lidhje me realitetin\"}]},{\"@type\":\"Person\",\"@id\":\"https:\/\/www.visit-ulcinj.com\/blog\/#\/schema\/person\/dcab619c614d3038751c63bc2aadc06d\",\"name\":\"ulqini\",\"sameAs\":[\"http:\/\/www.visit-ulcinj.com\"],\"url\":\"https:\/\/www.visit-ulcinj.com\/blog\/author\/admin\/\"}]}<\/script>\n<!-- \/ Yoast SEO plugin. -->","yoast_head_json":{"title":"Hulumtimi i CEDEM-it nuk ka lidhje me realitetin - Lajme nga Ulqini","description":"Koalicioni \"p\u00ebr Malin e Zi Evropian\" \u00ebsht\u00eb koalicioni politik i ranguar m\u00eb lart\u00eb n\u00eb Mal t\u00eb Zi dhe ka p\u00ebrkrahjen e 47.2 p\u00ebr qind t\u00eb qytetar\u00ebve, ka treguar","robots":{"index":"index","follow":"follow","max-snippet":"max-snippet:-1","max-image-preview":"max-image-preview:large","max-video-preview":"max-video-preview:-1"},"canonical":"https:\/\/www.visit-ulcinj.com\/blog\/2012\/10\/03\/hulumtimi-i-cedem-it-nuk-ka-lidhje-me-realitetin\/","og_locale":"en_US","og_type":"article","og_title":"Hulumtimi i CEDEM-it nuk ka lidhje me realitetin - Lajme nga Ulqini","og_description":"Koalicioni \"p\u00ebr Malin e Zi Evropian\" \u00ebsht\u00eb koalicioni politik i ranguar m\u00eb lart\u00eb n\u00eb Mal t\u00eb Zi dhe ka p\u00ebrkrahjen e 47.2 p\u00ebr qind t\u00eb qytetar\u00ebve, ka treguar","og_url":"https:\/\/www.visit-ulcinj.com\/blog\/2012\/10\/03\/hulumtimi-i-cedem-it-nuk-ka-lidhje-me-realitetin\/","og_site_name":"Lajme nga Ulqini","article_published_time":"2012-10-03T13:18:03+00:00","twitter_misc":{"Written by":"ulqini","Est. reading time":"1 minute"},"schema":{"@context":"https:\/\/schema.org","@graph":[{"@type":"WebSite","@id":"https:\/\/www.visit-ulcinj.com\/blog\/#website","url":"https:\/\/www.visit-ulcinj.com\/blog\/","name":"Lajme nga Ulqini","description":"Lajme,Vijesti,Ulqini,Ulqin,Crna Gora,Mali i Zi","potentialAction":[{"@type":"SearchAction","target":{"@type":"EntryPoint","urlTemplate":"https:\/\/www.visit-ulcinj.com\/blog\/?s={search_term_string}"},"query-input":"required name=search_term_string"}],"inLanguage":"en-US"},{"@type":"WebPage","@id":"https:\/\/www.visit-ulcinj.com\/blog\/2012\/10\/03\/hulumtimi-i-cedem-it-nuk-ka-lidhje-me-realitetin\/#webpage","url":"https:\/\/www.visit-ulcinj.com\/blog\/2012\/10\/03\/hulumtimi-i-cedem-it-nuk-ka-lidhje-me-realitetin\/","name":"Hulumtimi i CEDEM-it nuk ka lidhje me realitetin - Lajme nga Ulqini","isPartOf":{"@id":"https:\/\/www.visit-ulcinj.com\/blog\/#website"},"datePublished":"2012-10-03T13:18:03+00:00","dateModified":"2012-10-03T13:18:03+00:00","author":{"@id":"https:\/\/www.visit-ulcinj.com\/blog\/#\/schema\/person\/dcab619c614d3038751c63bc2aadc06d"},"description":"Koalicioni \"p\u00ebr Malin e Zi Evropian\" \u00ebsht\u00eb koalicioni politik i ranguar m\u00eb lart\u00eb n\u00eb Mal t\u00eb Zi dhe ka p\u00ebrkrahjen e 47.2 p\u00ebr qind t\u00eb qytetar\u00ebve, ka treguar","breadcrumb":{"@id":"https:\/\/www.visit-ulcinj.com\/blog\/2012\/10\/03\/hulumtimi-i-cedem-it-nuk-ka-lidhje-me-realitetin\/#breadcrumb"},"inLanguage":"en-US","potentialAction":[{"@type":"ReadAction","target":["https:\/\/www.visit-ulcinj.com\/blog\/2012\/10\/03\/hulumtimi-i-cedem-it-nuk-ka-lidhje-me-realitetin\/"]}]},{"@type":"BreadcrumbList","@id":"https:\/\/www.visit-ulcinj.com\/blog\/2012\/10\/03\/hulumtimi-i-cedem-it-nuk-ka-lidhje-me-realitetin\/#breadcrumb","itemListElement":[{"@type":"ListItem","position":1,"name":"Hulumtimi i CEDEM-it nuk ka lidhje me realitetin"}]},{"@type":"Person","@id":"https:\/\/www.visit-ulcinj.com\/blog\/#\/schema\/person\/dcab619c614d3038751c63bc2aadc06d","name":"ulqini","sameAs":["http:\/\/www.visit-ulcinj.com"],"url":"https:\/\/www.visit-ulcinj.com\/blog\/author\/admin\/"}]}},"jetpack_featured_media_url":"","jetpack_sharing_enabled":true,"jetpack_shortlink":"https:\/\/wp.me\/pe6lTn-gHU","_links":{"self":[{"href":"https:\/\/www.visit-ulcinj.com\/blog\/wp-json\/wp\/v2\/posts\/64226"}],"collection":[{"href":"https:\/\/www.visit-ulcinj.com\/blog\/wp-json\/wp\/v2\/posts"}],"about":[{"href":"https:\/\/www.visit-ulcinj.com\/blog\/wp-json\/wp\/v2\/types\/post"}],"author":[{"embeddable":true,"href":"https:\/\/www.visit-ulcinj.com\/blog\/wp-json\/wp\/v2\/users\/1"}],"replies":[{"embeddable":true,"href":"https:\/\/www.visit-ulcinj.com\/blog\/wp-json\/wp\/v2\/comments?post=64226"}],"version-history":[{"count":1,"href":"https:\/\/www.visit-ulcinj.com\/blog\/wp-json\/wp\/v2\/posts\/64226\/revisions"}],"predecessor-version":[{"id":64228,"href":"https:\/\/www.visit-ulcinj.com\/blog\/wp-json\/wp\/v2\/posts\/64226\/revisions\/64228"}],"wp:attachment":[{"href":"https:\/\/www.visit-ulcinj.com\/blog\/wp-json\/wp\/v2\/media?parent=64226"}],"wp:term":[{"taxonomy":"category","embeddable":true,"href":"https:\/\/www.visit-ulcinj.com\/blog\/wp-json\/wp\/v2\/categories?post=64226"},{"taxonomy":"post_tag","embeddable":true,"href":"https:\/\/www.visit-ulcinj.com\/blog\/wp-json\/wp\/v2\/tags?post=64226"}],"curies":[{"name":"wp","href":"https:\/\/api.w.org\/{rel}","templated":true}]}}