{"id":64235,"date":"2012-10-03T17:11:26","date_gmt":"2012-10-03T16:11:26","guid":{"rendered":"http:\/\/www.visit-ulcinj.com\/blog\/?p=64235"},"modified":"2012-10-03T17:11:57","modified_gmt":"2012-10-03T16:11:57","slug":"ne-ulqin-u-mbajt-tryeza-e-rrumbullaketproblemet-dhe-sfidat-e-qiramarresve-te-plazheve-ne-zonen-e-te-mirave-detare","status":"publish","type":"post","link":"https:\/\/www.visit-ulcinj.com\/blog\/2012\/10\/03\/ne-ulqin-u-mbajt-tryeza-e-rrumbullaketproblemet-dhe-sfidat-e-qiramarresve-te-plazheve-ne-zonen-e-te-mirave-detare\/","title":{"rendered":"N\u00eb Ulqin u mbajt tryeza e rrumbullaket,&#8221;Problemet dhe sfidat e qiramarr\u00ebsve t\u00eb plazheve n\u00eb zon\u00ebn e t\u00eb mirave detare &#8221;"},"content":{"rendered":"<p><a href=\"http:\/\/www.visit-ulcinj.com\/blog\/wp-content\/uploads\/2012\/10\/N\u00eb-Ulqin-u-mbajt-tryeza-e-rrumbullake_qiramarr\u00ebsve-t\u00eb-plazheve.2.jpg\"><img loading=\"lazy\" class=\"alignleft  wp-image-64236\" title=\"N\u00eb Ulqin u mbajt tryeza e rrumbullake_qiramarr\u00ebsve t\u00eb plazheve.2\" src=\"http:\/\/www.visit-ulcinj.com\/blog\/wp-content\/uploads\/2012\/10\/N\u00eb-Ulqin-u-mbajt-tryeza-e-rrumbullake_qiramarr\u00ebsve-t\u00eb-plazheve.2.jpg\" alt=\"\" width=\"508\" height=\"360\" \/><\/a>N\u00eb Ulqin me 29.9.2012 u mbajt tryeza e rrumbullaket me tem\u00eb &#8221;Problemet dhe sfidat e qiramarr\u00ebsve t\u00eb plazheve n\u00eb zon\u00ebn e t\u00eb mirave detare &#8221;. Takimi u organizua nga ana e administrat\u00ebs lokale me qellim t\u00eb eleminimit t\u00eb barierave me t\u00eb cilat ndeshen qiramarr\u00ebsit e plazheve n\u00eb Ulqin dhe n\u00eb Mal t\u00eb Zi.<\/p>\n<p>N\u00eb takim mor\u00ebn pjes\u00eb zyrtaret m\u00eb t\u00eb lart\u00eb t\u00eb Komun\u00ebs s\u00eb Ulqinit n\u00eb krye me Kryetarin e Komun\u00ebs z. Nazif Cungu, p\u00ebrfaq\u00ebsuesit e NP &#8221;T\u00eb mirat detare&#8221; si dhe qiramarr\u00ebsit e plazheve nga Ulqini.<br \/>\nN\u00eb k\u00ebt\u00eb tryez\u00eb ishte i pranishem dhe N\u00ebnkryetari i Dubrovnikut z. Niko Sala i cili prezantoi pervojat e dh\u00ebnijes s\u00eb plazheve dhe problematiken e administrimit n\u00eb zon\u00ebn e t\u00eb mirave detare n\u00eb Kroaci.<br \/>\nKryetari i Komun\u00ebs s\u00eb Ulqinit n\u00ebnvizoi problmet me t\u00eb cilat ndeshen qiramarr\u00ebsit e plazheve, dhe si problem kryesor ai ve\u00e7oi koh\u00ebzgjatjen e kontratave dhe mjetet e shpenzuara n\u00eb investime, gj\u00eb e cila ndikon drejtp\u00ebrdrejt n\u00eb oferten turistike t\u00eb Ulqinit.<\/p>\n<p><a href=\"http:\/\/www.visit-ulcinj.com\/blog\/wp-content\/uploads\/2012\/10\/N\u00eb-Ulqin-u-mbajt-tryeza-e-rrumbullake_qiramarr\u00ebsve-t\u00eb-plazheve.1.jpg\"><img loading=\"lazy\" class=\"alignleft  wp-image-64237\" title=\"N\u00eb Ulqin u mbajt tryeza e rrumbullake_qiramarr\u00ebsve t\u00eb plazheve.1\" src=\"http:\/\/www.visit-ulcinj.com\/blog\/wp-content\/uploads\/2012\/10\/N\u00eb-Ulqin-u-mbajt-tryeza-e-rrumbullake_qiramarr\u00ebsve-t\u00eb-plazheve.1.jpg\" alt=\"\" width=\"508\" height=\"300\" \/><\/a><br \/>\nNjer\u00ebzit investojn\u00eb shuma t\u00eb m\u00ebdha por k\u00ebto investime nuk jan\u00eb t\u00eb sigurta pasi askush nuk i garanton atyre q\u00eb mund ta marrin p\u00ebrseri n\u00eb shfyt\u00ebzim plazhin pas skadimit t\u00eb afatit t\u00eb qiramarrj\u00ebs q\u00eb mund t\u00eb jet\u00eb afat nj\u00eb apo dy vje\u00e7ar. N\u00eb k\u00ebto kushte m\u00eb s\u00eb tep\u00ebrmi p\u00ebson turizmi dhe hoteleria, sepse qiramarr\u00ebsit jan\u00eb t\u00eb detyruar t\u00eb paguajn shuma t\u00eb m\u00ebdha dhe joreale p\u00ebr shfrytazim, gj\u00eb e cila ndikon dhe n\u00eb \u00e7mimet e sherbimeve n\u00eb plazh\u00eb.<br \/>\nNd\u00ebrkaq, z.Sala sqaroi q\u00eb marrja me qira e plazheve n\u00eb Kroaci \u00ebsht\u00eb e zgjidhur me koncesione n\u00eb afat 10-20 vjet dhe t\u00eb ardhurat nga koncesionet ndahen n\u00eb tri pjes\u00eb, nj\u00eb pjes\u00eb i takon shtetit, nj\u00eb pjes\u00eb qarkut dhe nj\u00eb pjes\u00eb komun\u00ebs. Ai poashtu n\u00ebnvizoi q\u00eb mjetet t\u00eb cilat grumbullohen n\u00eb k\u00ebt\u00eb m\u00ebnyr\u00eb shpenzohen p\u00ebr investime t\u00eb reja dhe mirmbajtjen e plazheve.<br \/>\nP\u00ebrfaq\u00ebsuesit e NP p\u00ebr t\u00eb mirat detare u pajtuan q\u00eb \u00ebsht\u00eb i nevojshem stabilzimi i \u00e7mimeve dhe t\u00eb zgjatet afati i marrjes me qira posa\u00e7\u00ebrisht p\u00ebr shfrytezuesit t\u00eb cil\u00ebt respektojn t\u00eb gjitha obligimet dhe kushtet e parapara me rregullore.<br \/>\nPo ashtu u ve\u00e7uan edhe problemet rreth shpalljes s\u00eb tenderave ku shfyt\u00ebzuesit e vjeter dhe krahas investimeve n\u00eb vler\u00eb prej qinda mijera eurosh p\u00ebr shkak t\u00eb kushteve n\u00eb tender i cili i ka dh\u00ebn\u00eb k\u00ebsaj \u00e7\u00ebshtje vetem 10 pik\u00eb, investitor\u00ebt i kan\u00eb humbur k\u00ebto plazha.<\/p>\n<p><a href=\"http:\/\/www.visit-ulcinj.com\/blog\/wp-content\/uploads\/2012\/10\/N\u00eb-Ulqin-u-mbajt-tryeza-e-rrumbullake_qiramarr\u00ebsve-t\u00eb-plazheve.jpg\"><img loading=\"lazy\" class=\"alignleft  wp-image-64238\" title=\"N\u00eb Ulqin u mbajt tryeza e rrumbullake_qiramarr\u00ebsve t\u00eb plazheve\" src=\"http:\/\/www.visit-ulcinj.com\/blog\/wp-content\/uploads\/2012\/10\/N\u00eb-Ulqin-u-mbajt-tryeza-e-rrumbullake_qiramarr\u00ebsve-t\u00eb-plazheve.jpg\" alt=\"\" width=\"508\" height=\"300\" \/><\/a><br \/>\nP\u00ebrve\u00e7 t\u00eb tjerash n\u00eb takim \u00ebshte diskutuar edhe p\u00ebr problemet e shp\u00ebtimtarve n\u00eb plazh\u00eb, rrug\u00ebve q\u00eb t\u00eb \u00e7ojn\u00eb p\u00ebr n\u00eb plazh\u00eb, bartjes s\u00eb plehrave si dhe p\u00ebr probleme t\u00eb tjera me t\u00eb cilat ndeshen qiramarr\u00ebsit e plazheve.<br \/>\nU ra dakort q\u00eb p\u00ebrfundimet nga ky takim ti d\u00ebrgohen Ministrive p\u00ebrkat\u00ebse dhe n\u00eb marrveshtje me ta t\u00eb gjindet m\u00ebnyra p\u00ebr shtyrjen e kontratave n\u00eb afat prej minimum pes\u00eb vjetesh dhe me klauzol\u00eb q\u00eb n\u00ebs\u00eb investuesi qiramarr\u00ebs nuk i p\u00ebrmbahet kushteve obligohet q\u00eb t\u00eb liroj\u00eb plazhin.<\/p>\n<p>&nbsp;<\/p>\n<p><strong>Op\u0161tina Ulcinj \/ Komuna e Ulqinit<\/strong><br \/>\nTel: +382 30 412 050<br \/>\nFax: +382 30 412 413<br \/>\nAdresa: Bul. Skenderbeu bb, 85360 Ulcinj, MNE<\/p>\n","protected":false},"excerpt":{"rendered":"<p>N\u00eb Ulqin me 29.9.2012 u mbajt tryeza e rrumbullaket me tem\u00eb &#8221;Problemet dhe sfidat e qiramarr\u00ebsve t\u00eb plazheve n\u00eb zon\u00ebn e t\u00eb mirave detare &#8221;. Takimi u organizua nga ana e administrat\u00ebs lokale me qellim t\u00eb eleminimit t\u00eb barierave me t\u00eb cilat ndeshen qiramarr\u00ebsit e plazheve n\u00eb Ulqin dhe n\u00eb Mal t\u00eb Zi. N\u00eb takim [&hellip;]<\/p>\n","protected":false},"author":1,"featured_media":0,"comment_status":"open","ping_status":"closed","sticky":false,"template":"","format":"standard","meta":{"spay_email":"","jetpack_publicize_message":"","jetpack_is_tweetstorm":false,"jetpack_publicize_feature_enabled":true},"categories":[13],"tags":[297,3084,5882],"jetpack_publicize_connections":[],"yoast_head":"<!-- This site is optimized with the Yoast SEO plugin v19.1 - https:\/\/yoast.com\/wordpress\/plugins\/seo\/ -->\n<title>N\u00eb Ulqin u mbajt tryeza e rrumbullaket,&#039;&#039;Problemet dhe sfidat e qiramarr\u00ebsve t\u00eb plazheve n\u00eb zon\u00ebn e t\u00eb mirave detare &#039;&#039; - Lajme nga Ulqini<\/title>\n<meta name=\"description\" content=\"N\u00eb Ulqin me 29.9.2012 u mbajt tryeza e rrumbullaket me tem\u00eb &#039;&#039;Problemet dhe sfidat e qiramarr\u00ebsve t\u00eb plazheve n\u00eb zon\u00ebn e t\u00eb mirave detare &#039;&#039;. Takimi u\" \/>\n<meta name=\"robots\" content=\"index, follow, max-snippet:-1, max-image-preview:large, max-video-preview:-1\" \/>\n<link rel=\"canonical\" href=\"https:\/\/www.visit-ulcinj.com\/blog\/2012\/10\/03\/ne-ulqin-u-mbajt-tryeza-e-rrumbullaketproblemet-dhe-sfidat-e-qiramarresve-te-plazheve-ne-zonen-e-te-mirave-detare\/\" \/>\n<meta property=\"og:locale\" content=\"en_US\" \/>\n<meta property=\"og:type\" content=\"article\" \/>\n<meta property=\"og:title\" content=\"N\u00eb Ulqin u mbajt tryeza e rrumbullaket,&#039;&#039;Problemet dhe sfidat e qiramarr\u00ebsve t\u00eb plazheve n\u00eb zon\u00ebn e t\u00eb mirave detare &#039;&#039; - Lajme nga Ulqini\" \/>\n<meta property=\"og:description\" content=\"N\u00eb Ulqin me 29.9.2012 u mbajt tryeza e rrumbullaket me tem\u00eb &#039;&#039;Problemet dhe sfidat e qiramarr\u00ebsve t\u00eb plazheve n\u00eb zon\u00ebn e t\u00eb mirave detare &#039;&#039;. Takimi u\" \/>\n<meta property=\"og:url\" content=\"https:\/\/www.visit-ulcinj.com\/blog\/2012\/10\/03\/ne-ulqin-u-mbajt-tryeza-e-rrumbullaketproblemet-dhe-sfidat-e-qiramarresve-te-plazheve-ne-zonen-e-te-mirave-detare\/\" \/>\n<meta property=\"og:site_name\" content=\"Lajme nga Ulqini\" \/>\n<meta property=\"article:published_time\" content=\"2012-10-03T16:11:26+00:00\" \/>\n<meta property=\"article:modified_time\" content=\"2012-10-03T16:11:57+00:00\" \/>\n<meta name=\"twitter:label1\" content=\"Written by\" \/>\n\t<meta name=\"twitter:data1\" content=\"ulqini\" \/>\n\t<meta name=\"twitter:label2\" content=\"Est. reading time\" \/>\n\t<meta name=\"twitter:data2\" content=\"3 minutes\" \/>\n<script type=\"application\/ld+json\" class=\"yoast-schema-graph\">{\"@context\":\"https:\/\/schema.org\",\"@graph\":[{\"@type\":\"WebSite\",\"@id\":\"https:\/\/www.visit-ulcinj.com\/blog\/#website\",\"url\":\"https:\/\/www.visit-ulcinj.com\/blog\/\",\"name\":\"Lajme nga Ulqini\",\"description\":\"Lajme,Vijesti,Ulqini,Ulqin,Crna Gora,Mali i Zi\",\"potentialAction\":[{\"@type\":\"SearchAction\",\"target\":{\"@type\":\"EntryPoint\",\"urlTemplate\":\"https:\/\/www.visit-ulcinj.com\/blog\/?s={search_term_string}\"},\"query-input\":\"required name=search_term_string\"}],\"inLanguage\":\"en-US\"},{\"@type\":\"WebPage\",\"@id\":\"https:\/\/www.visit-ulcinj.com\/blog\/2012\/10\/03\/ne-ulqin-u-mbajt-tryeza-e-rrumbullaketproblemet-dhe-sfidat-e-qiramarresve-te-plazheve-ne-zonen-e-te-mirave-detare\/#webpage\",\"url\":\"https:\/\/www.visit-ulcinj.com\/blog\/2012\/10\/03\/ne-ulqin-u-mbajt-tryeza-e-rrumbullaketproblemet-dhe-sfidat-e-qiramarresve-te-plazheve-ne-zonen-e-te-mirave-detare\/\",\"name\":\"N\u00eb Ulqin u mbajt tryeza e rrumbullaket,''Problemet dhe sfidat e qiramarr\u00ebsve t\u00eb plazheve n\u00eb zon\u00ebn e t\u00eb mirave detare '' - Lajme nga Ulqini\",\"isPartOf\":{\"@id\":\"https:\/\/www.visit-ulcinj.com\/blog\/#website\"},\"datePublished\":\"2012-10-03T16:11:26+00:00\",\"dateModified\":\"2012-10-03T16:11:57+00:00\",\"author\":{\"@id\":\"https:\/\/www.visit-ulcinj.com\/blog\/#\/schema\/person\/dcab619c614d3038751c63bc2aadc06d\"},\"description\":\"N\u00eb Ulqin me 29.9.2012 u mbajt tryeza e rrumbullaket me tem\u00eb ''Problemet dhe sfidat e qiramarr\u00ebsve t\u00eb plazheve n\u00eb zon\u00ebn e t\u00eb mirave detare ''. Takimi u\",\"breadcrumb\":{\"@id\":\"https:\/\/www.visit-ulcinj.com\/blog\/2012\/10\/03\/ne-ulqin-u-mbajt-tryeza-e-rrumbullaketproblemet-dhe-sfidat-e-qiramarresve-te-plazheve-ne-zonen-e-te-mirave-detare\/#breadcrumb\"},\"inLanguage\":\"en-US\",\"potentialAction\":[{\"@type\":\"ReadAction\",\"target\":[\"https:\/\/www.visit-ulcinj.com\/blog\/2012\/10\/03\/ne-ulqin-u-mbajt-tryeza-e-rrumbullaketproblemet-dhe-sfidat-e-qiramarresve-te-plazheve-ne-zonen-e-te-mirave-detare\/\"]}]},{\"@type\":\"BreadcrumbList\",\"@id\":\"https:\/\/www.visit-ulcinj.com\/blog\/2012\/10\/03\/ne-ulqin-u-mbajt-tryeza-e-rrumbullaketproblemet-dhe-sfidat-e-qiramarresve-te-plazheve-ne-zonen-e-te-mirave-detare\/#breadcrumb\",\"itemListElement\":[{\"@type\":\"ListItem\",\"position\":1,\"name\":\"N\u00eb Ulqin u mbajt tryeza e rrumbullaket,&#8221;Problemet dhe sfidat e qiramarr\u00ebsve t\u00eb plazheve n\u00eb zon\u00ebn e t\u00eb mirave detare &#8221;\"}]},{\"@type\":\"Person\",\"@id\":\"https:\/\/www.visit-ulcinj.com\/blog\/#\/schema\/person\/dcab619c614d3038751c63bc2aadc06d\",\"name\":\"ulqini\",\"sameAs\":[\"http:\/\/www.visit-ulcinj.com\"],\"url\":\"https:\/\/www.visit-ulcinj.com\/blog\/author\/admin\/\"}]}<\/script>\n<!-- \/ Yoast SEO plugin. -->","yoast_head_json":{"title":"N\u00eb Ulqin u mbajt tryeza e rrumbullaket,''Problemet dhe sfidat e qiramarr\u00ebsve t\u00eb plazheve n\u00eb zon\u00ebn e t\u00eb mirave detare '' - Lajme nga Ulqini","description":"N\u00eb Ulqin me 29.9.2012 u mbajt tryeza e rrumbullaket me tem\u00eb ''Problemet dhe sfidat e qiramarr\u00ebsve t\u00eb plazheve n\u00eb zon\u00ebn e t\u00eb mirave detare ''. Takimi u","robots":{"index":"index","follow":"follow","max-snippet":"max-snippet:-1","max-image-preview":"max-image-preview:large","max-video-preview":"max-video-preview:-1"},"canonical":"https:\/\/www.visit-ulcinj.com\/blog\/2012\/10\/03\/ne-ulqin-u-mbajt-tryeza-e-rrumbullaketproblemet-dhe-sfidat-e-qiramarresve-te-plazheve-ne-zonen-e-te-mirave-detare\/","og_locale":"en_US","og_type":"article","og_title":"N\u00eb Ulqin u mbajt tryeza e rrumbullaket,''Problemet dhe sfidat e qiramarr\u00ebsve t\u00eb plazheve n\u00eb zon\u00ebn e t\u00eb mirave detare '' - Lajme nga Ulqini","og_description":"N\u00eb Ulqin me 29.9.2012 u mbajt tryeza e rrumbullaket me tem\u00eb ''Problemet dhe sfidat e qiramarr\u00ebsve t\u00eb plazheve n\u00eb zon\u00ebn e t\u00eb mirave detare ''. Takimi u","og_url":"https:\/\/www.visit-ulcinj.com\/blog\/2012\/10\/03\/ne-ulqin-u-mbajt-tryeza-e-rrumbullaketproblemet-dhe-sfidat-e-qiramarresve-te-plazheve-ne-zonen-e-te-mirave-detare\/","og_site_name":"Lajme nga Ulqini","article_published_time":"2012-10-03T16:11:26+00:00","article_modified_time":"2012-10-03T16:11:57+00:00","twitter_misc":{"Written by":"ulqini","Est. reading time":"3 minutes"},"schema":{"@context":"https:\/\/schema.org","@graph":[{"@type":"WebSite","@id":"https:\/\/www.visit-ulcinj.com\/blog\/#website","url":"https:\/\/www.visit-ulcinj.com\/blog\/","name":"Lajme nga Ulqini","description":"Lajme,Vijesti,Ulqini,Ulqin,Crna Gora,Mali i Zi","potentialAction":[{"@type":"SearchAction","target":{"@type":"EntryPoint","urlTemplate":"https:\/\/www.visit-ulcinj.com\/blog\/?s={search_term_string}"},"query-input":"required name=search_term_string"}],"inLanguage":"en-US"},{"@type":"WebPage","@id":"https:\/\/www.visit-ulcinj.com\/blog\/2012\/10\/03\/ne-ulqin-u-mbajt-tryeza-e-rrumbullaketproblemet-dhe-sfidat-e-qiramarresve-te-plazheve-ne-zonen-e-te-mirave-detare\/#webpage","url":"https:\/\/www.visit-ulcinj.com\/blog\/2012\/10\/03\/ne-ulqin-u-mbajt-tryeza-e-rrumbullaketproblemet-dhe-sfidat-e-qiramarresve-te-plazheve-ne-zonen-e-te-mirave-detare\/","name":"N\u00eb Ulqin u mbajt tryeza e rrumbullaket,''Problemet dhe sfidat e qiramarr\u00ebsve t\u00eb plazheve n\u00eb zon\u00ebn e t\u00eb mirave detare '' - Lajme nga Ulqini","isPartOf":{"@id":"https:\/\/www.visit-ulcinj.com\/blog\/#website"},"datePublished":"2012-10-03T16:11:26+00:00","dateModified":"2012-10-03T16:11:57+00:00","author":{"@id":"https:\/\/www.visit-ulcinj.com\/blog\/#\/schema\/person\/dcab619c614d3038751c63bc2aadc06d"},"description":"N\u00eb Ulqin me 29.9.2012 u mbajt tryeza e rrumbullaket me tem\u00eb ''Problemet dhe sfidat e qiramarr\u00ebsve t\u00eb plazheve n\u00eb zon\u00ebn e t\u00eb mirave detare ''. Takimi u","breadcrumb":{"@id":"https:\/\/www.visit-ulcinj.com\/blog\/2012\/10\/03\/ne-ulqin-u-mbajt-tryeza-e-rrumbullaketproblemet-dhe-sfidat-e-qiramarresve-te-plazheve-ne-zonen-e-te-mirave-detare\/#breadcrumb"},"inLanguage":"en-US","potentialAction":[{"@type":"ReadAction","target":["https:\/\/www.visit-ulcinj.com\/blog\/2012\/10\/03\/ne-ulqin-u-mbajt-tryeza-e-rrumbullaketproblemet-dhe-sfidat-e-qiramarresve-te-plazheve-ne-zonen-e-te-mirave-detare\/"]}]},{"@type":"BreadcrumbList","@id":"https:\/\/www.visit-ulcinj.com\/blog\/2012\/10\/03\/ne-ulqin-u-mbajt-tryeza-e-rrumbullaketproblemet-dhe-sfidat-e-qiramarresve-te-plazheve-ne-zonen-e-te-mirave-detare\/#breadcrumb","itemListElement":[{"@type":"ListItem","position":1,"name":"N\u00eb Ulqin u mbajt tryeza e rrumbullaket,&#8221;Problemet dhe sfidat e qiramarr\u00ebsve t\u00eb plazheve n\u00eb zon\u00ebn e t\u00eb mirave detare &#8221;"}]},{"@type":"Person","@id":"https:\/\/www.visit-ulcinj.com\/blog\/#\/schema\/person\/dcab619c614d3038751c63bc2aadc06d","name":"ulqini","sameAs":["http:\/\/www.visit-ulcinj.com"],"url":"https:\/\/www.visit-ulcinj.com\/blog\/author\/admin\/"}]}},"jetpack_featured_media_url":"","jetpack_sharing_enabled":true,"jetpack_shortlink":"https:\/\/wp.me\/pe6lTn-gI3","_links":{"self":[{"href":"https:\/\/www.visit-ulcinj.com\/blog\/wp-json\/wp\/v2\/posts\/64235"}],"collection":[{"href":"https:\/\/www.visit-ulcinj.com\/blog\/wp-json\/wp\/v2\/posts"}],"about":[{"href":"https:\/\/www.visit-ulcinj.com\/blog\/wp-json\/wp\/v2\/types\/post"}],"author":[{"embeddable":true,"href":"https:\/\/www.visit-ulcinj.com\/blog\/wp-json\/wp\/v2\/users\/1"}],"replies":[{"embeddable":true,"href":"https:\/\/www.visit-ulcinj.com\/blog\/wp-json\/wp\/v2\/comments?post=64235"}],"version-history":[{"count":2,"href":"https:\/\/www.visit-ulcinj.com\/blog\/wp-json\/wp\/v2\/posts\/64235\/revisions"}],"predecessor-version":[{"id":64240,"href":"https:\/\/www.visit-ulcinj.com\/blog\/wp-json\/wp\/v2\/posts\/64235\/revisions\/64240"}],"wp:attachment":[{"href":"https:\/\/www.visit-ulcinj.com\/blog\/wp-json\/wp\/v2\/media?parent=64235"}],"wp:term":[{"taxonomy":"category","embeddable":true,"href":"https:\/\/www.visit-ulcinj.com\/blog\/wp-json\/wp\/v2\/categories?post=64235"},{"taxonomy":"post_tag","embeddable":true,"href":"https:\/\/www.visit-ulcinj.com\/blog\/wp-json\/wp\/v2\/tags?post=64235"}],"curies":[{"name":"wp","href":"https:\/\/api.w.org\/{rel}","templated":true}]}}