{"id":64244,"date":"2012-10-03T17:21:32","date_gmt":"2012-10-03T16:21:32","guid":{"rendered":"http:\/\/www.visit-ulcinj.com\/blog\/?p=64244"},"modified":"2012-10-05T11:28:14","modified_gmt":"2012-10-05T10:28:14","slug":"u-ulcinju-odrzan-okrugli-stoproblemi-i-izazovi-zakupaca-plaza-u-zoni-morskog-dobra","status":"publish","type":"post","link":"https:\/\/www.visit-ulcinj.com\/blog\/2012\/10\/03\/u-ulcinju-odrzan-okrugli-stoproblemi-i-izazovi-zakupaca-plaza-u-zoni-morskog-dobra\/","title":{"rendered":"U Ulcinju odr\u017ean okrugli sto,\u201cProblemi i izazovi zakupaca pla\u017ea u zoni morskog dobra\u201d"},"content":{"rendered":"<p>U Ulcinju je 29.09.2012. godine odr\u017ean okrugli sto &#8221; Problemi i izazovi zakupaca pla\u017ea u zoni morskog dobra&#8221;, organizovan od strane lokalne uprave u cilju uklanjanja barijera sa kojim se susre\u0107u zakupci pla\u017ea u Ulcinj i Crnoj Gori. Na sastanku su u\u010destvovali najvi\u0161i zvani\u010dnici op\u0161tine Ulcinj na celu sa Predsjednikom op\u0161tine Nazifom Cunguom, predstavnici JP Morsko Dobro, kao i zakupci pla\u017ea iz Ulcinja.<\/p>\n<p><a href=\"http:\/\/www.visit-ulcinj.com\/blog\/wp-content\/uploads\/2012\/10\/N\u00eb-Ulqin-u-mbajt-tryeza-e-rrumbullake_qiramarr\u00ebsve-t\u00eb-plazheve1.jpg\"><img loading=\"lazy\" class=\"alignleft  wp-image-64245\" title=\"N\u00eb Ulqin u mbajt tryeza e rrumbullake_qiramarr\u00ebsve t\u00eb plazheve\" src=\"http:\/\/www.visit-ulcinj.com\/blog\/wp-content\/uploads\/2012\/10\/N\u00eb-Ulqin-u-mbajt-tryeza-e-rrumbullake_qiramarr\u00ebsve-t\u00eb-plazheve1.jpg\" alt=\"\" width=\"508\" height=\"360\" \/><\/a><br \/>\nSastanku je prisustvovao i zamjenik gradona\u010delnika Dubrovnika Niko Salja koji je prenio iskustva izdavanja pla\u017ea i problematiku upravljanja morskim dobrom u Hrvatskoj.<br \/>\nPredsjednik op\u0161tine Ulcinj je naveo probleme sa kojim se susre\u0107u zakupci pla\u017ea, a kao glavni je naveo du\u017einu ugovora zakupa i ulo\u017eene investicije, \u0161to \u0107e direktno uticati na najbolju turisti\u010dku ponudu Ulcinja pla\u017ee.<br \/>\nLjudi investiraju velike iznose ali im investicije nisu sigurne jer im niko ne garantuje da \u0107e nakon isteka zakupa od jedne ili dvije godine, pla\u017eu ponovo zakupiti. U takvim uslovima najvi\u0161e trpi turizam i ugostiteljstvo, jer zakupci su primorani da pla\u0107aju visoke i nerealne iznose za zakup, sto kasnije utice i na cijene usluga na plazama.<br \/>\nG-din Salja je objasni da je zakup pla\u017ea u Hrvatskoj rije\u0161en koncesijama od 10 \u2013 20 godina, i da se prihodi od koncesija dijele na tri djela, dio drzavi, dio \u017eupaniji i dio op\u0161tini. Tako\u0111je je naveo da sredstva koja se prikupljuju na taj na\u010din namjenski se tro\u0161e na nove investicije i odr\u017eavanje pla\u017ea.<br \/>\nPredstavnici JPMD su se slo\u017eili da je potrebno stabilizovati cijene i produ\u017eiti rok zakupa, naro\u010dito sa korisnicima koji su ispostovali sve svoje obaveze i uslove propisane pravilnikom.<br \/>\nUkazano je na probleme oko objavljivana tendera pri kojem su stari zakupci i pored ulaganja od nekoliko stotina hiljada eura zbog uslova tendera koji im je dao samo 10 bodova bili u mogu\u0107nosti da izgube kupaliste zbog nekoliko hiljada eura.<br \/>\nTakodje se razgovaralo i o problemima spasioca, pristupnih puteva na pla\u017eama, odvozu sme\u0107a i ostalim problemima sa kojim se susre\u0107u zakupci.<br \/>\nDogovoreno je da se zaklju\u010di sa ovog skupa proslijede nadle\u017enim Ministarstvima i da se u pregovorima sa njima prona\u0111je na\u010din za produ\u017eenje vazenja ugovora na minimum pet godina uz klauzule da ukoliko se pojavi investitor zakupac ukoliko ne postigne dogovor sa njim ima obaveza da oslobodi pla\u017eu.<\/p>\n<p><strong>Op\u0161tina Ulcinj \/ Komuna e Ulqinit<\/strong><br \/>\nTel: +382 30 412 050<br \/>\nFax: +382 30 412 413<br \/>\nAdresa: Bul. Skenderbeu bb, 85360 Ulcinj, MNE<\/p>\n","protected":false},"excerpt":{"rendered":"<p>U Ulcinju je 29.09.2012. godine odr\u017ean okrugli sto &#8221; Problemi i izazovi zakupaca pla\u017ea u zoni morskog dobra&#8221;, organizovan od strane lokalne uprave u cilju uklanjanja barijera sa kojim se susre\u0107u zakupci pla\u017ea u Ulcinj i Crnoj Gori. Na sastanku su u\u010destvovali najvi\u0161i zvani\u010dnici op\u0161tine Ulcinj na celu sa Predsjednikom op\u0161tine Nazifom Cunguom, predstavnici JP [&hellip;]<\/p>\n","protected":false},"author":1,"featured_media":0,"comment_status":"open","ping_status":"closed","sticky":false,"template":"","format":"standard","meta":{"spay_email":"","jetpack_publicize_message":"","jetpack_is_tweetstorm":false,"jetpack_publicize_feature_enabled":true},"categories":[8337],"tags":[2019,19],"jetpack_publicize_connections":[],"yoast_head":"<!-- This site is optimized with the Yoast SEO plugin v19.1 - https:\/\/yoast.com\/wordpress\/plugins\/seo\/ -->\n<title>U Ulcinju odr\u017ean okrugli sto,\u201cProblemi i izazovi zakupaca pla\u017ea u zoni morskog dobra\u201d - Lajme nga Ulqini<\/title>\n<meta name=\"description\" content=\"U Ulcinju je 29.09.2012. godine odr\u017ean okrugli sto &quot; Problemi i izazovi zakupaca pla\u017ea u zoni morskog dobra&quot;, organizovan od strane lokalne uprave u cilju\" \/>\n<meta name=\"robots\" content=\"index, follow, max-snippet:-1, max-image-preview:large, max-video-preview:-1\" \/>\n<link rel=\"canonical\" href=\"https:\/\/www.visit-ulcinj.com\/blog\/2012\/10\/03\/u-ulcinju-odrzan-okrugli-stoproblemi-i-izazovi-zakupaca-plaza-u-zoni-morskog-dobra\/\" \/>\n<meta property=\"og:locale\" content=\"en_US\" \/>\n<meta property=\"og:type\" content=\"article\" \/>\n<meta property=\"og:title\" content=\"U Ulcinju odr\u017ean okrugli sto,\u201cProblemi i izazovi zakupaca pla\u017ea u zoni morskog dobra\u201d - Lajme nga Ulqini\" \/>\n<meta property=\"og:description\" content=\"U Ulcinju je 29.09.2012. godine odr\u017ean okrugli sto &quot; Problemi i izazovi zakupaca pla\u017ea u zoni morskog dobra&quot;, organizovan od strane lokalne uprave u cilju\" \/>\n<meta property=\"og:url\" content=\"https:\/\/www.visit-ulcinj.com\/blog\/2012\/10\/03\/u-ulcinju-odrzan-okrugli-stoproblemi-i-izazovi-zakupaca-plaza-u-zoni-morskog-dobra\/\" \/>\n<meta property=\"og:site_name\" content=\"Lajme nga Ulqini\" \/>\n<meta property=\"article:published_time\" content=\"2012-10-03T16:21:32+00:00\" \/>\n<meta property=\"article:modified_time\" content=\"2012-10-05T10:28:14+00:00\" \/>\n<meta name=\"twitter:label1\" content=\"Written by\" \/>\n\t<meta name=\"twitter:data1\" content=\"ulqini\" \/>\n\t<meta name=\"twitter:label2\" content=\"Est. reading time\" \/>\n\t<meta name=\"twitter:data2\" content=\"2 minutes\" \/>\n<script type=\"application\/ld+json\" class=\"yoast-schema-graph\">{\"@context\":\"https:\/\/schema.org\",\"@graph\":[{\"@type\":\"WebSite\",\"@id\":\"https:\/\/www.visit-ulcinj.com\/blog\/#website\",\"url\":\"https:\/\/www.visit-ulcinj.com\/blog\/\",\"name\":\"Lajme nga Ulqini\",\"description\":\"Lajme,Vijesti,Ulqini,Ulqin,Crna Gora,Mali i Zi\",\"potentialAction\":[{\"@type\":\"SearchAction\",\"target\":{\"@type\":\"EntryPoint\",\"urlTemplate\":\"https:\/\/www.visit-ulcinj.com\/blog\/?s={search_term_string}\"},\"query-input\":\"required name=search_term_string\"}],\"inLanguage\":\"en-US\"},{\"@type\":\"WebPage\",\"@id\":\"https:\/\/www.visit-ulcinj.com\/blog\/2012\/10\/03\/u-ulcinju-odrzan-okrugli-stoproblemi-i-izazovi-zakupaca-plaza-u-zoni-morskog-dobra\/#webpage\",\"url\":\"https:\/\/www.visit-ulcinj.com\/blog\/2012\/10\/03\/u-ulcinju-odrzan-okrugli-stoproblemi-i-izazovi-zakupaca-plaza-u-zoni-morskog-dobra\/\",\"name\":\"U Ulcinju odr\u017ean okrugli sto,\u201cProblemi i izazovi zakupaca pla\u017ea u zoni morskog dobra\u201d - Lajme nga Ulqini\",\"isPartOf\":{\"@id\":\"https:\/\/www.visit-ulcinj.com\/blog\/#website\"},\"datePublished\":\"2012-10-03T16:21:32+00:00\",\"dateModified\":\"2012-10-05T10:28:14+00:00\",\"author\":{\"@id\":\"https:\/\/www.visit-ulcinj.com\/blog\/#\/schema\/person\/dcab619c614d3038751c63bc2aadc06d\"},\"description\":\"U Ulcinju je 29.09.2012. godine odr\u017ean okrugli sto \\\" Problemi i izazovi zakupaca pla\u017ea u zoni morskog dobra\\\", organizovan od strane lokalne uprave u cilju\",\"breadcrumb\":{\"@id\":\"https:\/\/www.visit-ulcinj.com\/blog\/2012\/10\/03\/u-ulcinju-odrzan-okrugli-stoproblemi-i-izazovi-zakupaca-plaza-u-zoni-morskog-dobra\/#breadcrumb\"},\"inLanguage\":\"en-US\",\"potentialAction\":[{\"@type\":\"ReadAction\",\"target\":[\"https:\/\/www.visit-ulcinj.com\/blog\/2012\/10\/03\/u-ulcinju-odrzan-okrugli-stoproblemi-i-izazovi-zakupaca-plaza-u-zoni-morskog-dobra\/\"]}]},{\"@type\":\"BreadcrumbList\",\"@id\":\"https:\/\/www.visit-ulcinj.com\/blog\/2012\/10\/03\/u-ulcinju-odrzan-okrugli-stoproblemi-i-izazovi-zakupaca-plaza-u-zoni-morskog-dobra\/#breadcrumb\",\"itemListElement\":[{\"@type\":\"ListItem\",\"position\":1,\"name\":\"U Ulcinju odr\u017ean okrugli sto,\u201cProblemi i izazovi zakupaca pla\u017ea u zoni morskog dobra\u201d\"}]},{\"@type\":\"Person\",\"@id\":\"https:\/\/www.visit-ulcinj.com\/blog\/#\/schema\/person\/dcab619c614d3038751c63bc2aadc06d\",\"name\":\"ulqini\",\"sameAs\":[\"http:\/\/www.visit-ulcinj.com\"],\"url\":\"https:\/\/www.visit-ulcinj.com\/blog\/author\/admin\/\"}]}<\/script>\n<!-- \/ Yoast SEO plugin. -->","yoast_head_json":{"title":"U Ulcinju odr\u017ean okrugli sto,\u201cProblemi i izazovi zakupaca pla\u017ea u zoni morskog dobra\u201d - Lajme nga Ulqini","description":"U Ulcinju je 29.09.2012. godine odr\u017ean okrugli sto \" Problemi i izazovi zakupaca pla\u017ea u zoni morskog dobra\", organizovan od strane lokalne uprave u cilju","robots":{"index":"index","follow":"follow","max-snippet":"max-snippet:-1","max-image-preview":"max-image-preview:large","max-video-preview":"max-video-preview:-1"},"canonical":"https:\/\/www.visit-ulcinj.com\/blog\/2012\/10\/03\/u-ulcinju-odrzan-okrugli-stoproblemi-i-izazovi-zakupaca-plaza-u-zoni-morskog-dobra\/","og_locale":"en_US","og_type":"article","og_title":"U Ulcinju odr\u017ean okrugli sto,\u201cProblemi i izazovi zakupaca pla\u017ea u zoni morskog dobra\u201d - Lajme nga Ulqini","og_description":"U Ulcinju je 29.09.2012. godine odr\u017ean okrugli sto \" Problemi i izazovi zakupaca pla\u017ea u zoni morskog dobra\", organizovan od strane lokalne uprave u cilju","og_url":"https:\/\/www.visit-ulcinj.com\/blog\/2012\/10\/03\/u-ulcinju-odrzan-okrugli-stoproblemi-i-izazovi-zakupaca-plaza-u-zoni-morskog-dobra\/","og_site_name":"Lajme nga Ulqini","article_published_time":"2012-10-03T16:21:32+00:00","article_modified_time":"2012-10-05T10:28:14+00:00","twitter_misc":{"Written by":"ulqini","Est. reading time":"2 minutes"},"schema":{"@context":"https:\/\/schema.org","@graph":[{"@type":"WebSite","@id":"https:\/\/www.visit-ulcinj.com\/blog\/#website","url":"https:\/\/www.visit-ulcinj.com\/blog\/","name":"Lajme nga Ulqini","description":"Lajme,Vijesti,Ulqini,Ulqin,Crna Gora,Mali i Zi","potentialAction":[{"@type":"SearchAction","target":{"@type":"EntryPoint","urlTemplate":"https:\/\/www.visit-ulcinj.com\/blog\/?s={search_term_string}"},"query-input":"required name=search_term_string"}],"inLanguage":"en-US"},{"@type":"WebPage","@id":"https:\/\/www.visit-ulcinj.com\/blog\/2012\/10\/03\/u-ulcinju-odrzan-okrugli-stoproblemi-i-izazovi-zakupaca-plaza-u-zoni-morskog-dobra\/#webpage","url":"https:\/\/www.visit-ulcinj.com\/blog\/2012\/10\/03\/u-ulcinju-odrzan-okrugli-stoproblemi-i-izazovi-zakupaca-plaza-u-zoni-morskog-dobra\/","name":"U Ulcinju odr\u017ean okrugli sto,\u201cProblemi i izazovi zakupaca pla\u017ea u zoni morskog dobra\u201d - Lajme nga Ulqini","isPartOf":{"@id":"https:\/\/www.visit-ulcinj.com\/blog\/#website"},"datePublished":"2012-10-03T16:21:32+00:00","dateModified":"2012-10-05T10:28:14+00:00","author":{"@id":"https:\/\/www.visit-ulcinj.com\/blog\/#\/schema\/person\/dcab619c614d3038751c63bc2aadc06d"},"description":"U Ulcinju je 29.09.2012. godine odr\u017ean okrugli sto \" Problemi i izazovi zakupaca pla\u017ea u zoni morskog dobra\", organizovan od strane lokalne uprave u cilju","breadcrumb":{"@id":"https:\/\/www.visit-ulcinj.com\/blog\/2012\/10\/03\/u-ulcinju-odrzan-okrugli-stoproblemi-i-izazovi-zakupaca-plaza-u-zoni-morskog-dobra\/#breadcrumb"},"inLanguage":"en-US","potentialAction":[{"@type":"ReadAction","target":["https:\/\/www.visit-ulcinj.com\/blog\/2012\/10\/03\/u-ulcinju-odrzan-okrugli-stoproblemi-i-izazovi-zakupaca-plaza-u-zoni-morskog-dobra\/"]}]},{"@type":"BreadcrumbList","@id":"https:\/\/www.visit-ulcinj.com\/blog\/2012\/10\/03\/u-ulcinju-odrzan-okrugli-stoproblemi-i-izazovi-zakupaca-plaza-u-zoni-morskog-dobra\/#breadcrumb","itemListElement":[{"@type":"ListItem","position":1,"name":"U Ulcinju odr\u017ean okrugli sto,\u201cProblemi i izazovi zakupaca pla\u017ea u zoni morskog dobra\u201d"}]},{"@type":"Person","@id":"https:\/\/www.visit-ulcinj.com\/blog\/#\/schema\/person\/dcab619c614d3038751c63bc2aadc06d","name":"ulqini","sameAs":["http:\/\/www.visit-ulcinj.com"],"url":"https:\/\/www.visit-ulcinj.com\/blog\/author\/admin\/"}]}},"jetpack_featured_media_url":"","jetpack_sharing_enabled":true,"jetpack_shortlink":"https:\/\/wp.me\/pe6lTn-gIc","_links":{"self":[{"href":"https:\/\/www.visit-ulcinj.com\/blog\/wp-json\/wp\/v2\/posts\/64244"}],"collection":[{"href":"https:\/\/www.visit-ulcinj.com\/blog\/wp-json\/wp\/v2\/posts"}],"about":[{"href":"https:\/\/www.visit-ulcinj.com\/blog\/wp-json\/wp\/v2\/types\/post"}],"author":[{"embeddable":true,"href":"https:\/\/www.visit-ulcinj.com\/blog\/wp-json\/wp\/v2\/users\/1"}],"replies":[{"embeddable":true,"href":"https:\/\/www.visit-ulcinj.com\/blog\/wp-json\/wp\/v2\/comments?post=64244"}],"version-history":[{"count":2,"href":"https:\/\/www.visit-ulcinj.com\/blog\/wp-json\/wp\/v2\/posts\/64244\/revisions"}],"predecessor-version":[{"id":64326,"href":"https:\/\/www.visit-ulcinj.com\/blog\/wp-json\/wp\/v2\/posts\/64244\/revisions\/64326"}],"wp:attachment":[{"href":"https:\/\/www.visit-ulcinj.com\/blog\/wp-json\/wp\/v2\/media?parent=64244"}],"wp:term":[{"taxonomy":"category","embeddable":true,"href":"https:\/\/www.visit-ulcinj.com\/blog\/wp-json\/wp\/v2\/categories?post=64244"},{"taxonomy":"post_tag","embeddable":true,"href":"https:\/\/www.visit-ulcinj.com\/blog\/wp-json\/wp\/v2\/tags?post=64244"}],"curies":[{"name":"wp","href":"https:\/\/api.w.org\/{rel}","templated":true}]}}