{"id":64267,"date":"2012-10-03T19:41:57","date_gmt":"2012-10-03T18:41:57","guid":{"rendered":"http:\/\/www.visit-ulcinj.com\/blog\/?p=64267"},"modified":"2012-10-03T19:41:57","modified_gmt":"2012-10-03T18:41:57","slug":"takohen-lidhjet-mbareshqiptare-te-forumeve-rinore-presheve-video","status":"publish","type":"post","link":"https:\/\/www.visit-ulcinj.com\/blog\/2012\/10\/03\/takohen-lidhjet-mbareshqiptare-te-forumeve-rinore-presheve-video\/","title":{"rendered":"Takohen lidhjet mbar\u00ebshqiptare t\u00eb Forumeve Rinore Preshev\u00eb &#8211; Video"},"content":{"rendered":"<p><a href=\"http:\/\/www.visit-ulcinj.com\/blog\/wp-content\/uploads\/2012\/10\/Takimi-i-lidhjes-mbar\u00ebshqiptare-t\u00eb-Forumeve-Rinore-PRESHEV\u00cb.jpg\"><img loading=\"lazy\" class=\"alignleft  wp-image-64268\" title=\"Takimi i lidhjes mbar\u00ebshqiptare t\u00eb Forumeve Rinore PRESHEV\u00cb\" src=\"http:\/\/www.visit-ulcinj.com\/blog\/wp-content\/uploads\/2012\/10\/Takimi-i-lidhjes-mbar\u00ebshqiptare-t\u00eb-Forumeve-Rinore-PRESHEV\u00cb.jpg\" alt=\"\" width=\"508\" height=\"361\" \/><\/a>N\u00eb organizim t\u00eb Forumit Rinor\u00eb t\u00eb Partis\u00eb Demokratike Shqiptare n\u00eb Lugin\u00ebn e Preshev\u00ebs me rastin e 100-vjetorit t\u00eb pavar\u00ebsis\u00eb s\u00eb Shqip\u00ebris\u00eb, n\u00eb Preshev\u00eb u mbajt takimi i 5-t\u00eb i Lidhjes Mbar\u00eb shqiptare t\u00eb Forumeve Rinore t\u00eb partive politike shqiptare. Pjesmar\u00ebs ishin forumet rinore t\u00eb partive politike shqiptare nga Shqip\u00ebria si ata t\u00eb PD-s\u00eb, LSI-s\u00eb dhe PS-s\u00eb, nga Kosova ata t\u00eb PDK-s\u00eb dhe PD-s\u00eb, Maqedonia forumi rinor i BDI-s\u00eb, Mali i Zi \u00ebsht\u00eb p\u00ebrfaq\u00ebsuar nga FR i FORCES dhe nga Lugina e Preshev\u00ebs forumet rinore t\u00eb PDSH-s\u00eb, RD-s\u00eb, BDL-s\u00eb, dhe ata t\u00eb PD-s\u00eb dhe LPD-s\u00eb nga Bujanoci . Para te pranishm\u00ebve takimin e hapi kryetari i forumit rinor\u00eb t\u00eb Partis\u00eb Demokratike Shqiptare n\u00eb Lugin\u00eb t\u00eb Preshev\u00ebs Ilir Sadriu i cili duke i p\u00ebrshendetur t\u00eb gjith\u00eb t\u00eb pranishmit p\u00ebr ardhjen dhe prezenc\u00ebn e tyre i d\u00ebshiroji mir\u00ebseardhje dhe pun\u00eb t\u00eb mbar\u00eb gjat\u00eb k\u00ebtij takimi. Fjala pastaj iu kalua kryetarit t\u00eb Komun\u00ebs s\u00eb Preshev\u00ebs Ragmi Mustafa i cili foli n\u00eb m\u00ebnyr\u00eb globale duke i dh\u00ebn\u00eb nj\u00eb retropsekitv\u00eb p\u00ebr historikun e qytetit t\u00eb Preshev\u00ebs por edhe rolit t\u00eb rinis\u00eb preshevare. Kryetari Mustafa vazhdoi edhe tutje duke folur p\u00ebr t\u00eb ardhmen e af\u00ebrt e cila e pret Lugin\u00ebn e Preshev\u00ebs p\u00ebr t\u00eb cil\u00ebn tha se varet shume nga e ardhmja e Mitrovic\u00ebs ku b\u00ebri t\u00eb ditur se do t\u00eb k\u00ebrkohet q\u00eb t\u00eb kemi status t\u00eb njejt\u00eb me at\u00eb t\u00eb cilin Kosova ia jep Mitrovic\u00ebs. Pas urimit t\u00eb mir\u00ebseardhjeve t\u00eb gjitha forumet rinore mbajt\u00ebn edhe nj\u00eb takim punues ku pati mjaft\u00eb diskutime. N\u00eb takim u vendos q\u00eb takimi I 6 t\u00eb mbahet n\u00eb Tiran\u00eb n\u00ebn organizimin e Forumeve Rinore t\u00eb PD-s\u00eb dhe LSI-s\u00eb. t\u00eb gjitha forumet rinore n\u00eb fund autorizuan kryetarin e FR t\u00eb PDSH-s\u00eb q\u00eb t\u00eb mbaj\u00eb edhe ne\u00eb konferenc\u00eb n\u00eb em\u00ebr t\u00eb tyre. Lidhjes Mbar\u00ebshqiptare t\u00eb Forumeve Rinore \u00ebsht\u00eb themeluar n\u00eb Prizren me 10 Qershor 2012 n\u00eb vigjilje t\u00eb sh\u00ebnimit t\u00eb 134 vjetorit t\u00eb Lidhjes s\u00eb Prizrenit. Pas gjith\u00eb k\u00ebtij aktiviteti t\u00eb organizuar nga FR i PDSH, t\u00eb pranishmit pat\u00ebn edhe n\u00eb drek\u00eb t\u00eb p\u00ebrbashk\u00ebt n\u00eb restorantin Evropa 3. Vlen t\u00eb p\u00ebrmendet se n\u00eb k\u00ebt\u00eb takim kan\u00eb marr\u00eb pjes\u00eb t\u00eb gjitha Forumet Rinore t\u00eb partive mbar\u00eb shqiptare me p\u00ebrjashtim t\u00eb dy partive nga Lugina e Preshev\u00ebs PVD-s\u00eb dhe UDSH-s\u00eb, edhe pse ishin t\u00eb ftuara.<\/p>\n<!--YouTube Error: bad URL entered-->\n","protected":false},"excerpt":{"rendered":"<p>N\u00eb organizim t\u00eb Forumit Rinor\u00eb t\u00eb Partis\u00eb Demokratike Shqiptare n\u00eb Lugin\u00ebn e Preshev\u00ebs me rastin e 100-vjetorit t\u00eb pavar\u00ebsis\u00eb s\u00eb Shqip\u00ebris\u00eb, n\u00eb Preshev\u00eb u mbajt takimi i 5-t\u00eb i Lidhjes Mbar\u00eb shqiptare t\u00eb Forumeve Rinore t\u00eb partive politike shqiptare. Pjesmar\u00ebs ishin forumet rinore t\u00eb partive politike shqiptare nga Shqip\u00ebria si ata t\u00eb PD-s\u00eb, LSI-s\u00eb dhe [&hellip;]<\/p>\n","protected":false},"author":1,"featured_media":0,"comment_status":"open","ping_status":"closed","sticky":false,"template":"","format":"standard","meta":{"spay_email":"","jetpack_publicize_message":"","jetpack_is_tweetstorm":false,"jetpack_publicize_feature_enabled":true},"categories":[14],"tags":[21158],"jetpack_publicize_connections":[],"yoast_head":"<!-- This site is optimized with the Yoast SEO plugin v19.1 - https:\/\/yoast.com\/wordpress\/plugins\/seo\/ -->\n<title>Takohen lidhjet mbar\u00ebshqiptare t\u00eb Forumeve Rinore Preshev\u00eb - Video - Lajme nga Ulqini<\/title>\n<meta name=\"description\" content=\"N\u00eb organizim t\u00eb Forumit Rinor\u00eb t\u00eb Partis\u00eb Demokratike Shqiptare n\u00eb Lugin\u00ebn e Preshev\u00ebs me rastin e 100-vjetorit t\u00eb pavar\u00ebsis\u00eb s\u00eb Shqip\u00ebris\u00eb, n\u00eb Preshev\u00eb u\" \/>\n<meta name=\"robots\" content=\"index, follow, max-snippet:-1, max-image-preview:large, max-video-preview:-1\" \/>\n<link rel=\"canonical\" href=\"https:\/\/www.visit-ulcinj.com\/blog\/2012\/10\/03\/takohen-lidhjet-mbareshqiptare-te-forumeve-rinore-presheve-video\/\" \/>\n<meta property=\"og:locale\" content=\"en_US\" \/>\n<meta property=\"og:type\" content=\"article\" \/>\n<meta property=\"og:title\" content=\"Takohen lidhjet mbar\u00ebshqiptare t\u00eb Forumeve Rinore Preshev\u00eb - Video - Lajme nga Ulqini\" \/>\n<meta property=\"og:description\" content=\"N\u00eb organizim t\u00eb Forumit Rinor\u00eb t\u00eb Partis\u00eb Demokratike Shqiptare n\u00eb Lugin\u00ebn e Preshev\u00ebs me rastin e 100-vjetorit t\u00eb pavar\u00ebsis\u00eb s\u00eb Shqip\u00ebris\u00eb, n\u00eb Preshev\u00eb u\" \/>\n<meta property=\"og:url\" content=\"https:\/\/www.visit-ulcinj.com\/blog\/2012\/10\/03\/takohen-lidhjet-mbareshqiptare-te-forumeve-rinore-presheve-video\/\" \/>\n<meta property=\"og:site_name\" content=\"Lajme nga Ulqini\" \/>\n<meta property=\"article:published_time\" content=\"2012-10-03T18:41:57+00:00\" \/>\n<meta name=\"twitter:label1\" content=\"Written by\" \/>\n\t<meta name=\"twitter:data1\" content=\"ulqini\" \/>\n\t<meta name=\"twitter:label2\" content=\"Est. reading time\" \/>\n\t<meta name=\"twitter:data2\" content=\"2 minutes\" \/>\n<script type=\"application\/ld+json\" class=\"yoast-schema-graph\">{\"@context\":\"https:\/\/schema.org\",\"@graph\":[{\"@type\":\"WebSite\",\"@id\":\"https:\/\/www.visit-ulcinj.com\/blog\/#website\",\"url\":\"https:\/\/www.visit-ulcinj.com\/blog\/\",\"name\":\"Lajme nga Ulqini\",\"description\":\"Lajme,Vijesti,Ulqini,Ulqin,Crna Gora,Mali i Zi\",\"potentialAction\":[{\"@type\":\"SearchAction\",\"target\":{\"@type\":\"EntryPoint\",\"urlTemplate\":\"https:\/\/www.visit-ulcinj.com\/blog\/?s={search_term_string}\"},\"query-input\":\"required name=search_term_string\"}],\"inLanguage\":\"en-US\"},{\"@type\":\"WebPage\",\"@id\":\"https:\/\/www.visit-ulcinj.com\/blog\/2012\/10\/03\/takohen-lidhjet-mbareshqiptare-te-forumeve-rinore-presheve-video\/#webpage\",\"url\":\"https:\/\/www.visit-ulcinj.com\/blog\/2012\/10\/03\/takohen-lidhjet-mbareshqiptare-te-forumeve-rinore-presheve-video\/\",\"name\":\"Takohen lidhjet mbar\u00ebshqiptare t\u00eb Forumeve Rinore Preshev\u00eb - Video - Lajme nga Ulqini\",\"isPartOf\":{\"@id\":\"https:\/\/www.visit-ulcinj.com\/blog\/#website\"},\"datePublished\":\"2012-10-03T18:41:57+00:00\",\"dateModified\":\"2012-10-03T18:41:57+00:00\",\"author\":{\"@id\":\"https:\/\/www.visit-ulcinj.com\/blog\/#\/schema\/person\/dcab619c614d3038751c63bc2aadc06d\"},\"description\":\"N\u00eb organizim t\u00eb Forumit Rinor\u00eb t\u00eb Partis\u00eb Demokratike Shqiptare n\u00eb Lugin\u00ebn e Preshev\u00ebs me rastin e 100-vjetorit t\u00eb pavar\u00ebsis\u00eb s\u00eb Shqip\u00ebris\u00eb, n\u00eb Preshev\u00eb u\",\"breadcrumb\":{\"@id\":\"https:\/\/www.visit-ulcinj.com\/blog\/2012\/10\/03\/takohen-lidhjet-mbareshqiptare-te-forumeve-rinore-presheve-video\/#breadcrumb\"},\"inLanguage\":\"en-US\",\"potentialAction\":[{\"@type\":\"ReadAction\",\"target\":[\"https:\/\/www.visit-ulcinj.com\/blog\/2012\/10\/03\/takohen-lidhjet-mbareshqiptare-te-forumeve-rinore-presheve-video\/\"]}]},{\"@type\":\"BreadcrumbList\",\"@id\":\"https:\/\/www.visit-ulcinj.com\/blog\/2012\/10\/03\/takohen-lidhjet-mbareshqiptare-te-forumeve-rinore-presheve-video\/#breadcrumb\",\"itemListElement\":[{\"@type\":\"ListItem\",\"position\":1,\"name\":\"Takohen lidhjet mbar\u00ebshqiptare t\u00eb Forumeve Rinore Preshev\u00eb &#8211; Video\"}]},{\"@type\":\"Person\",\"@id\":\"https:\/\/www.visit-ulcinj.com\/blog\/#\/schema\/person\/dcab619c614d3038751c63bc2aadc06d\",\"name\":\"ulqini\",\"sameAs\":[\"http:\/\/www.visit-ulcinj.com\"],\"url\":\"https:\/\/www.visit-ulcinj.com\/blog\/author\/admin\/\"}]}<\/script>\n<!-- \/ Yoast SEO plugin. -->","yoast_head_json":{"title":"Takohen lidhjet mbar\u00ebshqiptare t\u00eb Forumeve Rinore Preshev\u00eb - Video - Lajme nga Ulqini","description":"N\u00eb organizim t\u00eb Forumit Rinor\u00eb t\u00eb Partis\u00eb Demokratike Shqiptare n\u00eb Lugin\u00ebn e Preshev\u00ebs me rastin e 100-vjetorit t\u00eb pavar\u00ebsis\u00eb s\u00eb Shqip\u00ebris\u00eb, n\u00eb Preshev\u00eb u","robots":{"index":"index","follow":"follow","max-snippet":"max-snippet:-1","max-image-preview":"max-image-preview:large","max-video-preview":"max-video-preview:-1"},"canonical":"https:\/\/www.visit-ulcinj.com\/blog\/2012\/10\/03\/takohen-lidhjet-mbareshqiptare-te-forumeve-rinore-presheve-video\/","og_locale":"en_US","og_type":"article","og_title":"Takohen lidhjet mbar\u00ebshqiptare t\u00eb Forumeve Rinore Preshev\u00eb - Video - Lajme nga Ulqini","og_description":"N\u00eb organizim t\u00eb Forumit Rinor\u00eb t\u00eb Partis\u00eb Demokratike Shqiptare n\u00eb Lugin\u00ebn e Preshev\u00ebs me rastin e 100-vjetorit t\u00eb pavar\u00ebsis\u00eb s\u00eb Shqip\u00ebris\u00eb, n\u00eb Preshev\u00eb u","og_url":"https:\/\/www.visit-ulcinj.com\/blog\/2012\/10\/03\/takohen-lidhjet-mbareshqiptare-te-forumeve-rinore-presheve-video\/","og_site_name":"Lajme nga Ulqini","article_published_time":"2012-10-03T18:41:57+00:00","twitter_misc":{"Written by":"ulqini","Est. reading time":"2 minutes"},"schema":{"@context":"https:\/\/schema.org","@graph":[{"@type":"WebSite","@id":"https:\/\/www.visit-ulcinj.com\/blog\/#website","url":"https:\/\/www.visit-ulcinj.com\/blog\/","name":"Lajme nga Ulqini","description":"Lajme,Vijesti,Ulqini,Ulqin,Crna Gora,Mali i Zi","potentialAction":[{"@type":"SearchAction","target":{"@type":"EntryPoint","urlTemplate":"https:\/\/www.visit-ulcinj.com\/blog\/?s={search_term_string}"},"query-input":"required name=search_term_string"}],"inLanguage":"en-US"},{"@type":"WebPage","@id":"https:\/\/www.visit-ulcinj.com\/blog\/2012\/10\/03\/takohen-lidhjet-mbareshqiptare-te-forumeve-rinore-presheve-video\/#webpage","url":"https:\/\/www.visit-ulcinj.com\/blog\/2012\/10\/03\/takohen-lidhjet-mbareshqiptare-te-forumeve-rinore-presheve-video\/","name":"Takohen lidhjet mbar\u00ebshqiptare t\u00eb Forumeve Rinore Preshev\u00eb - Video - Lajme nga Ulqini","isPartOf":{"@id":"https:\/\/www.visit-ulcinj.com\/blog\/#website"},"datePublished":"2012-10-03T18:41:57+00:00","dateModified":"2012-10-03T18:41:57+00:00","author":{"@id":"https:\/\/www.visit-ulcinj.com\/blog\/#\/schema\/person\/dcab619c614d3038751c63bc2aadc06d"},"description":"N\u00eb organizim t\u00eb Forumit Rinor\u00eb t\u00eb Partis\u00eb Demokratike Shqiptare n\u00eb Lugin\u00ebn e Preshev\u00ebs me rastin e 100-vjetorit t\u00eb pavar\u00ebsis\u00eb s\u00eb Shqip\u00ebris\u00eb, n\u00eb Preshev\u00eb u","breadcrumb":{"@id":"https:\/\/www.visit-ulcinj.com\/blog\/2012\/10\/03\/takohen-lidhjet-mbareshqiptare-te-forumeve-rinore-presheve-video\/#breadcrumb"},"inLanguage":"en-US","potentialAction":[{"@type":"ReadAction","target":["https:\/\/www.visit-ulcinj.com\/blog\/2012\/10\/03\/takohen-lidhjet-mbareshqiptare-te-forumeve-rinore-presheve-video\/"]}]},{"@type":"BreadcrumbList","@id":"https:\/\/www.visit-ulcinj.com\/blog\/2012\/10\/03\/takohen-lidhjet-mbareshqiptare-te-forumeve-rinore-presheve-video\/#breadcrumb","itemListElement":[{"@type":"ListItem","position":1,"name":"Takohen lidhjet mbar\u00ebshqiptare t\u00eb Forumeve Rinore Preshev\u00eb &#8211; Video"}]},{"@type":"Person","@id":"https:\/\/www.visit-ulcinj.com\/blog\/#\/schema\/person\/dcab619c614d3038751c63bc2aadc06d","name":"ulqini","sameAs":["http:\/\/www.visit-ulcinj.com"],"url":"https:\/\/www.visit-ulcinj.com\/blog\/author\/admin\/"}]}},"jetpack_featured_media_url":"","jetpack_sharing_enabled":true,"jetpack_shortlink":"https:\/\/wp.me\/pe6lTn-gIz","_links":{"self":[{"href":"https:\/\/www.visit-ulcinj.com\/blog\/wp-json\/wp\/v2\/posts\/64267"}],"collection":[{"href":"https:\/\/www.visit-ulcinj.com\/blog\/wp-json\/wp\/v2\/posts"}],"about":[{"href":"https:\/\/www.visit-ulcinj.com\/blog\/wp-json\/wp\/v2\/types\/post"}],"author":[{"embeddable":true,"href":"https:\/\/www.visit-ulcinj.com\/blog\/wp-json\/wp\/v2\/users\/1"}],"replies":[{"embeddable":true,"href":"https:\/\/www.visit-ulcinj.com\/blog\/wp-json\/wp\/v2\/comments?post=64267"}],"version-history":[{"count":1,"href":"https:\/\/www.visit-ulcinj.com\/blog\/wp-json\/wp\/v2\/posts\/64267\/revisions"}],"predecessor-version":[{"id":64269,"href":"https:\/\/www.visit-ulcinj.com\/blog\/wp-json\/wp\/v2\/posts\/64267\/revisions\/64269"}],"wp:attachment":[{"href":"https:\/\/www.visit-ulcinj.com\/blog\/wp-json\/wp\/v2\/media?parent=64267"}],"wp:term":[{"taxonomy":"category","embeddable":true,"href":"https:\/\/www.visit-ulcinj.com\/blog\/wp-json\/wp\/v2\/categories?post=64267"},{"taxonomy":"post_tag","embeddable":true,"href":"https:\/\/www.visit-ulcinj.com\/blog\/wp-json\/wp\/v2\/tags?post=64267"}],"curies":[{"name":"wp","href":"https:\/\/api.w.org\/{rel}","templated":true}]}}