{"id":64270,"date":"2012-10-04T12:10:04","date_gmt":"2012-10-04T11:10:04","guid":{"rendered":"http:\/\/www.visit-ulcinj.com\/blog\/?p=64270"},"modified":"2012-10-05T11:28:44","modified_gmt":"2012-10-05T10:28:44","slug":"projekti-marubi-mbi-programin-e-bashkpunimit-nderkufitar-shqiperi-mali-i-zi-video","status":"publish","type":"post","link":"https:\/\/www.visit-ulcinj.com\/blog\/2012\/10\/04\/projekti-marubi-mbi-programin-e-bashkpunimit-nderkufitar-shqiperi-mali-i-zi-video\/","title":{"rendered":"Projekti \u201cMarubi\u201d mbi programin e Bashkpunimit Nd\u00ebrkufitar Shqiperi-Mali i Zi &#8211; Video"},"content":{"rendered":"<p><a href=\"http:\/\/www.visit-ulcinj.com\/blog\/wp-content\/uploads\/2012\/10\/Projekti-Marubi-Shkoder_Nazif-Cungu.jpg\"><img loading=\"lazy\" class=\"alignleft  wp-image-64288\" title=\"Projekti Marubi Shkoder_Nazif Cungu\" src=\"http:\/\/www.visit-ulcinj.com\/blog\/wp-content\/uploads\/2012\/10\/Projekti-Marubi-Shkoder_Nazif-Cungu.jpg\" alt=\"\" width=\"508\" height=\"360\" \/><\/a>N\u00eb Shkoder u mbajt konferenca mbi fillimin e projektit &#8220;Marubi&#8221; n\u00eb kuader t\u00eb programit p\u00ebr Bashkpunimin Nd\u00ebrkufitar Shqiperi-Mali i Zi, i finansuar nga Bashkimi Europian.<br \/>\nProjekti synon promovimin e turizmit n\u00eb rajonin e Ulqinit dhe t\u00eb Shkodres p\u00ebrmes shfyrt\u00ebzimit t\u00eb trashigimis\u00eb kulturore, historike dhe natyrore t\u00eb dy vendeve. Projekti p\u00ebrfshin\u00eb ekspozita t\u00eb ndryshme n\u00eb Ulqin, Shkoder dhe n\u00eb Bruksel, festivale dhe krijimin e materialeve t\u00eb ndryshme p\u00ebr marketing.<\/p>\n<p>Partneret udh\u00ebheqes n\u00eb k\u00ebt\u00eb projekt jan\u00eb Komuna e Ulqinit dhe Bashkia e Shkodres, duke p\u00ebrfshir\u00eb dhe Organizaten Turistike t\u00eb Ulqinit, Muzeun e Ulqinit, Fototeken Marubi dhe OJQ n\u00eb Focus Europe nga Brukseli.<br \/>\nN\u00eb k\u00ebt\u00eb konferenc\u00eb ishin t\u00eb pranishem kryetari Nazif Cungu, kryetari Lorenc Luka, Ministri i Turizmit Aldo Bum\u00e7i, Drejtori i Fototekes Marubi, p\u00ebrfaq\u00ebsuesi i Bashkimit Europian dhe ekspert t\u00eb ndryshem nd\u00ebrkomb\u00ebtar. Folesit thekesuan lidhjet e ngushta historike dhe kulturore mes Ulqinit dhe Shkodres dhe vler\u00ebsuan trashigimin\u00eb kulturore dhe natyrore si strategji t\u00eb fuqishem p\u00ebr promovimin e turizmit n\u00eb k\u00ebt\u00eb rajon. Gjithashtu thekesuan se bashkpunimi n\u00eb mes k\u00ebtyre dy vendeve duhet t\u00eb jet\u00eb m\u00eb intenziv n\u00eb t\u00eb ardhmen me projekte t\u00eb ndryshme p\u00ebr zhvillimin e k\u00ebsaj zone.<\/p>\n<p><strong>Op\u0161tina Ulcinj \/ Komuna e Ulqinit<\/strong><br \/>\nTel: +382 30 412 050<br \/>\nFax: +382 30 412 413<br \/>\nAdresa: Bul. Skenderbeu bb, 85360 Ulcinj, MNE<\/p>\n<!--YouTube Error: bad URL entered-->\n","protected":false},"excerpt":{"rendered":"<p>N\u00eb Shkoder u mbajt konferenca mbi fillimin e projektit &#8220;Marubi&#8221; n\u00eb kuader t\u00eb programit p\u00ebr Bashkpunimin Nd\u00ebrkufitar Shqiperi-Mali i Zi, i finansuar nga Bashkimi Europian. Projekti synon promovimin e turizmit n\u00eb rajonin e Ulqinit dhe t\u00eb Shkodres p\u00ebrmes shfyrt\u00ebzimit t\u00eb trashigimis\u00eb kulturore, historike dhe natyrore t\u00eb dy vendeve. Projekti p\u00ebrfshin\u00eb ekspozita t\u00eb ndryshme n\u00eb Ulqin, [&hellip;]<\/p>\n","protected":false},"author":1,"featured_media":0,"comment_status":"open","ping_status":"closed","sticky":false,"template":"","format":"standard","meta":{"spay_email":"","jetpack_publicize_message":"","jetpack_is_tweetstorm":false,"jetpack_publicize_feature_enabled":true},"categories":[1,6950],"tags":[20969,21160,200],"jetpack_publicize_connections":[],"yoast_head":"<!-- This site is optimized with the Yoast SEO plugin v19.1 - https:\/\/yoast.com\/wordpress\/plugins\/seo\/ -->\n<title>Projekti \u201cMarubi\u201d mbi programin e Bashkpunimit Nd\u00ebrkufitar Shqiperi-Mali i Zi - Video - Lajme nga Ulqini<\/title>\n<meta name=\"description\" content=\"N\u00eb Shkoder u mbajt konferenca mbi fillimin e projektit &quot;Marubi&quot; n\u00eb kuader t\u00eb programit p\u00ebr Bashkpunimin Nd\u00ebrkufitar Shqiperi-Mali i Zi, i finansuar nga\" \/>\n<meta name=\"robots\" content=\"index, follow, max-snippet:-1, max-image-preview:large, max-video-preview:-1\" \/>\n<link rel=\"canonical\" href=\"https:\/\/www.visit-ulcinj.com\/blog\/2012\/10\/04\/projekti-marubi-mbi-programin-e-bashkpunimit-nderkufitar-shqiperi-mali-i-zi-video\/\" \/>\n<meta property=\"og:locale\" content=\"en_US\" \/>\n<meta property=\"og:type\" content=\"article\" \/>\n<meta property=\"og:title\" content=\"Projekti \u201cMarubi\u201d mbi programin e Bashkpunimit Nd\u00ebrkufitar Shqiperi-Mali i Zi - Video - Lajme nga Ulqini\" \/>\n<meta property=\"og:description\" content=\"N\u00eb Shkoder u mbajt konferenca mbi fillimin e projektit &quot;Marubi&quot; n\u00eb kuader t\u00eb programit p\u00ebr Bashkpunimin Nd\u00ebrkufitar Shqiperi-Mali i Zi, i finansuar nga\" \/>\n<meta property=\"og:url\" content=\"https:\/\/www.visit-ulcinj.com\/blog\/2012\/10\/04\/projekti-marubi-mbi-programin-e-bashkpunimit-nderkufitar-shqiperi-mali-i-zi-video\/\" \/>\n<meta property=\"og:site_name\" content=\"Lajme nga Ulqini\" \/>\n<meta property=\"article:published_time\" content=\"2012-10-04T11:10:04+00:00\" \/>\n<meta property=\"article:modified_time\" content=\"2012-10-05T10:28:44+00:00\" \/>\n<meta property=\"og:image\" content=\"http:\/\/www.visit-ulcinj.com\/blog\/wp-content\/uploads\/2012\/10\/Projekti-Marubi-Shkoder_Nazif-Cungu.jpg\" \/>\n<meta name=\"twitter:label1\" content=\"Written by\" \/>\n\t<meta name=\"twitter:data1\" content=\"ulqini\" \/>\n\t<meta name=\"twitter:label2\" content=\"Est. reading time\" \/>\n\t<meta name=\"twitter:data2\" content=\"1 minute\" \/>\n<script type=\"application\/ld+json\" class=\"yoast-schema-graph\">{\"@context\":\"https:\/\/schema.org\",\"@graph\":[{\"@type\":\"WebSite\",\"@id\":\"https:\/\/www.visit-ulcinj.com\/blog\/#website\",\"url\":\"https:\/\/www.visit-ulcinj.com\/blog\/\",\"name\":\"Lajme nga Ulqini\",\"description\":\"Lajme,Vijesti,Ulqini,Ulqin,Crna Gora,Mali i Zi\",\"potentialAction\":[{\"@type\":\"SearchAction\",\"target\":{\"@type\":\"EntryPoint\",\"urlTemplate\":\"https:\/\/www.visit-ulcinj.com\/blog\/?s={search_term_string}\"},\"query-input\":\"required name=search_term_string\"}],\"inLanguage\":\"en-US\"},{\"@type\":\"ImageObject\",\"inLanguage\":\"en-US\",\"@id\":\"https:\/\/www.visit-ulcinj.com\/blog\/2012\/10\/04\/projekti-marubi-mbi-programin-e-bashkpunimit-nderkufitar-shqiperi-mali-i-zi-video\/#primaryimage\",\"url\":\"https:\/\/www.visit-ulcinj.com\/blog\/wp-content\/uploads\/2012\/10\/Projekti-Marubi-Shkoder_Nazif-Cungu.jpg\",\"contentUrl\":\"https:\/\/www.visit-ulcinj.com\/blog\/wp-content\/uploads\/2012\/10\/Projekti-Marubi-Shkoder_Nazif-Cungu.jpg\",\"width\":\"640\",\"height\":\"480\"},{\"@type\":\"WebPage\",\"@id\":\"https:\/\/www.visit-ulcinj.com\/blog\/2012\/10\/04\/projekti-marubi-mbi-programin-e-bashkpunimit-nderkufitar-shqiperi-mali-i-zi-video\/#webpage\",\"url\":\"https:\/\/www.visit-ulcinj.com\/blog\/2012\/10\/04\/projekti-marubi-mbi-programin-e-bashkpunimit-nderkufitar-shqiperi-mali-i-zi-video\/\",\"name\":\"Projekti \u201cMarubi\u201d mbi programin e Bashkpunimit Nd\u00ebrkufitar Shqiperi-Mali i Zi - Video - Lajme nga Ulqini\",\"isPartOf\":{\"@id\":\"https:\/\/www.visit-ulcinj.com\/blog\/#website\"},\"primaryImageOfPage\":{\"@id\":\"https:\/\/www.visit-ulcinj.com\/blog\/2012\/10\/04\/projekti-marubi-mbi-programin-e-bashkpunimit-nderkufitar-shqiperi-mali-i-zi-video\/#primaryimage\"},\"datePublished\":\"2012-10-04T11:10:04+00:00\",\"dateModified\":\"2012-10-05T10:28:44+00:00\",\"author\":{\"@id\":\"https:\/\/www.visit-ulcinj.com\/blog\/#\/schema\/person\/dcab619c614d3038751c63bc2aadc06d\"},\"description\":\"N\u00eb Shkoder u mbajt konferenca mbi fillimin e projektit \\\"Marubi\\\" n\u00eb kuader t\u00eb programit p\u00ebr Bashkpunimin Nd\u00ebrkufitar Shqiperi-Mali i Zi, i finansuar nga\",\"breadcrumb\":{\"@id\":\"https:\/\/www.visit-ulcinj.com\/blog\/2012\/10\/04\/projekti-marubi-mbi-programin-e-bashkpunimit-nderkufitar-shqiperi-mali-i-zi-video\/#breadcrumb\"},\"inLanguage\":\"en-US\",\"potentialAction\":[{\"@type\":\"ReadAction\",\"target\":[\"https:\/\/www.visit-ulcinj.com\/blog\/2012\/10\/04\/projekti-marubi-mbi-programin-e-bashkpunimit-nderkufitar-shqiperi-mali-i-zi-video\/\"]}]},{\"@type\":\"BreadcrumbList\",\"@id\":\"https:\/\/www.visit-ulcinj.com\/blog\/2012\/10\/04\/projekti-marubi-mbi-programin-e-bashkpunimit-nderkufitar-shqiperi-mali-i-zi-video\/#breadcrumb\",\"itemListElement\":[{\"@type\":\"ListItem\",\"position\":1,\"name\":\"Projekti \u201cMarubi\u201d mbi programin e Bashkpunimit Nd\u00ebrkufitar Shqiperi-Mali i Zi &#8211; Video\"}]},{\"@type\":\"Person\",\"@id\":\"https:\/\/www.visit-ulcinj.com\/blog\/#\/schema\/person\/dcab619c614d3038751c63bc2aadc06d\",\"name\":\"ulqini\",\"sameAs\":[\"http:\/\/www.visit-ulcinj.com\"],\"url\":\"https:\/\/www.visit-ulcinj.com\/blog\/author\/admin\/\"}]}<\/script>\n<!-- \/ Yoast SEO plugin. -->","yoast_head_json":{"title":"Projekti \u201cMarubi\u201d mbi programin e Bashkpunimit Nd\u00ebrkufitar Shqiperi-Mali i Zi - Video - Lajme nga Ulqini","description":"N\u00eb Shkoder u mbajt konferenca mbi fillimin e projektit \"Marubi\" n\u00eb kuader t\u00eb programit p\u00ebr Bashkpunimin Nd\u00ebrkufitar Shqiperi-Mali i Zi, i finansuar nga","robots":{"index":"index","follow":"follow","max-snippet":"max-snippet:-1","max-image-preview":"max-image-preview:large","max-video-preview":"max-video-preview:-1"},"canonical":"https:\/\/www.visit-ulcinj.com\/blog\/2012\/10\/04\/projekti-marubi-mbi-programin-e-bashkpunimit-nderkufitar-shqiperi-mali-i-zi-video\/","og_locale":"en_US","og_type":"article","og_title":"Projekti \u201cMarubi\u201d mbi programin e Bashkpunimit Nd\u00ebrkufitar Shqiperi-Mali i Zi - Video - Lajme nga Ulqini","og_description":"N\u00eb Shkoder u mbajt konferenca mbi fillimin e projektit \"Marubi\" n\u00eb kuader t\u00eb programit p\u00ebr Bashkpunimin Nd\u00ebrkufitar Shqiperi-Mali i Zi, i finansuar nga","og_url":"https:\/\/www.visit-ulcinj.com\/blog\/2012\/10\/04\/projekti-marubi-mbi-programin-e-bashkpunimit-nderkufitar-shqiperi-mali-i-zi-video\/","og_site_name":"Lajme nga Ulqini","article_published_time":"2012-10-04T11:10:04+00:00","article_modified_time":"2012-10-05T10:28:44+00:00","og_image":[{"url":"http:\/\/www.visit-ulcinj.com\/blog\/wp-content\/uploads\/2012\/10\/Projekti-Marubi-Shkoder_Nazif-Cungu.jpg"}],"twitter_misc":{"Written by":"ulqini","Est. reading time":"1 minute"},"schema":{"@context":"https:\/\/schema.org","@graph":[{"@type":"WebSite","@id":"https:\/\/www.visit-ulcinj.com\/blog\/#website","url":"https:\/\/www.visit-ulcinj.com\/blog\/","name":"Lajme nga Ulqini","description":"Lajme,Vijesti,Ulqini,Ulqin,Crna Gora,Mali i Zi","potentialAction":[{"@type":"SearchAction","target":{"@type":"EntryPoint","urlTemplate":"https:\/\/www.visit-ulcinj.com\/blog\/?s={search_term_string}"},"query-input":"required name=search_term_string"}],"inLanguage":"en-US"},{"@type":"ImageObject","inLanguage":"en-US","@id":"https:\/\/www.visit-ulcinj.com\/blog\/2012\/10\/04\/projekti-marubi-mbi-programin-e-bashkpunimit-nderkufitar-shqiperi-mali-i-zi-video\/#primaryimage","url":"https:\/\/www.visit-ulcinj.com\/blog\/wp-content\/uploads\/2012\/10\/Projekti-Marubi-Shkoder_Nazif-Cungu.jpg","contentUrl":"https:\/\/www.visit-ulcinj.com\/blog\/wp-content\/uploads\/2012\/10\/Projekti-Marubi-Shkoder_Nazif-Cungu.jpg","width":"640","height":"480"},{"@type":"WebPage","@id":"https:\/\/www.visit-ulcinj.com\/blog\/2012\/10\/04\/projekti-marubi-mbi-programin-e-bashkpunimit-nderkufitar-shqiperi-mali-i-zi-video\/#webpage","url":"https:\/\/www.visit-ulcinj.com\/blog\/2012\/10\/04\/projekti-marubi-mbi-programin-e-bashkpunimit-nderkufitar-shqiperi-mali-i-zi-video\/","name":"Projekti \u201cMarubi\u201d mbi programin e Bashkpunimit Nd\u00ebrkufitar Shqiperi-Mali i Zi - Video - Lajme nga Ulqini","isPartOf":{"@id":"https:\/\/www.visit-ulcinj.com\/blog\/#website"},"primaryImageOfPage":{"@id":"https:\/\/www.visit-ulcinj.com\/blog\/2012\/10\/04\/projekti-marubi-mbi-programin-e-bashkpunimit-nderkufitar-shqiperi-mali-i-zi-video\/#primaryimage"},"datePublished":"2012-10-04T11:10:04+00:00","dateModified":"2012-10-05T10:28:44+00:00","author":{"@id":"https:\/\/www.visit-ulcinj.com\/blog\/#\/schema\/person\/dcab619c614d3038751c63bc2aadc06d"},"description":"N\u00eb Shkoder u mbajt konferenca mbi fillimin e projektit \"Marubi\" n\u00eb kuader t\u00eb programit p\u00ebr Bashkpunimin Nd\u00ebrkufitar Shqiperi-Mali i Zi, i finansuar nga","breadcrumb":{"@id":"https:\/\/www.visit-ulcinj.com\/blog\/2012\/10\/04\/projekti-marubi-mbi-programin-e-bashkpunimit-nderkufitar-shqiperi-mali-i-zi-video\/#breadcrumb"},"inLanguage":"en-US","potentialAction":[{"@type":"ReadAction","target":["https:\/\/www.visit-ulcinj.com\/blog\/2012\/10\/04\/projekti-marubi-mbi-programin-e-bashkpunimit-nderkufitar-shqiperi-mali-i-zi-video\/"]}]},{"@type":"BreadcrumbList","@id":"https:\/\/www.visit-ulcinj.com\/blog\/2012\/10\/04\/projekti-marubi-mbi-programin-e-bashkpunimit-nderkufitar-shqiperi-mali-i-zi-video\/#breadcrumb","itemListElement":[{"@type":"ListItem","position":1,"name":"Projekti \u201cMarubi\u201d mbi programin e Bashkpunimit Nd\u00ebrkufitar Shqiperi-Mali i Zi &#8211; Video"}]},{"@type":"Person","@id":"https:\/\/www.visit-ulcinj.com\/blog\/#\/schema\/person\/dcab619c614d3038751c63bc2aadc06d","name":"ulqini","sameAs":["http:\/\/www.visit-ulcinj.com"],"url":"https:\/\/www.visit-ulcinj.com\/blog\/author\/admin\/"}]}},"jetpack_featured_media_url":"","jetpack_sharing_enabled":true,"jetpack_shortlink":"https:\/\/wp.me\/pe6lTn-gIC","_links":{"self":[{"href":"https:\/\/www.visit-ulcinj.com\/blog\/wp-json\/wp\/v2\/posts\/64270"}],"collection":[{"href":"https:\/\/www.visit-ulcinj.com\/blog\/wp-json\/wp\/v2\/posts"}],"about":[{"href":"https:\/\/www.visit-ulcinj.com\/blog\/wp-json\/wp\/v2\/types\/post"}],"author":[{"embeddable":true,"href":"https:\/\/www.visit-ulcinj.com\/blog\/wp-json\/wp\/v2\/users\/1"}],"replies":[{"embeddable":true,"href":"https:\/\/www.visit-ulcinj.com\/blog\/wp-json\/wp\/v2\/comments?post=64270"}],"version-history":[{"count":4,"href":"https:\/\/www.visit-ulcinj.com\/blog\/wp-json\/wp\/v2\/posts\/64270\/revisions"}],"predecessor-version":[{"id":64327,"href":"https:\/\/www.visit-ulcinj.com\/blog\/wp-json\/wp\/v2\/posts\/64270\/revisions\/64327"}],"wp:attachment":[{"href":"https:\/\/www.visit-ulcinj.com\/blog\/wp-json\/wp\/v2\/media?parent=64270"}],"wp:term":[{"taxonomy":"category","embeddable":true,"href":"https:\/\/www.visit-ulcinj.com\/blog\/wp-json\/wp\/v2\/categories?post=64270"},{"taxonomy":"post_tag","embeddable":true,"href":"https:\/\/www.visit-ulcinj.com\/blog\/wp-json\/wp\/v2\/tags?post=64270"}],"curies":[{"name":"wp","href":"https:\/\/api.w.org\/{rel}","templated":true}]}}