{"id":64272,"date":"2012-10-04T09:21:29","date_gmt":"2012-10-04T08:21:29","guid":{"rendered":"http:\/\/www.visit-ulcinj.com\/blog\/?p=64272"},"modified":"2012-10-04T12:22:22","modified_gmt":"2012-10-04T11:22:22","slug":"kryetari-ulqinit-cungu-priti-nxenesit-e-shkolles-fillore-boshko-strugar","status":"publish","type":"post","link":"https:\/\/www.visit-ulcinj.com\/blog\/2012\/10\/04\/kryetari-ulqinit-cungu-priti-nxenesit-e-shkolles-fillore-boshko-strugar\/","title":{"rendered":"Kryetari Ulqinit Cungu priti nx\u00ebn\u00ebsit e shkoll\u00ebs fillore &#8220;Boshko Strugar&#8221;"},"content":{"rendered":"<p><a href=\"http:\/\/www.visit-ulcinj.com\/blog\/wp-content\/uploads\/2012\/10\/Kryetari-Ulqinit-Cungu-me-nxensit-e-shkolles-Boshko-Strugar.jpg\"><img loading=\"lazy\" class=\"alignleft  wp-image-64273\" title=\"Kryetari Ulqinit Cungu me nxensit e shkolles Boshko Strugar\" src=\"http:\/\/www.visit-ulcinj.com\/blog\/wp-content\/uploads\/2012\/10\/Kryetari-Ulqinit-Cungu-me-nxensit-e-shkolles-Boshko-Strugar.jpg\" alt=\"\" width=\"508\" height=\"360\" \/><\/a>Sot nx\u00ebn\u00ebsit e klas\u00ebs s\u00eb pest\u00eb t\u00eb shkoll\u00ebs fillore &#8220;Boshko Strugar&#8221;, n\u00eb p\u00ebrcjelljen e m\u00ebsim\u00ebdh\u00ebn\u00ebses Dragica Zoriq, kan\u00eb vizituar Komun\u00ebn e Ulqinit, i ka pritur Kryetari i Komun\u00ebs Nazif Cungu. Kryetari n\u00eb fillim iu d\u00ebshiroj mir\u00ebseardhje nx\u00ebn\u00ebsve dhe u ka sqaruar se si \u00eb vendet demokratike zgjedhet kryetari dhe se cilat jan\u00eb p\u00ebrgjegjesit\u00eb e kryetarit. Ai gjithashtu ka th\u00ebn\u00eb se \u00ebsht\u00eb p\u00ebrgjegj\u00ebsi e secilit qytetar q\u00eb me sjellje t\u00eb mir\u00eb dhe shembullore t&#8217;i kontriboj\u00eb komun\u00ebs son\u00eb.<\/p>\n<p><a href=\"http:\/\/www.visit-ulcinj.com\/blog\/wp-content\/uploads\/2012\/10\/Kryetari-Ulqinit-Cungu-me-nxensit-e-shkolles-Boshko-Strugar.1.jpg\"><img loading=\"lazy\" class=\"alignleft  wp-image-64274\" title=\"Kryetari Ulqinit Cungu me nxensit e shkolles Boshko Strugar.1\" src=\"http:\/\/www.visit-ulcinj.com\/blog\/wp-content\/uploads\/2012\/10\/Kryetari-Ulqinit-Cungu-me-nxensit-e-shkolles-Boshko-Strugar.1.jpg\" alt=\"\" width=\"508\" height=\"300\" \/><\/a><\/p>\n<p>Nx\u00ebn\u00ebsit kan\u00ebp\u00ebrgatitur pyetje t\u00eb shum\u00ebta p\u00ebr kryetarin. Ata jan\u00eb interesuar p\u00ebr dit\u00ebn e komun\u00ebs, lidhjet e komun\u00ebs vendet e tjera n\u00eb veprimtarit\u00eb ekonomike dhe ato jo ekonomike, se si vendbanimet furnizohen me uj\u00eb, si \u00ebsht\u00eb e rregulluar \u00e7\u00ebshtja e mbeturinave, uj\u00ebrave t\u00eb zeza dhe shum\u00eb pyetje t\u00eb tjera. Ai u ka sqaruar se dita e komun\u00ebs \u00ebsht\u00eb ngusht\u00eb e lidhur me tradit\u00ebn e Ulqinit n\u00eb ullishtari, detari dhe turiz\u00ebm. Ai i ka informuar nx\u00ebn\u00ebsit me veprimtarit\u00eb ekonomike dhe ato jo ekonomike duke num\u00ebruar: turizmin, bujq\u00ebsin\u00eb, nd\u00ebrtimtarin\u00eb, sh\u00ebndet\u00ebsin\u00eb, arsimin dhe kultur\u00ebn. Gjithashtu e ka sqaruar procesin e furnizimit me uj\u00eb dhe i ka njoftuar p\u00ebr lidhjen n\u00eb sistemin e ri t\u00eb uj\u00ebsjell\u00ebsit regjional.<\/p>\n<p><a href=\"http:\/\/www.visit-ulcinj.com\/blog\/wp-content\/uploads\/2012\/10\/Kryetari-Ulqinit-Cungu-me-nxensit-e-shkolles-Boshko-Strugar.2.jpg\"><img loading=\"lazy\" class=\"alignleft  wp-image-64275\" title=\"Kryetari Ulqinit Cungu me nxensit e shkolles Boshko Strugar.2\" src=\"http:\/\/www.visit-ulcinj.com\/blog\/wp-content\/uploads\/2012\/10\/Kryetari-Ulqinit-Cungu-me-nxensit-e-shkolles-Boshko-Strugar.2.jpg\" alt=\"\" width=\"508\" height=\"300\" \/><\/a><br \/>\nM\u00ebsimdh\u00ebn\u00ebsja Zoriq s\u00eb bashku me nx\u00ebn\u00ebsit ka p\u00ebrmendur edhe probemet me t\u00eb cilat ballafaqohet shkolla, e transporti i organizuar p\u00ebr nx\u00ebn\u00ebsit t\u00eb cil\u00ebt jet\u00ebjn\u00eb n\u00eb periferi \u00ebsht\u00eb nj\u00ebri prej tyre. Ata kan\u00eb k\u00ebrkuar nga kryetari mb\u00ebshtetje p\u00ebr zgjidhjen e k\u00ebsaj \u00e7\u00ebshtjeje.<br \/>\nN\u00eb fund nx\u00ebn\u00ebsit e kan\u00eb ftuar kryetarin ta vizitoj\u00eb shkoll\u00ebn e tyre.<\/p>\n<p><strong>Op\u0161tina Ulcinj \/ Komuna e Ulqinit<\/strong><br \/>\nTel: +382 30 412 050<br \/>\nFax: +382 30 412 413<br \/>\nAdresa: Bul. Skenderbeu bb, 85360 Ulcinj, MNE<\/p>\n","protected":false},"excerpt":{"rendered":"<p>Sot nx\u00ebn\u00ebsit e klas\u00ebs s\u00eb pest\u00eb t\u00eb shkoll\u00ebs fillore &#8220;Boshko Strugar&#8221;, n\u00eb p\u00ebrcjelljen e m\u00ebsim\u00ebdh\u00ebn\u00ebses Dragica Zoriq, kan\u00eb vizituar Komun\u00ebn e Ulqinit, i ka pritur Kryetari i Komun\u00ebs Nazif Cungu. Kryetari n\u00eb fillim iu d\u00ebshiroj mir\u00ebseardhje nx\u00ebn\u00ebsve dhe u ka sqaruar se si \u00eb vendet demokratike zgjedhet kryetari dhe se cilat jan\u00eb p\u00ebrgjegjesit\u00eb e kryetarit. [&hellip;]<\/p>\n","protected":false},"author":1,"featured_media":0,"comment_status":"open","ping_status":"closed","sticky":false,"template":"","format":"standard","meta":{"spay_email":"","jetpack_publicize_message":"","jetpack_is_tweetstorm":false,"jetpack_publicize_feature_enabled":true},"categories":[12],"tags":[],"jetpack_publicize_connections":[],"yoast_head":"<!-- This site is optimized with the Yoast SEO plugin v19.1 - https:\/\/yoast.com\/wordpress\/plugins\/seo\/ -->\n<title>Kryetari Ulqinit Cungu priti nx\u00ebn\u00ebsit e shkoll\u00ebs fillore &quot;Boshko Strugar&quot; - Lajme nga Ulqini<\/title>\n<meta name=\"description\" content=\"Sot nx\u00ebn\u00ebsit e klas\u00ebs s\u00eb pest\u00eb t\u00eb shkoll\u00ebs fillore &quot;Boshko Strugar&quot;, n\u00eb p\u00ebrcjelljen e m\u00ebsim\u00ebdh\u00ebn\u00ebses Dragica Zoriq, kan\u00eb vizituar Komun\u00ebn e Ulqinit, i ka\" \/>\n<meta name=\"robots\" content=\"index, follow, max-snippet:-1, max-image-preview:large, max-video-preview:-1\" \/>\n<link rel=\"canonical\" href=\"https:\/\/www.visit-ulcinj.com\/blog\/2012\/10\/04\/kryetari-ulqinit-cungu-priti-nxenesit-e-shkolles-fillore-boshko-strugar\/\" \/>\n<meta property=\"og:locale\" content=\"en_US\" \/>\n<meta property=\"og:type\" content=\"article\" \/>\n<meta property=\"og:title\" content=\"Kryetari Ulqinit Cungu priti nx\u00ebn\u00ebsit e shkoll\u00ebs fillore &quot;Boshko Strugar&quot; - Lajme nga Ulqini\" \/>\n<meta property=\"og:description\" content=\"Sot nx\u00ebn\u00ebsit e klas\u00ebs s\u00eb pest\u00eb t\u00eb shkoll\u00ebs fillore &quot;Boshko Strugar&quot;, n\u00eb p\u00ebrcjelljen e m\u00ebsim\u00ebdh\u00ebn\u00ebses Dragica Zoriq, kan\u00eb vizituar Komun\u00ebn e Ulqinit, i ka\" \/>\n<meta property=\"og:url\" content=\"https:\/\/www.visit-ulcinj.com\/blog\/2012\/10\/04\/kryetari-ulqinit-cungu-priti-nxenesit-e-shkolles-fillore-boshko-strugar\/\" \/>\n<meta property=\"og:site_name\" content=\"Lajme nga Ulqini\" \/>\n<meta property=\"article:published_time\" content=\"2012-10-04T08:21:29+00:00\" \/>\n<meta property=\"article:modified_time\" content=\"2012-10-04T11:22:22+00:00\" \/>\n<meta property=\"og:image\" content=\"http:\/\/www.visit-ulcinj.com\/blog\/wp-content\/uploads\/2012\/10\/Kryetari-Ulqinit-Cungu-me-nxensit-e-shkolles-Boshko-Strugar.jpg\" \/>\n<meta name=\"twitter:label1\" content=\"Written by\" \/>\n\t<meta name=\"twitter:data1\" content=\"ulqini\" \/>\n\t<meta name=\"twitter:label2\" content=\"Est. reading time\" \/>\n\t<meta name=\"twitter:data2\" content=\"2 minutes\" \/>\n<script type=\"application\/ld+json\" class=\"yoast-schema-graph\">{\"@context\":\"https:\/\/schema.org\",\"@graph\":[{\"@type\":\"WebSite\",\"@id\":\"https:\/\/www.visit-ulcinj.com\/blog\/#website\",\"url\":\"https:\/\/www.visit-ulcinj.com\/blog\/\",\"name\":\"Lajme nga Ulqini\",\"description\":\"Lajme,Vijesti,Ulqini,Ulqin,Crna Gora,Mali i Zi\",\"potentialAction\":[{\"@type\":\"SearchAction\",\"target\":{\"@type\":\"EntryPoint\",\"urlTemplate\":\"https:\/\/www.visit-ulcinj.com\/blog\/?s={search_term_string}\"},\"query-input\":\"required name=search_term_string\"}],\"inLanguage\":\"en-US\"},{\"@type\":\"ImageObject\",\"inLanguage\":\"en-US\",\"@id\":\"https:\/\/www.visit-ulcinj.com\/blog\/2012\/10\/04\/kryetari-ulqinit-cungu-priti-nxenesit-e-shkolles-fillore-boshko-strugar\/#primaryimage\",\"url\":\"https:\/\/www.visit-ulcinj.com\/blog\/wp-content\/uploads\/2012\/10\/Kryetari-Ulqinit-Cungu-me-nxensit-e-shkolles-Boshko-Strugar.jpg\",\"contentUrl\":\"https:\/\/www.visit-ulcinj.com\/blog\/wp-content\/uploads\/2012\/10\/Kryetari-Ulqinit-Cungu-me-nxensit-e-shkolles-Boshko-Strugar.jpg\",\"width\":\"640\",\"height\":\"424\"},{\"@type\":\"WebPage\",\"@id\":\"https:\/\/www.visit-ulcinj.com\/blog\/2012\/10\/04\/kryetari-ulqinit-cungu-priti-nxenesit-e-shkolles-fillore-boshko-strugar\/#webpage\",\"url\":\"https:\/\/www.visit-ulcinj.com\/blog\/2012\/10\/04\/kryetari-ulqinit-cungu-priti-nxenesit-e-shkolles-fillore-boshko-strugar\/\",\"name\":\"Kryetari Ulqinit Cungu priti nx\u00ebn\u00ebsit e shkoll\u00ebs fillore \\\"Boshko Strugar\\\" - Lajme nga Ulqini\",\"isPartOf\":{\"@id\":\"https:\/\/www.visit-ulcinj.com\/blog\/#website\"},\"primaryImageOfPage\":{\"@id\":\"https:\/\/www.visit-ulcinj.com\/blog\/2012\/10\/04\/kryetari-ulqinit-cungu-priti-nxenesit-e-shkolles-fillore-boshko-strugar\/#primaryimage\"},\"datePublished\":\"2012-10-04T08:21:29+00:00\",\"dateModified\":\"2012-10-04T11:22:22+00:00\",\"author\":{\"@id\":\"https:\/\/www.visit-ulcinj.com\/blog\/#\/schema\/person\/dcab619c614d3038751c63bc2aadc06d\"},\"description\":\"Sot nx\u00ebn\u00ebsit e klas\u00ebs s\u00eb pest\u00eb t\u00eb shkoll\u00ebs fillore \\\"Boshko Strugar\\\", n\u00eb p\u00ebrcjelljen e m\u00ebsim\u00ebdh\u00ebn\u00ebses Dragica Zoriq, kan\u00eb vizituar Komun\u00ebn e Ulqinit, i ka\",\"breadcrumb\":{\"@id\":\"https:\/\/www.visit-ulcinj.com\/blog\/2012\/10\/04\/kryetari-ulqinit-cungu-priti-nxenesit-e-shkolles-fillore-boshko-strugar\/#breadcrumb\"},\"inLanguage\":\"en-US\",\"potentialAction\":[{\"@type\":\"ReadAction\",\"target\":[\"https:\/\/www.visit-ulcinj.com\/blog\/2012\/10\/04\/kryetari-ulqinit-cungu-priti-nxenesit-e-shkolles-fillore-boshko-strugar\/\"]}]},{\"@type\":\"BreadcrumbList\",\"@id\":\"https:\/\/www.visit-ulcinj.com\/blog\/2012\/10\/04\/kryetari-ulqinit-cungu-priti-nxenesit-e-shkolles-fillore-boshko-strugar\/#breadcrumb\",\"itemListElement\":[{\"@type\":\"ListItem\",\"position\":1,\"name\":\"Kryetari Ulqinit Cungu priti nx\u00ebn\u00ebsit e shkoll\u00ebs fillore &#8220;Boshko Strugar&#8221;\"}]},{\"@type\":\"Person\",\"@id\":\"https:\/\/www.visit-ulcinj.com\/blog\/#\/schema\/person\/dcab619c614d3038751c63bc2aadc06d\",\"name\":\"ulqini\",\"sameAs\":[\"http:\/\/www.visit-ulcinj.com\"],\"url\":\"https:\/\/www.visit-ulcinj.com\/blog\/author\/admin\/\"}]}<\/script>\n<!-- \/ Yoast SEO plugin. -->","yoast_head_json":{"title":"Kryetari Ulqinit Cungu priti nx\u00ebn\u00ebsit e shkoll\u00ebs fillore \"Boshko Strugar\" - Lajme nga Ulqini","description":"Sot nx\u00ebn\u00ebsit e klas\u00ebs s\u00eb pest\u00eb t\u00eb shkoll\u00ebs fillore \"Boshko Strugar\", n\u00eb p\u00ebrcjelljen e m\u00ebsim\u00ebdh\u00ebn\u00ebses Dragica Zoriq, kan\u00eb vizituar Komun\u00ebn e Ulqinit, i ka","robots":{"index":"index","follow":"follow","max-snippet":"max-snippet:-1","max-image-preview":"max-image-preview:large","max-video-preview":"max-video-preview:-1"},"canonical":"https:\/\/www.visit-ulcinj.com\/blog\/2012\/10\/04\/kryetari-ulqinit-cungu-priti-nxenesit-e-shkolles-fillore-boshko-strugar\/","og_locale":"en_US","og_type":"article","og_title":"Kryetari Ulqinit Cungu priti nx\u00ebn\u00ebsit e shkoll\u00ebs fillore \"Boshko Strugar\" - Lajme nga Ulqini","og_description":"Sot nx\u00ebn\u00ebsit e klas\u00ebs s\u00eb pest\u00eb t\u00eb shkoll\u00ebs fillore \"Boshko Strugar\", n\u00eb p\u00ebrcjelljen e m\u00ebsim\u00ebdh\u00ebn\u00ebses Dragica Zoriq, kan\u00eb vizituar Komun\u00ebn e Ulqinit, i ka","og_url":"https:\/\/www.visit-ulcinj.com\/blog\/2012\/10\/04\/kryetari-ulqinit-cungu-priti-nxenesit-e-shkolles-fillore-boshko-strugar\/","og_site_name":"Lajme nga Ulqini","article_published_time":"2012-10-04T08:21:29+00:00","article_modified_time":"2012-10-04T11:22:22+00:00","og_image":[{"url":"http:\/\/www.visit-ulcinj.com\/blog\/wp-content\/uploads\/2012\/10\/Kryetari-Ulqinit-Cungu-me-nxensit-e-shkolles-Boshko-Strugar.jpg"}],"twitter_misc":{"Written by":"ulqini","Est. reading time":"2 minutes"},"schema":{"@context":"https:\/\/schema.org","@graph":[{"@type":"WebSite","@id":"https:\/\/www.visit-ulcinj.com\/blog\/#website","url":"https:\/\/www.visit-ulcinj.com\/blog\/","name":"Lajme nga Ulqini","description":"Lajme,Vijesti,Ulqini,Ulqin,Crna Gora,Mali i Zi","potentialAction":[{"@type":"SearchAction","target":{"@type":"EntryPoint","urlTemplate":"https:\/\/www.visit-ulcinj.com\/blog\/?s={search_term_string}"},"query-input":"required name=search_term_string"}],"inLanguage":"en-US"},{"@type":"ImageObject","inLanguage":"en-US","@id":"https:\/\/www.visit-ulcinj.com\/blog\/2012\/10\/04\/kryetari-ulqinit-cungu-priti-nxenesit-e-shkolles-fillore-boshko-strugar\/#primaryimage","url":"https:\/\/www.visit-ulcinj.com\/blog\/wp-content\/uploads\/2012\/10\/Kryetari-Ulqinit-Cungu-me-nxensit-e-shkolles-Boshko-Strugar.jpg","contentUrl":"https:\/\/www.visit-ulcinj.com\/blog\/wp-content\/uploads\/2012\/10\/Kryetari-Ulqinit-Cungu-me-nxensit-e-shkolles-Boshko-Strugar.jpg","width":"640","height":"424"},{"@type":"WebPage","@id":"https:\/\/www.visit-ulcinj.com\/blog\/2012\/10\/04\/kryetari-ulqinit-cungu-priti-nxenesit-e-shkolles-fillore-boshko-strugar\/#webpage","url":"https:\/\/www.visit-ulcinj.com\/blog\/2012\/10\/04\/kryetari-ulqinit-cungu-priti-nxenesit-e-shkolles-fillore-boshko-strugar\/","name":"Kryetari Ulqinit Cungu priti nx\u00ebn\u00ebsit e shkoll\u00ebs fillore \"Boshko Strugar\" - Lajme nga Ulqini","isPartOf":{"@id":"https:\/\/www.visit-ulcinj.com\/blog\/#website"},"primaryImageOfPage":{"@id":"https:\/\/www.visit-ulcinj.com\/blog\/2012\/10\/04\/kryetari-ulqinit-cungu-priti-nxenesit-e-shkolles-fillore-boshko-strugar\/#primaryimage"},"datePublished":"2012-10-04T08:21:29+00:00","dateModified":"2012-10-04T11:22:22+00:00","author":{"@id":"https:\/\/www.visit-ulcinj.com\/blog\/#\/schema\/person\/dcab619c614d3038751c63bc2aadc06d"},"description":"Sot nx\u00ebn\u00ebsit e klas\u00ebs s\u00eb pest\u00eb t\u00eb shkoll\u00ebs fillore \"Boshko Strugar\", n\u00eb p\u00ebrcjelljen e m\u00ebsim\u00ebdh\u00ebn\u00ebses Dragica Zoriq, kan\u00eb vizituar Komun\u00ebn e Ulqinit, i ka","breadcrumb":{"@id":"https:\/\/www.visit-ulcinj.com\/blog\/2012\/10\/04\/kryetari-ulqinit-cungu-priti-nxenesit-e-shkolles-fillore-boshko-strugar\/#breadcrumb"},"inLanguage":"en-US","potentialAction":[{"@type":"ReadAction","target":["https:\/\/www.visit-ulcinj.com\/blog\/2012\/10\/04\/kryetari-ulqinit-cungu-priti-nxenesit-e-shkolles-fillore-boshko-strugar\/"]}]},{"@type":"BreadcrumbList","@id":"https:\/\/www.visit-ulcinj.com\/blog\/2012\/10\/04\/kryetari-ulqinit-cungu-priti-nxenesit-e-shkolles-fillore-boshko-strugar\/#breadcrumb","itemListElement":[{"@type":"ListItem","position":1,"name":"Kryetari Ulqinit Cungu priti nx\u00ebn\u00ebsit e shkoll\u00ebs fillore &#8220;Boshko Strugar&#8221;"}]},{"@type":"Person","@id":"https:\/\/www.visit-ulcinj.com\/blog\/#\/schema\/person\/dcab619c614d3038751c63bc2aadc06d","name":"ulqini","sameAs":["http:\/\/www.visit-ulcinj.com"],"url":"https:\/\/www.visit-ulcinj.com\/blog\/author\/admin\/"}]}},"jetpack_featured_media_url":"","jetpack_sharing_enabled":true,"jetpack_shortlink":"https:\/\/wp.me\/pe6lTn-gIE","_links":{"self":[{"href":"https:\/\/www.visit-ulcinj.com\/blog\/wp-json\/wp\/v2\/posts\/64272"}],"collection":[{"href":"https:\/\/www.visit-ulcinj.com\/blog\/wp-json\/wp\/v2\/posts"}],"about":[{"href":"https:\/\/www.visit-ulcinj.com\/blog\/wp-json\/wp\/v2\/types\/post"}],"author":[{"embeddable":true,"href":"https:\/\/www.visit-ulcinj.com\/blog\/wp-json\/wp\/v2\/users\/1"}],"replies":[{"embeddable":true,"href":"https:\/\/www.visit-ulcinj.com\/blog\/wp-json\/wp\/v2\/comments?post=64272"}],"version-history":[{"count":3,"href":"https:\/\/www.visit-ulcinj.com\/blog\/wp-json\/wp\/v2\/posts\/64272\/revisions"}],"predecessor-version":[{"id":64293,"href":"https:\/\/www.visit-ulcinj.com\/blog\/wp-json\/wp\/v2\/posts\/64272\/revisions\/64293"}],"wp:attachment":[{"href":"https:\/\/www.visit-ulcinj.com\/blog\/wp-json\/wp\/v2\/media?parent=64272"}],"wp:term":[{"taxonomy":"category","embeddable":true,"href":"https:\/\/www.visit-ulcinj.com\/blog\/wp-json\/wp\/v2\/categories?post=64272"},{"taxonomy":"post_tag","embeddable":true,"href":"https:\/\/www.visit-ulcinj.com\/blog\/wp-json\/wp\/v2\/tags?post=64272"}],"curies":[{"name":"wp","href":"https:\/\/api.w.org\/{rel}","templated":true}]}}