{"id":64277,"date":"2012-10-04T09:51:55","date_gmt":"2012-10-04T08:51:55","guid":{"rendered":"http:\/\/www.visit-ulcinj.com\/blog\/?p=64277"},"modified":"2012-10-04T09:51:55","modified_gmt":"2012-10-04T08:51:55","slug":"akademik-tome-berisha-nderi-i-lavdise-kombetare","status":"publish","type":"post","link":"https:\/\/www.visit-ulcinj.com\/blog\/2012\/10\/04\/akademik-tome-berisha-nderi-i-lavdise-kombetare\/","title":{"rendered":"Akademik Tom\u00eb Berisha, nderi i lavdis\u00eb komb\u00ebtare"},"content":{"rendered":"<p><strong><a href=\"http:\/\/www.visit-ulcinj.com\/blog\/wp-content\/uploads\/2012\/10\/TomeBerisha.jpg\"><img loading=\"lazy\" class=\"alignleft size-full wp-image-64279\" title=\"TomeBerisha\" src=\"http:\/\/www.visit-ulcinj.com\/blog\/wp-content\/uploads\/2012\/10\/TomeBerisha.jpg\" alt=\"\" width=\"250\" height=\"350\" srcset=\"https:\/\/www.visit-ulcinj.com\/blog\/wp-content\/uploads\/2012\/10\/TomeBerisha.jpg 250w, https:\/\/www.visit-ulcinj.com\/blog\/wp-content\/uploads\/2012\/10\/TomeBerisha-214x300.jpg 214w\" sizes=\"(max-width: 250px) 100vw, 250px\" \/><\/a>Gjek\u00eb Gjonaj<\/strong><\/p>\n<p>Nga marsi i k\u00ebtij viti nuk e kemi m\u00eb midis nesh\u00a0 profesorin, akademikun, ushtarakun, atdhetarin e guximsh\u00ebm \u00a0t\u00eb \u00e7\u00ebshtjes shqiptare dhe birin e shtrenjt\u00eb e t\u00eb paz\u00ebvend\u00ebsuesh\u00ebm\u00a0 t\u00eb Mal\u00ebsis\u00eb s\u00eb \u00a0Madhe Tom\u00eb Berisha. Zemra\u00a0 dhe shpirti i tij fisnik u shuan\u00a0 n\u00eb mosh\u00ebn 89 vje\u00e7are n\u00eb\u00a0 kryeqytetin kroat n\u00eb Zagreb, ku jetoi dhe veproi pjes\u00ebn m\u00eb\u00a0 t\u00eb madhe t\u00eb jet\u00ebs s\u00eb tij. \u00a0Shkoi n\u00eb amshim p\u00ebr t\u00eb mos u kthyer\u00a0 fizikisht m\u00eb kurr\u00eb.\u00a0 Shkoi por mbeti\u00a0 n\u00eb p\u00ebrjet\u00ebsi. P\u00ebr bac\u00ebn Tom\u00eb,si\u00e7 e qunate dr. Ibrahim Rugova,\u00a0 do t\u00eb flitet p\u00ebr dit\u00eb, muaj, vite e shekuj me radh\u00eb. Do t\u00eb fliten fjal\u00eb miradie,t\u00eb cilat nuk do t\u00eb mjaftojn\u00eb p\u00ebr t\u00eb thurur lavdin\u00eb e k\u00ebtij njeriu, shk\u00eblqimin dhe mendjempreht\u00ebsin\u00eb e tij.\u00a0 N\u00eb jet\u00ebn e v\u00ebrtet\u00eb ai gjithmon\u00eb mbarti virtytin e fisnik\u00ebris\u00eb, lart\u00ebsis\u00eb dhe dinjitetit. Veprimtaria e tij jet\u00ebsore dhe atdhedashuria e b\u00ebjn\u00eb at\u00eb t\u00eb pavdeksh\u00ebm.<\/p>\n<p><strong>Humbje e paz\u00ebvend\u00ebsueshme<\/strong><\/p>\n<p>Vdekja e\u00a0\u00a0 k\u00ebtij intelektuali t\u00eb nderuar e t\u00eb respektuar\u00a0 \u00ebsht\u00eb nj\u00eb munges\u00eb e madhe p\u00ebr\u00a0 shkenc\u00ebn, p\u00ebr kultur\u00ebn, p\u00ebr kombin shqiptar, p\u00ebr Mal\u00ebsis\u00eb, p\u00ebr bashk\u00ebkombasit, bashk\u00ebkoh\u00ebsit, koleg\u00ebt, miqt\u00eb e shok\u00ebt e tij e\u00a0 n\u00eb ve\u00e7anti p\u00ebr familjar\u00ebt. \u00a0Ai ishte nj\u00eb njeri i vlerave meq\u00eb gjithmon\u00eb i \u00e7monte vlerat njer\u00ebzore. Ishte i pajisur me nj\u00eb karakter t\u00eb fort\u00eb, me nd\u00ebrgjegje t\u00eb past\u00ebr\u00a0 dhe t\u00eb pathyeshme. Rrall\u00ebher\u00eb gjenden njer\u00ebz si ai i cili i pati t\u00eb dy virtytet. Familjes, farefisit, koleg\u00ebve dhe shok\u00ebve u doli n\u00eb mbrojtje, u shoq\u00ebrua me ta, dhe kurr\u00eb nuk i humbi lidhjet me ta. Ai e dinte dhe e kuptonte njeriun ashtu si\u00e7 merrte vet\u00eb frym\u00eb. Andaj, me vdekjen\u00a0 Tom\u00eb Berish\u00ebs\u00a0 kemi humbur nj\u00eb enciklopedi shum\u00eb t\u00eb begatshme dhe t\u00eb pashtershme q\u00eb do t\u00eb na mungoj\u00eb shum\u00eb. Nd\u00ebrkaq, Mal\u00ebsis\u00eb do t\u2019i mungoj\u00eb nj\u00eb zot\u00ebri i lindur, pedant, \u00a0gjithnj\u00eb modest, nj\u00eb njeri aq i mir\u00eb, nj\u00eb shkenc\u00ebtar serioz, nj\u00eb patriot i flak\u00ebt.\u00a0\u00a0 Dhimbjen dhe humbjen e tij\u00a0 do ta zbuz\u00eb krenaria jon\u00eb p\u00ebr jet\u00ebn dhe vepr\u00ebn e tij. \u201cMos u mundo t\u00eb jesh si nj\u00eb njeri i suksessh\u00ebm, por mundohu t\u00eb jesh njeri me vlera.\u201d thoshte\u00a0 mendimtari i ndritur Ajnshtajni.\u00a0 Profesor Toma v\u00ebrtet\u00eb\u00a0 ishte njeri me shum\u00eb vler\u00eb q\u00eb do ta mbaj\u00eb mend koha\u00a0 dhe t\u00eb gjitha gjeneratat t\u00eb cilat i m\u00ebsoi, sepse posedonte aft\u00ebsin\u00eb e nd\u00ebrlidhjes s\u00eb shkencave, por ishte edhe vrojtues\u00a0\u00a0 i mir\u00eb i politik\u00ebs s\u00eb kaluar dhe asaj aktuale. K\u00ebshillat dhe fjal\u00ebt e tij ishin t\u00eb arta. Ishte gjithnj\u00eb pran\u00eb \u00a0njer\u00ebzve, t\u00eb cil\u00ebt i donte dhe e donin pafund.<\/p>\n<p><strong>Njeri i madh dhe i pap\u00ebrs\u00ebritsh\u00ebm <\/strong><\/p>\n<p>Tom\u00eb Berisha me pun\u00ebn dhe kontributin e tij\u00a0 dyzet\u00ebvje\u00e7ar\u00a0 n\u00eb shkenc\u00eb, n\u00eb arsim e n\u00eb sh\u00ebrbim t\u00eb popullit t\u00eb vet, me vepr\u00ebn e tij t\u00eb madhe la gjurm\u00eb t\u00eb pashlyera n\u00eb memorjen jo vet\u00ebm t\u00eb\u00a0 mal\u00ebsor\u00ebve por t\u00eb t\u00eb gjith\u00eb shqiptar\u00ebve\u00a0\u00a0\u00a0 brenda dhe jasht\u00eb kufijve etnik t\u00eb shtetit am\u00eb\u00a0 Shqip\u00ebris\u00eb. La em\u00ebr t\u00eb paharruar dhe autoritet t\u00eb pal\u00ebkundur\u00a0 tek populli yn\u00eb n\u00eb shum\u00eb fusha t\u00eb r\u00ebnd\u00ebsishme\u00a0 si rrall\u00eb \u00a0ndonj\u00eb tjet\u00ebr. \u00a0Ai ishte njeri i madh dhe i pap\u00ebrs\u00ebritsh\u00ebm. Njeri i virtytsh\u00ebm e pun\u00ebtor titanik. Nj\u00eb figur\u00eb poliedrike. Nj\u00eb poliglot.\u00a0 Zot\u00ebronte gjuh\u00ebn fr\u00ebnge, italiane, kroate dhe\u00a0 serbe. N\u00eb fush\u00ebn\u00a0 profesionale\u00a0 anglishten dhe fr\u00ebngjishten. Atdhetar e strateg. Njeri q\u00eb\u00a0 p\u00ebrher\u00eb do t\u00eb jet\u00eb n\u00eb kujtes\u00ebn e brezave. I p\u00ebrcaktuar drejt komb\u00ebtarisht. Ky burr\u00eb i Mal\u00ebsis\u00eb, u shpreh ne ceremonialin e vdekjes,\u00a0 shoku i tij i ngusht\u00eb, akademik Mark Krasniqi,\u00a0 ndoqi rrug\u00ebn e Ded\u00eb Gjo Lulit dhe atdhetar\u00ebve t\u00eb tjer\u00eb t\u00eb ndersh\u00ebm t\u00eb p\u00ebrkushtuar p\u00ebr idealin komb\u00ebtar. Tek\u00a0 Toma ishin bashkuar talenti, men\u00e7uria,\u00a0 zgjuar\u00ebsia, inteligjenca,\u00a0 maturia, ndershm\u00ebria,\u00a0 fisnik\u00ebria, \u00a0d\u00ebshira p\u00ebr pun\u00eb aktiviteti komb\u00ebtar dhe\u00a0 atdhedashuria , e cila ishte nd\u00ebr ve\u00e7orit\u00eb e tija m\u00eb t\u00eb spikatura. Me plot kuptimin e fjal\u00ebs ai ishte njeri\u00a0 i suksesit dhe\u00a0 vlerave.<strong> <\/strong>\u00cbsht\u00eb nj\u00eb shembull m\u00eb vete se si nj\u00eb\u00a0 mal\u00ebsor me origjin\u00eb\u00a0 nga Gruda, pamohuesh\u00ebm e gjen veten t\u00eb projektuar n\u00eb rrafshet e vlerave komb\u00ebtare. Sh\u00ebmb\u00eblltyra e tij e ndritshme do t\u00eb mbetet\u00a0 e pashlyeshme n\u00eb kujtes\u00ebn e shqiptar\u00ebve.<\/p>\n<p><a href=\"http:\/\/www.visit-ulcinj.com\/blog\/wp-content\/uploads\/2012\/10\/Tom\u00eb-Berishaj.jpg\"><img loading=\"lazy\" class=\"alignleft  wp-image-64278\" title=\"Tom\u00eb Berishaj\" src=\"http:\/\/www.visit-ulcinj.com\/blog\/wp-content\/uploads\/2012\/10\/Tom\u00eb-Berishaj.jpg\" alt=\"\" width=\"508\" height=\"300\" \/><\/a><\/p>\n<p><strong>Kontributi shkencor, profesional \u00a0dhe atdhetar<\/strong><\/p>\n<p>N\u00eb formimin e Tom\u00eb Berish\u00ebs si personalitet prej atdhetari t\u00eb shquar do t\u00eb ndikoj\u00eb edukata me t\u00eb cil\u00ebn u brumos q\u00eb nga familja, e cila prej koh\u00ebsh ishte nd\u00ebrgjegj\u00ebsuar si nj\u00ebra nd\u00ebr familjet m\u00eb t\u00eb shquara p\u00ebr shqiptar\u00ebsi. Ai <strong>\u00a0<\/strong>lindi\u00a0 n\u00eb Podgoric\u00eb.\u00a0 Pas mbarimit t\u00eb shkoll\u00ebs fillore dhe\u00a0 gjimnazit n\u00eb kryeqendr\u00ebn\u00a0 e Malit t\u00eb Zi vijoi studimet n\u00eb\u00a0 Itali, n\u00eb Torino dhe Bolonj\u00eb s\u00eb bashku me\u00a0 disa atdhetar\u00eb t\u00eb shquar shqiptar\u00eb n\u00eb Mal\u00ebsin\u00eb e Madhe\u00a0 kund\u00ebr nazifashizmit\u00a0 dhe u shqua si mbrojt\u00ebs i\u00a0 flakt\u00eb i kauz\u00ebs shqiptare. \u00a0Pas\u00a0 Luft\u00ebs s\u00eb Dyt\u00eb Bot\u00ebrore diplomoi n\u00eb Universitetin e Lubjan\u00ebs n\u00eb Fakultetin Teknik, e m\u00eb pastaj pun\u00ebsohet si ligj\u00ebrues n\u00eb Akademin\u00eb Teknike Ushtarake n\u00eb Zagreb , ku nj\u00ebkoh\u00ebsisht mbrojti doktorat\u00ebn. Ai p\u00ebr 20 vjet rresht, krahas ligj\u00ebrimeve n\u00eb Akademin\u00eb Teknike Ushtarake n\u00eb Zagreb, ligj\u00ebroi edhe n\u00eb Universitetin e Prishtin\u00ebs, ku edukoi kuadro t\u00eb reja t\u00eb cilat i duheshin aq shum\u00eb Kosov\u00ebs. \u00a0Armata Popullore e Jugosllavis\u00eb e pensionon n\u00eb mosh\u00ebn\u00a0 56 vje\u00e7are, duke mos i dh\u00ebn\u00eb grad\u00ebn gjeneral. Ky vendim q\u00ebllimkeq e \u00e7njer\u00ebzor nuk e ndali\u00a0\u00a0 aktivitetin\u00a0 e k\u00ebtij intelektuali me nj\u00eb karrier\u00eb t\u00eb gjat\u00eb akademike dhe ushtarake dhe t\u00eb k\u00ebtij politikani\u00a0 e veprimtari t\u00eb pasur n\u00eb gjith\u00eb hap\u00ebsir\u00ebn\u00a0 shqiptare.\u00a0 \u00a0Aktiviteti i tij vjen e shtohet\u00a0 nga vitet 1968, ve\u00e7mas\u00a0 q\u00eb nga viti 1981 e deri n\u00eb \u00e7lirimin e Kosov\u00ebs. N\u00eb vitet e<strong> <\/strong>shkat\u00ebrrimit t\u00eb Jugosllavis\u00eb artikuloi interesat komb\u00ebtare n\u00eb diaspor\u00eb, n\u00eb Kosov\u00eb dhe n\u00eb Shqip\u00ebri. Bashk\u00ebpun\u00ebtor\u00ebt e tij m\u00eb t\u00eb af\u00ebrt\u00eb dhe m\u00eb t\u00eb ngusht\u00eb thon\u00eb se\u00a0 Tom\u00eb Berish\u00ebn n\u00eb Kosov\u00eb e njohin si nd\u00ebr t\u00eb par\u00ebt q\u00eb iu drejtua opinionit p\u00ebr padrejt\u00ebsit\u00eb q\u00eb iu b\u00ebheshin shqiptar\u00ebve. Koleg\u00ebt e tij shprehen me krenari se\u00a0\u00a0 Toma n\u00eb Zagreb p\u00ebr shum\u00eb vjet ishte nj\u00eb ambasador i p\u00ebrkushtuar i interesave shqiptare, kurse sht\u00ebpia e tij n\u00eb kryeqytetin kroat ishte vendstrehim p\u00ebr student\u00eb e t\u00eb ikur nga Kosova. \u00a0Gjeneral Toma ishte njoh\u00ebs i shk\u00eblqyer i artit luftarak, analist i thell\u00eb i ideve luftarake dhe strategjike. K\u00ebshillat dhe strategjit\u00eb ushtarake t\u00eb\u00a0 tij \u00a0u p\u00ebrdor\u00ebn n\u00eb luft\u00ebn e Kosov\u00ebs, duke u\u00a0\u00a0 rreshtuar\u00a0 me profesionist\u00ebt e rrall\u00eb q\u00eb iu p\u00ebrgjigj z\u00ebrit t\u00eb popullit t\u00eb vet.\u00a0\u00a0 E Kosova nuk e harroi kontributin e tij. \u00a0Akademia e Shkencave dhe Arteve\u00a0 e Kosov\u00ebs, p\u00ebr veprimtarin\u00eb e tij shkencore i jep titullin akademik, kurse Ushtria \u00c7lirimtare e Kosov\u00ebs i jep grad\u00ebn gjeneral. Radh\u00ebn\u00a0 tani e ka\u00a0 Mal\u00ebsia ta nderoj\u00eb k\u00ebt\u00eb bir t\u00eb saj\u00a0 t\u00eb shtrenjt\u00eb, ashtu si\u00e7 e meriton.<\/p>\n<p><a href=\"http:\/\/www.visit-ulcinj.com\/blog\/wp-content\/uploads\/2012\/10\/TomeBerisha-varrimi.jpg\"><img loading=\"lazy\" class=\"alignleft size-full wp-image-64280\" title=\"TomeBerisha-varrimi\" src=\"http:\/\/www.visit-ulcinj.com\/blog\/wp-content\/uploads\/2012\/10\/TomeBerisha-varrimi.jpg\" alt=\"\" width=\"267\" height=\"202\" \/><\/a>Vepra madhore e akademik Tom\u00eb Berish\u00ebs tregon se ai\u00a0 kishte\u00a0 zgjedhur nj\u00eb detyr\u00eb jet\u00ebsore q\u00eb t\u2019i dal\u00eb zot \u00e7\u00ebshtjes s\u00eb kombit t\u00eb vet\u00a0 dhe atdheut. Ai me koh\u00eb kishte v\u00ebrejtur se detyr\u00eb mbi detyrat e intelektualit dhe shkenc\u00ebtarit shqiptar e sidomos t\u00eb eprorit ushtarak \u00ebsht\u00eb q\u00eb energjin\u00eb\u00a0 e vet krijuese ta shpenzoj\u00eb dhe ta shterroj\u00eb n\u00eb t\u00eb mir\u00eb t\u00eb kauz\u00ebs komb\u00ebtare.<\/p>\n<p>Akademik Tom\u00eb Berisha padyshim\u00a0 kishte nj\u00eb prirje t\u00eb lindur dhe t\u00eb zhvilluar p\u00ebr t\u2019u profilizuar n\u00eb studiues t\u00eb pasionuar me kultur\u00eb t\u00eb gjer\u00eb, me sens t\u00eb profesionistit. Diskutimet dhe shkrimet e tij jan\u00eb t\u00eb llojit t\u00eb ve\u00e7ant\u00eb dhe t\u00eb nivelit t\u00eb lart\u00eb shkencor e artistik. \u00cbsht\u00eb nd\u00ebr ekspert\u00ebt\u00a0 shqiptar\u00a0 mjaft t\u00eb cituar n\u00eb literatur\u00ebn shkencore. Ka botuar disa punime, kumtesa dhe ligj\u00ebrime shkencore n\u00eb\u00a0 shum\u00eb\u00a0 revistat me renome bot\u00ebrore. Ai koh\u00ebs s\u00eb vet mjaft i ka th\u00ebn\u00eb dhe mjaft i ka l\u00ebn\u00eb. Vepra e gjeneral Tom\u00eb Berishajt\u00a0 i b\u00ebn nder kombit dhe humanizmit n\u00eb t\u00ebr\u00ebsi \u00a0po sikurse edhe emri i tij t\u00eb cilin po e p\u00ebrkujtojm\u00eb me rastin e vdekjes. Trupi i tij pushoft\u00eb i qet\u00eb n\u00eb tok\u00ebn e Mal\u00ebsis\u00eb, ku u varros me nderime m\u00eb t\u00eb larta n\u00eb prani t\u00eb mij\u00ebra qytetar\u00ebve shqiptar\u00eb dhe personaliteteve\u00a0 m\u00eb t\u00eb\u00a0 njohura\u00a0 t\u00eb kombit ton\u00eb nga hap\u00ebsira mbar\u00ebshqiptare.<\/p>\n<!--YouTube Error: bad URL entered-->\n","protected":false},"excerpt":{"rendered":"<p>Gjek\u00eb Gjonaj Nga marsi i k\u00ebtij viti nuk e kemi m\u00eb midis nesh\u00a0 profesorin, akademikun, ushtarakun, atdhetarin e guximsh\u00ebm \u00a0t\u00eb \u00e7\u00ebshtjes shqiptare dhe birin e shtrenjt\u00eb e t\u00eb paz\u00ebvend\u00ebsuesh\u00ebm\u00a0 t\u00eb Mal\u00ebsis\u00eb s\u00eb \u00a0Madhe Tom\u00eb Berisha. Zemra\u00a0 dhe shpirti i tij fisnik u shuan\u00a0 n\u00eb mosh\u00ebn 89 vje\u00e7are n\u00eb\u00a0 kryeqytetin kroat n\u00eb Zagreb, ku jetoi dhe [&hellip;]<\/p>\n","protected":false},"author":1,"featured_media":0,"comment_status":"open","ping_status":"closed","sticky":false,"template":"","format":"standard","meta":{"spay_email":"","jetpack_publicize_message":"","jetpack_is_tweetstorm":false,"jetpack_publicize_feature_enabled":true},"categories":[14],"tags":[21159],"jetpack_publicize_connections":[],"yoast_head":"<!-- This site is optimized with the Yoast SEO plugin v19.1 - https:\/\/yoast.com\/wordpress\/plugins\/seo\/ -->\n<title>Akademik Tom\u00eb Berisha, nderi i lavdis\u00eb komb\u00ebtare - Lajme nga Ulqini<\/title>\n<meta name=\"description\" content=\"Gjek\u00eb Gjonaj Nga marsi i k\u00ebtij viti nuk e kemi m\u00eb midis nesh\u00a0 profesorin, akademikun, ushtarakun, atdhetarin e guximsh\u00ebm \u00a0t\u00eb \u00e7\u00ebshtjes shqiptare dhe birin\" \/>\n<meta name=\"robots\" content=\"index, follow, max-snippet:-1, max-image-preview:large, max-video-preview:-1\" \/>\n<link rel=\"canonical\" href=\"https:\/\/www.visit-ulcinj.com\/blog\/2012\/10\/04\/akademik-tome-berisha-nderi-i-lavdise-kombetare\/\" \/>\n<meta property=\"og:locale\" content=\"en_US\" \/>\n<meta property=\"og:type\" content=\"article\" \/>\n<meta property=\"og:title\" content=\"Akademik Tom\u00eb Berisha, nderi i lavdis\u00eb komb\u00ebtare - Lajme nga Ulqini\" \/>\n<meta property=\"og:description\" content=\"Gjek\u00eb Gjonaj Nga marsi i k\u00ebtij viti nuk e kemi m\u00eb midis nesh\u00a0 profesorin, akademikun, ushtarakun, atdhetarin e guximsh\u00ebm \u00a0t\u00eb \u00e7\u00ebshtjes shqiptare dhe birin\" \/>\n<meta property=\"og:url\" content=\"https:\/\/www.visit-ulcinj.com\/blog\/2012\/10\/04\/akademik-tome-berisha-nderi-i-lavdise-kombetare\/\" \/>\n<meta property=\"og:site_name\" content=\"Lajme nga Ulqini\" \/>\n<meta property=\"article:published_time\" content=\"2012-10-04T08:51:55+00:00\" \/>\n<meta property=\"og:image\" content=\"http:\/\/www.visit-ulcinj.com\/blog\/wp-content\/uploads\/2012\/10\/TomeBerisha.jpg\" \/>\n<meta name=\"twitter:label1\" content=\"Written by\" \/>\n\t<meta name=\"twitter:data1\" content=\"ulqini\" \/>\n\t<meta name=\"twitter:label2\" content=\"Est. reading time\" \/>\n\t<meta name=\"twitter:data2\" content=\"7 minutes\" \/>\n<script type=\"application\/ld+json\" class=\"yoast-schema-graph\">{\"@context\":\"https:\/\/schema.org\",\"@graph\":[{\"@type\":\"WebSite\",\"@id\":\"https:\/\/www.visit-ulcinj.com\/blog\/#website\",\"url\":\"https:\/\/www.visit-ulcinj.com\/blog\/\",\"name\":\"Lajme nga Ulqini\",\"description\":\"Lajme,Vijesti,Ulqini,Ulqin,Crna Gora,Mali i Zi\",\"potentialAction\":[{\"@type\":\"SearchAction\",\"target\":{\"@type\":\"EntryPoint\",\"urlTemplate\":\"https:\/\/www.visit-ulcinj.com\/blog\/?s={search_term_string}\"},\"query-input\":\"required name=search_term_string\"}],\"inLanguage\":\"en-US\"},{\"@type\":\"ImageObject\",\"inLanguage\":\"en-US\",\"@id\":\"https:\/\/www.visit-ulcinj.com\/blog\/2012\/10\/04\/akademik-tome-berisha-nderi-i-lavdise-kombetare\/#primaryimage\",\"url\":\"https:\/\/www.visit-ulcinj.com\/blog\/wp-content\/uploads\/2012\/10\/TomeBerisha.jpg\",\"contentUrl\":\"https:\/\/www.visit-ulcinj.com\/blog\/wp-content\/uploads\/2012\/10\/TomeBerisha.jpg\",\"width\":\"250\",\"height\":\"350\"},{\"@type\":\"WebPage\",\"@id\":\"https:\/\/www.visit-ulcinj.com\/blog\/2012\/10\/04\/akademik-tome-berisha-nderi-i-lavdise-kombetare\/#webpage\",\"url\":\"https:\/\/www.visit-ulcinj.com\/blog\/2012\/10\/04\/akademik-tome-berisha-nderi-i-lavdise-kombetare\/\",\"name\":\"Akademik Tom\u00eb Berisha, nderi i lavdis\u00eb komb\u00ebtare - Lajme nga Ulqini\",\"isPartOf\":{\"@id\":\"https:\/\/www.visit-ulcinj.com\/blog\/#website\"},\"primaryImageOfPage\":{\"@id\":\"https:\/\/www.visit-ulcinj.com\/blog\/2012\/10\/04\/akademik-tome-berisha-nderi-i-lavdise-kombetare\/#primaryimage\"},\"datePublished\":\"2012-10-04T08:51:55+00:00\",\"dateModified\":\"2012-10-04T08:51:55+00:00\",\"author\":{\"@id\":\"https:\/\/www.visit-ulcinj.com\/blog\/#\/schema\/person\/dcab619c614d3038751c63bc2aadc06d\"},\"description\":\"Gjek\u00eb Gjonaj Nga marsi i k\u00ebtij viti nuk e kemi m\u00eb midis nesh\u00a0 profesorin, akademikun, ushtarakun, atdhetarin e guximsh\u00ebm \u00a0t\u00eb \u00e7\u00ebshtjes shqiptare dhe birin\",\"breadcrumb\":{\"@id\":\"https:\/\/www.visit-ulcinj.com\/blog\/2012\/10\/04\/akademik-tome-berisha-nderi-i-lavdise-kombetare\/#breadcrumb\"},\"inLanguage\":\"en-US\",\"potentialAction\":[{\"@type\":\"ReadAction\",\"target\":[\"https:\/\/www.visit-ulcinj.com\/blog\/2012\/10\/04\/akademik-tome-berisha-nderi-i-lavdise-kombetare\/\"]}]},{\"@type\":\"BreadcrumbList\",\"@id\":\"https:\/\/www.visit-ulcinj.com\/blog\/2012\/10\/04\/akademik-tome-berisha-nderi-i-lavdise-kombetare\/#breadcrumb\",\"itemListElement\":[{\"@type\":\"ListItem\",\"position\":1,\"name\":\"Akademik Tom\u00eb Berisha, nderi i lavdis\u00eb komb\u00ebtare\"}]},{\"@type\":\"Person\",\"@id\":\"https:\/\/www.visit-ulcinj.com\/blog\/#\/schema\/person\/dcab619c614d3038751c63bc2aadc06d\",\"name\":\"ulqini\",\"sameAs\":[\"http:\/\/www.visit-ulcinj.com\"],\"url\":\"https:\/\/www.visit-ulcinj.com\/blog\/author\/admin\/\"}]}<\/script>\n<!-- \/ Yoast SEO plugin. -->","yoast_head_json":{"title":"Akademik Tom\u00eb Berisha, nderi i lavdis\u00eb komb\u00ebtare - Lajme nga Ulqini","description":"Gjek\u00eb Gjonaj Nga marsi i k\u00ebtij viti nuk e kemi m\u00eb midis nesh\u00a0 profesorin, akademikun, ushtarakun, atdhetarin e guximsh\u00ebm \u00a0t\u00eb \u00e7\u00ebshtjes shqiptare dhe birin","robots":{"index":"index","follow":"follow","max-snippet":"max-snippet:-1","max-image-preview":"max-image-preview:large","max-video-preview":"max-video-preview:-1"},"canonical":"https:\/\/www.visit-ulcinj.com\/blog\/2012\/10\/04\/akademik-tome-berisha-nderi-i-lavdise-kombetare\/","og_locale":"en_US","og_type":"article","og_title":"Akademik Tom\u00eb Berisha, nderi i lavdis\u00eb komb\u00ebtare - Lajme nga Ulqini","og_description":"Gjek\u00eb Gjonaj Nga marsi i k\u00ebtij viti nuk e kemi m\u00eb midis nesh\u00a0 profesorin, akademikun, ushtarakun, atdhetarin e guximsh\u00ebm \u00a0t\u00eb \u00e7\u00ebshtjes shqiptare dhe birin","og_url":"https:\/\/www.visit-ulcinj.com\/blog\/2012\/10\/04\/akademik-tome-berisha-nderi-i-lavdise-kombetare\/","og_site_name":"Lajme nga Ulqini","article_published_time":"2012-10-04T08:51:55+00:00","og_image":[{"url":"http:\/\/www.visit-ulcinj.com\/blog\/wp-content\/uploads\/2012\/10\/TomeBerisha.jpg"}],"twitter_misc":{"Written by":"ulqini","Est. reading time":"7 minutes"},"schema":{"@context":"https:\/\/schema.org","@graph":[{"@type":"WebSite","@id":"https:\/\/www.visit-ulcinj.com\/blog\/#website","url":"https:\/\/www.visit-ulcinj.com\/blog\/","name":"Lajme nga Ulqini","description":"Lajme,Vijesti,Ulqini,Ulqin,Crna Gora,Mali i Zi","potentialAction":[{"@type":"SearchAction","target":{"@type":"EntryPoint","urlTemplate":"https:\/\/www.visit-ulcinj.com\/blog\/?s={search_term_string}"},"query-input":"required name=search_term_string"}],"inLanguage":"en-US"},{"@type":"ImageObject","inLanguage":"en-US","@id":"https:\/\/www.visit-ulcinj.com\/blog\/2012\/10\/04\/akademik-tome-berisha-nderi-i-lavdise-kombetare\/#primaryimage","url":"https:\/\/www.visit-ulcinj.com\/blog\/wp-content\/uploads\/2012\/10\/TomeBerisha.jpg","contentUrl":"https:\/\/www.visit-ulcinj.com\/blog\/wp-content\/uploads\/2012\/10\/TomeBerisha.jpg","width":"250","height":"350"},{"@type":"WebPage","@id":"https:\/\/www.visit-ulcinj.com\/blog\/2012\/10\/04\/akademik-tome-berisha-nderi-i-lavdise-kombetare\/#webpage","url":"https:\/\/www.visit-ulcinj.com\/blog\/2012\/10\/04\/akademik-tome-berisha-nderi-i-lavdise-kombetare\/","name":"Akademik Tom\u00eb Berisha, nderi i lavdis\u00eb komb\u00ebtare - Lajme nga Ulqini","isPartOf":{"@id":"https:\/\/www.visit-ulcinj.com\/blog\/#website"},"primaryImageOfPage":{"@id":"https:\/\/www.visit-ulcinj.com\/blog\/2012\/10\/04\/akademik-tome-berisha-nderi-i-lavdise-kombetare\/#primaryimage"},"datePublished":"2012-10-04T08:51:55+00:00","dateModified":"2012-10-04T08:51:55+00:00","author":{"@id":"https:\/\/www.visit-ulcinj.com\/blog\/#\/schema\/person\/dcab619c614d3038751c63bc2aadc06d"},"description":"Gjek\u00eb Gjonaj Nga marsi i k\u00ebtij viti nuk e kemi m\u00eb midis nesh\u00a0 profesorin, akademikun, ushtarakun, atdhetarin e guximsh\u00ebm \u00a0t\u00eb \u00e7\u00ebshtjes shqiptare dhe birin","breadcrumb":{"@id":"https:\/\/www.visit-ulcinj.com\/blog\/2012\/10\/04\/akademik-tome-berisha-nderi-i-lavdise-kombetare\/#breadcrumb"},"inLanguage":"en-US","potentialAction":[{"@type":"ReadAction","target":["https:\/\/www.visit-ulcinj.com\/blog\/2012\/10\/04\/akademik-tome-berisha-nderi-i-lavdise-kombetare\/"]}]},{"@type":"BreadcrumbList","@id":"https:\/\/www.visit-ulcinj.com\/blog\/2012\/10\/04\/akademik-tome-berisha-nderi-i-lavdise-kombetare\/#breadcrumb","itemListElement":[{"@type":"ListItem","position":1,"name":"Akademik Tom\u00eb Berisha, nderi i lavdis\u00eb komb\u00ebtare"}]},{"@type":"Person","@id":"https:\/\/www.visit-ulcinj.com\/blog\/#\/schema\/person\/dcab619c614d3038751c63bc2aadc06d","name":"ulqini","sameAs":["http:\/\/www.visit-ulcinj.com"],"url":"https:\/\/www.visit-ulcinj.com\/blog\/author\/admin\/"}]}},"jetpack_featured_media_url":"","jetpack_sharing_enabled":true,"jetpack_shortlink":"https:\/\/wp.me\/pe6lTn-gIJ","_links":{"self":[{"href":"https:\/\/www.visit-ulcinj.com\/blog\/wp-json\/wp\/v2\/posts\/64277"}],"collection":[{"href":"https:\/\/www.visit-ulcinj.com\/blog\/wp-json\/wp\/v2\/posts"}],"about":[{"href":"https:\/\/www.visit-ulcinj.com\/blog\/wp-json\/wp\/v2\/types\/post"}],"author":[{"embeddable":true,"href":"https:\/\/www.visit-ulcinj.com\/blog\/wp-json\/wp\/v2\/users\/1"}],"replies":[{"embeddable":true,"href":"https:\/\/www.visit-ulcinj.com\/blog\/wp-json\/wp\/v2\/comments?post=64277"}],"version-history":[{"count":1,"href":"https:\/\/www.visit-ulcinj.com\/blog\/wp-json\/wp\/v2\/posts\/64277\/revisions"}],"predecessor-version":[{"id":64281,"href":"https:\/\/www.visit-ulcinj.com\/blog\/wp-json\/wp\/v2\/posts\/64277\/revisions\/64281"}],"wp:attachment":[{"href":"https:\/\/www.visit-ulcinj.com\/blog\/wp-json\/wp\/v2\/media?parent=64277"}],"wp:term":[{"taxonomy":"category","embeddable":true,"href":"https:\/\/www.visit-ulcinj.com\/blog\/wp-json\/wp\/v2\/categories?post=64277"},{"taxonomy":"post_tag","embeddable":true,"href":"https:\/\/www.visit-ulcinj.com\/blog\/wp-json\/wp\/v2\/tags?post=64277"}],"curies":[{"name":"wp","href":"https:\/\/api.w.org\/{rel}","templated":true}]}}