{"id":64282,"date":"2012-10-04T11:30:52","date_gmt":"2012-10-04T10:30:52","guid":{"rendered":"http:\/\/www.visit-ulcinj.com\/blog\/?p=64282"},"modified":"2012-10-05T12:13:37","modified_gmt":"2012-10-05T11:13:37","slug":"u-promovua-libri-i-flamur-anamalit-ne-peje","status":"publish","type":"post","link":"https:\/\/www.visit-ulcinj.com\/blog\/2012\/10\/04\/u-promovua-libri-i-flamur-anamalit-ne-peje\/","title":{"rendered":"U promovua libri i Flamur Anamalit n\u00eb Pej\u00eb"},"content":{"rendered":"<p><strong>K\u00ebshilli Nacional I <\/strong><strong>Shqiptar\u00ebve n\u00eb Malin e Zi<\/strong><\/p>\n<p><strong>Ulqin, 01.10. 2012<\/strong><\/p>\n<p><strong>\u00a0<\/strong><\/p>\n<p style=\"text-align: center;\"><strong>NJOFTIM\u00a0 P\u00cbR MEDIA<\/strong><\/p>\n<p><strong>\u00a0<a href=\"http:\/\/www.visit-ulcinj.com\/blog\/wp-content\/uploads\/2012\/10\/Promovimi-i-librit-i-Flamur-Anamalit-n\u00eb-Pej\u00eb.jpg\"><img loading=\"lazy\" class=\"alignleft  wp-image-64284\" title=\"Promovimi i librit i Flamur Anamalit n\u00eb Pej\u00eb\" src=\"http:\/\/www.visit-ulcinj.com\/blog\/wp-content\/uploads\/2012\/10\/Promovimi-i-librit-i-Flamur-Anamalit-n\u00eb-Pej\u00eb.jpg\" alt=\"\" width=\"508\" height=\"360\" \/><\/a><\/strong><\/p>\n<p><strong>K\u00ebshilli Nacional i <\/strong><strong>Shqiptar\u00ebve n\u00eb Malin e Zi n\u00eb bashk\u00ebpunim me Shoqat\u00ebn e V\u00ebllaz\u00ebris\u00eb Kosov\u00eb -Mal\u00ebsi e Madhe &#8221; Martin Dreshaj&#8221; nga Peja, organizuan t\u00eb premten e kaluar n\u00eb Pej\u00eb, p\u00ebrurimin e librit me titull &#8220;Kultura shqiptare n\u00eb tekstet m\u00ebsimore t\u00eb shkoll\u00ebs fillore me m\u00ebsim n\u00eb gjuh\u00ebn shqipe n\u00eb Mal t\u00eb Zi&#8221; t\u00eb autorit Mr. Flamur Anamali.<\/strong><\/p>\n<p><strong>N\u00eb ceremonin\u00eb e\u00a0 p\u00ebrurimit t\u00eb librit n\u00eb fjal\u00eb, i cili u mbajt \u00a0n\u00eb sall\u00ebn e Asambles\u00eb Komunale t\u00eb Pej\u00ebs,<\/strong><strong> ishin t\u00eb pranish\u00ebm p\u00ebrfaq\u00ebsues t\u00eb pushtetit lokal, t\u00eb subjekteve politike, intelektual e pun\u00ebtor\u00eb t\u00eb arsimit e shkenc\u00ebs, poet\u00eb, p\u00ebrfaq\u00ebsues t\u00eb konfesioneve fetare,qytetar\u00eb t\u00eb shumt\u00eb, si dhe p\u00ebrfaq\u00ebsues t\u00eb mediave. \u00a0<\/strong><\/p>\n<p><strong>N\u00eb hapje t\u00eb k\u00ebtij manifestimi gazetari i mal\u00ebsia.org nga Kosova<\/strong><strong>, Rrahman Jasharaj,<\/strong><strong> ka p\u00ebrsh\u00ebndetur mysafir\u00ebt e nderuar nga Ulqini dhe gjith\u00eb t\u00eb pranishmit. Ai ka lavd\u00ebruar pun\u00ebn e Mr.Anamalit duke deklaruar se tani e tutje Shoqata \u201cMartin Dreshaj\u201d, por edhe gjith\u00eb t\u00eb tjer\u00ebt q\u00eb duan t\u00eb jen\u00eb z\u00eb i v\u00ebllez\u00ebrve t\u00eb tyre n\u00eb trojet shqiptare t\u00eb administruara nga Mali i Zi e kan\u00eb nj\u00eb vep\u00ebr analitike me qindra argumente q\u00eb flasin p\u00ebr\u00a0 v\u00ebshtirsit\u00eb e\u00a0\u00a0 kultur\u00ebs dhe arsimit shqip n\u00eb Malin e Zi, t\u00eb cilat si\u00e7 tha ai, po cenohen \u00e7do dit\u00eb nga pushteti n\u00eb Podgoric\u00eb.<\/strong><\/p>\n<p>Profesori , veprimtari e publicisti <strong>Valdet Hyseni<\/strong>, duke qen\u00eb njoh\u00ebs i mir\u00eb i rrethanave n\u00eb kultur\u00ebn dhe arsimin shqip kudo n\u00eb trojet etnike, ka paraqitur nj\u00eb kumtes\u00eb analitike p\u00ebr vepr\u00ebn e Flamur Anamalit. Ai ka p\u00ebrg\u00ebzuar autorin Anamali p\u00ebr pun\u00ebn e p\u00ebrkushtuar dhe \u00a0shprehu keqardhje, se si n\u00eb koh\u00ebn kur Mali i Zi pretendon t\u00eb jet\u00eb pjes\u00eb e Evrop\u00ebs s\u00eb Bashkuar e demokratike b\u00ebn gjith\u00eb k\u00ebto shkelje t\u00eb lirive elementare t\u00eb shqiptar\u00ebve atje, duke ua mohuar t\u00eb drejtat elementare e duke mos ua b\u00ebr\u00eb t\u00eb mundur q\u00eb t\u00eb m\u00ebsojn\u00eb p\u00ebr kultur\u00ebn dhe historin\u00eb komb\u00ebtare, por u servon tekstet e p\u00ebrkthyera keq e q\u00eb flasin p\u00ebr historit\u00eb e kulturat e t\u00eb tjer\u00ebve. \u201cKjo vep\u00ebr e punuar me p\u00ebrkushtim tregon se Flamuri ende po valon dhe se duhet t\u00eb lexohet nga t\u00eb gjith\u00eb njer\u00ebzit kudo jan\u00eb e ve\u00e7mas nga zyrtar\u00ebt e institucioneve, me q\u00ebllim q\u00eb t\u00eb kuptohet e v\u00ebrteta e plot\u00eb e politik\u00ebs s\u00eb Podgoric\u00ebs \u00a0dhe q\u00ebndrimin e saj ndaj shqiptar\u00ebve n\u00eb Malin e Zi dhe \u00a0problemeve t\u00eb arsimit shqip n\u00eb k\u00ebt\u00eb shtet\u201d, \u00ebsht\u00eb shprehur Hysenaj. Kumtesa e prof. Hysenajt ka zgjuar interesim mes pjes\u00ebmarr\u00ebsve, t\u00eb cil\u00ebt pastaj kan\u00eb marr\u00eb pjes\u00eb n\u00eb debat duke e ngjallur atmosfer\u00ebn n\u00eb ambientet e Asambles\u00eb Komunale n\u00eb Pej\u00eb.<br \/>\n<a href=\"http:\/\/www.visit-ulcinj.com\/blog\/wp-content\/uploads\/2012\/10\/Tahir-Tahiri-ne-Promovimin-e-librit-i-Flamur-Anamalit-n\u00eb-Pej\u00eb.jpg\"><img loading=\"lazy\" class=\"alignleft  wp-image-64283\" title=\"Tahir Tahiri ne Promovimin e librit i Flamur Anamalit n\u00eb Pej\u00eb\" src=\"http:\/\/www.visit-ulcinj.com\/blog\/wp-content\/uploads\/2012\/10\/Tahir-Tahiri-ne-Promovimin-e-librit-i-Flamur-Anamalit-n\u00eb-Pej\u00eb.jpg\" alt=\"\" width=\"508\" height=\"300\" \/><\/a><br \/>\n<strong><\/strong><\/p>\n<p>Kryetari i K\u00ebshillit Nacional t\u00eb Shqiptar\u00ebve n\u00eb Mal t\u00eb Zi, <strong>z. Tahir Tahiri<\/strong>, n\u00eb fjal\u00ebn e tij pasi ka p\u00ebrsh\u00ebndetur t\u00eb pranishmit dhe shoqat\u00ebn &#8220;Martin Dreshaj&#8221; p\u00ebr p\u00ebrkrahjen dhe organizimin e k\u00ebtij manifestimi kulturor, ka trajtuar shum\u00eb \u00e7\u00ebshtje lidhur me t\u00eb drejtat e mohuara t\u00eb shqiptar\u00ebve n\u00eb Mal t\u00eb Zi, duke u ndalur posa\u00e7\u00ebrisht tek problemet e arsimit shqip. Ai \u00ebsht\u00eb shprehur \u00a0se edhe p\u00ebrkund\u00ebr k\u00ebrkesave t\u00eb vazhdueshme t\u00eb Knsh-\u00ebs dhe subjekteve politike nacionale-shqiptare, drejtuar Qeveris\u00eb malazeze dhe Ministris\u00eb s\u00eb Arsimit, lidhur me problemet e shumta n\u00eb fush\u00ebn e arsimit shqip n\u00eb Malin e Zi, situata n\u00eb k\u00ebt\u00eb fush\u00eb vazhdon t\u00eb jet\u00eb diskriminuese p\u00ebr shqiptar\u00ebt.Tahiri potencoi \u00a0nevoj\u00ebn dhe domosdoeshm\u00ebrin\u00eb e p\u00ebrdorimit t\u00eb ABETARES s\u00eb unisuar edhe p\u00ebr shkollat me m\u00ebsim n\u00eb gjuh\u00ebn shqipe n\u00eb Malin e Zi dhe u shpreh se p\u00ebr k\u00ebt\u00eb do t\u00eb k\u00ebrkohet mb\u00ebshtetja e Tiran\u00ebs dhe Prishtin\u00ebs zyrtare.<strong><\/strong><\/p>\n<p>Redaktori i librit q\u00eb po promovohej, <strong>dr. Nail Draga<\/strong>, ka b\u00ebr\u00eb nj\u00eb pasqyrim t\u00eb angazhimeve t\u00eb b\u00ebra me q\u00ebllim t\u00eb daljes n\u00eb drit\u00eb t\u00eb k\u00ebsaj vepre dhe ka uruar q\u00eb ajo t\u00eb p\u00ebrkthehet edhe n\u00eb gjuh\u00ebn angleze p\u00ebr t\u2019i dh\u00ebn\u00eb mund\u00ebsi edhe popujve tjer\u00eb ta lexojn\u00eb e v\u00ebrejn\u00eb fatin e arsimit e kultur\u00ebs shqipe n\u00eb Mal t\u00eb Zi. Dragaj ka th\u00ebn\u00eb se libri duhet botuar edhe n\u00eb gjuh\u00ebn malazeze q\u00eb ta lexojn\u00eb edhe zyrtar\u00ebt n\u00eb Podgoric\u00eb e t\u00eb v\u00ebrejn\u00eb gjith\u00eb ato fakte p\u00ebr qasjen e gabuar q\u00eb b\u00ebjn\u00eb vet\u00eb ata ndaj arsimit e kultur\u00ebs shqiptare n\u00eb shkollat fillore n\u00eb gjuh\u00ebn shqipe n\u00eb Malin e Zi.<strong><\/strong><\/p>\n<p>Pedagogu <strong>Sefedin P\u00ebrgjegjaj<\/strong> ka sjell\u00eb k\u00ebtu kujtes\u00ebn nga vitet e vrara t\u00eb Kosov\u00ebs kur pushtuesi serb po shfrynte gjith\u00eb mllefin ndaj f\u00ebmij\u00ebve, shkoll\u00ebs, arsimit dhe kultur\u00ebs shqipe , por edhe n\u00eb gjith\u00eb institucionet e arsimit e kultur\u00ebs n\u00eb Kosov\u00eb. \u00a0&#8220;Jam i \u00a0sigurt se kultura e arsimi shqip n\u00eb trojet etnike shqiptare, pra edhe n\u00eb Ulqin, Hot, Grud\u00eb, Koj\u00eb, Triesh e vende tjera do iu mbijetoj\u00eb furtunave sepse ajo \u00a0ruhet n\u00eb zemrat e pastra t\u00eb f\u00ebmij\u00ebve shqiptar\u00eb atje&#8221;, theksoi P\u00ebrgjegjaj.<br \/>\nPoeti, veprimtari e luft\u00ebtari i liris\u00eb, <strong>Ali Geci<\/strong>, ka p\u00ebrg\u00ebzuar Anamalin p\u00ebr angazhimet dhe vepr\u00ebn e botuar duke shtuar se \u00ebsht\u00eb mir\u00eb tani kur shqiptar\u00ebt nuk po vazhdojn\u00eb &#8220;avazin e vjet\u00ebr&#8221; e t\u00eb heshturit, por gj\u00ebrat po i v\u00ebn\u00eb n\u00eb let\u00ebr dhe ato i sh\u00ebrbejn\u00eb t\u00eb sotmes, por edhe gjeneratave q\u00eb vijn\u00eb.<\/p>\n<p><a href=\"http:\/\/www.visit-ulcinj.com\/blog\/wp-content\/uploads\/2012\/10\/Tahir-Tahiri-ne-Promovimin-e-librit-i-Flamur-Anamalit-n\u00eb-Pej\u00eb.1.jpg\"><img loading=\"lazy\" class=\"alignleft  wp-image-64285\" title=\"Tahir Tahiri ne Promovimin e librit i Flamur Anamalit n\u00eb Pej\u00eb.1\" src=\"http:\/\/www.visit-ulcinj.com\/blog\/wp-content\/uploads\/2012\/10\/Tahir-Tahiri-ne-Promovimin-e-librit-i-Flamur-Anamalit-n\u00eb-Pej\u00eb.1.jpg\" alt=\"\" width=\"508\" height=\"300\" \/><\/a><\/p>\n<p>K\u00ebt\u00eb takim e ka p\u00ebrsh\u00ebndetur edhe P\u00ebrfaq\u00ebsuesi i Bashk\u00ebsis\u00eb Islame dhe veprimtari i dalluar i Shoqat\u00ebs \u201cMartin Dreshaj\u201d, <strong>Mulla Sadi Zeka<\/strong> i cili autorin e ka uruar duke e k\u00ebshilluar q\u00eb t\u00eb vazhdoj\u00eb t\u00eb punoj\u00eb n\u00eb sh\u00ebrbim t\u00eb kombit dhe arsimit shqip.<br \/>\nAutori i librit \u201cKultura shqiptare n\u00eb tekstet m\u00ebsimore t\u00eb shkoll\u00ebs fillore n\u00eb gjuh\u00ebn shqipe n\u00eb Mal t\u00eb Zi \u201c , Mr. <strong>Flamur Anamali<\/strong> n\u00eb fjal\u00ebn e tij \u00a0ka th\u00ebn\u00eb se ndjehet shum\u00eb i emocionuar me pritjen dhe me atmosfer\u00ebn v\u00ebllaz\u00ebrore k\u00ebtu. Ai p\u00ebr p\u00ebrmbajtjen e librit ka folur para mediave n\u00eb nj\u00eb takim t\u00eb posa\u00e7\u00ebm me ta.<\/p>\n<p>Atmosfer\u00eb t\u00eb ngroht\u00eb n\u00eb k\u00ebt\u00eb takim kan\u00eb krijuar edhe nx\u00ebn\u00ebsit e shkoll\u00ebs \u201cXhemajl Kada\u201d, t\u00eb udh\u00ebhequr nga arsimtar\u00ebt Haxhi Gashi e Sute Bruqaj, t\u00eb cil\u00ebt p\u00ebr k\u00ebt\u00eb manifestim, kishin p\u00ebrgatitur nj\u00eb paraqitje t\u00eb bukur skenike me vargje t\u00eb poetit e pedagogut Agim Desku.<\/p>\n<p><strong>\u00a0<\/strong><\/p>\n<p>Sh\u00ebrbimi p\u00ebr informin i KNSH-\u00ebs<\/p>\n","protected":false},"excerpt":{"rendered":"<p>K\u00ebshilli Nacional I Shqiptar\u00ebve n\u00eb Malin e Zi Ulqin, 01.10. 2012 \u00a0 NJOFTIM\u00a0 P\u00cbR MEDIA \u00a0 K\u00ebshilli Nacional i Shqiptar\u00ebve n\u00eb Malin e Zi n\u00eb bashk\u00ebpunim me Shoqat\u00ebn e V\u00ebllaz\u00ebris\u00eb Kosov\u00eb -Mal\u00ebsi e Madhe &#8221; Martin Dreshaj&#8221; nga Peja, organizuan t\u00eb premten e kaluar n\u00eb Pej\u00eb, p\u00ebrurimin e librit me titull &#8220;Kultura shqiptare n\u00eb tekstet [&hellip;]<\/p>\n","protected":false},"author":1,"featured_media":0,"comment_status":"open","ping_status":"closed","sticky":false,"template":"","format":"standard","meta":{"spay_email":"","jetpack_publicize_message":"","jetpack_is_tweetstorm":false,"jetpack_publicize_feature_enabled":true},"categories":[4,6950],"tags":[8382,2360,200],"jetpack_publicize_connections":[],"yoast_head":"<!-- This site is optimized with the Yoast SEO plugin v19.1 - https:\/\/yoast.com\/wordpress\/plugins\/seo\/ -->\n<title>U promovua libri i Flamur Anamalit n\u00eb Pej\u00eb - Lajme nga Ulqini<\/title>\n<meta name=\"description\" content=\"K\u00ebshilli Nacional I Shqiptar\u00ebve n\u00eb Malin e Zi Ulqin, 01.10. 2012 \u00a0 NJOFTIM\u00a0 P\u00cbR MEDIA \u00a0 K\u00ebshilli Nacional i Shqiptar\u00ebve n\u00eb Malin e Zi n\u00eb bashk\u00ebpunim me\" \/>\n<meta name=\"robots\" content=\"index, follow, max-snippet:-1, max-image-preview:large, max-video-preview:-1\" \/>\n<link rel=\"canonical\" href=\"https:\/\/www.visit-ulcinj.com\/blog\/2012\/10\/04\/u-promovua-libri-i-flamur-anamalit-ne-peje\/\" \/>\n<meta property=\"og:locale\" content=\"en_US\" \/>\n<meta property=\"og:type\" content=\"article\" \/>\n<meta property=\"og:title\" content=\"U promovua libri i Flamur Anamalit n\u00eb Pej\u00eb - Lajme nga Ulqini\" \/>\n<meta property=\"og:description\" content=\"K\u00ebshilli Nacional I Shqiptar\u00ebve n\u00eb Malin e Zi Ulqin, 01.10. 2012 \u00a0 NJOFTIM\u00a0 P\u00cbR MEDIA \u00a0 K\u00ebshilli Nacional i Shqiptar\u00ebve n\u00eb Malin e Zi n\u00eb bashk\u00ebpunim me\" \/>\n<meta property=\"og:url\" content=\"https:\/\/www.visit-ulcinj.com\/blog\/2012\/10\/04\/u-promovua-libri-i-flamur-anamalit-ne-peje\/\" \/>\n<meta property=\"og:site_name\" content=\"Lajme nga Ulqini\" \/>\n<meta property=\"article:published_time\" content=\"2012-10-04T10:30:52+00:00\" \/>\n<meta property=\"article:modified_time\" content=\"2012-10-05T11:13:37+00:00\" \/>\n<meta name=\"twitter:label1\" content=\"Written by\" \/>\n\t<meta name=\"twitter:data1\" content=\"ulqini\" \/>\n\t<meta name=\"twitter:label2\" content=\"Est. reading time\" \/>\n\t<meta name=\"twitter:data2\" content=\"6 minutes\" \/>\n<script type=\"application\/ld+json\" class=\"yoast-schema-graph\">{\"@context\":\"https:\/\/schema.org\",\"@graph\":[{\"@type\":\"WebSite\",\"@id\":\"https:\/\/www.visit-ulcinj.com\/blog\/#website\",\"url\":\"https:\/\/www.visit-ulcinj.com\/blog\/\",\"name\":\"Lajme nga Ulqini\",\"description\":\"Lajme,Vijesti,Ulqini,Ulqin,Crna Gora,Mali i Zi\",\"potentialAction\":[{\"@type\":\"SearchAction\",\"target\":{\"@type\":\"EntryPoint\",\"urlTemplate\":\"https:\/\/www.visit-ulcinj.com\/blog\/?s={search_term_string}\"},\"query-input\":\"required name=search_term_string\"}],\"inLanguage\":\"en-US\"},{\"@type\":\"WebPage\",\"@id\":\"https:\/\/www.visit-ulcinj.com\/blog\/2012\/10\/04\/u-promovua-libri-i-flamur-anamalit-ne-peje\/#webpage\",\"url\":\"https:\/\/www.visit-ulcinj.com\/blog\/2012\/10\/04\/u-promovua-libri-i-flamur-anamalit-ne-peje\/\",\"name\":\"U promovua libri i Flamur Anamalit n\u00eb Pej\u00eb - Lajme nga Ulqini\",\"isPartOf\":{\"@id\":\"https:\/\/www.visit-ulcinj.com\/blog\/#website\"},\"datePublished\":\"2012-10-04T10:30:52+00:00\",\"dateModified\":\"2012-10-05T11:13:37+00:00\",\"author\":{\"@id\":\"https:\/\/www.visit-ulcinj.com\/blog\/#\/schema\/person\/dcab619c614d3038751c63bc2aadc06d\"},\"description\":\"K\u00ebshilli Nacional I Shqiptar\u00ebve n\u00eb Malin e Zi Ulqin, 01.10. 2012 \u00a0 NJOFTIM\u00a0 P\u00cbR MEDIA \u00a0 K\u00ebshilli Nacional i Shqiptar\u00ebve n\u00eb Malin e Zi n\u00eb bashk\u00ebpunim me\",\"breadcrumb\":{\"@id\":\"https:\/\/www.visit-ulcinj.com\/blog\/2012\/10\/04\/u-promovua-libri-i-flamur-anamalit-ne-peje\/#breadcrumb\"},\"inLanguage\":\"en-US\",\"potentialAction\":[{\"@type\":\"ReadAction\",\"target\":[\"https:\/\/www.visit-ulcinj.com\/blog\/2012\/10\/04\/u-promovua-libri-i-flamur-anamalit-ne-peje\/\"]}]},{\"@type\":\"BreadcrumbList\",\"@id\":\"https:\/\/www.visit-ulcinj.com\/blog\/2012\/10\/04\/u-promovua-libri-i-flamur-anamalit-ne-peje\/#breadcrumb\",\"itemListElement\":[{\"@type\":\"ListItem\",\"position\":1,\"name\":\"U promovua libri i Flamur Anamalit n\u00eb Pej\u00eb\"}]},{\"@type\":\"Person\",\"@id\":\"https:\/\/www.visit-ulcinj.com\/blog\/#\/schema\/person\/dcab619c614d3038751c63bc2aadc06d\",\"name\":\"ulqini\",\"sameAs\":[\"http:\/\/www.visit-ulcinj.com\"],\"url\":\"https:\/\/www.visit-ulcinj.com\/blog\/author\/admin\/\"}]}<\/script>\n<!-- \/ Yoast SEO plugin. -->","yoast_head_json":{"title":"U promovua libri i Flamur Anamalit n\u00eb Pej\u00eb - Lajme nga Ulqini","description":"K\u00ebshilli Nacional I Shqiptar\u00ebve n\u00eb Malin e Zi Ulqin, 01.10. 2012 \u00a0 NJOFTIM\u00a0 P\u00cbR MEDIA \u00a0 K\u00ebshilli Nacional i Shqiptar\u00ebve n\u00eb Malin e Zi n\u00eb bashk\u00ebpunim me","robots":{"index":"index","follow":"follow","max-snippet":"max-snippet:-1","max-image-preview":"max-image-preview:large","max-video-preview":"max-video-preview:-1"},"canonical":"https:\/\/www.visit-ulcinj.com\/blog\/2012\/10\/04\/u-promovua-libri-i-flamur-anamalit-ne-peje\/","og_locale":"en_US","og_type":"article","og_title":"U promovua libri i Flamur Anamalit n\u00eb Pej\u00eb - Lajme nga Ulqini","og_description":"K\u00ebshilli Nacional I Shqiptar\u00ebve n\u00eb Malin e Zi Ulqin, 01.10. 2012 \u00a0 NJOFTIM\u00a0 P\u00cbR MEDIA \u00a0 K\u00ebshilli Nacional i Shqiptar\u00ebve n\u00eb Malin e Zi n\u00eb bashk\u00ebpunim me","og_url":"https:\/\/www.visit-ulcinj.com\/blog\/2012\/10\/04\/u-promovua-libri-i-flamur-anamalit-ne-peje\/","og_site_name":"Lajme nga Ulqini","article_published_time":"2012-10-04T10:30:52+00:00","article_modified_time":"2012-10-05T11:13:37+00:00","twitter_misc":{"Written by":"ulqini","Est. reading time":"6 minutes"},"schema":{"@context":"https:\/\/schema.org","@graph":[{"@type":"WebSite","@id":"https:\/\/www.visit-ulcinj.com\/blog\/#website","url":"https:\/\/www.visit-ulcinj.com\/blog\/","name":"Lajme nga Ulqini","description":"Lajme,Vijesti,Ulqini,Ulqin,Crna Gora,Mali i Zi","potentialAction":[{"@type":"SearchAction","target":{"@type":"EntryPoint","urlTemplate":"https:\/\/www.visit-ulcinj.com\/blog\/?s={search_term_string}"},"query-input":"required name=search_term_string"}],"inLanguage":"en-US"},{"@type":"WebPage","@id":"https:\/\/www.visit-ulcinj.com\/blog\/2012\/10\/04\/u-promovua-libri-i-flamur-anamalit-ne-peje\/#webpage","url":"https:\/\/www.visit-ulcinj.com\/blog\/2012\/10\/04\/u-promovua-libri-i-flamur-anamalit-ne-peje\/","name":"U promovua libri i Flamur Anamalit n\u00eb Pej\u00eb - Lajme nga Ulqini","isPartOf":{"@id":"https:\/\/www.visit-ulcinj.com\/blog\/#website"},"datePublished":"2012-10-04T10:30:52+00:00","dateModified":"2012-10-05T11:13:37+00:00","author":{"@id":"https:\/\/www.visit-ulcinj.com\/blog\/#\/schema\/person\/dcab619c614d3038751c63bc2aadc06d"},"description":"K\u00ebshilli Nacional I Shqiptar\u00ebve n\u00eb Malin e Zi Ulqin, 01.10. 2012 \u00a0 NJOFTIM\u00a0 P\u00cbR MEDIA \u00a0 K\u00ebshilli Nacional i Shqiptar\u00ebve n\u00eb Malin e Zi n\u00eb bashk\u00ebpunim me","breadcrumb":{"@id":"https:\/\/www.visit-ulcinj.com\/blog\/2012\/10\/04\/u-promovua-libri-i-flamur-anamalit-ne-peje\/#breadcrumb"},"inLanguage":"en-US","potentialAction":[{"@type":"ReadAction","target":["https:\/\/www.visit-ulcinj.com\/blog\/2012\/10\/04\/u-promovua-libri-i-flamur-anamalit-ne-peje\/"]}]},{"@type":"BreadcrumbList","@id":"https:\/\/www.visit-ulcinj.com\/blog\/2012\/10\/04\/u-promovua-libri-i-flamur-anamalit-ne-peje\/#breadcrumb","itemListElement":[{"@type":"ListItem","position":1,"name":"U promovua libri i Flamur Anamalit n\u00eb Pej\u00eb"}]},{"@type":"Person","@id":"https:\/\/www.visit-ulcinj.com\/blog\/#\/schema\/person\/dcab619c614d3038751c63bc2aadc06d","name":"ulqini","sameAs":["http:\/\/www.visit-ulcinj.com"],"url":"https:\/\/www.visit-ulcinj.com\/blog\/author\/admin\/"}]}},"jetpack_featured_media_url":"","jetpack_sharing_enabled":true,"jetpack_shortlink":"https:\/\/wp.me\/pe6lTn-gIO","_links":{"self":[{"href":"https:\/\/www.visit-ulcinj.com\/blog\/wp-json\/wp\/v2\/posts\/64282"}],"collection":[{"href":"https:\/\/www.visit-ulcinj.com\/blog\/wp-json\/wp\/v2\/posts"}],"about":[{"href":"https:\/\/www.visit-ulcinj.com\/blog\/wp-json\/wp\/v2\/types\/post"}],"author":[{"embeddable":true,"href":"https:\/\/www.visit-ulcinj.com\/blog\/wp-json\/wp\/v2\/users\/1"}],"replies":[{"embeddable":true,"href":"https:\/\/www.visit-ulcinj.com\/blog\/wp-json\/wp\/v2\/comments?post=64282"}],"version-history":[{"count":2,"href":"https:\/\/www.visit-ulcinj.com\/blog\/wp-json\/wp\/v2\/posts\/64282\/revisions"}],"predecessor-version":[{"id":64333,"href":"https:\/\/www.visit-ulcinj.com\/blog\/wp-json\/wp\/v2\/posts\/64282\/revisions\/64333"}],"wp:attachment":[{"href":"https:\/\/www.visit-ulcinj.com\/blog\/wp-json\/wp\/v2\/media?parent=64282"}],"wp:term":[{"taxonomy":"category","embeddable":true,"href":"https:\/\/www.visit-ulcinj.com\/blog\/wp-json\/wp\/v2\/categories?post=64282"},{"taxonomy":"post_tag","embeddable":true,"href":"https:\/\/www.visit-ulcinj.com\/blog\/wp-json\/wp\/v2\/tags?post=64282"}],"curies":[{"name":"wp","href":"https:\/\/api.w.org\/{rel}","templated":true}]}}