{"id":64290,"date":"2012-10-04T12:26:28","date_gmt":"2012-10-04T11:26:28","guid":{"rendered":"http:\/\/www.visit-ulcinj.com\/blog\/?p=64290"},"modified":"2012-10-04T12:28:51","modified_gmt":"2012-10-04T11:28:51","slug":"video-spoti-i-udsh-se-fjala-eshte-fjale-mehmet-zenka","status":"publish","type":"post","link":"https:\/\/www.visit-ulcinj.com\/blog\/2012\/10\/04\/video-spoti-i-udsh-se-fjala-eshte-fjale-mehmet-zenka\/","title":{"rendered":"Video Spoti i UDSH-s\u00eb &#8211; Fjala \u00ebsht\u00eb fjal\u00eb &#8211; Mehmet Zenka"},"content":{"rendered":"<p><a href=\"http:\/\/www.visit-ulcinj.com\/blog\/wp-content\/uploads\/2012\/10\/Mehmet-Zenka-Fjala-fjale-UDSH-UlqinMali-i-Zi.jpg\"><img loading=\"lazy\" class=\"alignleft  wp-image-64294\" title=\"Mehmet Zenka - Fjala fjale - UDSH - Ulqin,Mali i Zi\" src=\"http:\/\/www.visit-ulcinj.com\/blog\/wp-content\/uploads\/2012\/10\/Mehmet-Zenka-Fjala-fjale-UDSH-UlqinMali-i-Zi.jpg\" alt=\"\" width=\"508\" height=\"382\" srcset=\"https:\/\/www.visit-ulcinj.com\/blog\/wp-content\/uploads\/2012\/10\/Mehmet-Zenka-Fjala-fjale-UDSH-UlqinMali-i-Zi.jpg 508w, https:\/\/www.visit-ulcinj.com\/blog\/wp-content\/uploads\/2012\/10\/Mehmet-Zenka-Fjala-fjale-UDSH-UlqinMali-i-Zi-300x225.jpg 300w\" sizes=\"(max-width: 508px) 100vw, 508px\" \/><\/a>Lista zgjedhore e <strong>UDSH-s\u00eb (Unioni Demokratik i Shqiptareve)<\/strong><\/p>\n<p>Mehmet Zenka,<br \/>\nHamdi Hasani, Hatixhe Gjoni, Gzim Hajdinaga, Enver Dedushaj, Fadil Kajoshaj, Skender Kaleziq,Zeqa Daciq, Beqir Zati,Jasmina Hasa,Ali Dukaj, Deda Zadrima, Anita Nikaj, Ramo Sinanaj, dr Xhelal Murtja, Anton Lucoviq, Husein Dervishi, Izedina Axhoviq Shkrijelj, Astrit Hoxha, Nuro Shata, Luleta Sefa, Enis Gjokaj, Kasem Hoxhiq, Valbon\u00eb Malokraja, Nazif Hoxhaj, Rizo Molazeqiri, Vjollca Abazi, Junuz Muharemoviq, Sead Orahovac, Arijeta Muhoviq, Enis Lulanoviq, Selim Karamanaga, Florinda Karamanaga, Rina Kasmi, Mexhida Zatoviq, Suzana Kraja, Gazmond Kaleziq, Samir Tafili, Floridin Vogliq, Zana Sefa, Lavdim \u00c7aushi, Arben Truma, Almir Lulanaj, Senad Duraku, Xheneta Vu\u00e7iq, Haxhija Kraja, Valon Dasharami, Armend Husiq, Nermina Bakaloviq, Admir Nikoviq, Albert Nimanbeg.<\/p>\n<p><iframe loading=\"lazy\" width=\"508\" height=\"360\" src=\"http:\/\/www.youtube.com\/embed\/ix2LtonIEUY?rel=0\" frameborder=\"0\" allowfullscreen><\/iframe><\/p>\n","protected":false},"excerpt":{"rendered":"<p>Lista zgjedhore e UDSH-s\u00eb (Unioni Demokratik i Shqiptareve) Mehmet Zenka, Hamdi Hasani, Hatixhe Gjoni, Gzim Hajdinaga, Enver Dedushaj, Fadil Kajoshaj, Skender Kaleziq,Zeqa Daciq, Beqir Zati,Jasmina Hasa,Ali Dukaj, Deda Zadrima, Anita Nikaj, Ramo Sinanaj, dr Xhelal Murtja, Anton Lucoviq, Husein Dervishi, Izedina Axhoviq Shkrijelj, Astrit Hoxha, Nuro Shata, Luleta Sefa, Enis Gjokaj, Kasem Hoxhiq, Valbon\u00eb Malokraja, [&hellip;]<\/p>\n","protected":false},"author":1,"featured_media":0,"comment_status":"open","ping_status":"closed","sticky":false,"template":"","format":"standard","meta":{"spay_email":"","jetpack_publicize_message":"","jetpack_is_tweetstorm":false,"jetpack_publicize_feature_enabled":true},"categories":[6],"tags":[21085,21086,21050,21079,21052,21055,21078,21067,21083,16007,13869,21051,21054,21059,21068,21046,21047,21075,21070,21074,140,20545,1906,21081,16012,21056,13764,21065,21060,21077,21161,21058,3371,21072,21062,21084,21057,21053,21071,21063,16014,21066,21069,21080,21048,21073,5144,21061,21082,21064,1821,21076,21049],"jetpack_publicize_connections":[],"yoast_head":"<!-- This site is optimized with the Yoast SEO plugin v19.1 - https:\/\/yoast.com\/wordpress\/plugins\/seo\/ -->\n<title>Video Spoti i UDSH-s\u00eb - Fjala \u00ebsht\u00eb fjal\u00eb - Mehmet Zenka - Lajme nga Ulqini<\/title>\n<meta name=\"description\" content=\"Lista zgjedhore e UDSH-s\u00eb (Unioni Demokratik i Shqiptareve) Mehmet Zenka, Hamdi Hasani, Hatixhe Gjoni, Gzim Hajdinaga, Enver Dedushaj, Fadil Kajoshaj,\" \/>\n<meta name=\"robots\" content=\"index, follow, max-snippet:-1, max-image-preview:large, max-video-preview:-1\" \/>\n<link rel=\"canonical\" href=\"https:\/\/www.visit-ulcinj.com\/blog\/2012\/10\/04\/video-spoti-i-udsh-se-fjala-eshte-fjale-mehmet-zenka\/\" \/>\n<meta property=\"og:locale\" content=\"en_US\" \/>\n<meta property=\"og:type\" content=\"article\" \/>\n<meta property=\"og:title\" content=\"Video Spoti i UDSH-s\u00eb - Fjala \u00ebsht\u00eb fjal\u00eb - Mehmet Zenka - Lajme nga Ulqini\" \/>\n<meta property=\"og:description\" content=\"Lista zgjedhore e UDSH-s\u00eb (Unioni Demokratik i Shqiptareve) Mehmet Zenka, Hamdi Hasani, Hatixhe Gjoni, Gzim Hajdinaga, Enver Dedushaj, Fadil Kajoshaj,\" \/>\n<meta property=\"og:url\" content=\"https:\/\/www.visit-ulcinj.com\/blog\/2012\/10\/04\/video-spoti-i-udsh-se-fjala-eshte-fjale-mehmet-zenka\/\" \/>\n<meta property=\"og:site_name\" content=\"Lajme nga Ulqini\" \/>\n<meta property=\"article:published_time\" content=\"2012-10-04T11:26:28+00:00\" \/>\n<meta property=\"article:modified_time\" content=\"2012-10-04T11:28:51+00:00\" \/>\n<meta property=\"og:image\" content=\"http:\/\/www.visit-ulcinj.com\/blog\/wp-content\/uploads\/2012\/10\/Mehmet-Zenka-Fjala-fjale-UDSH-UlqinMali-i-Zi.jpg\" \/>\n<meta name=\"twitter:label1\" content=\"Written by\" \/>\n\t<meta name=\"twitter:data1\" content=\"ulqini\" \/>\n\t<meta name=\"twitter:label2\" content=\"Est. reading time\" \/>\n\t<meta name=\"twitter:data2\" content=\"1 minute\" \/>\n<script type=\"application\/ld+json\" class=\"yoast-schema-graph\">{\"@context\":\"https:\/\/schema.org\",\"@graph\":[{\"@type\":\"WebSite\",\"@id\":\"https:\/\/www.visit-ulcinj.com\/blog\/#website\",\"url\":\"https:\/\/www.visit-ulcinj.com\/blog\/\",\"name\":\"Lajme nga Ulqini\",\"description\":\"Lajme,Vijesti,Ulqini,Ulqin,Crna Gora,Mali i Zi\",\"potentialAction\":[{\"@type\":\"SearchAction\",\"target\":{\"@type\":\"EntryPoint\",\"urlTemplate\":\"https:\/\/www.visit-ulcinj.com\/blog\/?s={search_term_string}\"},\"query-input\":\"required name=search_term_string\"}],\"inLanguage\":\"en-US\"},{\"@type\":\"ImageObject\",\"inLanguage\":\"en-US\",\"@id\":\"https:\/\/www.visit-ulcinj.com\/blog\/2012\/10\/04\/video-spoti-i-udsh-se-fjala-eshte-fjale-mehmet-zenka\/#primaryimage\",\"url\":\"https:\/\/www.visit-ulcinj.com\/blog\/wp-content\/uploads\/2012\/10\/Mehmet-Zenka-Fjala-fjale-UDSH-UlqinMali-i-Zi.jpg\",\"contentUrl\":\"https:\/\/www.visit-ulcinj.com\/blog\/wp-content\/uploads\/2012\/10\/Mehmet-Zenka-Fjala-fjale-UDSH-UlqinMali-i-Zi.jpg\",\"width\":\"508\",\"height\":\"382\"},{\"@type\":\"WebPage\",\"@id\":\"https:\/\/www.visit-ulcinj.com\/blog\/2012\/10\/04\/video-spoti-i-udsh-se-fjala-eshte-fjale-mehmet-zenka\/#webpage\",\"url\":\"https:\/\/www.visit-ulcinj.com\/blog\/2012\/10\/04\/video-spoti-i-udsh-se-fjala-eshte-fjale-mehmet-zenka\/\",\"name\":\"Video Spoti i UDSH-s\u00eb - Fjala \u00ebsht\u00eb fjal\u00eb - Mehmet Zenka - Lajme nga Ulqini\",\"isPartOf\":{\"@id\":\"https:\/\/www.visit-ulcinj.com\/blog\/#website\"},\"primaryImageOfPage\":{\"@id\":\"https:\/\/www.visit-ulcinj.com\/blog\/2012\/10\/04\/video-spoti-i-udsh-se-fjala-eshte-fjale-mehmet-zenka\/#primaryimage\"},\"datePublished\":\"2012-10-04T11:26:28+00:00\",\"dateModified\":\"2012-10-04T11:28:51+00:00\",\"author\":{\"@id\":\"https:\/\/www.visit-ulcinj.com\/blog\/#\/schema\/person\/dcab619c614d3038751c63bc2aadc06d\"},\"description\":\"Lista zgjedhore e UDSH-s\u00eb (Unioni Demokratik i Shqiptareve) Mehmet Zenka, Hamdi Hasani, Hatixhe Gjoni, Gzim Hajdinaga, Enver Dedushaj, Fadil Kajoshaj,\",\"breadcrumb\":{\"@id\":\"https:\/\/www.visit-ulcinj.com\/blog\/2012\/10\/04\/video-spoti-i-udsh-se-fjala-eshte-fjale-mehmet-zenka\/#breadcrumb\"},\"inLanguage\":\"en-US\",\"potentialAction\":[{\"@type\":\"ReadAction\",\"target\":[\"https:\/\/www.visit-ulcinj.com\/blog\/2012\/10\/04\/video-spoti-i-udsh-se-fjala-eshte-fjale-mehmet-zenka\/\"]}]},{\"@type\":\"BreadcrumbList\",\"@id\":\"https:\/\/www.visit-ulcinj.com\/blog\/2012\/10\/04\/video-spoti-i-udsh-se-fjala-eshte-fjale-mehmet-zenka\/#breadcrumb\",\"itemListElement\":[{\"@type\":\"ListItem\",\"position\":1,\"name\":\"Video Spoti i UDSH-s\u00eb &#8211; Fjala \u00ebsht\u00eb fjal\u00eb &#8211; Mehmet Zenka\"}]},{\"@type\":\"Person\",\"@id\":\"https:\/\/www.visit-ulcinj.com\/blog\/#\/schema\/person\/dcab619c614d3038751c63bc2aadc06d\",\"name\":\"ulqini\",\"sameAs\":[\"http:\/\/www.visit-ulcinj.com\"],\"url\":\"https:\/\/www.visit-ulcinj.com\/blog\/author\/admin\/\"}]}<\/script>\n<!-- \/ Yoast SEO plugin. -->","yoast_head_json":{"title":"Video Spoti i UDSH-s\u00eb - Fjala \u00ebsht\u00eb fjal\u00eb - Mehmet Zenka - Lajme nga Ulqini","description":"Lista zgjedhore e UDSH-s\u00eb (Unioni Demokratik i Shqiptareve) Mehmet Zenka, Hamdi Hasani, Hatixhe Gjoni, Gzim Hajdinaga, Enver Dedushaj, Fadil Kajoshaj,","robots":{"index":"index","follow":"follow","max-snippet":"max-snippet:-1","max-image-preview":"max-image-preview:large","max-video-preview":"max-video-preview:-1"},"canonical":"https:\/\/www.visit-ulcinj.com\/blog\/2012\/10\/04\/video-spoti-i-udsh-se-fjala-eshte-fjale-mehmet-zenka\/","og_locale":"en_US","og_type":"article","og_title":"Video Spoti i UDSH-s\u00eb - Fjala \u00ebsht\u00eb fjal\u00eb - Mehmet Zenka - Lajme nga Ulqini","og_description":"Lista zgjedhore e UDSH-s\u00eb (Unioni Demokratik i Shqiptareve) Mehmet Zenka, Hamdi Hasani, Hatixhe Gjoni, Gzim Hajdinaga, Enver Dedushaj, Fadil Kajoshaj,","og_url":"https:\/\/www.visit-ulcinj.com\/blog\/2012\/10\/04\/video-spoti-i-udsh-se-fjala-eshte-fjale-mehmet-zenka\/","og_site_name":"Lajme nga Ulqini","article_published_time":"2012-10-04T11:26:28+00:00","article_modified_time":"2012-10-04T11:28:51+00:00","og_image":[{"url":"http:\/\/www.visit-ulcinj.com\/blog\/wp-content\/uploads\/2012\/10\/Mehmet-Zenka-Fjala-fjale-UDSH-UlqinMali-i-Zi.jpg"}],"twitter_misc":{"Written by":"ulqini","Est. reading time":"1 minute"},"schema":{"@context":"https:\/\/schema.org","@graph":[{"@type":"WebSite","@id":"https:\/\/www.visit-ulcinj.com\/blog\/#website","url":"https:\/\/www.visit-ulcinj.com\/blog\/","name":"Lajme nga Ulqini","description":"Lajme,Vijesti,Ulqini,Ulqin,Crna Gora,Mali i Zi","potentialAction":[{"@type":"SearchAction","target":{"@type":"EntryPoint","urlTemplate":"https:\/\/www.visit-ulcinj.com\/blog\/?s={search_term_string}"},"query-input":"required name=search_term_string"}],"inLanguage":"en-US"},{"@type":"ImageObject","inLanguage":"en-US","@id":"https:\/\/www.visit-ulcinj.com\/blog\/2012\/10\/04\/video-spoti-i-udsh-se-fjala-eshte-fjale-mehmet-zenka\/#primaryimage","url":"https:\/\/www.visit-ulcinj.com\/blog\/wp-content\/uploads\/2012\/10\/Mehmet-Zenka-Fjala-fjale-UDSH-UlqinMali-i-Zi.jpg","contentUrl":"https:\/\/www.visit-ulcinj.com\/blog\/wp-content\/uploads\/2012\/10\/Mehmet-Zenka-Fjala-fjale-UDSH-UlqinMali-i-Zi.jpg","width":"508","height":"382"},{"@type":"WebPage","@id":"https:\/\/www.visit-ulcinj.com\/blog\/2012\/10\/04\/video-spoti-i-udsh-se-fjala-eshte-fjale-mehmet-zenka\/#webpage","url":"https:\/\/www.visit-ulcinj.com\/blog\/2012\/10\/04\/video-spoti-i-udsh-se-fjala-eshte-fjale-mehmet-zenka\/","name":"Video Spoti i UDSH-s\u00eb - Fjala \u00ebsht\u00eb fjal\u00eb - Mehmet Zenka - Lajme nga Ulqini","isPartOf":{"@id":"https:\/\/www.visit-ulcinj.com\/blog\/#website"},"primaryImageOfPage":{"@id":"https:\/\/www.visit-ulcinj.com\/blog\/2012\/10\/04\/video-spoti-i-udsh-se-fjala-eshte-fjale-mehmet-zenka\/#primaryimage"},"datePublished":"2012-10-04T11:26:28+00:00","dateModified":"2012-10-04T11:28:51+00:00","author":{"@id":"https:\/\/www.visit-ulcinj.com\/blog\/#\/schema\/person\/dcab619c614d3038751c63bc2aadc06d"},"description":"Lista zgjedhore e UDSH-s\u00eb (Unioni Demokratik i Shqiptareve) Mehmet Zenka, Hamdi Hasani, Hatixhe Gjoni, Gzim Hajdinaga, Enver Dedushaj, Fadil Kajoshaj,","breadcrumb":{"@id":"https:\/\/www.visit-ulcinj.com\/blog\/2012\/10\/04\/video-spoti-i-udsh-se-fjala-eshte-fjale-mehmet-zenka\/#breadcrumb"},"inLanguage":"en-US","potentialAction":[{"@type":"ReadAction","target":["https:\/\/www.visit-ulcinj.com\/blog\/2012\/10\/04\/video-spoti-i-udsh-se-fjala-eshte-fjale-mehmet-zenka\/"]}]},{"@type":"BreadcrumbList","@id":"https:\/\/www.visit-ulcinj.com\/blog\/2012\/10\/04\/video-spoti-i-udsh-se-fjala-eshte-fjale-mehmet-zenka\/#breadcrumb","itemListElement":[{"@type":"ListItem","position":1,"name":"Video Spoti i UDSH-s\u00eb &#8211; Fjala \u00ebsht\u00eb fjal\u00eb &#8211; Mehmet Zenka"}]},{"@type":"Person","@id":"https:\/\/www.visit-ulcinj.com\/blog\/#\/schema\/person\/dcab619c614d3038751c63bc2aadc06d","name":"ulqini","sameAs":["http:\/\/www.visit-ulcinj.com"],"url":"https:\/\/www.visit-ulcinj.com\/blog\/author\/admin\/"}]}},"jetpack_featured_media_url":"","jetpack_sharing_enabled":true,"jetpack_shortlink":"https:\/\/wp.me\/pe6lTn-gIW","_links":{"self":[{"href":"https:\/\/www.visit-ulcinj.com\/blog\/wp-json\/wp\/v2\/posts\/64290"}],"collection":[{"href":"https:\/\/www.visit-ulcinj.com\/blog\/wp-json\/wp\/v2\/posts"}],"about":[{"href":"https:\/\/www.visit-ulcinj.com\/blog\/wp-json\/wp\/v2\/types\/post"}],"author":[{"embeddable":true,"href":"https:\/\/www.visit-ulcinj.com\/blog\/wp-json\/wp\/v2\/users\/1"}],"replies":[{"embeddable":true,"href":"https:\/\/www.visit-ulcinj.com\/blog\/wp-json\/wp\/v2\/comments?post=64290"}],"version-history":[{"count":3,"href":"https:\/\/www.visit-ulcinj.com\/blog\/wp-json\/wp\/v2\/posts\/64290\/revisions"}],"predecessor-version":[{"id":64296,"href":"https:\/\/www.visit-ulcinj.com\/blog\/wp-json\/wp\/v2\/posts\/64290\/revisions\/64296"}],"wp:attachment":[{"href":"https:\/\/www.visit-ulcinj.com\/blog\/wp-json\/wp\/v2\/media?parent=64290"}],"wp:term":[{"taxonomy":"category","embeddable":true,"href":"https:\/\/www.visit-ulcinj.com\/blog\/wp-json\/wp\/v2\/categories?post=64290"},{"taxonomy":"post_tag","embeddable":true,"href":"https:\/\/www.visit-ulcinj.com\/blog\/wp-json\/wp\/v2\/tags?post=64290"}],"curies":[{"name":"wp","href":"https:\/\/api.w.org\/{rel}","templated":true}]}}