{"id":64307,"date":"2012-10-05T07:16:16","date_gmt":"2012-10-05T06:16:16","guid":{"rendered":"http:\/\/www.visit-ulcinj.com\/blog\/?p=64307"},"modified":"2012-10-05T15:27:26","modified_gmt":"2012-10-05T14:27:26","slug":"perkrahet-iniciativa-e-udsh-se-per-referendumin-konsultativ-per-komunen-e-tuzit","status":"publish","type":"post","link":"https:\/\/www.visit-ulcinj.com\/blog\/2012\/10\/05\/perkrahet-iniciativa-e-udsh-se-per-referendumin-konsultativ-per-komunen-e-tuzit\/","title":{"rendered":"P\u00ebrkrahet iniciativa e UDSH-s\u00eb p\u00ebr referendumin konsultativ p\u00ebr komun\u00ebn e Tuzit &#8211; Video"},"content":{"rendered":"<p><strong><a href=\"http:\/\/www.visit-ulcinj.com\/blog\/wp-content\/uploads\/2012\/10\/komuna-urbane-e-tuzit.jpg\"><img loading=\"lazy\" class=\"alignleft  wp-image-64308\" title=\"komuna-urbane-e-tuzit\" src=\"http:\/\/www.visit-ulcinj.com\/blog\/wp-content\/uploads\/2012\/10\/komuna-urbane-e-tuzit.jpg\" alt=\"\" width=\"410\" height=\"416\" srcset=\"https:\/\/www.visit-ulcinj.com\/blog\/wp-content\/uploads\/2012\/10\/komuna-urbane-e-tuzit.jpg 410w, https:\/\/www.visit-ulcinj.com\/blog\/wp-content\/uploads\/2012\/10\/komuna-urbane-e-tuzit-295x300.jpg 295w\" sizes=\"(max-width: 410px) 100vw, 410px\" \/><\/a>P\u00ebrkrahet propozim vendimi mbi referimin e iniciativ\u00ebs drejt Podgoric\u00ebs p\u00ebr ndryshimin territorial<\/strong><\/p>\n<p>Iniciativa e Unionit demokratik t\u00eb Shqiptar\u00ebve sot n\u00eb Kuvendin e Komun\u00ebs Urbane mori shumic\u00ebn e nevojshme q\u00eb ti d\u00ebrgohet kuvendit t\u00eb kryeqytetit lidhur me vendimin p\u00ebr iniciativ\u00ebn p\u00ebr shpalljen e referendumit konsultativ p\u00ebr komun\u00ebn e Tuzit. Ky ishte propozimi i k\u00ebsaj partie t\u00eb cil\u00ebn e p\u00ebrkrahen edhe k\u00ebshilltar\u00ebt e PDS por nd\u00ebrkoh\u00eb gjat\u00eb votimit kjo iniciative u p\u00ebrkrah edhe nga disa k\u00ebshilltar\u00eb t\u00eb opozit\u00ebs. Iniciativa u p\u00ebrkrah edhe nga Alternativa Shqiptare, Lista p\u00ebr Tuzin dhe PSD, kurse pjesa tjet\u00ebr e opozit\u00ebs ishte e p\u00ebrmbajtur.<\/p>\n<p>Edhe pse jan\u00eb n\u00eb koalicion, k\u00ebshilltar\u00ebt e partis\u00eb Boshnjake u shprehen se nuk do ta p\u00ebrkrahin k\u00ebt\u00eb iniciative, mir\u00ebpo gjat\u00eb votimit nuk ishin n\u00eb sall\u00eb. Pra p\u00ebr propozimin e UDSH-PSD votuan 13 k\u00ebshilltar\u00eb, kurse 6 ishin t\u00eb p\u00ebrmbajtur. Para votimit u sh\u00ebnua edhe nj\u00eb incident mes k\u00ebshilltar\u00ebve t\u00eb PDS dhe PSP. N\u00eb arsyetimin e propozimit, partit\u00eb n\u00eb koalicionin n\u00eb pushtete n\u00eb KU t\u00eb Tuzit propozojn\u00eb q\u00eb nj\u00eb referendum i till\u00eb t\u00eb mbahet s\u00eb bashku me zgjedhjet presidenciale t\u00eb cilat planifikohen n\u00eb vitin e ardhsh\u00ebm, t\u00eb cilat, sipas arsyetimit t\u00eb propozuesit, do t\u00eb mbahen n\u00eb muajin mars apo prill. P\u00ebrndryshe kryetari i parlamentit t\u00eb k\u00ebsaj komune Urbane e kishte konvokuar p\u00ebr sot mbledhjen e 17-t\u00eb n\u00eb t\u00eb cil\u00ebn k\u00ebshilltar\u00ebt debatojn\u00eb edhe p\u00ebr informat\u00ebn p\u00ebr realizimin planit financiar, t\u00eb k\u00ebsaj komune urbane nga janari deri n\u00eb qershor, pastaj p\u00ebr propozim vendimin e em\u00ebrimit t\u00eb juris\u00eb p\u00ebr ndarjen e \u00e7mimit t\u00eb Komun\u00ebs Urbane t\u00eb Tuzit p\u00ebr k\u00ebt\u00eb vit dhe em\u00ebrimin e Komisionit p\u00ebr ndarjen e bursave p\u00ebr student\u00ebt dhe nx\u00ebn\u00ebsit e shkollave t\u00eb mesme nga Mal\u00ebsia.<\/p>\n<p>K\u00ebshilltar\u00ebt poashtu sipas rendit t\u00eb sot\u00ebm t\u00eb dit\u00ebs do t\u00eb duhej t\u00eb debatojn\u00eb edhe p\u00ebr raportin e Komisionit p\u00ebr bashk\u00ebpunim me OJQ dhe p\u00ebr ndarjen e mjeteve p\u00ebr projektet e OJQ-ve p\u00ebr vitin rrjedh\u00ebs.<\/p>\n<p>RTCG<br \/>\n<iframe loading=\"lazy\" width=\"560\" height=\"360\" src=\"http:\/\/www.youtube.com\/embed\/Eom7RFWL-RY?list=UUGGDfpTbmFVcvtd4iwHk_WQ&amp;hl=fr_FR\" frameborder=\"0\" allowfullscreen><\/iframe><\/p>\n","protected":false},"excerpt":{"rendered":"<p>P\u00ebrkrahet propozim vendimi mbi referimin e iniciativ\u00ebs drejt Podgoric\u00ebs p\u00ebr ndryshimin territorial Iniciativa e Unionit demokratik t\u00eb Shqiptar\u00ebve sot n\u00eb Kuvendin e Komun\u00ebs Urbane mori shumic\u00ebn e nevojshme q\u00eb ti d\u00ebrgohet kuvendit t\u00eb kryeqytetit lidhur me vendimin p\u00ebr iniciativ\u00ebn p\u00ebr shpalljen e referendumit konsultativ p\u00ebr komun\u00ebn e Tuzit. Ky ishte propozimi i k\u00ebsaj partie t\u00eb [&hellip;]<\/p>\n","protected":false},"author":1,"featured_media":0,"comment_status":"open","ping_status":"closed","sticky":false,"template":"","format":"standard","meta":{"spay_email":"","jetpack_publicize_message":"","jetpack_is_tweetstorm":false,"jetpack_publicize_feature_enabled":true},"categories":[6950],"tags":[5328],"jetpack_publicize_connections":[],"yoast_head":"<!-- This site is optimized with the Yoast SEO plugin v19.1 - https:\/\/yoast.com\/wordpress\/plugins\/seo\/ -->\n<title>P\u00ebrkrahet iniciativa e UDSH-s\u00eb p\u00ebr referendumin konsultativ p\u00ebr komun\u00ebn e Tuzit - Video - Lajme nga Ulqini<\/title>\n<meta name=\"description\" content=\"P\u00ebrkrahet propozim vendimi mbi referimin e iniciativ\u00ebs drejt Podgoric\u00ebs p\u00ebr ndryshimin territorial Iniciativa e Unionit demokratik t\u00eb Shqiptar\u00ebve sot n\u00eb\" \/>\n<meta name=\"robots\" content=\"index, follow, max-snippet:-1, max-image-preview:large, max-video-preview:-1\" \/>\n<link rel=\"canonical\" href=\"https:\/\/www.visit-ulcinj.com\/blog\/2012\/10\/05\/perkrahet-iniciativa-e-udsh-se-per-referendumin-konsultativ-per-komunen-e-tuzit\/\" \/>\n<meta property=\"og:locale\" content=\"en_US\" \/>\n<meta property=\"og:type\" content=\"article\" \/>\n<meta property=\"og:title\" content=\"P\u00ebrkrahet iniciativa e UDSH-s\u00eb p\u00ebr referendumin konsultativ p\u00ebr komun\u00ebn e Tuzit - Video - Lajme nga Ulqini\" \/>\n<meta property=\"og:description\" content=\"P\u00ebrkrahet propozim vendimi mbi referimin e iniciativ\u00ebs drejt Podgoric\u00ebs p\u00ebr ndryshimin territorial Iniciativa e Unionit demokratik t\u00eb Shqiptar\u00ebve sot n\u00eb\" \/>\n<meta property=\"og:url\" content=\"https:\/\/www.visit-ulcinj.com\/blog\/2012\/10\/05\/perkrahet-iniciativa-e-udsh-se-per-referendumin-konsultativ-per-komunen-e-tuzit\/\" \/>\n<meta property=\"og:site_name\" content=\"Lajme nga Ulqini\" \/>\n<meta property=\"article:published_time\" content=\"2012-10-05T06:16:16+00:00\" \/>\n<meta property=\"article:modified_time\" content=\"2012-10-05T14:27:26+00:00\" \/>\n<meta property=\"og:image\" content=\"http:\/\/www.visit-ulcinj.com\/blog\/wp-content\/uploads\/2012\/10\/komuna-urbane-e-tuzit.jpg\" \/>\n<meta name=\"twitter:label1\" content=\"Written by\" \/>\n\t<meta name=\"twitter:data1\" content=\"ulqini\" \/>\n\t<meta name=\"twitter:label2\" content=\"Est. reading time\" \/>\n\t<meta name=\"twitter:data2\" content=\"2 minutes\" \/>\n<script type=\"application\/ld+json\" class=\"yoast-schema-graph\">{\"@context\":\"https:\/\/schema.org\",\"@graph\":[{\"@type\":\"WebSite\",\"@id\":\"https:\/\/www.visit-ulcinj.com\/blog\/#website\",\"url\":\"https:\/\/www.visit-ulcinj.com\/blog\/\",\"name\":\"Lajme nga Ulqini\",\"description\":\"Lajme,Vijesti,Ulqini,Ulqin,Crna Gora,Mali i Zi\",\"potentialAction\":[{\"@type\":\"SearchAction\",\"target\":{\"@type\":\"EntryPoint\",\"urlTemplate\":\"https:\/\/www.visit-ulcinj.com\/blog\/?s={search_term_string}\"},\"query-input\":\"required name=search_term_string\"}],\"inLanguage\":\"en-US\"},{\"@type\":\"ImageObject\",\"inLanguage\":\"en-US\",\"@id\":\"https:\/\/www.visit-ulcinj.com\/blog\/2012\/10\/05\/perkrahet-iniciativa-e-udsh-se-per-referendumin-konsultativ-per-komunen-e-tuzit\/#primaryimage\",\"url\":\"https:\/\/www.visit-ulcinj.com\/blog\/wp-content\/uploads\/2012\/10\/komuna-urbane-e-tuzit.jpg\",\"contentUrl\":\"https:\/\/www.visit-ulcinj.com\/blog\/wp-content\/uploads\/2012\/10\/komuna-urbane-e-tuzit.jpg\",\"width\":\"410\",\"height\":\"416\"},{\"@type\":\"WebPage\",\"@id\":\"https:\/\/www.visit-ulcinj.com\/blog\/2012\/10\/05\/perkrahet-iniciativa-e-udsh-se-per-referendumin-konsultativ-per-komunen-e-tuzit\/#webpage\",\"url\":\"https:\/\/www.visit-ulcinj.com\/blog\/2012\/10\/05\/perkrahet-iniciativa-e-udsh-se-per-referendumin-konsultativ-per-komunen-e-tuzit\/\",\"name\":\"P\u00ebrkrahet iniciativa e UDSH-s\u00eb p\u00ebr referendumin konsultativ p\u00ebr komun\u00ebn e Tuzit - Video - Lajme nga Ulqini\",\"isPartOf\":{\"@id\":\"https:\/\/www.visit-ulcinj.com\/blog\/#website\"},\"primaryImageOfPage\":{\"@id\":\"https:\/\/www.visit-ulcinj.com\/blog\/2012\/10\/05\/perkrahet-iniciativa-e-udsh-se-per-referendumin-konsultativ-per-komunen-e-tuzit\/#primaryimage\"},\"datePublished\":\"2012-10-05T06:16:16+00:00\",\"dateModified\":\"2012-10-05T14:27:26+00:00\",\"author\":{\"@id\":\"https:\/\/www.visit-ulcinj.com\/blog\/#\/schema\/person\/dcab619c614d3038751c63bc2aadc06d\"},\"description\":\"P\u00ebrkrahet propozim vendimi mbi referimin e iniciativ\u00ebs drejt Podgoric\u00ebs p\u00ebr ndryshimin territorial Iniciativa e Unionit demokratik t\u00eb Shqiptar\u00ebve sot n\u00eb\",\"breadcrumb\":{\"@id\":\"https:\/\/www.visit-ulcinj.com\/blog\/2012\/10\/05\/perkrahet-iniciativa-e-udsh-se-per-referendumin-konsultativ-per-komunen-e-tuzit\/#breadcrumb\"},\"inLanguage\":\"en-US\",\"potentialAction\":[{\"@type\":\"ReadAction\",\"target\":[\"https:\/\/www.visit-ulcinj.com\/blog\/2012\/10\/05\/perkrahet-iniciativa-e-udsh-se-per-referendumin-konsultativ-per-komunen-e-tuzit\/\"]}]},{\"@type\":\"BreadcrumbList\",\"@id\":\"https:\/\/www.visit-ulcinj.com\/blog\/2012\/10\/05\/perkrahet-iniciativa-e-udsh-se-per-referendumin-konsultativ-per-komunen-e-tuzit\/#breadcrumb\",\"itemListElement\":[{\"@type\":\"ListItem\",\"position\":1,\"name\":\"P\u00ebrkrahet iniciativa e UDSH-s\u00eb p\u00ebr referendumin konsultativ p\u00ebr komun\u00ebn e Tuzit &#8211; Video\"}]},{\"@type\":\"Person\",\"@id\":\"https:\/\/www.visit-ulcinj.com\/blog\/#\/schema\/person\/dcab619c614d3038751c63bc2aadc06d\",\"name\":\"ulqini\",\"sameAs\":[\"http:\/\/www.visit-ulcinj.com\"],\"url\":\"https:\/\/www.visit-ulcinj.com\/blog\/author\/admin\/\"}]}<\/script>\n<!-- \/ Yoast SEO plugin. -->","yoast_head_json":{"title":"P\u00ebrkrahet iniciativa e UDSH-s\u00eb p\u00ebr referendumin konsultativ p\u00ebr komun\u00ebn e Tuzit - Video - Lajme nga Ulqini","description":"P\u00ebrkrahet propozim vendimi mbi referimin e iniciativ\u00ebs drejt Podgoric\u00ebs p\u00ebr ndryshimin territorial Iniciativa e Unionit demokratik t\u00eb Shqiptar\u00ebve sot n\u00eb","robots":{"index":"index","follow":"follow","max-snippet":"max-snippet:-1","max-image-preview":"max-image-preview:large","max-video-preview":"max-video-preview:-1"},"canonical":"https:\/\/www.visit-ulcinj.com\/blog\/2012\/10\/05\/perkrahet-iniciativa-e-udsh-se-per-referendumin-konsultativ-per-komunen-e-tuzit\/","og_locale":"en_US","og_type":"article","og_title":"P\u00ebrkrahet iniciativa e UDSH-s\u00eb p\u00ebr referendumin konsultativ p\u00ebr komun\u00ebn e Tuzit - Video - Lajme nga Ulqini","og_description":"P\u00ebrkrahet propozim vendimi mbi referimin e iniciativ\u00ebs drejt Podgoric\u00ebs p\u00ebr ndryshimin territorial Iniciativa e Unionit demokratik t\u00eb Shqiptar\u00ebve sot n\u00eb","og_url":"https:\/\/www.visit-ulcinj.com\/blog\/2012\/10\/05\/perkrahet-iniciativa-e-udsh-se-per-referendumin-konsultativ-per-komunen-e-tuzit\/","og_site_name":"Lajme nga Ulqini","article_published_time":"2012-10-05T06:16:16+00:00","article_modified_time":"2012-10-05T14:27:26+00:00","og_image":[{"url":"http:\/\/www.visit-ulcinj.com\/blog\/wp-content\/uploads\/2012\/10\/komuna-urbane-e-tuzit.jpg"}],"twitter_misc":{"Written by":"ulqini","Est. reading time":"2 minutes"},"schema":{"@context":"https:\/\/schema.org","@graph":[{"@type":"WebSite","@id":"https:\/\/www.visit-ulcinj.com\/blog\/#website","url":"https:\/\/www.visit-ulcinj.com\/blog\/","name":"Lajme nga Ulqini","description":"Lajme,Vijesti,Ulqini,Ulqin,Crna Gora,Mali i Zi","potentialAction":[{"@type":"SearchAction","target":{"@type":"EntryPoint","urlTemplate":"https:\/\/www.visit-ulcinj.com\/blog\/?s={search_term_string}"},"query-input":"required name=search_term_string"}],"inLanguage":"en-US"},{"@type":"ImageObject","inLanguage":"en-US","@id":"https:\/\/www.visit-ulcinj.com\/blog\/2012\/10\/05\/perkrahet-iniciativa-e-udsh-se-per-referendumin-konsultativ-per-komunen-e-tuzit\/#primaryimage","url":"https:\/\/www.visit-ulcinj.com\/blog\/wp-content\/uploads\/2012\/10\/komuna-urbane-e-tuzit.jpg","contentUrl":"https:\/\/www.visit-ulcinj.com\/blog\/wp-content\/uploads\/2012\/10\/komuna-urbane-e-tuzit.jpg","width":"410","height":"416"},{"@type":"WebPage","@id":"https:\/\/www.visit-ulcinj.com\/blog\/2012\/10\/05\/perkrahet-iniciativa-e-udsh-se-per-referendumin-konsultativ-per-komunen-e-tuzit\/#webpage","url":"https:\/\/www.visit-ulcinj.com\/blog\/2012\/10\/05\/perkrahet-iniciativa-e-udsh-se-per-referendumin-konsultativ-per-komunen-e-tuzit\/","name":"P\u00ebrkrahet iniciativa e UDSH-s\u00eb p\u00ebr referendumin konsultativ p\u00ebr komun\u00ebn e Tuzit - Video - Lajme nga Ulqini","isPartOf":{"@id":"https:\/\/www.visit-ulcinj.com\/blog\/#website"},"primaryImageOfPage":{"@id":"https:\/\/www.visit-ulcinj.com\/blog\/2012\/10\/05\/perkrahet-iniciativa-e-udsh-se-per-referendumin-konsultativ-per-komunen-e-tuzit\/#primaryimage"},"datePublished":"2012-10-05T06:16:16+00:00","dateModified":"2012-10-05T14:27:26+00:00","author":{"@id":"https:\/\/www.visit-ulcinj.com\/blog\/#\/schema\/person\/dcab619c614d3038751c63bc2aadc06d"},"description":"P\u00ebrkrahet propozim vendimi mbi referimin e iniciativ\u00ebs drejt Podgoric\u00ebs p\u00ebr ndryshimin territorial Iniciativa e Unionit demokratik t\u00eb Shqiptar\u00ebve sot n\u00eb","breadcrumb":{"@id":"https:\/\/www.visit-ulcinj.com\/blog\/2012\/10\/05\/perkrahet-iniciativa-e-udsh-se-per-referendumin-konsultativ-per-komunen-e-tuzit\/#breadcrumb"},"inLanguage":"en-US","potentialAction":[{"@type":"ReadAction","target":["https:\/\/www.visit-ulcinj.com\/blog\/2012\/10\/05\/perkrahet-iniciativa-e-udsh-se-per-referendumin-konsultativ-per-komunen-e-tuzit\/"]}]},{"@type":"BreadcrumbList","@id":"https:\/\/www.visit-ulcinj.com\/blog\/2012\/10\/05\/perkrahet-iniciativa-e-udsh-se-per-referendumin-konsultativ-per-komunen-e-tuzit\/#breadcrumb","itemListElement":[{"@type":"ListItem","position":1,"name":"P\u00ebrkrahet iniciativa e UDSH-s\u00eb p\u00ebr referendumin konsultativ p\u00ebr komun\u00ebn e Tuzit &#8211; Video"}]},{"@type":"Person","@id":"https:\/\/www.visit-ulcinj.com\/blog\/#\/schema\/person\/dcab619c614d3038751c63bc2aadc06d","name":"ulqini","sameAs":["http:\/\/www.visit-ulcinj.com"],"url":"https:\/\/www.visit-ulcinj.com\/blog\/author\/admin\/"}]}},"jetpack_featured_media_url":"","jetpack_sharing_enabled":true,"jetpack_shortlink":"https:\/\/wp.me\/pe6lTn-gJd","_links":{"self":[{"href":"https:\/\/www.visit-ulcinj.com\/blog\/wp-json\/wp\/v2\/posts\/64307"}],"collection":[{"href":"https:\/\/www.visit-ulcinj.com\/blog\/wp-json\/wp\/v2\/posts"}],"about":[{"href":"https:\/\/www.visit-ulcinj.com\/blog\/wp-json\/wp\/v2\/types\/post"}],"author":[{"embeddable":true,"href":"https:\/\/www.visit-ulcinj.com\/blog\/wp-json\/wp\/v2\/users\/1"}],"replies":[{"embeddable":true,"href":"https:\/\/www.visit-ulcinj.com\/blog\/wp-json\/wp\/v2\/comments?post=64307"}],"version-history":[{"count":3,"href":"https:\/\/www.visit-ulcinj.com\/blog\/wp-json\/wp\/v2\/posts\/64307\/revisions"}],"predecessor-version":[{"id":64339,"href":"https:\/\/www.visit-ulcinj.com\/blog\/wp-json\/wp\/v2\/posts\/64307\/revisions\/64339"}],"wp:attachment":[{"href":"https:\/\/www.visit-ulcinj.com\/blog\/wp-json\/wp\/v2\/media?parent=64307"}],"wp:term":[{"taxonomy":"category","embeddable":true,"href":"https:\/\/www.visit-ulcinj.com\/blog\/wp-json\/wp\/v2\/categories?post=64307"},{"taxonomy":"post_tag","embeddable":true,"href":"https:\/\/www.visit-ulcinj.com\/blog\/wp-json\/wp\/v2\/tags?post=64307"}],"curies":[{"name":"wp","href":"https:\/\/api.w.org\/{rel}","templated":true}]}}