{"id":64335,"date":"2012-10-05T15:05:30","date_gmt":"2012-10-05T14:05:30","guid":{"rendered":"http:\/\/www.visit-ulcinj.com\/blog\/?p=64335"},"modified":"2012-10-05T15:05:30","modified_gmt":"2012-10-05T14:05:30","slug":"masht-e-gatshme-te-ndihmoje-arsimimin-e-te-rinjve-te-malit-te-zi","status":"publish","type":"post","link":"https:\/\/www.visit-ulcinj.com\/blog\/2012\/10\/05\/masht-e-gatshme-te-ndihmoje-arsimimin-e-te-rinjve-te-malit-te-zi\/","title":{"rendered":"MAShT e gatshme t\u00eb ndihmoj\u00eb arsimimin e t\u00eb rinjve t\u00eb Malit t\u00eb Zi"},"content":{"rendered":"<p><a href=\"http:\/\/www.visit-ulcinj.com\/blog\/wp-content\/uploads\/2012\/10\/Rame-Buja_Hamdi-Hasani.jpg\"><img loading=\"lazy\" class=\"alignleft  wp-image-64336\" title=\"Rame Buja_Hamdi Hasani\" src=\"http:\/\/www.visit-ulcinj.com\/blog\/wp-content\/uploads\/2012\/10\/Rame-Buja_Hamdi-Hasani.jpg\" alt=\"\" width=\"508\" height=\"360\" \/><\/a>Ministri i Arsimit, Shkenc\u00ebs dhe Teknologjis\u00eb, z.Ram\u00eb Buja, priti sot ministrin p\u00ebr t\u00eb Drejtat e Pakicave n\u00eb Qeverin\u00eb e Malit t\u00eb Zi, z.Hamdi Hasani, me t\u00eb cilin bisedoi p\u00ebr mund\u00ebsit\u00eb e bashk\u00ebpunimit n\u00eb mes dy vendeve n\u00eb fush\u00ebn e arsimit<\/p>\n<p>Ministri Buja e njoftoi z. Hasani me t\u00eb arriturat dhe sfidat me t\u00eb cilat arsimi n\u00eb Kosov\u00eb \u00ebsht\u00eb ballafaquar n\u00eb t\u00eb kaluar\u00ebn e af\u00ebrt, si dhe me synimet dhe objektivat q\u00eb MAShT ka p\u00ebr t\u00eb ardhmen.<\/p>\n<p>Ministri shprehu gatishm\u00ebrin\u00eb q\u00eb t\u00eb ndihmoj\u00eb arsimimin e t\u00eb rinjve t\u00eb Malit t\u00eb Zi edhe n\u00eb t\u00eb ardhmen dhe shtoi se ne kemi borxh q\u00eb t&#8217;u mund\u00ebsojm\u00eb t\u00eb rinjve shkollim adekuat.<\/p>\n<p>&#8220;T\u00eb dy vendet duhet t&#8217;u ofrojm\u00eb mund\u00ebsi studimi t\u00eb rinjve&#8221;, tha ministri Buja, nd\u00ebrkaq foli edhe p\u00ebr fillimin e vitit t\u00eb ri shkollor dhe vitin akademik dhe shtoi se dita dit\u00ebs n\u00eb Kosov\u00eb po krijohen parakushte p\u00ebr arsim cil\u00ebsor, duke ju fal\u00ebnderuar, si\u00e7 tha ministri, edhe partner\u00ebve zhvillimor nd\u00ebrkomb\u00ebtar\u00eb.<\/p>\n<p>Nd\u00ebrkaq, ministri p\u00ebr Komunitete i Malit t\u00eb Zi, z.Hasani ka fal\u00ebnderuar ministrin Buja p\u00ebr gatishm\u00ebrin\u00eb dhe interesimin p\u00ebr shkollim t\u00eb t\u00eb rinjve, si dhe p\u00ebr kuotat e rezervuara p\u00ebr student\u00ebt shqiptar\u00eb t\u00eb Malit t\u00eb Zi p\u00ebr k\u00ebt\u00eb vit akademik me k\u00ebrkes\u00eb t\u00eb K\u00ebshillit Nacional t\u00eb Shqiptar\u00ebve t\u00eb Malit t\u00eb Zi.<\/p>\n<p>&#8220;Pjesa d\u00ebrrmuese e intelektual\u00ebve shqiptar\u00eb t\u00eb Malit t\u00eb Zi jan\u00eb shkolluar n\u00eb Kosov\u00eb dhe kjo d\u00ebshir\u00eb vazhdon t\u00eb mbetet edhe te t\u00eb rinjt\u00eb tan\u00eb&#8221;, tha z.Hasani.<\/p>\n<p>T\u00eb dy bashk\u00ebbiseduesit jan\u00eb dakorduar q\u00eb ministrat e Arsimit t\u00eb t\u00eb dyja vendeve t\u00eb k\u00ebmbejn\u00eb vizita reciproke me q\u00ebllim t\u00eb p\u00ebrafrimit dhe thellimit t\u00eb bashk\u00ebpunimit, si dhe shqyrtimin e modaliteteve t\u00eb bashk\u00ebpunimit n\u00eb t\u00eb ardhmen n\u00eb fush\u00ebn e arsimit.<\/p>\n<p><strong>Burimi:<\/strong> <strong>Ministria e Arsimit, e Shkenc\u00ebs dhe e Teknologjis\u00eb Kosov\u00ebs<\/strong><\/p>\n","protected":false},"excerpt":{"rendered":"<p>Ministri i Arsimit, Shkenc\u00ebs dhe Teknologjis\u00eb, z.Ram\u00eb Buja, priti sot ministrin p\u00ebr t\u00eb Drejtat e Pakicave n\u00eb Qeverin\u00eb e Malit t\u00eb Zi, z.Hamdi Hasani, me t\u00eb cilin bisedoi p\u00ebr mund\u00ebsit\u00eb e bashk\u00ebpunimit n\u00eb mes dy vendeve n\u00eb fush\u00ebn e arsimit Ministri Buja e njoftoi z. Hasani me t\u00eb arriturat dhe sfidat me t\u00eb cilat arsimi [&hellip;]<\/p>\n","protected":false},"author":1,"featured_media":0,"comment_status":"open","ping_status":"closed","sticky":false,"template":"","format":"standard","meta":{"spay_email":"","jetpack_publicize_message":"","jetpack_is_tweetstorm":false,"jetpack_publicize_feature_enabled":true},"categories":[14],"tags":[20545,49,95,21163],"jetpack_publicize_connections":[],"yoast_head":"<!-- This site is optimized with the Yoast SEO plugin v19.1 - https:\/\/yoast.com\/wordpress\/plugins\/seo\/ -->\n<title>MAShT e gatshme t\u00eb ndihmoj\u00eb arsimimin e t\u00eb rinjve t\u00eb Malit t\u00eb Zi - Lajme nga Ulqini<\/title>\n<meta name=\"description\" content=\"Ministri i Arsimit, Shkenc\u00ebs dhe Teknologjis\u00eb, z.Ram\u00eb Buja, priti sot ministrin p\u00ebr t\u00eb Drejtat e Pakicave n\u00eb Qeverin\u00eb e Malit t\u00eb Zi, z.Hamdi Hasani, me t\u00eb\" \/>\n<meta name=\"robots\" content=\"index, follow, max-snippet:-1, max-image-preview:large, max-video-preview:-1\" \/>\n<link rel=\"canonical\" href=\"https:\/\/www.visit-ulcinj.com\/blog\/2012\/10\/05\/masht-e-gatshme-te-ndihmoje-arsimimin-e-te-rinjve-te-malit-te-zi\/\" \/>\n<meta property=\"og:locale\" content=\"en_US\" \/>\n<meta property=\"og:type\" content=\"article\" \/>\n<meta property=\"og:title\" content=\"MAShT e gatshme t\u00eb ndihmoj\u00eb arsimimin e t\u00eb rinjve t\u00eb Malit t\u00eb Zi - Lajme nga Ulqini\" \/>\n<meta property=\"og:description\" content=\"Ministri i Arsimit, Shkenc\u00ebs dhe Teknologjis\u00eb, z.Ram\u00eb Buja, priti sot ministrin p\u00ebr t\u00eb Drejtat e Pakicave n\u00eb Qeverin\u00eb e Malit t\u00eb Zi, z.Hamdi Hasani, me t\u00eb\" \/>\n<meta property=\"og:url\" content=\"https:\/\/www.visit-ulcinj.com\/blog\/2012\/10\/05\/masht-e-gatshme-te-ndihmoje-arsimimin-e-te-rinjve-te-malit-te-zi\/\" \/>\n<meta property=\"og:site_name\" content=\"Lajme nga Ulqini\" \/>\n<meta property=\"article:published_time\" content=\"2012-10-05T14:05:30+00:00\" \/>\n<meta property=\"og:image\" content=\"http:\/\/www.visit-ulcinj.com\/blog\/wp-content\/uploads\/2012\/10\/Rame-Buja_Hamdi-Hasani.jpg\" \/>\n<meta name=\"twitter:label1\" content=\"Written by\" \/>\n\t<meta name=\"twitter:data1\" content=\"ulqini\" \/>\n\t<meta name=\"twitter:label2\" content=\"Est. reading time\" \/>\n\t<meta name=\"twitter:data2\" content=\"2 minutes\" \/>\n<script type=\"application\/ld+json\" class=\"yoast-schema-graph\">{\"@context\":\"https:\/\/schema.org\",\"@graph\":[{\"@type\":\"WebSite\",\"@id\":\"https:\/\/www.visit-ulcinj.com\/blog\/#website\",\"url\":\"https:\/\/www.visit-ulcinj.com\/blog\/\",\"name\":\"Lajme nga Ulqini\",\"description\":\"Lajme,Vijesti,Ulqini,Ulqin,Crna Gora,Mali i Zi\",\"potentialAction\":[{\"@type\":\"SearchAction\",\"target\":{\"@type\":\"EntryPoint\",\"urlTemplate\":\"https:\/\/www.visit-ulcinj.com\/blog\/?s={search_term_string}\"},\"query-input\":\"required name=search_term_string\"}],\"inLanguage\":\"en-US\"},{\"@type\":\"ImageObject\",\"inLanguage\":\"en-US\",\"@id\":\"https:\/\/www.visit-ulcinj.com\/blog\/2012\/10\/05\/masht-e-gatshme-te-ndihmoje-arsimimin-e-te-rinjve-te-malit-te-zi\/#primaryimage\",\"url\":\"https:\/\/www.visit-ulcinj.com\/blog\/wp-content\/uploads\/2012\/10\/Rame-Buja_Hamdi-Hasani.jpg\",\"contentUrl\":\"https:\/\/www.visit-ulcinj.com\/blog\/wp-content\/uploads\/2012\/10\/Rame-Buja_Hamdi-Hasani.jpg\",\"width\":\"539\",\"height\":\"360\"},{\"@type\":\"WebPage\",\"@id\":\"https:\/\/www.visit-ulcinj.com\/blog\/2012\/10\/05\/masht-e-gatshme-te-ndihmoje-arsimimin-e-te-rinjve-te-malit-te-zi\/#webpage\",\"url\":\"https:\/\/www.visit-ulcinj.com\/blog\/2012\/10\/05\/masht-e-gatshme-te-ndihmoje-arsimimin-e-te-rinjve-te-malit-te-zi\/\",\"name\":\"MAShT e gatshme t\u00eb ndihmoj\u00eb arsimimin e t\u00eb rinjve t\u00eb Malit t\u00eb Zi - Lajme nga Ulqini\",\"isPartOf\":{\"@id\":\"https:\/\/www.visit-ulcinj.com\/blog\/#website\"},\"primaryImageOfPage\":{\"@id\":\"https:\/\/www.visit-ulcinj.com\/blog\/2012\/10\/05\/masht-e-gatshme-te-ndihmoje-arsimimin-e-te-rinjve-te-malit-te-zi\/#primaryimage\"},\"datePublished\":\"2012-10-05T14:05:30+00:00\",\"dateModified\":\"2012-10-05T14:05:30+00:00\",\"author\":{\"@id\":\"https:\/\/www.visit-ulcinj.com\/blog\/#\/schema\/person\/dcab619c614d3038751c63bc2aadc06d\"},\"description\":\"Ministri i Arsimit, Shkenc\u00ebs dhe Teknologjis\u00eb, z.Ram\u00eb Buja, priti sot ministrin p\u00ebr t\u00eb Drejtat e Pakicave n\u00eb Qeverin\u00eb e Malit t\u00eb Zi, z.Hamdi Hasani, me t\u00eb\",\"breadcrumb\":{\"@id\":\"https:\/\/www.visit-ulcinj.com\/blog\/2012\/10\/05\/masht-e-gatshme-te-ndihmoje-arsimimin-e-te-rinjve-te-malit-te-zi\/#breadcrumb\"},\"inLanguage\":\"en-US\",\"potentialAction\":[{\"@type\":\"ReadAction\",\"target\":[\"https:\/\/www.visit-ulcinj.com\/blog\/2012\/10\/05\/masht-e-gatshme-te-ndihmoje-arsimimin-e-te-rinjve-te-malit-te-zi\/\"]}]},{\"@type\":\"BreadcrumbList\",\"@id\":\"https:\/\/www.visit-ulcinj.com\/blog\/2012\/10\/05\/masht-e-gatshme-te-ndihmoje-arsimimin-e-te-rinjve-te-malit-te-zi\/#breadcrumb\",\"itemListElement\":[{\"@type\":\"ListItem\",\"position\":1,\"name\":\"MAShT e gatshme t\u00eb ndihmoj\u00eb arsimimin e t\u00eb rinjve t\u00eb Malit t\u00eb Zi\"}]},{\"@type\":\"Person\",\"@id\":\"https:\/\/www.visit-ulcinj.com\/blog\/#\/schema\/person\/dcab619c614d3038751c63bc2aadc06d\",\"name\":\"ulqini\",\"sameAs\":[\"http:\/\/www.visit-ulcinj.com\"],\"url\":\"https:\/\/www.visit-ulcinj.com\/blog\/author\/admin\/\"}]}<\/script>\n<!-- \/ Yoast SEO plugin. -->","yoast_head_json":{"title":"MAShT e gatshme t\u00eb ndihmoj\u00eb arsimimin e t\u00eb rinjve t\u00eb Malit t\u00eb Zi - Lajme nga Ulqini","description":"Ministri i Arsimit, Shkenc\u00ebs dhe Teknologjis\u00eb, z.Ram\u00eb Buja, priti sot ministrin p\u00ebr t\u00eb Drejtat e Pakicave n\u00eb Qeverin\u00eb e Malit t\u00eb Zi, z.Hamdi Hasani, me t\u00eb","robots":{"index":"index","follow":"follow","max-snippet":"max-snippet:-1","max-image-preview":"max-image-preview:large","max-video-preview":"max-video-preview:-1"},"canonical":"https:\/\/www.visit-ulcinj.com\/blog\/2012\/10\/05\/masht-e-gatshme-te-ndihmoje-arsimimin-e-te-rinjve-te-malit-te-zi\/","og_locale":"en_US","og_type":"article","og_title":"MAShT e gatshme t\u00eb ndihmoj\u00eb arsimimin e t\u00eb rinjve t\u00eb Malit t\u00eb Zi - Lajme nga Ulqini","og_description":"Ministri i Arsimit, Shkenc\u00ebs dhe Teknologjis\u00eb, z.Ram\u00eb Buja, priti sot ministrin p\u00ebr t\u00eb Drejtat e Pakicave n\u00eb Qeverin\u00eb e Malit t\u00eb Zi, z.Hamdi Hasani, me t\u00eb","og_url":"https:\/\/www.visit-ulcinj.com\/blog\/2012\/10\/05\/masht-e-gatshme-te-ndihmoje-arsimimin-e-te-rinjve-te-malit-te-zi\/","og_site_name":"Lajme nga Ulqini","article_published_time":"2012-10-05T14:05:30+00:00","og_image":[{"url":"http:\/\/www.visit-ulcinj.com\/blog\/wp-content\/uploads\/2012\/10\/Rame-Buja_Hamdi-Hasani.jpg"}],"twitter_misc":{"Written by":"ulqini","Est. reading time":"2 minutes"},"schema":{"@context":"https:\/\/schema.org","@graph":[{"@type":"WebSite","@id":"https:\/\/www.visit-ulcinj.com\/blog\/#website","url":"https:\/\/www.visit-ulcinj.com\/blog\/","name":"Lajme nga Ulqini","description":"Lajme,Vijesti,Ulqini,Ulqin,Crna Gora,Mali i Zi","potentialAction":[{"@type":"SearchAction","target":{"@type":"EntryPoint","urlTemplate":"https:\/\/www.visit-ulcinj.com\/blog\/?s={search_term_string}"},"query-input":"required name=search_term_string"}],"inLanguage":"en-US"},{"@type":"ImageObject","inLanguage":"en-US","@id":"https:\/\/www.visit-ulcinj.com\/blog\/2012\/10\/05\/masht-e-gatshme-te-ndihmoje-arsimimin-e-te-rinjve-te-malit-te-zi\/#primaryimage","url":"https:\/\/www.visit-ulcinj.com\/blog\/wp-content\/uploads\/2012\/10\/Rame-Buja_Hamdi-Hasani.jpg","contentUrl":"https:\/\/www.visit-ulcinj.com\/blog\/wp-content\/uploads\/2012\/10\/Rame-Buja_Hamdi-Hasani.jpg","width":"539","height":"360"},{"@type":"WebPage","@id":"https:\/\/www.visit-ulcinj.com\/blog\/2012\/10\/05\/masht-e-gatshme-te-ndihmoje-arsimimin-e-te-rinjve-te-malit-te-zi\/#webpage","url":"https:\/\/www.visit-ulcinj.com\/blog\/2012\/10\/05\/masht-e-gatshme-te-ndihmoje-arsimimin-e-te-rinjve-te-malit-te-zi\/","name":"MAShT e gatshme t\u00eb ndihmoj\u00eb arsimimin e t\u00eb rinjve t\u00eb Malit t\u00eb Zi - Lajme nga Ulqini","isPartOf":{"@id":"https:\/\/www.visit-ulcinj.com\/blog\/#website"},"primaryImageOfPage":{"@id":"https:\/\/www.visit-ulcinj.com\/blog\/2012\/10\/05\/masht-e-gatshme-te-ndihmoje-arsimimin-e-te-rinjve-te-malit-te-zi\/#primaryimage"},"datePublished":"2012-10-05T14:05:30+00:00","dateModified":"2012-10-05T14:05:30+00:00","author":{"@id":"https:\/\/www.visit-ulcinj.com\/blog\/#\/schema\/person\/dcab619c614d3038751c63bc2aadc06d"},"description":"Ministri i Arsimit, Shkenc\u00ebs dhe Teknologjis\u00eb, z.Ram\u00eb Buja, priti sot ministrin p\u00ebr t\u00eb Drejtat e Pakicave n\u00eb Qeverin\u00eb e Malit t\u00eb Zi, z.Hamdi Hasani, me t\u00eb","breadcrumb":{"@id":"https:\/\/www.visit-ulcinj.com\/blog\/2012\/10\/05\/masht-e-gatshme-te-ndihmoje-arsimimin-e-te-rinjve-te-malit-te-zi\/#breadcrumb"},"inLanguage":"en-US","potentialAction":[{"@type":"ReadAction","target":["https:\/\/www.visit-ulcinj.com\/blog\/2012\/10\/05\/masht-e-gatshme-te-ndihmoje-arsimimin-e-te-rinjve-te-malit-te-zi\/"]}]},{"@type":"BreadcrumbList","@id":"https:\/\/www.visit-ulcinj.com\/blog\/2012\/10\/05\/masht-e-gatshme-te-ndihmoje-arsimimin-e-te-rinjve-te-malit-te-zi\/#breadcrumb","itemListElement":[{"@type":"ListItem","position":1,"name":"MAShT e gatshme t\u00eb ndihmoj\u00eb arsimimin e t\u00eb rinjve t\u00eb Malit t\u00eb Zi"}]},{"@type":"Person","@id":"https:\/\/www.visit-ulcinj.com\/blog\/#\/schema\/person\/dcab619c614d3038751c63bc2aadc06d","name":"ulqini","sameAs":["http:\/\/www.visit-ulcinj.com"],"url":"https:\/\/www.visit-ulcinj.com\/blog\/author\/admin\/"}]}},"jetpack_featured_media_url":"","jetpack_sharing_enabled":true,"jetpack_shortlink":"https:\/\/wp.me\/pe6lTn-gJF","_links":{"self":[{"href":"https:\/\/www.visit-ulcinj.com\/blog\/wp-json\/wp\/v2\/posts\/64335"}],"collection":[{"href":"https:\/\/www.visit-ulcinj.com\/blog\/wp-json\/wp\/v2\/posts"}],"about":[{"href":"https:\/\/www.visit-ulcinj.com\/blog\/wp-json\/wp\/v2\/types\/post"}],"author":[{"embeddable":true,"href":"https:\/\/www.visit-ulcinj.com\/blog\/wp-json\/wp\/v2\/users\/1"}],"replies":[{"embeddable":true,"href":"https:\/\/www.visit-ulcinj.com\/blog\/wp-json\/wp\/v2\/comments?post=64335"}],"version-history":[{"count":1,"href":"https:\/\/www.visit-ulcinj.com\/blog\/wp-json\/wp\/v2\/posts\/64335\/revisions"}],"predecessor-version":[{"id":64337,"href":"https:\/\/www.visit-ulcinj.com\/blog\/wp-json\/wp\/v2\/posts\/64335\/revisions\/64337"}],"wp:attachment":[{"href":"https:\/\/www.visit-ulcinj.com\/blog\/wp-json\/wp\/v2\/media?parent=64335"}],"wp:term":[{"taxonomy":"category","embeddable":true,"href":"https:\/\/www.visit-ulcinj.com\/blog\/wp-json\/wp\/v2\/categories?post=64335"},{"taxonomy":"post_tag","embeddable":true,"href":"https:\/\/www.visit-ulcinj.com\/blog\/wp-json\/wp\/v2\/tags?post=64335"}],"curies":[{"name":"wp","href":"https:\/\/api.w.org\/{rel}","templated":true}]}}