{"id":6435,"date":"2008-11-21T14:10:29","date_gmt":"2008-11-21T19:10:29","guid":{"rendered":"http:\/\/www.visit-ulcinj.com\/blog\/?p=6435"},"modified":"2008-11-21T14:12:55","modified_gmt":"2008-11-21T19:12:55","slug":"jehona-iseni-fituese-e-nota-fest-2008","status":"publish","type":"post","link":"https:\/\/www.visit-ulcinj.com\/blog\/2008\/11\/21\/jehona-iseni-fituese-e-nota-fest-2008\/","title":{"rendered":"Jehona Iseni, fituese e &#8220;Nota Fest 2008&#8221;"},"content":{"rendered":"<p><a href=\"http:\/\/www.visit-ulcinj.com\/blog\/wp-content\/uploads\/2008\/11\/jehona-iseni.jpg\"><img loading=\"lazy\" class=\"alignleft size-medium wp-image-6436\" title=\"jehona-iseni\" src=\"http:\/\/www.visit-ulcinj.com\/blog\/wp-content\/uploads\/2008\/11\/jehona-iseni-200x300.jpg\" alt=\"\" width=\"268\" height=\"401\" \/><\/a>Fituese e festivalit t\u00eb kat\u00ebrmb\u00ebdhjet\u00eb me radh\u00eb t\u00eb k\u00ebng\u00ebs s\u00eb leht\u00eb t\u00eb gjuh\u00ebs Shqipe &#8220;Nota Fest 2008&#8221; \u00ebsht\u00eb k\u00ebng\u00ebtarja debutuese Jehona Iseni, e cila u paraqit n\u00eb sken\u00eb si e para fundit m\u00eb k\u00ebng\u00ebn e titulluar &#8220;Diskretcion&#8221;. &#8220;T\u00eb them t\u00eb drejt\u00ebn para fillimit t\u00eb festivalit kam pas n\u00eb vete nj\u00eb vet\u00eb besim se do t\u00eb mund t\u00eb jem fituese e ndonj\u00ebrit prej shp\u00ebrblimeve, por jo edhe t\u00eb shp\u00ebrblimit t\u00eb par\u00eb nga publiku. I gjith\u00eb ekipi jemi munduar q\u00eb t\u00eb dalim n\u00eb k\u00ebt\u00eb festival me nj\u00eb k\u00ebng\u00eb t\u00eb re, e cila do t\u00eb mban\u00eb n\u00eb vete t\u00eb gjitha kriteret e nj\u00eb k\u00ebng\u00eb t\u00eb shk\u00eblqyeshme dhe si duket k\u00ebt\u00eb q\u00ebllim edhe ia dol\u00ebm&#8221;, tha Jehona. Nd\u00ebrkoh\u00eb, edhe organizator\u00ebt e festivalit u ndan\u00eb t\u00eb k\u00ebnaqur nga rrjedha e k\u00ebtij festivali. &#8220;Jemi shum\u00eb t\u00eb k\u00ebnaqur nga m\u00ebnyra e organizimi t\u00eb k\u00ebtij festivali, planet e organizimit jan\u00eb prishur pak p\u00ebr shkak mos ardhjes se dy t\u00eb ftuarve special Besa Kok\u00ebdhima nga Shqip\u00ebria dhe grupi Elita 5, ku k\u00ebng\u00ebtari i tyre ishte i s\u00ebmur\u00eb shum\u00eb dhe mungesa e tyre ishte e arsyeshme. Edhe mysafir\u00ebt t\u00eb tjer\u00eb t\u00eb cil\u00ebt ishin nga Hungaria, Bullgaria etj u ndan\u00eb shum\u00eb t\u00eb k\u00ebnaqur&#8221;, tha Agim Ismaili. Organizatori i k\u00ebtij festivali edhe nj\u00ebher\u00ebsh faleminderoi t\u00eb gjith\u00eb sponsor\u00ebt, n\u00eb mesin e t\u00eb cil\u00ebve ishte edhe gazeta &#8220;Koha&#8221;, e cila edhe kishte b\u00ebr\u00eb p\u00ebrzgjedhjen e \u00e7mimit &#8211; teksti m\u00eb i mir\u00eb i Festivalit. (F.K)<\/p>\n<p><strong>Koha.mk<\/strong><\/p>\n<!--YouTube Error: bad URL entered-->\n","protected":false},"excerpt":{"rendered":"<p>Fituese e festivalit t\u00eb kat\u00ebrmb\u00ebdhjet\u00eb me radh\u00eb t\u00eb k\u00ebng\u00ebs s\u00eb leht\u00eb t\u00eb gjuh\u00ebs Shqipe &#8220;Nota Fest 2008&#8221; \u00ebsht\u00eb k\u00ebng\u00ebtarja debutuese Jehona Iseni, e cila u paraqit n\u00eb sken\u00eb si e para fundit m\u00eb k\u00ebng\u00ebn e titulluar &#8220;Diskretcion&#8221;. &#8220;T\u00eb them t\u00eb drejt\u00ebn para fillimit t\u00eb festivalit kam pas n\u00eb vete nj\u00eb vet\u00eb besim se do t\u00eb [&hellip;]<\/p>\n","protected":false},"author":1,"featured_media":0,"comment_status":"open","ping_status":"closed","sticky":false,"template":"","format":"standard","meta":{"spay_email":"","jetpack_publicize_message":"","jetpack_is_tweetstorm":false,"jetpack_publicize_feature_enabled":true},"categories":[1],"tags":[5109],"jetpack_publicize_connections":[],"yoast_head":"<!-- This site is optimized with the Yoast SEO plugin v19.1 - https:\/\/yoast.com\/wordpress\/plugins\/seo\/ -->\n<title>Jehona Iseni, fituese e &quot;Nota Fest 2008&quot; - Lajme nga Ulqini<\/title>\n<meta name=\"description\" content=\"Fituese e festivalit t\u00eb kat\u00ebrmb\u00ebdhjet\u00eb me radh\u00eb t\u00eb k\u00ebng\u00ebs s\u00eb leht\u00eb t\u00eb gjuh\u00ebs Shqipe &quot;Nota Fest 2008&quot; \u00ebsht\u00eb k\u00ebng\u00ebtarja debutuese Jehona Iseni, e cila u\" \/>\n<meta name=\"robots\" content=\"index, follow, max-snippet:-1, max-image-preview:large, max-video-preview:-1\" \/>\n<link rel=\"canonical\" href=\"https:\/\/www.visit-ulcinj.com\/blog\/2008\/11\/21\/jehona-iseni-fituese-e-nota-fest-2008\/\" \/>\n<meta property=\"og:locale\" content=\"en_US\" \/>\n<meta property=\"og:type\" content=\"article\" \/>\n<meta property=\"og:title\" content=\"Jehona Iseni, fituese e &quot;Nota Fest 2008&quot; - Lajme nga Ulqini\" \/>\n<meta property=\"og:description\" content=\"Fituese e festivalit t\u00eb kat\u00ebrmb\u00ebdhjet\u00eb me radh\u00eb t\u00eb k\u00ebng\u00ebs s\u00eb leht\u00eb t\u00eb gjuh\u00ebs Shqipe &quot;Nota Fest 2008&quot; \u00ebsht\u00eb k\u00ebng\u00ebtarja debutuese Jehona Iseni, e cila u\" \/>\n<meta property=\"og:url\" content=\"https:\/\/www.visit-ulcinj.com\/blog\/2008\/11\/21\/jehona-iseni-fituese-e-nota-fest-2008\/\" \/>\n<meta property=\"og:site_name\" content=\"Lajme nga Ulqini\" \/>\n<meta property=\"article:published_time\" content=\"2008-11-21T19:10:29+00:00\" \/>\n<meta property=\"article:modified_time\" content=\"2008-11-21T19:12:55+00:00\" \/>\n<meta property=\"og:image\" content=\"http:\/\/www.visit-ulcinj.com\/blog\/wp-content\/uploads\/2008\/11\/jehona-iseni-200x300.jpg\" \/>\n<meta name=\"twitter:label1\" content=\"Written by\" \/>\n\t<meta name=\"twitter:data1\" content=\"ulqini\" \/>\n\t<meta name=\"twitter:label2\" content=\"Est. reading time\" \/>\n\t<meta name=\"twitter:data2\" content=\"1 minute\" \/>\n<script type=\"application\/ld+json\" class=\"yoast-schema-graph\">{\"@context\":\"https:\/\/schema.org\",\"@graph\":[{\"@type\":\"WebSite\",\"@id\":\"https:\/\/www.visit-ulcinj.com\/blog\/#website\",\"url\":\"https:\/\/www.visit-ulcinj.com\/blog\/\",\"name\":\"Lajme nga Ulqini\",\"description\":\"Lajme,Vijesti,Ulqini,Ulqin,Crna Gora,Mali i Zi\",\"potentialAction\":[{\"@type\":\"SearchAction\",\"target\":{\"@type\":\"EntryPoint\",\"urlTemplate\":\"https:\/\/www.visit-ulcinj.com\/blog\/?s={search_term_string}\"},\"query-input\":\"required name=search_term_string\"}],\"inLanguage\":\"en-US\"},{\"@type\":\"ImageObject\",\"inLanguage\":\"en-US\",\"@id\":\"https:\/\/www.visit-ulcinj.com\/blog\/2008\/11\/21\/jehona-iseni-fituese-e-nota-fest-2008\/#primaryimage\",\"url\":\"http:\/\/www.visit-ulcinj.com\/blog\/wp-content\/uploads\/2008\/11\/jehona-iseni-200x300.jpg\",\"contentUrl\":\"http:\/\/www.visit-ulcinj.com\/blog\/wp-content\/uploads\/2008\/11\/jehona-iseni-200x300.jpg\"},{\"@type\":\"WebPage\",\"@id\":\"https:\/\/www.visit-ulcinj.com\/blog\/2008\/11\/21\/jehona-iseni-fituese-e-nota-fest-2008\/#webpage\",\"url\":\"https:\/\/www.visit-ulcinj.com\/blog\/2008\/11\/21\/jehona-iseni-fituese-e-nota-fest-2008\/\",\"name\":\"Jehona Iseni, fituese e \\\"Nota Fest 2008\\\" - Lajme nga Ulqini\",\"isPartOf\":{\"@id\":\"https:\/\/www.visit-ulcinj.com\/blog\/#website\"},\"primaryImageOfPage\":{\"@id\":\"https:\/\/www.visit-ulcinj.com\/blog\/2008\/11\/21\/jehona-iseni-fituese-e-nota-fest-2008\/#primaryimage\"},\"datePublished\":\"2008-11-21T19:10:29+00:00\",\"dateModified\":\"2008-11-21T19:12:55+00:00\",\"author\":{\"@id\":\"https:\/\/www.visit-ulcinj.com\/blog\/#\/schema\/person\/dcab619c614d3038751c63bc2aadc06d\"},\"description\":\"Fituese e festivalit t\u00eb kat\u00ebrmb\u00ebdhjet\u00eb me radh\u00eb t\u00eb k\u00ebng\u00ebs s\u00eb leht\u00eb t\u00eb gjuh\u00ebs Shqipe \\\"Nota Fest 2008\\\" \u00ebsht\u00eb k\u00ebng\u00ebtarja debutuese Jehona Iseni, e cila u\",\"breadcrumb\":{\"@id\":\"https:\/\/www.visit-ulcinj.com\/blog\/2008\/11\/21\/jehona-iseni-fituese-e-nota-fest-2008\/#breadcrumb\"},\"inLanguage\":\"en-US\",\"potentialAction\":[{\"@type\":\"ReadAction\",\"target\":[\"https:\/\/www.visit-ulcinj.com\/blog\/2008\/11\/21\/jehona-iseni-fituese-e-nota-fest-2008\/\"]}]},{\"@type\":\"BreadcrumbList\",\"@id\":\"https:\/\/www.visit-ulcinj.com\/blog\/2008\/11\/21\/jehona-iseni-fituese-e-nota-fest-2008\/#breadcrumb\",\"itemListElement\":[{\"@type\":\"ListItem\",\"position\":1,\"name\":\"Jehona Iseni, fituese e &#8220;Nota Fest 2008&#8221;\"}]},{\"@type\":\"Person\",\"@id\":\"https:\/\/www.visit-ulcinj.com\/blog\/#\/schema\/person\/dcab619c614d3038751c63bc2aadc06d\",\"name\":\"ulqini\",\"sameAs\":[\"http:\/\/www.visit-ulcinj.com\"],\"url\":\"https:\/\/www.visit-ulcinj.com\/blog\/author\/admin\/\"}]}<\/script>\n<!-- \/ Yoast SEO plugin. -->","yoast_head_json":{"title":"Jehona Iseni, fituese e \"Nota Fest 2008\" - Lajme nga Ulqini","description":"Fituese e festivalit t\u00eb kat\u00ebrmb\u00ebdhjet\u00eb me radh\u00eb t\u00eb k\u00ebng\u00ebs s\u00eb leht\u00eb t\u00eb gjuh\u00ebs Shqipe \"Nota Fest 2008\" \u00ebsht\u00eb k\u00ebng\u00ebtarja debutuese Jehona Iseni, e cila u","robots":{"index":"index","follow":"follow","max-snippet":"max-snippet:-1","max-image-preview":"max-image-preview:large","max-video-preview":"max-video-preview:-1"},"canonical":"https:\/\/www.visit-ulcinj.com\/blog\/2008\/11\/21\/jehona-iseni-fituese-e-nota-fest-2008\/","og_locale":"en_US","og_type":"article","og_title":"Jehona Iseni, fituese e \"Nota Fest 2008\" - Lajme nga Ulqini","og_description":"Fituese e festivalit t\u00eb kat\u00ebrmb\u00ebdhjet\u00eb me radh\u00eb t\u00eb k\u00ebng\u00ebs s\u00eb leht\u00eb t\u00eb gjuh\u00ebs Shqipe \"Nota Fest 2008\" \u00ebsht\u00eb k\u00ebng\u00ebtarja debutuese Jehona Iseni, e cila u","og_url":"https:\/\/www.visit-ulcinj.com\/blog\/2008\/11\/21\/jehona-iseni-fituese-e-nota-fest-2008\/","og_site_name":"Lajme nga Ulqini","article_published_time":"2008-11-21T19:10:29+00:00","article_modified_time":"2008-11-21T19:12:55+00:00","og_image":[{"url":"http:\/\/www.visit-ulcinj.com\/blog\/wp-content\/uploads\/2008\/11\/jehona-iseni-200x300.jpg"}],"twitter_misc":{"Written by":"ulqini","Est. reading time":"1 minute"},"schema":{"@context":"https:\/\/schema.org","@graph":[{"@type":"WebSite","@id":"https:\/\/www.visit-ulcinj.com\/blog\/#website","url":"https:\/\/www.visit-ulcinj.com\/blog\/","name":"Lajme nga Ulqini","description":"Lajme,Vijesti,Ulqini,Ulqin,Crna Gora,Mali i Zi","potentialAction":[{"@type":"SearchAction","target":{"@type":"EntryPoint","urlTemplate":"https:\/\/www.visit-ulcinj.com\/blog\/?s={search_term_string}"},"query-input":"required name=search_term_string"}],"inLanguage":"en-US"},{"@type":"ImageObject","inLanguage":"en-US","@id":"https:\/\/www.visit-ulcinj.com\/blog\/2008\/11\/21\/jehona-iseni-fituese-e-nota-fest-2008\/#primaryimage","url":"http:\/\/www.visit-ulcinj.com\/blog\/wp-content\/uploads\/2008\/11\/jehona-iseni-200x300.jpg","contentUrl":"http:\/\/www.visit-ulcinj.com\/blog\/wp-content\/uploads\/2008\/11\/jehona-iseni-200x300.jpg"},{"@type":"WebPage","@id":"https:\/\/www.visit-ulcinj.com\/blog\/2008\/11\/21\/jehona-iseni-fituese-e-nota-fest-2008\/#webpage","url":"https:\/\/www.visit-ulcinj.com\/blog\/2008\/11\/21\/jehona-iseni-fituese-e-nota-fest-2008\/","name":"Jehona Iseni, fituese e \"Nota Fest 2008\" - Lajme nga Ulqini","isPartOf":{"@id":"https:\/\/www.visit-ulcinj.com\/blog\/#website"},"primaryImageOfPage":{"@id":"https:\/\/www.visit-ulcinj.com\/blog\/2008\/11\/21\/jehona-iseni-fituese-e-nota-fest-2008\/#primaryimage"},"datePublished":"2008-11-21T19:10:29+00:00","dateModified":"2008-11-21T19:12:55+00:00","author":{"@id":"https:\/\/www.visit-ulcinj.com\/blog\/#\/schema\/person\/dcab619c614d3038751c63bc2aadc06d"},"description":"Fituese e festivalit t\u00eb kat\u00ebrmb\u00ebdhjet\u00eb me radh\u00eb t\u00eb k\u00ebng\u00ebs s\u00eb leht\u00eb t\u00eb gjuh\u00ebs Shqipe \"Nota Fest 2008\" \u00ebsht\u00eb k\u00ebng\u00ebtarja debutuese Jehona Iseni, e cila u","breadcrumb":{"@id":"https:\/\/www.visit-ulcinj.com\/blog\/2008\/11\/21\/jehona-iseni-fituese-e-nota-fest-2008\/#breadcrumb"},"inLanguage":"en-US","potentialAction":[{"@type":"ReadAction","target":["https:\/\/www.visit-ulcinj.com\/blog\/2008\/11\/21\/jehona-iseni-fituese-e-nota-fest-2008\/"]}]},{"@type":"BreadcrumbList","@id":"https:\/\/www.visit-ulcinj.com\/blog\/2008\/11\/21\/jehona-iseni-fituese-e-nota-fest-2008\/#breadcrumb","itemListElement":[{"@type":"ListItem","position":1,"name":"Jehona Iseni, fituese e &#8220;Nota Fest 2008&#8221;"}]},{"@type":"Person","@id":"https:\/\/www.visit-ulcinj.com\/blog\/#\/schema\/person\/dcab619c614d3038751c63bc2aadc06d","name":"ulqini","sameAs":["http:\/\/www.visit-ulcinj.com"],"url":"https:\/\/www.visit-ulcinj.com\/blog\/author\/admin\/"}]}},"jetpack_featured_media_url":"","jetpack_sharing_enabled":true,"jetpack_shortlink":"https:\/\/wp.me\/pe6lTn-1FN","_links":{"self":[{"href":"https:\/\/www.visit-ulcinj.com\/blog\/wp-json\/wp\/v2\/posts\/6435"}],"collection":[{"href":"https:\/\/www.visit-ulcinj.com\/blog\/wp-json\/wp\/v2\/posts"}],"about":[{"href":"https:\/\/www.visit-ulcinj.com\/blog\/wp-json\/wp\/v2\/types\/post"}],"author":[{"embeddable":true,"href":"https:\/\/www.visit-ulcinj.com\/blog\/wp-json\/wp\/v2\/users\/1"}],"replies":[{"embeddable":true,"href":"https:\/\/www.visit-ulcinj.com\/blog\/wp-json\/wp\/v2\/comments?post=6435"}],"version-history":[{"count":0,"href":"https:\/\/www.visit-ulcinj.com\/blog\/wp-json\/wp\/v2\/posts\/6435\/revisions"}],"wp:attachment":[{"href":"https:\/\/www.visit-ulcinj.com\/blog\/wp-json\/wp\/v2\/media?parent=6435"}],"wp:term":[{"taxonomy":"category","embeddable":true,"href":"https:\/\/www.visit-ulcinj.com\/blog\/wp-json\/wp\/v2\/categories?post=6435"},{"taxonomy":"post_tag","embeddable":true,"href":"https:\/\/www.visit-ulcinj.com\/blog\/wp-json\/wp\/v2\/tags?post=6435"}],"curies":[{"name":"wp","href":"https:\/\/api.w.org\/{rel}","templated":true}]}}