{"id":64352,"date":"2012-10-05T17:46:45","date_gmt":"2012-10-05T16:46:45","guid":{"rendered":"http:\/\/www.visit-ulcinj.com\/blog\/?p=64352"},"modified":"2012-10-05T17:46:45","modified_gmt":"2012-10-05T16:46:45","slug":"ulcinj-ulice-u-sluzbi-nacionalizma","status":"publish","type":"post","link":"https:\/\/www.visit-ulcinj.com\/blog\/2012\/10\/05\/ulcinj-ulice-u-sluzbi-nacionalizma\/","title":{"rendered":"Ulcinj: Ulice u slu\u017ebi nacionalizma"},"content":{"rendered":"<p><a href=\"http:\/\/www.visit-ulcinj.com\/blog\/wp-content\/uploads\/2012\/10\/Ulcinjski-vinogradi.jpg\"><img loading=\"lazy\" class=\"alignleft  wp-image-64353\" title=\"Ulcinjski vinogradi\" src=\"http:\/\/www.visit-ulcinj.com\/blog\/wp-content\/uploads\/2012\/10\/Ulcinjski-vinogradi.jpg\" alt=\"\" width=\"350\" height=\"400\" \/><\/a>Nadle\u017eni organi SO Ulcinj ve\u0107 devet godina odbijaju da izvr\u0161e dvije odluke Ustavnog suda Crne Gore, kojima su neustavnim progla\u0161ene odluke o preimenovanju ulica i trgova u najju\u017enijoj op\u0161tini. Ustavni sud Crne Gore je odlukama od 26. decembra 2003. i od 4. jula 2005. godine utvrdio da odluke o imenovanju ulica i trgova na teritoriji Ulcinja, koju je donijela Skup\u0161tina op\u0161tine na sjednicama 7. maja 2002. i 2. novembra 2005. godine, nijesu u saglasnosti sa Ustavom Republike Crne Gore i zakonom, i da prestaju da va\u017ee. Nijednu odluku Ustavnog suda nadle\u017eni organ SO Ulcinj jo\u0161 nije ispo\u0161tovao, a na tome nijesu insistirali ni predstavnici politi\u010dkih partija koje su u me\u0111uvremenu bile na vlasti u najju\u017enijoj op\u0161tini. Raniji nazivi ulica, koje su nosile imena istaknutih pojedinaca i jedinica iz vremena NOB-a, zamijenjeni su imenima li\u010dnosti isklju\u010divo iz albanske istorije, a ulicu sa svojim imenom dobio je i saradnik fa\u0161ista Cafo Beg. Ulica 26. novembar, koja je dobila ime po danu oslobo\u0111enja Ulcinja, promijenjena je u Hafiz Ali Ul\u0107inaku, po \u010dovjeku koji se navodno bavio prevo\u0111enjem s turskog na albanski jezik. Ulici \u0106azima Resulbegovi\u0107a, koja je nosila ime zna\u010dajnog u\u010desnika u Narodnooslobodila\u010dkom pokretu, kojeg je na skadarskom mostu strijeljao ozlogla\u0161eni zlo\u010dinac Hasan Jusuf, i Ulici \u010cetvrte proleterske crnogorske brigade NOV, promijenjeno je ime u Ulica Imer Prizreni, po jednom od trojice vo\u0111a Prizrenske lige. Predsjednik SO Ulcinj Milazim Mustafa kazao je na\u0161em listu da je prije skoro deset mjeseci osnovan Savjet za davanje predloga naziva ulicama i trgovima u op\u0161tini.<br \/>\n\u2013 Ja sam na \u010delu tog savjeta i dosad smo se sastali dvaput, ali je odlu\u010deno da \u010dekamo zavr\u0161etak izbora kako bismo po\u010deli da radimo po tom pitanju. Po\u010detkom novembra planiramo sjednicu na kojoj bi trebalo da napravimo plan i krenemo u proces izmjene naziva. Nijesu konstituisane sve mjesne zajednice koje bi trebalo da odlu\u010duju o tom pitanju i da daju svoje predloge. Potrebno je da Sekretarijat za upravu predlo\u017ei \u010dlanove mjesnih zajednica, o \u010demu \u0107e odlu\u010divati i Skup\u0161tina. Nakon toga, trebalo bi da dobijemo predloge mjensih zajednica i da se SO izjasni o tome. Veoma je va\u017eno da se o svemu odlu\u010di konsenzusom. Bez dogovora nema ni\u0161ta, ina\u010de \u0107emo opet do\u0107i u situaciju da nam Ustavni sud poni\u0161ti odluku \u2013 ka\u017ee Mustafa.<br \/>\n<a href=\"http:\/\/www.visit-ulcinj.com\/blog\/wp-content\/uploads\/2012\/10\/Ulica-hafiz-ulqinaku-Ulcinj.jpg\"><img loading=\"lazy\" class=\"alignleft  wp-image-64354\" title=\"Ulica hafiz ulqinaku Ulcinj\" src=\"http:\/\/www.visit-ulcinj.com\/blog\/wp-content\/uploads\/2012\/10\/Ulica-hafiz-ulqinaku-Ulcinj.jpg\" alt=\"\" width=\"508\" height=\"300\" \/><\/a>Me\u0111u stanovnicima Ulcinja, koji nijesu Albanci, postoji opravdana sumnja da je izme\u0111u dr\u017eavnih i lokalnih vlasti do\u0161lo do dogovora da se ove odluke pre\u0107utno ne izvr\u0161e, kako bi se zadovoljile politi\u010dke ambicije albanskih stranaka. U lokalnom parlamentu vi\u0161e puta su odbornici SNP-a postavljali pitanje kada \u0107e odluka biti sprovedena, ali, uprkos obe\u0107anjima, godinama se prolongira rje\u0161avanje tog pitanja. Dotad Ulcinjani nazivaju ulice kako kome odgovara.<\/p>\n<p><a href=\"http:\/\/www.visit-ulcinj.com\/blog\/wp-content\/uploads\/2012\/10\/Ulica-Mirka-Srzentica_Ulcinj.jpg\"><img loading=\"lazy\" class=\"alignleft  wp-image-64355\" title=\"Ulica-Mirka-Srzentica_Ulcinj\" src=\"http:\/\/www.visit-ulcinj.com\/blog\/wp-content\/uploads\/2012\/10\/Ulica-Mirka-Srzentica_Ulcinj.jpg\" alt=\"\" width=\"508\" height=\"300\" \/><\/a><\/p>\n<p>Dr\u017eavne institucije, uglavnom, po\u0161tuju odluku Ustavnog suda, privredni subjekti zavisno od nacionalnog opredjeljenja vlasnika, gra\u0111ani tako\u0111e, kao i politi\u010dke partije koje su, \u010dinjenica je, sve i \u201ezakuvale\u201d. Mnogi danas smatraju da su ulcinjske ulice obojene ideolo\u0161kom isklju\u010divo\u0161\u0107u, za koju se smatralo da je odavno prestala da postoji kao pravilo pona\u0161anja.<\/p>\n<p><strong>Prazna obe\u0107anja<\/strong><br \/>\nPoslanik DPS-a u Skup\u0161tini Crne Gore i \u010dlan Sudskog savjeta Lui\u0111 \u0160krelja smatra da imena ulica i trgova treba da izra\u017eavaju ono \u0161to Ulcinj \u010dini prepoznatljivom sredinom.<br \/>\n\u2013 Prvo to treba imati u vidu, a zatim, kad se ponovo o tome bude odlu\u010divalo, treba i maksimalno uva\u017eiti stavove mjesnih zajednica, kako nala\u017eu i propisi. Zalaga\u0107u se da se to pitanje rije\u0161i i da bude u skladu s mojim politi\u010dkim radom, \u017eivotom i djelovanjem \u2013 kazao je \u0160krelja i dodao da lokalna vlast godinama obe\u0107ava da \u0107e ne\u0161to uraditi po tom pitanju, ali ne \u010dini ni\u0161ta.<br \/>\n<a href=\"http:\/\/www.visit-ulcinj.com\/blog\/wp-content\/uploads\/2012\/10\/Bulevar-Gjergj-Kastrioti-Skenderbeu_Ulcinj.jpg\"><img loading=\"lazy\" class=\"alignleft  wp-image-64356\" title=\"Bulevar-Gjergj-Kastrioti-Skenderbeu_Ulcinj\" src=\"http:\/\/www.visit-ulcinj.com\/blog\/wp-content\/uploads\/2012\/10\/Bulevar-Gjergj-Kastrioti-Skenderbeu_Ulcinj.jpg\" alt=\"\" width=\"508\" height=\"300\" \/><\/a><br \/>\n<strong>Sporna imena<\/strong><br \/>\nOdlukom o imenovanju ulica i trgova na teritoriji op\u0161tine Ulcinj 2005. godine promijenjen je naziv ili je novoimenovana 21 ulica, bulevar, trg&#8230; Promijenjena su imena slede\u0107ih ulica: 26. novembar u Hafiz Ali Ul\u0107inaku, \u0106azima Resulbegovi\u0107a i 4. proleterske brigade u Imer Prizreni, Ulica broj 1 (Potok) u Cafo Begu, Ivana Milutinovi\u0107a u Mujo Ul\u0107inaku, Bulevar mar\u0161ala Tita u \u0110er\u0111 Kastrioti Skenderbeg, Bulevar bratstva i jedinstva u Bra\u0107a Fra\u0161eri, \u0110ura \u0110akonovi\u0107a u Mehed \u0110uli, Mirka Srzenti\u0107a u Kosovsku, Nikole \u0110akonovi\u0107a u 28. decembar, Bo\u0161ka Strugara u Majke Tereze, Narodnog fronta u Kadi Hisen Mujali i Borisa Kidri\u010da u Ulcinjski moreplovci. Polovina ulice Bo\u0161ka Strugara do \u201eDeli petrol\u201d pumpe nosi naziv Teuta. Ulica od mosta na Port Mileni do borove \u0161ume danas se zove \u0110on Buzuku. Glavna ulica u Vladimiru sada je Skadarski put, a trg u istom mjestu nosi naziv Skenderbeg.<\/p>\n<p><a href=\"http:\/\/www.dan.co.me\/?nivo=3&amp;rubrika=Regioni&amp;clanak=350309&amp;datum=2012-10-05&amp;naslov=Ulice%20u%20slu%C2%BEbi%20nacionalizma\" target=\"_blank\"><strong>Izvor\u00a0: DAN<\/strong><\/a><\/p>\n","protected":false},"excerpt":{"rendered":"<p>Nadle\u017eni organi SO Ulcinj ve\u0107 devet godina odbijaju da izvr\u0161e dvije odluke Ustavnog suda Crne Gore, kojima su neustavnim progla\u0161ene odluke o preimenovanju ulica i trgova u najju\u017enijoj op\u0161tini. Ustavni sud Crne Gore je odlukama od 26. decembra 2003. i od 4. jula 2005. godine utvrdio da odluke o imenovanju ulica i trgova na teritoriji [&hellip;]<\/p>\n","protected":false},"author":1,"featured_media":0,"comment_status":"open","ping_status":"closed","sticky":false,"template":"","format":"standard","meta":{"spay_email":"","jetpack_publicize_message":"","jetpack_is_tweetstorm":false,"jetpack_publicize_feature_enabled":true},"categories":[8337],"tags":[21164],"jetpack_publicize_connections":[],"yoast_head":"<!-- This site is optimized with the Yoast SEO plugin v19.1 - https:\/\/yoast.com\/wordpress\/plugins\/seo\/ -->\n<title>Ulcinj: Ulice u slu\u017ebi nacionalizma - Lajme nga Ulqini<\/title>\n<meta name=\"description\" content=\"Nadle\u017eni organi SO Ulcinj ve\u0107 devet godina odbijaju da izvr\u0161e dvije odluke Ustavnog suda Crne Gore, kojima su neustavnim progla\u0161ene odluke o preimenovanju\" \/>\n<meta name=\"robots\" content=\"index, follow, max-snippet:-1, max-image-preview:large, max-video-preview:-1\" \/>\n<link rel=\"canonical\" href=\"https:\/\/www.visit-ulcinj.com\/blog\/2012\/10\/05\/ulcinj-ulice-u-sluzbi-nacionalizma\/\" \/>\n<meta property=\"og:locale\" content=\"en_US\" \/>\n<meta property=\"og:type\" content=\"article\" \/>\n<meta property=\"og:title\" content=\"Ulcinj: Ulice u slu\u017ebi nacionalizma - Lajme nga Ulqini\" \/>\n<meta property=\"og:description\" content=\"Nadle\u017eni organi SO Ulcinj ve\u0107 devet godina odbijaju da izvr\u0161e dvije odluke Ustavnog suda Crne Gore, kojima su neustavnim progla\u0161ene odluke o preimenovanju\" \/>\n<meta property=\"og:url\" content=\"https:\/\/www.visit-ulcinj.com\/blog\/2012\/10\/05\/ulcinj-ulice-u-sluzbi-nacionalizma\/\" \/>\n<meta property=\"og:site_name\" content=\"Lajme nga Ulqini\" \/>\n<meta property=\"article:published_time\" content=\"2012-10-05T16:46:45+00:00\" \/>\n<meta property=\"og:image\" content=\"http:\/\/www.visit-ulcinj.com\/blog\/wp-content\/uploads\/2012\/10\/Ulcinjski-vinogradi.jpg\" \/>\n<meta name=\"twitter:label1\" content=\"Written by\" \/>\n\t<meta name=\"twitter:data1\" content=\"ulqini\" \/>\n\t<meta name=\"twitter:label2\" content=\"Est. reading time\" \/>\n\t<meta name=\"twitter:data2\" content=\"4 minutes\" \/>\n<script type=\"application\/ld+json\" class=\"yoast-schema-graph\">{\"@context\":\"https:\/\/schema.org\",\"@graph\":[{\"@type\":\"WebSite\",\"@id\":\"https:\/\/www.visit-ulcinj.com\/blog\/#website\",\"url\":\"https:\/\/www.visit-ulcinj.com\/blog\/\",\"name\":\"Lajme nga Ulqini\",\"description\":\"Lajme,Vijesti,Ulqini,Ulqin,Crna Gora,Mali i Zi\",\"potentialAction\":[{\"@type\":\"SearchAction\",\"target\":{\"@type\":\"EntryPoint\",\"urlTemplate\":\"https:\/\/www.visit-ulcinj.com\/blog\/?s={search_term_string}\"},\"query-input\":\"required name=search_term_string\"}],\"inLanguage\":\"en-US\"},{\"@type\":\"ImageObject\",\"inLanguage\":\"en-US\",\"@id\":\"https:\/\/www.visit-ulcinj.com\/blog\/2012\/10\/05\/ulcinj-ulice-u-sluzbi-nacionalizma\/#primaryimage\",\"url\":\"https:\/\/www.visit-ulcinj.com\/blog\/wp-content\/uploads\/2012\/10\/Ulcinjski-vinogradi.jpg\",\"contentUrl\":\"https:\/\/www.visit-ulcinj.com\/blog\/wp-content\/uploads\/2012\/10\/Ulcinjski-vinogradi.jpg\",\"width\":\"960\",\"height\":\"720\"},{\"@type\":\"WebPage\",\"@id\":\"https:\/\/www.visit-ulcinj.com\/blog\/2012\/10\/05\/ulcinj-ulice-u-sluzbi-nacionalizma\/#webpage\",\"url\":\"https:\/\/www.visit-ulcinj.com\/blog\/2012\/10\/05\/ulcinj-ulice-u-sluzbi-nacionalizma\/\",\"name\":\"Ulcinj: Ulice u slu\u017ebi nacionalizma - Lajme nga Ulqini\",\"isPartOf\":{\"@id\":\"https:\/\/www.visit-ulcinj.com\/blog\/#website\"},\"primaryImageOfPage\":{\"@id\":\"https:\/\/www.visit-ulcinj.com\/blog\/2012\/10\/05\/ulcinj-ulice-u-sluzbi-nacionalizma\/#primaryimage\"},\"datePublished\":\"2012-10-05T16:46:45+00:00\",\"dateModified\":\"2012-10-05T16:46:45+00:00\",\"author\":{\"@id\":\"https:\/\/www.visit-ulcinj.com\/blog\/#\/schema\/person\/dcab619c614d3038751c63bc2aadc06d\"},\"description\":\"Nadle\u017eni organi SO Ulcinj ve\u0107 devet godina odbijaju da izvr\u0161e dvije odluke Ustavnog suda Crne Gore, kojima su neustavnim progla\u0161ene odluke o preimenovanju\",\"breadcrumb\":{\"@id\":\"https:\/\/www.visit-ulcinj.com\/blog\/2012\/10\/05\/ulcinj-ulice-u-sluzbi-nacionalizma\/#breadcrumb\"},\"inLanguage\":\"en-US\",\"potentialAction\":[{\"@type\":\"ReadAction\",\"target\":[\"https:\/\/www.visit-ulcinj.com\/blog\/2012\/10\/05\/ulcinj-ulice-u-sluzbi-nacionalizma\/\"]}]},{\"@type\":\"BreadcrumbList\",\"@id\":\"https:\/\/www.visit-ulcinj.com\/blog\/2012\/10\/05\/ulcinj-ulice-u-sluzbi-nacionalizma\/#breadcrumb\",\"itemListElement\":[{\"@type\":\"ListItem\",\"position\":1,\"name\":\"Ulcinj: Ulice u slu\u017ebi nacionalizma\"}]},{\"@type\":\"Person\",\"@id\":\"https:\/\/www.visit-ulcinj.com\/blog\/#\/schema\/person\/dcab619c614d3038751c63bc2aadc06d\",\"name\":\"ulqini\",\"sameAs\":[\"http:\/\/www.visit-ulcinj.com\"],\"url\":\"https:\/\/www.visit-ulcinj.com\/blog\/author\/admin\/\"}]}<\/script>\n<!-- \/ Yoast SEO plugin. -->","yoast_head_json":{"title":"Ulcinj: Ulice u slu\u017ebi nacionalizma - Lajme nga Ulqini","description":"Nadle\u017eni organi SO Ulcinj ve\u0107 devet godina odbijaju da izvr\u0161e dvije odluke Ustavnog suda Crne Gore, kojima su neustavnim progla\u0161ene odluke o preimenovanju","robots":{"index":"index","follow":"follow","max-snippet":"max-snippet:-1","max-image-preview":"max-image-preview:large","max-video-preview":"max-video-preview:-1"},"canonical":"https:\/\/www.visit-ulcinj.com\/blog\/2012\/10\/05\/ulcinj-ulice-u-sluzbi-nacionalizma\/","og_locale":"en_US","og_type":"article","og_title":"Ulcinj: Ulice u slu\u017ebi nacionalizma - Lajme nga Ulqini","og_description":"Nadle\u017eni organi SO Ulcinj ve\u0107 devet godina odbijaju da izvr\u0161e dvije odluke Ustavnog suda Crne Gore, kojima su neustavnim progla\u0161ene odluke o preimenovanju","og_url":"https:\/\/www.visit-ulcinj.com\/blog\/2012\/10\/05\/ulcinj-ulice-u-sluzbi-nacionalizma\/","og_site_name":"Lajme nga Ulqini","article_published_time":"2012-10-05T16:46:45+00:00","og_image":[{"url":"http:\/\/www.visit-ulcinj.com\/blog\/wp-content\/uploads\/2012\/10\/Ulcinjski-vinogradi.jpg"}],"twitter_misc":{"Written by":"ulqini","Est. reading time":"4 minutes"},"schema":{"@context":"https:\/\/schema.org","@graph":[{"@type":"WebSite","@id":"https:\/\/www.visit-ulcinj.com\/blog\/#website","url":"https:\/\/www.visit-ulcinj.com\/blog\/","name":"Lajme nga Ulqini","description":"Lajme,Vijesti,Ulqini,Ulqin,Crna Gora,Mali i Zi","potentialAction":[{"@type":"SearchAction","target":{"@type":"EntryPoint","urlTemplate":"https:\/\/www.visit-ulcinj.com\/blog\/?s={search_term_string}"},"query-input":"required name=search_term_string"}],"inLanguage":"en-US"},{"@type":"ImageObject","inLanguage":"en-US","@id":"https:\/\/www.visit-ulcinj.com\/blog\/2012\/10\/05\/ulcinj-ulice-u-sluzbi-nacionalizma\/#primaryimage","url":"https:\/\/www.visit-ulcinj.com\/blog\/wp-content\/uploads\/2012\/10\/Ulcinjski-vinogradi.jpg","contentUrl":"https:\/\/www.visit-ulcinj.com\/blog\/wp-content\/uploads\/2012\/10\/Ulcinjski-vinogradi.jpg","width":"960","height":"720"},{"@type":"WebPage","@id":"https:\/\/www.visit-ulcinj.com\/blog\/2012\/10\/05\/ulcinj-ulice-u-sluzbi-nacionalizma\/#webpage","url":"https:\/\/www.visit-ulcinj.com\/blog\/2012\/10\/05\/ulcinj-ulice-u-sluzbi-nacionalizma\/","name":"Ulcinj: Ulice u slu\u017ebi nacionalizma - Lajme nga Ulqini","isPartOf":{"@id":"https:\/\/www.visit-ulcinj.com\/blog\/#website"},"primaryImageOfPage":{"@id":"https:\/\/www.visit-ulcinj.com\/blog\/2012\/10\/05\/ulcinj-ulice-u-sluzbi-nacionalizma\/#primaryimage"},"datePublished":"2012-10-05T16:46:45+00:00","dateModified":"2012-10-05T16:46:45+00:00","author":{"@id":"https:\/\/www.visit-ulcinj.com\/blog\/#\/schema\/person\/dcab619c614d3038751c63bc2aadc06d"},"description":"Nadle\u017eni organi SO Ulcinj ve\u0107 devet godina odbijaju da izvr\u0161e dvije odluke Ustavnog suda Crne Gore, kojima su neustavnim progla\u0161ene odluke o preimenovanju","breadcrumb":{"@id":"https:\/\/www.visit-ulcinj.com\/blog\/2012\/10\/05\/ulcinj-ulice-u-sluzbi-nacionalizma\/#breadcrumb"},"inLanguage":"en-US","potentialAction":[{"@type":"ReadAction","target":["https:\/\/www.visit-ulcinj.com\/blog\/2012\/10\/05\/ulcinj-ulice-u-sluzbi-nacionalizma\/"]}]},{"@type":"BreadcrumbList","@id":"https:\/\/www.visit-ulcinj.com\/blog\/2012\/10\/05\/ulcinj-ulice-u-sluzbi-nacionalizma\/#breadcrumb","itemListElement":[{"@type":"ListItem","position":1,"name":"Ulcinj: Ulice u slu\u017ebi nacionalizma"}]},{"@type":"Person","@id":"https:\/\/www.visit-ulcinj.com\/blog\/#\/schema\/person\/dcab619c614d3038751c63bc2aadc06d","name":"ulqini","sameAs":["http:\/\/www.visit-ulcinj.com"],"url":"https:\/\/www.visit-ulcinj.com\/blog\/author\/admin\/"}]}},"jetpack_featured_media_url":"","jetpack_sharing_enabled":true,"jetpack_shortlink":"https:\/\/wp.me\/pe6lTn-gJW","_links":{"self":[{"href":"https:\/\/www.visit-ulcinj.com\/blog\/wp-json\/wp\/v2\/posts\/64352"}],"collection":[{"href":"https:\/\/www.visit-ulcinj.com\/blog\/wp-json\/wp\/v2\/posts"}],"about":[{"href":"https:\/\/www.visit-ulcinj.com\/blog\/wp-json\/wp\/v2\/types\/post"}],"author":[{"embeddable":true,"href":"https:\/\/www.visit-ulcinj.com\/blog\/wp-json\/wp\/v2\/users\/1"}],"replies":[{"embeddable":true,"href":"https:\/\/www.visit-ulcinj.com\/blog\/wp-json\/wp\/v2\/comments?post=64352"}],"version-history":[{"count":1,"href":"https:\/\/www.visit-ulcinj.com\/blog\/wp-json\/wp\/v2\/posts\/64352\/revisions"}],"predecessor-version":[{"id":64357,"href":"https:\/\/www.visit-ulcinj.com\/blog\/wp-json\/wp\/v2\/posts\/64352\/revisions\/64357"}],"wp:attachment":[{"href":"https:\/\/www.visit-ulcinj.com\/blog\/wp-json\/wp\/v2\/media?parent=64352"}],"wp:term":[{"taxonomy":"category","embeddable":true,"href":"https:\/\/www.visit-ulcinj.com\/blog\/wp-json\/wp\/v2\/categories?post=64352"},{"taxonomy":"post_tag","embeddable":true,"href":"https:\/\/www.visit-ulcinj.com\/blog\/wp-json\/wp\/v2\/tags?post=64352"}],"curies":[{"name":"wp","href":"https:\/\/api.w.org\/{rel}","templated":true}]}}