{"id":64362,"date":"2012-10-05T19:15:54","date_gmt":"2012-10-05T18:15:54","guid":{"rendered":"http:\/\/www.visit-ulcinj.com\/blog\/?p=64362"},"modified":"2012-10-05T19:35:39","modified_gmt":"2012-10-05T18:35:39","slug":"interviste-me-fatmir-gjekenbartes-i-listes-se-koalicionit-shqiptar-numer-7-ne-listen-zgjedhore","status":"publish","type":"post","link":"https:\/\/www.visit-ulcinj.com\/blog\/2012\/10\/05\/interviste-me-fatmir-gjekenbartes-i-listes-se-koalicionit-shqiptar-numer-7-ne-listen-zgjedhore\/","title":{"rendered":"Intervist\u00eb me Fatmir Gjek\u00ebn,bart\u00ebs i list\u00ebs s\u00eb Koalicionit shqiptar,num\u00ebr 7 n\u00eb list\u00ebn zgjedhore"},"content":{"rendered":"<p><strong><a href=\"http:\/\/www.visit-ulcinj.com\/blog\/wp-content\/uploads\/2012\/10\/Interviste-me-Fatmir-Gjeken-Partia-Demokratike-Mali-i-Zi.jpg\"><img loading=\"lazy\" class=\"alignleft  wp-image-64363\" title=\"Interviste me Fatmir Gjeken-Partia Demokratike Mali i Zi\" src=\"http:\/\/www.visit-ulcinj.com\/blog\/wp-content\/uploads\/2012\/10\/Interviste-me-Fatmir-Gjeken-Partia-Demokratike-Mali-i-Zi.jpg\" alt=\"\" width=\"508\" height=\"360\" \/><\/a>7 pyetje z. Fatmir Gjeka,bart\u00ebs i list\u00ebs s\u00eb Koalicionit shqiptar, num\u00ebr 7 n\u00eb list\u00ebn zgjedhore<\/strong><\/p>\n<p><strong>\u201cJEMI BASHK\u00cb\u201d, P\u00cbR T\u00cb FOLUR ME NJ\u00cb Z\u00cb<\/strong><\/p>\n<p><strong>Gjeka:Vota e shqiptar\u00ebve p\u00ebr ne \u00ebsht\u00eb e shenjt\u00eb dhe obligim moral,njer\u00ebzor dhe mbi t\u00eb gjitha komb\u00ebtar\u00a0 p\u00ebr nj\u00eb cil\u00ebsi m\u00eb t\u00eb mir\u00eb ekonomike,qytetare dhe nacionale n\u00eb Mal t\u00eb Zi.Do t\u00eb jemi pjes\u00ebmarr\u00ebs n\u00eb edicionin e ardh\u00ebm t\u00eb Parlamentit t\u00eb Malit t\u00eb Zi.<\/strong><\/p>\n<p><strong>SHPI:<\/strong>Z Gjeka, Koalicionin shqiptar,Lidhja Demokratike n\u00eb Mal t\u00eb Zi, Partia Demokratike dhe Alternativa Shqiptare,shqiptar\u00ebt, duke filluar nga Ulqini e deri n\u00eb Rozhaj\u00eb, po e vler\u00ebsojn\u00eb si frym\u00eb t\u00eb re politike t\u00eb shqiptar\u00ebve n\u00eb Malin e Zi.Si e shihni ju k\u00ebt\u00eb ?<br \/>\n<a href=\"http:\/\/www.visit-ulcinj.com\/blog\/wp-content\/uploads\/2012\/10\/Jemi-Bashke-Koalicioni-Shqiptar-\u2013-Lidhja-Demokratike-n\u00eb-Mal-t\u00eb-Zi-Partia-Demokratike-dhe-Alternativa-Shqiptare.jpg\"><img loading=\"lazy\" class=\"alignleft  wp-image-64364\" title=\"Jemi Bashke-Koalicioni-Shqiptar-\u2013-Lidhja-Demokratike-n\u00eb-Mal-t\u00eb-Zi-Partia-Demokratike-dhe-Alternativa-Shqiptare\" src=\"http:\/\/www.visit-ulcinj.com\/blog\/wp-content\/uploads\/2012\/10\/Jemi-Bashke-Koalicioni-Shqiptar-\u2013-Lidhja-Demokratike-n\u00eb-Mal-t\u00eb-Zi-Partia-Demokratike-dhe-Alternativa-Shqiptare.jpg\" alt=\"\" width=\"508\" height=\"300\" \/><\/a><\/p>\n<p><strong>GJEKA:<\/strong>,Vet\u00eb motoja jon\u00eb \u201cJEMI BASHK\u00cb\u201d d\u00ebshmon\u00a0 qart\u00eb se ne duam t\u00eb flasim me nj\u00eb z\u00eb me partit\u00eb tjera shqiptare q\u00eb do t\u00eb b\u00ebhemi parlamentare n\u00eb Kuvendin e Mal t\u00eb Zi p\u00ebr ta p\u00ebrfaq\u00ebsuar denj\u00ebsisht popullin shqiptar ashtu si\u00e7 e meriton.Ai p\u00ebrfaq\u00ebsim nuk duhet t\u00eb b\u00ebhet n\u00eb m\u00ebnyr\u00eb parciale, si\u00e7 ka ndodhur deri m\u00eb tash.As vet\u00eb politikan\u00ebt shqiptar\u00eb nuk e kan\u00eb ditur se \u00e7far\u00eb duan, meq\u00eb k\u00ebrkesat nuk kan\u00eb qen\u00eb unike.,as t\u00eb p\u00ebrfshira n\u00eb nj\u00eb dokument.<\/p>\n<p><a href=\"http:\/\/www.visit-ulcinj.com\/blog\/wp-content\/uploads\/2012\/10\/Interviste-me-Fatmir-Gjeken-Partia-Demokratike-Mali-i-Zi.2.jpg\"><img loading=\"lazy\" class=\"alignleft size-full wp-image-64365\" title=\"Interviste me Fatmir Gjeken-Partia Demokratike Mali i Zi.2\" src=\"http:\/\/www.visit-ulcinj.com\/blog\/wp-content\/uploads\/2012\/10\/Interviste-me-Fatmir-Gjeken-Partia-Demokratike-Mali-i-Zi.2.jpg\" alt=\"\" width=\"246\" height=\"339\" srcset=\"https:\/\/www.visit-ulcinj.com\/blog\/wp-content\/uploads\/2012\/10\/Interviste-me-Fatmir-Gjeken-Partia-Demokratike-Mali-i-Zi.2.jpg 246w, https:\/\/www.visit-ulcinj.com\/blog\/wp-content\/uploads\/2012\/10\/Interviste-me-Fatmir-Gjeken-Partia-Demokratike-Mali-i-Zi.2-217x300.jpg 217w\" sizes=\"(max-width: 246px) 100vw, 246px\" \/><\/a>Un\u00eb , si kryetari i Partis\u00eb Demokratike, bart\u00ebs i list\u00ebs edhe deputet i ardhsh\u00ebm n\u00eb Kuvendin e Malit t\u00eb Zi,brenda nj\u00eb afati t\u00eb shkurt\u00ebr do t\u00eb k\u00ebrkoj nga partner\u00ebt e Koalicionit shqiptar,t\u00eb inicojm\u00eb hartimin e nj\u00eb Platform\u00eb politike p\u00ebr zgjidhjen dhe definimin e statusit, p\u00ebrfaq\u00ebsimin proporcional n\u00eb organet shtet\u00ebrore dhe lokale t\u00eb popullit shqiptar n\u00eb Mal t\u00eb Zi, konform Kushtetut\u00ebs s\u00eb Malit t\u00eb Zi dhe Ligjit mbi t\u00eb drejtat dhe lirit\u00eb e njeriut dhe konventave nd\u00ebrkomb\u00ebtare.Platforma, do t\u00eb ishte produkt i p\u00ebrbashk\u00ebt i t\u00eb gjitha subjekteve politike\u00a0 parlamentare q\u00eb p\u00ebrfaq\u00ebsohen n\u00eb K\u00ebshillin Nacional t\u00eb Shqiptar\u00ebve n\u00eb Mal t\u00eb Zi .Mendoj se nuk ka asnj\u00eb t\u00eb keqe q\u00eb n\u00eb hartimin e k\u00ebtij dokumenti t\u00eb p\u00ebrfshihen edhe intelektual\u00ebt shqiptar\u00eb n\u00eb Mal t\u00eb Zi.<\/p>\n<p><strong>SHPI:Subjektet politike parlamentare deri m\u00eb tash,rrall\u00ebher\u00eb kan\u00eb folur me nj\u00eb z\u00eb ,sidomos n\u00eb Parlament.Si t\u00eb tejkalohet ky veprim?<\/strong><\/p>\n<p><strong>GJEKA<\/strong>:P\u00ebr projektet e r\u00ebnd\u00ebsishme p\u00ebr shqiptar\u00ebt n\u00eb Mal t\u00eb Zi,fillimisht duhet t\u00eb harmonizojm\u00eb q\u00ebndrimet tona mes nesh, e pastaj t`i prezantojm\u00eb n\u00eb Kuvendin e Malit t\u00eb Zi,n\u00eb Tiran\u00eb e Prishtin\u00eb , si dhe para faktorit nd\u00ebrkomb\u00ebtar.Pra,hapat ton\u00eb t\u00eb par\u00eb duhet t\u00eb jen\u00eb integrimet mes nesh.\u00cbsht\u00eb pun\u00eb joserioze edhe nuk sjell rezultatet e d\u00ebshiruara n\u00ebse sejcila list\u00eb shqiptare konkuruese n\u00eb zgjedhjet e 14 tetorit,resurset e privatizuara ekonomike,brezin e bregut t\u00eb detit,statusin e Komun\u00ebs s\u00eb Mal\u00ebsis\u00eb me qend\u00ebr n\u00eb Tuz,nd\u00ebrtimet e jasht\u00ebligjshme rreth lumit Buna dhe\u00a0 statusi i vaneve n\u00eb liqenin e Shkodr\u00ebs n\u00eb trev\u00ebn e Kraj\u00ebs,pikat kufitare me Shqip\u00ebrin\u00eb,toponimet autoktone n\u00eb trevat e banuara me shqiptar\u00eb,p\u00ebrdorimi institucional i gjuh\u00ebs amtare shqipe,bashk\u00ebpunimi me bashk\u00ebkombasit n\u00eb m\u00ebrgim,p\u00ebrfaq\u00ebsimi proporcional i shqiptar\u00ebve n\u00eb instancat shtet\u00ebrore dhe lokale,vemendja e posa\u00e7me pun\u00ebsimit t\u00eb t\u00eb rinjve me diplom\u00eb univeristeti dhe tituj tjer\u00eb shkencor\u00eb,por jo mbi bazat partiake.K\u00ebto , sigurisht edhe shum\u00eb \u00e7\u00ebshtje tjera q\u00eb do t\u00eb propozoheshin nga p\u00ebrfaq\u00ebsuesit tjer\u00eb politik\u00eb shqiptar\u00eb,do t\u00eb p\u00ebrmblidheshin edhe do t\u00eb profilizoheshin n\u00eb nj\u00eb k\u00ebrkesat e shqiptar\u00ebve n\u00eb Malin e Zi.<\/p>\n<p><strong>SHPI:Turizmi dhe bujq\u00ebsia jan\u00eb dy hallkat m\u00eb me perspektiv\u00eb edhe p\u00ebr shqiptar\u00ebt n\u00eb Malin e Zi.Si e sheh Koalicioni shqiptar k\u00ebt\u00eb mund\u00ebsi?<\/strong><\/p>\n<p><strong>\u00a0GJEKA:<\/strong>T\u00eb gjitha viset shqiptare n\u00eb Mal t\u00eb Zi, p\u00ebrfshir\u00eb Ulqinin, An\u00ebn e Malit, Kraj\u00ebn, Mal\u00ebsin\u00eb, Plav\u00ebn, Gucin\u00eb, Vuthajt, Dacajt etj., kan\u00eb kushte optimale p\u00ebr zhvillimin e turizmit t\u00eb q\u00ebndruesh\u00ebm detar,lumor,malor.P\u00ebr k\u00ebt\u00eb arsye, Koalicioni Shqiptar k\u00ebrkon valorizimin e k\u00ebtyre potencialeve turistike.Ne propozojm\u00eb, si projekt ide, nd\u00ebrtimin e fshatrave turistike n\u00eb zonat ku ka panoram\u00eb magjike,objekte t\u00eb r\u00ebnd\u00ebsishme kulturore,bujq\u00ebsore,hortikultur\u00eb,mjedis t\u00eb paprekur etj.Ve\u00e7 k\u00ebsaj,Fusha e Ulqinit,ajo e Shtojit, An\u00ebs s\u00eb\u00eb Malit, arat n\u00eb Kraj\u00eb, treva fushore e Mal\u00ebsis\u00eb, viset malore n\u00eb Plav\u00eb dhe Rozhaj\u00eb, kan\u00eb tradit\u00eb t\u00eb prodhimeve bujq\u00ebsore t\u00eb cil\u00ebsis\u00eb s\u00eb lart\u00eb.Ministria e Bujq\u00ebsis\u00eb dhe Zhvillimit Rural duhet t\u00eb shtoj\u00eb buxhetin dhe t\u00eb stimuloj\u00eb bujq\u00ebsin\u00eb dhe blegtorin\u00eb n\u00eb mjediset e banuara me shqiptar\u00eb. Bletaria,si nj\u00eb resurs me perspektiv\u00eb n\u00eb mjediset rurale duhet p\u00ebrkrahur n\u00eb kuad\u00ebr t\u00eb zhvillimeve rajonale dhe nd\u00ebrkufitare.<\/p>\n<p><strong>SHPI:Ju si person, e sidomos Koalicioni juaj k\u00ebrkon hapjen e pikave t\u00eb reja kufitare me Shqip\u00ebrin\u00eb, por edhe me Kosov\u00ebn.K\u00ebto projektide jan\u00eb p\u00ebrmendur edhe m\u00eb heret nga Qeveria e Malit t\u00eb Zi,por nuk jan\u00eb realizuar.Si do t u\u00a0 qaseni Ju k\u00ebtyre mund\u00ebsive? <\/strong><\/p>\n<p><strong><a href=\"http:\/\/www.visit-ulcinj.com\/blog\/wp-content\/uploads\/2012\/10\/Interviste-me-Fatmir-Gjeken-Partia-Demokratike-Mali-i-Zi.1.jpg\"><img loading=\"lazy\" class=\"alignleft  wp-image-64366\" title=\"Interviste me Fatmir Gjeken-Partia Demokratike Mali i Zi.1\" src=\"http:\/\/www.visit-ulcinj.com\/blog\/wp-content\/uploads\/2012\/10\/Interviste-me-Fatmir-Gjeken-Partia-Demokratike-Mali-i-Zi.1.jpg\" alt=\"\" width=\"350\" height=\"400\" \/><\/a>GJEKA:<\/strong>Koalicioni Shqiptar angazhohet q\u00eb rruga Plav\u00eb \u2013 Vermosh &#8211; Podgoric\u00eb, t\u00eb mos mbetet ide n\u00eb let\u00ebr. Kjo rrug\u00eb, nga Plava t\u00eb lidhet me De\u00e7anin, p\u00ebr t\u00eb siguruar nj\u00eb komunikim mes k\u00ebtyre komunave. Nd\u00ebrtimi i pik\u00ebs kufitare\u00a0 Hutaj (Kraj\u00eb) &#8211; Zogaj (Shkod\u00ebr), rihap segmentin e ri ekonomik\u00a0 mes dy zonave.Po ashtu, vendkalimi kufitar ekzistues Sukubin\u00eb &#8211; Muriqan t\u00eb sh\u00ebrbej\u00eb edhe p\u00ebr qarkullimin e mallrave n\u00eb t\u00eb dy an\u00ebt.<\/p>\n<p><strong>SHPI:Koalicioni shqiptar e vler\u00ebson akt shum\u00eb t\u00eb r\u00ebnd\u00ebsish\u00ebm hapjen\u00a0 e Ambasad\u00ebs s\u00eb Malit t\u00eb Zi n\u00eb Kosov\u00eb,p\u00ebrkat\u00ebsisht t\u00eb Kosv\u00ebs n\u00eb Mal t\u00eb Zi.Mendoni se kjo zvarritje e p\u00ebrfaq\u00ebsive t\u00eb plota diplomatike mes dy vendeve ka pasoja? <\/strong><\/p>\n<p><strong>GJEKA<\/strong> :Kujdes t\u00eb posa\u00e7\u00ebm Koalicioni Shqiptar do t\u2019i kushtoj\u00eb bashk\u00ebpunimit dhe kontakteve t\u00eb rregullta me autoritetet shtet\u00ebrore t\u00eb Shqip\u00ebris\u00eb e Kosov\u00ebs, si dhe me qendrat e tjera shqiptare. Ne k\u00ebrkojm\u00eb nga Podgorica zyrtare q\u00eb t\u00eb shk\u00ebmbej\u00eb ambasador\u00ebt me Prishtin\u00ebn, sepse midis dy shteteve kan\u00eb mbetur shum\u00eb \u00e7\u00ebshtje t\u00eb pazgjidhura q\u00eb nga koha e ish- shtetit jugosllav.<\/p>\n<p>Ne p\u00ebrkrahim fillimin e bisedimeve nd\u00ebrmjet Podgoric\u00ebs dhe Prishtin\u00ebs p\u00ebr zgjidhjen e \u00e7\u00ebshtjes s\u00eb pensionist\u00ebve t\u00eb Kosov\u00ebs, shtetas t\u00eb Malit t\u00eb Zi, dhe k\u00ebrkojm\u00eb p\u00ebrshpejtimin e hartimit t\u00eb marr\u00ebveshjes mes dy vendeve lidhur me k\u00ebt\u00eb problem.<\/p>\n<p><strong>SHPI:Tash 22-vjet n\u00eb pluripartiz\u00ebm kultur\u00ebn e mir\u00ebfillt\u00eb shqiptare n\u00eb Malin e Zi e b\u00ebjn\u00eb organizatat joeveritare.\u00c7far\u00eb vendi i ka kushtuar koalicioni Juaj k\u00ebtij segment t\u00eb ve\u00e7ant\u00eb identifikues nacional p\u00ebr shqiptar\u00ebt n\u00eb Mal t\u00eb Zi?<\/strong><\/p>\n<p><strong>GJEKA:<\/strong>N\u00eb fush\u00ebn e kultur\u00ebs, Koalicioni Shqiptar angazhohet p\u00ebr ruajtjen e vazhdim\u00ebsis\u00eb s\u00eb manifestimeve tradicionale kulturore t\u00eb shqiptar\u00ebve n\u00eb Mal t\u00eb Zi, tubimeve me karakter gjith\u00ebpopullor dhe konkurseve t\u00eb Fondit t\u00eb pakicave, t\u00eb Ministris\u00eb s\u00eb Kultur\u00ebs, t\u00eb\u00a0 komunave t\u00eb Ulqinit, Tivarit, Tuzit dhe Plav\u00ebs, p\u00ebr ndarjen e mjeteve financiare organizatave joqeveritare dhe subjekteve t\u00eb tjera p\u00ebr realizimin e projekteve t\u00eb tyre me substanc\u00eb nacionale shqiptare.<br \/>\n<a href=\"http:\/\/www.visit-ulcinj.com\/blog\/wp-content\/uploads\/2012\/10\/Interviste-me-Fatmir-Gjeken-Partia-Demokratike-Mali-i-Zi.41.jpg\"><img loading=\"lazy\" class=\"alignleft  wp-image-64373\" title=\"Interviste me Fatmir Gjeken-Partia Demokratike Mali i Zi.4\" src=\"http:\/\/www.visit-ulcinj.com\/blog\/wp-content\/uploads\/2012\/10\/Interviste-me-Fatmir-Gjeken-Partia-Demokratike-Mali-i-Zi.41.jpg\" alt=\"\" width=\"508\" height=\"300\" \/><\/a><\/p>\n<p><strong>SHPI:Statusi i krijuesve shqiptar\u00eb q\u00eb krijojn\u00eb me dekada t\u00eb t\u00ebra n\u00eb Mal t\u00eb Zi ka mbetur i pazgjidhur as i vler\u00ebsuar.Si e shihni ju z.Gjeka k\u00ebt\u00eb?<\/strong><\/p>\n<p><strong>GJEKA:<\/strong>Ne, bashk\u00eb me p\u00ebrfaq\u00ebsuesit e koalicioneve tjera shqiptare,n\u00eb Parlamentin e Malit t\u00eb Zi do t\u00eb inicojm\u00eb hartimin e Ligjit mbi statusin e krijuesit shqiptar n\u00eb Mal t\u00eb Zi, q\u00eb edhe ata t\u00eb g\u00ebzojn\u00eb t\u00eb drejtat e barabarta me koleg\u00ebt e kulturave tjera n\u00eb Mal t\u00eb Zi,sidomos t\u00eb drejt\u00ebn e konkurimit p\u00ebr \u00e7mimet shtetet\u00ebrore dhe titullin \u201cKrijues i shqaur kulturor\u201d si kusht i marrjes s\u00eb pensionit nacional q\u00eb\u00a0 ndan Ministria e kultur\u00ebs.<\/p>\n<p>Me q\u00ebllim t\u00eb p\u00ebrmir\u00ebsimit t\u00eb pozit\u00ebs s\u00eb femrave dhe t\u00eb rinjve n\u00eb shoq\u00ebri, Koalicioni Shqiptar angazhohet p\u00ebr pjes\u00ebmarrje m\u00eb t\u00eb madhe t\u00eb tyre n\u00eb jet\u00ebn politike &#8211; shoq\u00ebrore, sidomos n\u00eb nivelet e vendim-marrjes, dhe zhvillimin e programeve t\u00eb ve\u00e7anta p\u00ebr rinin\u00eb n\u00eb fush\u00ebn e kultur\u00ebs, artit, sportit.<\/p>\n<p>&nbsp;<\/p>\n<p><strong>Intervistoi:Sh\u00ebrbimi p\u00ebr informim- SHPI\u00a0 i PD<\/strong><br \/>\n<iframe loading=\"lazy\" src=\"http:\/\/www.youtube.com\/embed\/e4kKmO_TqZs\" frameborder=\"0\" width=\"508\" height=\"360\"><\/iframe><\/p>\n","protected":false},"excerpt":{"rendered":"<p>7 pyetje z. Fatmir Gjeka,bart\u00ebs i list\u00ebs s\u00eb Koalicionit shqiptar, num\u00ebr 7 n\u00eb list\u00ebn zgjedhore \u201cJEMI BASHK\u00cb\u201d, P\u00cbR T\u00cb FOLUR ME NJ\u00cb Z\u00cb Gjeka:Vota e shqiptar\u00ebve p\u00ebr ne \u00ebsht\u00eb e shenjt\u00eb dhe obligim moral,njer\u00ebzor dhe mbi t\u00eb gjitha komb\u00ebtar\u00a0 p\u00ebr nj\u00eb cil\u00ebsi m\u00eb t\u00eb mir\u00eb ekonomike,qytetare dhe nacionale n\u00eb Mal t\u00eb Zi.Do t\u00eb jemi pjes\u00ebmarr\u00ebs [&hellip;]<\/p>\n","protected":false},"author":1,"featured_media":0,"comment_status":"open","ping_status":"closed","sticky":false,"template":"","format":"standard","meta":{"spay_email":"","jetpack_publicize_message":"","jetpack_is_tweetstorm":false,"jetpack_publicize_feature_enabled":true},"categories":[5],"tags":[21008,21004,21014,2572,20998,2812,21011,3461,212,21013,10252,17828,14570,17834,18370,17811,21006,17831,18362,21005,14353,17808,14354,12340,17840,17839,18363,17835,17814,17810,17816,17071,2574,17807,3516,14652,17837,17827,21012,21019,4607,20997,21002,21018,14358,222,17802,17812,17803,4249,20999,21003,17820,17825,4187,17817,16002,17805,3721,21007,305,21001,17823,17832,3506,17818,14562,214,17680,2703,14362,14363,18371,3507,17800,498,3500,115,14364,21017,17799,3327,17841,687,17826,15213,18236,3512,17806,21016,11648,18289,17838,95,20996,21010,17813,17804,15141,347,19495,17836,14366,79,17073,13961,944,18294,20605,15886,118,18368,18369,5675,21020,1653,11584,1909,14367,17801,18360,17822,14368,14369,21009,17824,21015,14370,14272,18291,2083,3231,14371,41,3617,3722,14372,17844,17821,18372,17830,17077,18295,14375,17833,17829,899,200,18,17819,17809,15874,4265,21000,14376,2539],"jetpack_publicize_connections":[],"yoast_head":"<!-- This site is optimized with the Yoast SEO plugin v19.1 - https:\/\/yoast.com\/wordpress\/plugins\/seo\/ -->\n<title>Intervist\u00eb me Fatmir Gjek\u00ebn,bart\u00ebs i list\u00ebs s\u00eb Koalicionit shqiptar,num\u00ebr 7 n\u00eb list\u00ebn zgjedhore - Lajme nga Ulqini<\/title>\n<meta name=\"description\" content=\"7 pyetje z. Fatmir Gjeka,bart\u00ebs i list\u00ebs s\u00eb Koalicionit shqiptar, num\u00ebr 7 n\u00eb list\u00ebn zgjedhore \u201cJEMI BASHK\u00cb\u201d, P\u00cbR T\u00cb FOLUR ME NJ\u00cb Z\u00cb Gjeka:Vota e\" \/>\n<meta name=\"robots\" content=\"index, follow, max-snippet:-1, max-image-preview:large, max-video-preview:-1\" \/>\n<link rel=\"canonical\" href=\"https:\/\/www.visit-ulcinj.com\/blog\/2012\/10\/05\/interviste-me-fatmir-gjekenbartes-i-listes-se-koalicionit-shqiptar-numer-7-ne-listen-zgjedhore\/\" \/>\n<meta property=\"og:locale\" content=\"en_US\" \/>\n<meta property=\"og:type\" content=\"article\" \/>\n<meta property=\"og:title\" content=\"Intervist\u00eb me Fatmir Gjek\u00ebn,bart\u00ebs i list\u00ebs s\u00eb Koalicionit shqiptar,num\u00ebr 7 n\u00eb list\u00ebn zgjedhore - Lajme nga Ulqini\" \/>\n<meta property=\"og:description\" content=\"7 pyetje z. Fatmir Gjeka,bart\u00ebs i list\u00ebs s\u00eb Koalicionit shqiptar, num\u00ebr 7 n\u00eb list\u00ebn zgjedhore \u201cJEMI BASHK\u00cb\u201d, P\u00cbR T\u00cb FOLUR ME NJ\u00cb Z\u00cb Gjeka:Vota e\" \/>\n<meta property=\"og:url\" content=\"https:\/\/www.visit-ulcinj.com\/blog\/2012\/10\/05\/interviste-me-fatmir-gjekenbartes-i-listes-se-koalicionit-shqiptar-numer-7-ne-listen-zgjedhore\/\" \/>\n<meta property=\"og:site_name\" content=\"Lajme nga Ulqini\" \/>\n<meta property=\"article:published_time\" content=\"2012-10-05T18:15:54+00:00\" \/>\n<meta property=\"article:modified_time\" content=\"2012-10-05T18:35:39+00:00\" \/>\n<meta property=\"og:image\" content=\"http:\/\/www.visit-ulcinj.com\/blog\/wp-content\/uploads\/2012\/10\/Interviste-me-Fatmir-Gjeken-Partia-Demokratike-Mali-i-Zi.jpg\" \/>\n<meta name=\"twitter:label1\" content=\"Written by\" \/>\n\t<meta name=\"twitter:data1\" content=\"ulqini\" \/>\n\t<meta name=\"twitter:label2\" content=\"Est. reading time\" \/>\n\t<meta name=\"twitter:data2\" content=\"7 minutes\" \/>\n<script type=\"application\/ld+json\" class=\"yoast-schema-graph\">{\"@context\":\"https:\/\/schema.org\",\"@graph\":[{\"@type\":\"WebSite\",\"@id\":\"https:\/\/www.visit-ulcinj.com\/blog\/#website\",\"url\":\"https:\/\/www.visit-ulcinj.com\/blog\/\",\"name\":\"Lajme nga Ulqini\",\"description\":\"Lajme,Vijesti,Ulqini,Ulqin,Crna Gora,Mali i Zi\",\"potentialAction\":[{\"@type\":\"SearchAction\",\"target\":{\"@type\":\"EntryPoint\",\"urlTemplate\":\"https:\/\/www.visit-ulcinj.com\/blog\/?s={search_term_string}\"},\"query-input\":\"required name=search_term_string\"}],\"inLanguage\":\"en-US\"},{\"@type\":\"ImageObject\",\"inLanguage\":\"en-US\",\"@id\":\"https:\/\/www.visit-ulcinj.com\/blog\/2012\/10\/05\/interviste-me-fatmir-gjekenbartes-i-listes-se-koalicionit-shqiptar-numer-7-ne-listen-zgjedhore\/#primaryimage\",\"url\":\"https:\/\/www.visit-ulcinj.com\/blog\/wp-content\/uploads\/2012\/10\/Interviste-me-Fatmir-Gjeken-Partia-Demokratike-Mali-i-Zi.jpg\",\"contentUrl\":\"https:\/\/www.visit-ulcinj.com\/blog\/wp-content\/uploads\/2012\/10\/Interviste-me-Fatmir-Gjeken-Partia-Demokratike-Mali-i-Zi.jpg\",\"width\":\"800\",\"height\":\"533\"},{\"@type\":\"WebPage\",\"@id\":\"https:\/\/www.visit-ulcinj.com\/blog\/2012\/10\/05\/interviste-me-fatmir-gjekenbartes-i-listes-se-koalicionit-shqiptar-numer-7-ne-listen-zgjedhore\/#webpage\",\"url\":\"https:\/\/www.visit-ulcinj.com\/blog\/2012\/10\/05\/interviste-me-fatmir-gjekenbartes-i-listes-se-koalicionit-shqiptar-numer-7-ne-listen-zgjedhore\/\",\"name\":\"Intervist\u00eb me Fatmir Gjek\u00ebn,bart\u00ebs i list\u00ebs s\u00eb Koalicionit shqiptar,num\u00ebr 7 n\u00eb list\u00ebn zgjedhore - Lajme nga Ulqini\",\"isPartOf\":{\"@id\":\"https:\/\/www.visit-ulcinj.com\/blog\/#website\"},\"primaryImageOfPage\":{\"@id\":\"https:\/\/www.visit-ulcinj.com\/blog\/2012\/10\/05\/interviste-me-fatmir-gjekenbartes-i-listes-se-koalicionit-shqiptar-numer-7-ne-listen-zgjedhore\/#primaryimage\"},\"datePublished\":\"2012-10-05T18:15:54+00:00\",\"dateModified\":\"2012-10-05T18:35:39+00:00\",\"author\":{\"@id\":\"https:\/\/www.visit-ulcinj.com\/blog\/#\/schema\/person\/dcab619c614d3038751c63bc2aadc06d\"},\"description\":\"7 pyetje z. Fatmir Gjeka,bart\u00ebs i list\u00ebs s\u00eb Koalicionit shqiptar, num\u00ebr 7 n\u00eb list\u00ebn zgjedhore \u201cJEMI BASHK\u00cb\u201d, P\u00cbR T\u00cb FOLUR ME NJ\u00cb Z\u00cb Gjeka:Vota e\",\"breadcrumb\":{\"@id\":\"https:\/\/www.visit-ulcinj.com\/blog\/2012\/10\/05\/interviste-me-fatmir-gjekenbartes-i-listes-se-koalicionit-shqiptar-numer-7-ne-listen-zgjedhore\/#breadcrumb\"},\"inLanguage\":\"en-US\",\"potentialAction\":[{\"@type\":\"ReadAction\",\"target\":[\"https:\/\/www.visit-ulcinj.com\/blog\/2012\/10\/05\/interviste-me-fatmir-gjekenbartes-i-listes-se-koalicionit-shqiptar-numer-7-ne-listen-zgjedhore\/\"]}]},{\"@type\":\"BreadcrumbList\",\"@id\":\"https:\/\/www.visit-ulcinj.com\/blog\/2012\/10\/05\/interviste-me-fatmir-gjekenbartes-i-listes-se-koalicionit-shqiptar-numer-7-ne-listen-zgjedhore\/#breadcrumb\",\"itemListElement\":[{\"@type\":\"ListItem\",\"position\":1,\"name\":\"Intervist\u00eb me Fatmir Gjek\u00ebn,bart\u00ebs i list\u00ebs s\u00eb Koalicionit shqiptar,num\u00ebr 7 n\u00eb list\u00ebn zgjedhore\"}]},{\"@type\":\"Person\",\"@id\":\"https:\/\/www.visit-ulcinj.com\/blog\/#\/schema\/person\/dcab619c614d3038751c63bc2aadc06d\",\"name\":\"ulqini\",\"sameAs\":[\"http:\/\/www.visit-ulcinj.com\"],\"url\":\"https:\/\/www.visit-ulcinj.com\/blog\/author\/admin\/\"}]}<\/script>\n<!-- \/ Yoast SEO plugin. -->","yoast_head_json":{"title":"Intervist\u00eb me Fatmir Gjek\u00ebn,bart\u00ebs i list\u00ebs s\u00eb Koalicionit shqiptar,num\u00ebr 7 n\u00eb list\u00ebn zgjedhore - Lajme nga Ulqini","description":"7 pyetje z. Fatmir Gjeka,bart\u00ebs i list\u00ebs s\u00eb Koalicionit shqiptar, num\u00ebr 7 n\u00eb list\u00ebn zgjedhore \u201cJEMI BASHK\u00cb\u201d, P\u00cbR T\u00cb FOLUR ME NJ\u00cb Z\u00cb Gjeka:Vota e","robots":{"index":"index","follow":"follow","max-snippet":"max-snippet:-1","max-image-preview":"max-image-preview:large","max-video-preview":"max-video-preview:-1"},"canonical":"https:\/\/www.visit-ulcinj.com\/blog\/2012\/10\/05\/interviste-me-fatmir-gjekenbartes-i-listes-se-koalicionit-shqiptar-numer-7-ne-listen-zgjedhore\/","og_locale":"en_US","og_type":"article","og_title":"Intervist\u00eb me Fatmir Gjek\u00ebn,bart\u00ebs i list\u00ebs s\u00eb Koalicionit shqiptar,num\u00ebr 7 n\u00eb list\u00ebn zgjedhore - Lajme nga Ulqini","og_description":"7 pyetje z. Fatmir Gjeka,bart\u00ebs i list\u00ebs s\u00eb Koalicionit shqiptar, num\u00ebr 7 n\u00eb list\u00ebn zgjedhore \u201cJEMI BASHK\u00cb\u201d, P\u00cbR T\u00cb FOLUR ME NJ\u00cb Z\u00cb Gjeka:Vota e","og_url":"https:\/\/www.visit-ulcinj.com\/blog\/2012\/10\/05\/interviste-me-fatmir-gjekenbartes-i-listes-se-koalicionit-shqiptar-numer-7-ne-listen-zgjedhore\/","og_site_name":"Lajme nga Ulqini","article_published_time":"2012-10-05T18:15:54+00:00","article_modified_time":"2012-10-05T18:35:39+00:00","og_image":[{"url":"http:\/\/www.visit-ulcinj.com\/blog\/wp-content\/uploads\/2012\/10\/Interviste-me-Fatmir-Gjeken-Partia-Demokratike-Mali-i-Zi.jpg"}],"twitter_misc":{"Written by":"ulqini","Est. reading time":"7 minutes"},"schema":{"@context":"https:\/\/schema.org","@graph":[{"@type":"WebSite","@id":"https:\/\/www.visit-ulcinj.com\/blog\/#website","url":"https:\/\/www.visit-ulcinj.com\/blog\/","name":"Lajme nga Ulqini","description":"Lajme,Vijesti,Ulqini,Ulqin,Crna Gora,Mali i Zi","potentialAction":[{"@type":"SearchAction","target":{"@type":"EntryPoint","urlTemplate":"https:\/\/www.visit-ulcinj.com\/blog\/?s={search_term_string}"},"query-input":"required name=search_term_string"}],"inLanguage":"en-US"},{"@type":"ImageObject","inLanguage":"en-US","@id":"https:\/\/www.visit-ulcinj.com\/blog\/2012\/10\/05\/interviste-me-fatmir-gjekenbartes-i-listes-se-koalicionit-shqiptar-numer-7-ne-listen-zgjedhore\/#primaryimage","url":"https:\/\/www.visit-ulcinj.com\/blog\/wp-content\/uploads\/2012\/10\/Interviste-me-Fatmir-Gjeken-Partia-Demokratike-Mali-i-Zi.jpg","contentUrl":"https:\/\/www.visit-ulcinj.com\/blog\/wp-content\/uploads\/2012\/10\/Interviste-me-Fatmir-Gjeken-Partia-Demokratike-Mali-i-Zi.jpg","width":"800","height":"533"},{"@type":"WebPage","@id":"https:\/\/www.visit-ulcinj.com\/blog\/2012\/10\/05\/interviste-me-fatmir-gjekenbartes-i-listes-se-koalicionit-shqiptar-numer-7-ne-listen-zgjedhore\/#webpage","url":"https:\/\/www.visit-ulcinj.com\/blog\/2012\/10\/05\/interviste-me-fatmir-gjekenbartes-i-listes-se-koalicionit-shqiptar-numer-7-ne-listen-zgjedhore\/","name":"Intervist\u00eb me Fatmir Gjek\u00ebn,bart\u00ebs i list\u00ebs s\u00eb Koalicionit shqiptar,num\u00ebr 7 n\u00eb list\u00ebn zgjedhore - Lajme nga Ulqini","isPartOf":{"@id":"https:\/\/www.visit-ulcinj.com\/blog\/#website"},"primaryImageOfPage":{"@id":"https:\/\/www.visit-ulcinj.com\/blog\/2012\/10\/05\/interviste-me-fatmir-gjekenbartes-i-listes-se-koalicionit-shqiptar-numer-7-ne-listen-zgjedhore\/#primaryimage"},"datePublished":"2012-10-05T18:15:54+00:00","dateModified":"2012-10-05T18:35:39+00:00","author":{"@id":"https:\/\/www.visit-ulcinj.com\/blog\/#\/schema\/person\/dcab619c614d3038751c63bc2aadc06d"},"description":"7 pyetje z. Fatmir Gjeka,bart\u00ebs i list\u00ebs s\u00eb Koalicionit shqiptar, num\u00ebr 7 n\u00eb list\u00ebn zgjedhore \u201cJEMI BASHK\u00cb\u201d, P\u00cbR T\u00cb FOLUR ME NJ\u00cb Z\u00cb Gjeka:Vota e","breadcrumb":{"@id":"https:\/\/www.visit-ulcinj.com\/blog\/2012\/10\/05\/interviste-me-fatmir-gjekenbartes-i-listes-se-koalicionit-shqiptar-numer-7-ne-listen-zgjedhore\/#breadcrumb"},"inLanguage":"en-US","potentialAction":[{"@type":"ReadAction","target":["https:\/\/www.visit-ulcinj.com\/blog\/2012\/10\/05\/interviste-me-fatmir-gjekenbartes-i-listes-se-koalicionit-shqiptar-numer-7-ne-listen-zgjedhore\/"]}]},{"@type":"BreadcrumbList","@id":"https:\/\/www.visit-ulcinj.com\/blog\/2012\/10\/05\/interviste-me-fatmir-gjekenbartes-i-listes-se-koalicionit-shqiptar-numer-7-ne-listen-zgjedhore\/#breadcrumb","itemListElement":[{"@type":"ListItem","position":1,"name":"Intervist\u00eb me Fatmir Gjek\u00ebn,bart\u00ebs i list\u00ebs s\u00eb Koalicionit shqiptar,num\u00ebr 7 n\u00eb list\u00ebn zgjedhore"}]},{"@type":"Person","@id":"https:\/\/www.visit-ulcinj.com\/blog\/#\/schema\/person\/dcab619c614d3038751c63bc2aadc06d","name":"ulqini","sameAs":["http:\/\/www.visit-ulcinj.com"],"url":"https:\/\/www.visit-ulcinj.com\/blog\/author\/admin\/"}]}},"jetpack_featured_media_url":"","jetpack_sharing_enabled":true,"jetpack_shortlink":"https:\/\/wp.me\/pe6lTn-gK6","_links":{"self":[{"href":"https:\/\/www.visit-ulcinj.com\/blog\/wp-json\/wp\/v2\/posts\/64362"}],"collection":[{"href":"https:\/\/www.visit-ulcinj.com\/blog\/wp-json\/wp\/v2\/posts"}],"about":[{"href":"https:\/\/www.visit-ulcinj.com\/blog\/wp-json\/wp\/v2\/types\/post"}],"author":[{"embeddable":true,"href":"https:\/\/www.visit-ulcinj.com\/blog\/wp-json\/wp\/v2\/users\/1"}],"replies":[{"embeddable":true,"href":"https:\/\/www.visit-ulcinj.com\/blog\/wp-json\/wp\/v2\/comments?post=64362"}],"version-history":[{"count":6,"href":"https:\/\/www.visit-ulcinj.com\/blog\/wp-json\/wp\/v2\/posts\/64362\/revisions"}],"predecessor-version":[{"id":64374,"href":"https:\/\/www.visit-ulcinj.com\/blog\/wp-json\/wp\/v2\/posts\/64362\/revisions\/64374"}],"wp:attachment":[{"href":"https:\/\/www.visit-ulcinj.com\/blog\/wp-json\/wp\/v2\/media?parent=64362"}],"wp:term":[{"taxonomy":"category","embeddable":true,"href":"https:\/\/www.visit-ulcinj.com\/blog\/wp-json\/wp\/v2\/categories?post=64362"},{"taxonomy":"post_tag","embeddable":true,"href":"https:\/\/www.visit-ulcinj.com\/blog\/wp-json\/wp\/v2\/tags?post=64362"}],"curies":[{"name":"wp","href":"https:\/\/api.w.org\/{rel}","templated":true}]}}