{"id":64379,"date":"2012-10-06T18:53:07","date_gmt":"2012-10-06T17:53:07","guid":{"rendered":"http:\/\/www.visit-ulcinj.com\/blog\/?p=64379"},"modified":"2012-10-06T18:53:07","modified_gmt":"2012-10-06T17:53:07","slug":"ne-ulqin-mbahet-takimi-rajonal-te-projektit-m2res","status":"publish","type":"post","link":"https:\/\/www.visit-ulcinj.com\/blog\/2012\/10\/06\/ne-ulqin-mbahet-takimi-rajonal-te-projektit-m2res\/","title":{"rendered":"N\u00eb Ulqin mbahet takimi rajonal t\u00eb projektit \u201eM2RES&#8221;"},"content":{"rendered":"<p><strong><a href=\"http:\/\/www.visit-ulcinj.com\/blog\/wp-content\/uploads\/2012\/10\/Projekt-M2RES-Ulcinj-Ulqin-Montenegro.2.jpg\"><img loading=\"lazy\" class=\"alignleft  wp-image-64380\" title=\"Projekt - M2RES - Ulcinj - Ulqin - Montenegro.2\" src=\"http:\/\/www.visit-ulcinj.com\/blog\/wp-content\/uploads\/2012\/10\/Projekt-M2RES-Ulcinj-Ulqin-Montenegro.2.jpg\" alt=\"\" width=\"508\" height=\"360\" \/><\/a>Mbahet takimi rajonal ne kuad\u00ebr t\u00eb projektit \u201eM2RES&#8221;<\/strong><\/p>\n<p>N\u00eb Komun\u00ebn e Ulqinit u mbajt sot takimi rajonal ne kuad\u00ebr t\u00eb projektit \u201eM2RES&#8221; i finansuar nga Bashkimi Europian. N\u00eb ket\u00eb takim u prezantuan tre studime t\u00eb ndryshme mbi mund\u00ebsin\u00eb e shfyrt\u00ebzimit t\u00eb energjis\u00eb t\u00eb rinvoushme n\u00eb Mal t\u00eb Zi, me fokus n\u00eb zon\u00ebn bregdetare. K\u00ebto studime u hartuan nga ekspert\u00eb lokal bashk\u00eb me ekspert\u00eb nd\u00ebrkombetar. N\u00eb takim ishin t\u00eb pranish\u00ebm projekt menaxher\u00ebt e komun\u00ebs, ekspert\u00eb lokal dhe ekspert\u00eb t\u00eb ndrysh\u00ebm nga Ministria e zhvillimit qendruesh\u00ebm, Ministria ekonomis\u00eb, Ministria finansave, Agjensia p\u00ebr mbrojtjen e mjedisit, UNDPs\u00eb dhe MogUL.<\/p>\n<p><strong>Op\u0161tina Ulcinj \/ Komuna e Ulqinit<\/strong><br \/>\nTel: +382 30 412 050<br \/>\nFax: +382 30 412 413<br \/>\nAdresa: Bul. Skenderbeu bb, 85360 Ulcinj, MNE<\/p>\n\n\t\t<style type=\"text\/css\">\n\t\t\t#gallery-1 {\n\t\t\t\tmargin: auto;\n\t\t\t}\n\t\t\t#gallery-1 .gallery-item {\n\t\t\t\tfloat: left;\n\t\t\t\tmargin-top: 10px;\n\t\t\t\ttext-align: center;\n\t\t\t\twidth: 33%;\n\t\t\t}\n\t\t\t#gallery-1 img {\n\t\t\t\tborder: 2px solid #cfcfcf;\n\t\t\t}\n\t\t\t#gallery-1 .gallery-caption {\n\t\t\t\tmargin-left: 0;\n\t\t\t}\n\t\t\t\/* see gallery_shortcode() in wp-includes\/media.php *\/\n\t\t<\/style>\n\t\t<div id='gallery-1' class='gallery galleryid-64379 gallery-columns-3 gallery-size-thumbnail'><dl class='gallery-item'>\n\t\t\t<dt class='gallery-icon landscape'>\n\t\t\t\t<a href='https:\/\/www.visit-ulcinj.com\/blog\/wp-content\/uploads\/2012\/10\/Projekt-M2RES-Ulcinj-Ulqin-Montenegro.2.jpg'><img width=\"150\" height=\"150\" src=\"https:\/\/www.visit-ulcinj.com\/blog\/wp-content\/uploads\/2012\/10\/Projekt-M2RES-Ulcinj-Ulqin-Montenegro.2-150x150.jpg\" class=\"attachment-thumbnail size-thumbnail\" alt=\"\" loading=\"lazy\" \/><\/a>\n\t\t\t<\/dt><\/dl><dl class='gallery-item'>\n\t\t\t<dt class='gallery-icon landscape'>\n\t\t\t\t<a href='https:\/\/www.visit-ulcinj.com\/blog\/wp-content\/uploads\/2012\/10\/Projekt-M2RES-Ulcinj-Ulqin-Montenegro.1.jpg'><img width=\"150\" height=\"150\" src=\"https:\/\/www.visit-ulcinj.com\/blog\/wp-content\/uploads\/2012\/10\/Projekt-M2RES-Ulcinj-Ulqin-Montenegro.1-150x150.jpg\" class=\"attachment-thumbnail size-thumbnail\" alt=\"\" loading=\"lazy\" \/><\/a>\n\t\t\t<\/dt><\/dl><dl class='gallery-item'>\n\t\t\t<dt class='gallery-icon landscape'>\n\t\t\t\t<a href='https:\/\/www.visit-ulcinj.com\/blog\/wp-content\/uploads\/2012\/10\/Projekt-M2RES-Ulcinj-Ulqin-Montenegro.3.jpg'><img width=\"150\" height=\"150\" src=\"https:\/\/www.visit-ulcinj.com\/blog\/wp-content\/uploads\/2012\/10\/Projekt-M2RES-Ulcinj-Ulqin-Montenegro.3-150x150.jpg\" class=\"attachment-thumbnail size-thumbnail\" alt=\"\" loading=\"lazy\" \/><\/a>\n\t\t\t<\/dt><\/dl><br style=\"clear: both\" \/><dl class='gallery-item'>\n\t\t\t<dt class='gallery-icon landscape'>\n\t\t\t\t<a href='https:\/\/www.visit-ulcinj.com\/blog\/wp-content\/uploads\/2012\/10\/Projekt-M2RES-Ulcinj-Ulqin-Montenegro.41.jpg'><img width=\"150\" height=\"150\" src=\"https:\/\/www.visit-ulcinj.com\/blog\/wp-content\/uploads\/2012\/10\/Projekt-M2RES-Ulcinj-Ulqin-Montenegro.41-150x150.jpg\" class=\"attachment-thumbnail size-thumbnail\" alt=\"\" loading=\"lazy\" \/><\/a>\n\t\t\t<\/dt><\/dl><dl class='gallery-item'>\n\t\t\t<dt class='gallery-icon landscape'>\n\t\t\t\t<a href='https:\/\/www.visit-ulcinj.com\/blog\/wp-content\/uploads\/2012\/10\/Projekt-M2RES-Ulcinj-Ulqin-Montenegro.5.jpg'><img width=\"150\" height=\"150\" src=\"https:\/\/www.visit-ulcinj.com\/blog\/wp-content\/uploads\/2012\/10\/Projekt-M2RES-Ulcinj-Ulqin-Montenegro.5-150x150.jpg\" class=\"attachment-thumbnail size-thumbnail\" alt=\"\" loading=\"lazy\" \/><\/a>\n\t\t\t<\/dt><\/dl><dl class='gallery-item'>\n\t\t\t<dt class='gallery-icon landscape'>\n\t\t\t\t<a href='https:\/\/www.visit-ulcinj.com\/blog\/wp-content\/uploads\/2012\/10\/Projekt-M2RES-Ulcinj-Ulqin-Montenegro.jpg'><img width=\"150\" height=\"150\" src=\"https:\/\/www.visit-ulcinj.com\/blog\/wp-content\/uploads\/2012\/10\/Projekt-M2RES-Ulcinj-Ulqin-Montenegro-150x150.jpg\" class=\"attachment-thumbnail size-thumbnail\" alt=\"\" loading=\"lazy\" \/><\/a>\n\t\t\t<\/dt><\/dl><br style=\"clear: both\" \/>\n\t\t<\/div>\n\n","protected":false},"excerpt":{"rendered":"<p>Mbahet takimi rajonal ne kuad\u00ebr t\u00eb projektit \u201eM2RES&#8221; N\u00eb Komun\u00ebn e Ulqinit u mbajt sot takimi rajonal ne kuad\u00ebr t\u00eb projektit \u201eM2RES&#8221; i finansuar nga Bashkimi Europian. N\u00eb ket\u00eb takim u prezantuan tre studime t\u00eb ndryshme mbi mund\u00ebsin\u00eb e shfyrt\u00ebzimit t\u00eb energjis\u00eb t\u00eb rinvoushme n\u00eb Mal t\u00eb Zi, me fokus n\u00eb zon\u00ebn bregdetare. K\u00ebto studime [&hellip;]<\/p>\n","protected":false},"author":1,"featured_media":0,"comment_status":"open","ping_status":"closed","sticky":false,"template":"","format":"standard","meta":{"spay_email":"","jetpack_publicize_message":"","jetpack_is_tweetstorm":false,"jetpack_publicize_feature_enabled":true},"categories":[6950],"tags":[16426,21165,200,18],"jetpack_publicize_connections":[],"yoast_head":"<!-- This site is optimized with the Yoast SEO plugin v19.1 - https:\/\/yoast.com\/wordpress\/plugins\/seo\/ -->\n<title>N\u00eb Ulqin mbahet takimi rajonal t\u00eb projektit \u201eM2RES&quot; - Lajme nga Ulqini<\/title>\n<meta name=\"description\" content=\"Mbahet takimi rajonal ne kuad\u00ebr t\u00eb projektit \u201eM2RES&quot; N\u00eb Komun\u00ebn e Ulqinit u mbajt sot takimi rajonal ne kuad\u00ebr t\u00eb projektit \u201eM2RES&quot; i finansuar nga\" \/>\n<meta name=\"robots\" content=\"index, follow, max-snippet:-1, max-image-preview:large, max-video-preview:-1\" \/>\n<link rel=\"canonical\" href=\"https:\/\/www.visit-ulcinj.com\/blog\/2012\/10\/06\/ne-ulqin-mbahet-takimi-rajonal-te-projektit-m2res\/\" \/>\n<meta property=\"og:locale\" content=\"en_US\" \/>\n<meta property=\"og:type\" content=\"article\" \/>\n<meta property=\"og:title\" content=\"N\u00eb Ulqin mbahet takimi rajonal t\u00eb projektit \u201eM2RES&quot; - Lajme nga Ulqini\" \/>\n<meta property=\"og:description\" content=\"Mbahet takimi rajonal ne kuad\u00ebr t\u00eb projektit \u201eM2RES&quot; N\u00eb Komun\u00ebn e Ulqinit u mbajt sot takimi rajonal ne kuad\u00ebr t\u00eb projektit \u201eM2RES&quot; i finansuar nga\" \/>\n<meta property=\"og:url\" content=\"https:\/\/www.visit-ulcinj.com\/blog\/2012\/10\/06\/ne-ulqin-mbahet-takimi-rajonal-te-projektit-m2res\/\" \/>\n<meta property=\"og:site_name\" content=\"Lajme nga Ulqini\" \/>\n<meta property=\"article:published_time\" content=\"2012-10-06T17:53:07+00:00\" \/>\n<meta property=\"og:image\" content=\"https:\/\/www.visit-ulcinj.com\/blog\/wp-content\/uploads\/2012\/10\/Projekt-M2RES-Ulcinj-Ulqin-Montenegro.2-150x150.jpg\" \/>\n<meta name=\"twitter:label1\" content=\"Written by\" \/>\n\t<meta name=\"twitter:data1\" content=\"ulqini\" \/>\n\t<meta name=\"twitter:label2\" content=\"Est. reading time\" \/>\n\t<meta name=\"twitter:data2\" content=\"1 minute\" \/>\n<script type=\"application\/ld+json\" class=\"yoast-schema-graph\">{\"@context\":\"https:\/\/schema.org\",\"@graph\":[{\"@type\":\"WebSite\",\"@id\":\"https:\/\/www.visit-ulcinj.com\/blog\/#website\",\"url\":\"https:\/\/www.visit-ulcinj.com\/blog\/\",\"name\":\"Lajme nga Ulqini\",\"description\":\"Lajme,Vijesti,Ulqini,Ulqin,Crna Gora,Mali i Zi\",\"potentialAction\":[{\"@type\":\"SearchAction\",\"target\":{\"@type\":\"EntryPoint\",\"urlTemplate\":\"https:\/\/www.visit-ulcinj.com\/blog\/?s={search_term_string}\"},\"query-input\":\"required name=search_term_string\"}],\"inLanguage\":\"en-US\"},{\"@type\":\"ImageObject\",\"inLanguage\":\"en-US\",\"@id\":\"https:\/\/www.visit-ulcinj.com\/blog\/2012\/10\/06\/ne-ulqin-mbahet-takimi-rajonal-te-projektit-m2res\/#primaryimage\",\"url\":\"https:\/\/www.visit-ulcinj.com\/blog\/wp-content\/uploads\/2012\/10\/Projekt-M2RES-Ulcinj-Ulqin-Montenegro.2.jpg\",\"contentUrl\":\"https:\/\/www.visit-ulcinj.com\/blog\/wp-content\/uploads\/2012\/10\/Projekt-M2RES-Ulcinj-Ulqin-Montenegro.2.jpg\",\"width\":\"640\",\"height\":\"424\"},{\"@type\":\"WebPage\",\"@id\":\"https:\/\/www.visit-ulcinj.com\/blog\/2012\/10\/06\/ne-ulqin-mbahet-takimi-rajonal-te-projektit-m2res\/#webpage\",\"url\":\"https:\/\/www.visit-ulcinj.com\/blog\/2012\/10\/06\/ne-ulqin-mbahet-takimi-rajonal-te-projektit-m2res\/\",\"name\":\"N\u00eb Ulqin mbahet takimi rajonal t\u00eb projektit \u201eM2RES\\\" - Lajme nga Ulqini\",\"isPartOf\":{\"@id\":\"https:\/\/www.visit-ulcinj.com\/blog\/#website\"},\"primaryImageOfPage\":{\"@id\":\"https:\/\/www.visit-ulcinj.com\/blog\/2012\/10\/06\/ne-ulqin-mbahet-takimi-rajonal-te-projektit-m2res\/#primaryimage\"},\"datePublished\":\"2012-10-06T17:53:07+00:00\",\"dateModified\":\"2012-10-06T17:53:07+00:00\",\"author\":{\"@id\":\"https:\/\/www.visit-ulcinj.com\/blog\/#\/schema\/person\/dcab619c614d3038751c63bc2aadc06d\"},\"description\":\"Mbahet takimi rajonal ne kuad\u00ebr t\u00eb projektit \u201eM2RES\\\" N\u00eb Komun\u00ebn e Ulqinit u mbajt sot takimi rajonal ne kuad\u00ebr t\u00eb projektit \u201eM2RES\\\" i finansuar nga\",\"breadcrumb\":{\"@id\":\"https:\/\/www.visit-ulcinj.com\/blog\/2012\/10\/06\/ne-ulqin-mbahet-takimi-rajonal-te-projektit-m2res\/#breadcrumb\"},\"inLanguage\":\"en-US\",\"potentialAction\":[{\"@type\":\"ReadAction\",\"target\":[\"https:\/\/www.visit-ulcinj.com\/blog\/2012\/10\/06\/ne-ulqin-mbahet-takimi-rajonal-te-projektit-m2res\/\"]}]},{\"@type\":\"BreadcrumbList\",\"@id\":\"https:\/\/www.visit-ulcinj.com\/blog\/2012\/10\/06\/ne-ulqin-mbahet-takimi-rajonal-te-projektit-m2res\/#breadcrumb\",\"itemListElement\":[{\"@type\":\"ListItem\",\"position\":1,\"name\":\"N\u00eb Ulqin mbahet takimi rajonal t\u00eb projektit \u201eM2RES&#8221;\"}]},{\"@type\":\"Person\",\"@id\":\"https:\/\/www.visit-ulcinj.com\/blog\/#\/schema\/person\/dcab619c614d3038751c63bc2aadc06d\",\"name\":\"ulqini\",\"sameAs\":[\"http:\/\/www.visit-ulcinj.com\"],\"url\":\"https:\/\/www.visit-ulcinj.com\/blog\/author\/admin\/\"}]}<\/script>\n<!-- \/ Yoast SEO plugin. -->","yoast_head_json":{"title":"N\u00eb Ulqin mbahet takimi rajonal t\u00eb projektit \u201eM2RES\" - Lajme nga Ulqini","description":"Mbahet takimi rajonal ne kuad\u00ebr t\u00eb projektit \u201eM2RES\" N\u00eb Komun\u00ebn e Ulqinit u mbajt sot takimi rajonal ne kuad\u00ebr t\u00eb projektit \u201eM2RES\" i finansuar nga","robots":{"index":"index","follow":"follow","max-snippet":"max-snippet:-1","max-image-preview":"max-image-preview:large","max-video-preview":"max-video-preview:-1"},"canonical":"https:\/\/www.visit-ulcinj.com\/blog\/2012\/10\/06\/ne-ulqin-mbahet-takimi-rajonal-te-projektit-m2res\/","og_locale":"en_US","og_type":"article","og_title":"N\u00eb Ulqin mbahet takimi rajonal t\u00eb projektit \u201eM2RES\" - Lajme nga Ulqini","og_description":"Mbahet takimi rajonal ne kuad\u00ebr t\u00eb projektit \u201eM2RES\" N\u00eb Komun\u00ebn e Ulqinit u mbajt sot takimi rajonal ne kuad\u00ebr t\u00eb projektit \u201eM2RES\" i finansuar nga","og_url":"https:\/\/www.visit-ulcinj.com\/blog\/2012\/10\/06\/ne-ulqin-mbahet-takimi-rajonal-te-projektit-m2res\/","og_site_name":"Lajme nga Ulqini","article_published_time":"2012-10-06T17:53:07+00:00","og_image":[{"url":"https:\/\/www.visit-ulcinj.com\/blog\/wp-content\/uploads\/2012\/10\/Projekt-M2RES-Ulcinj-Ulqin-Montenegro.2-150x150.jpg"}],"twitter_misc":{"Written by":"ulqini","Est. reading time":"1 minute"},"schema":{"@context":"https:\/\/schema.org","@graph":[{"@type":"WebSite","@id":"https:\/\/www.visit-ulcinj.com\/blog\/#website","url":"https:\/\/www.visit-ulcinj.com\/blog\/","name":"Lajme nga Ulqini","description":"Lajme,Vijesti,Ulqini,Ulqin,Crna Gora,Mali i Zi","potentialAction":[{"@type":"SearchAction","target":{"@type":"EntryPoint","urlTemplate":"https:\/\/www.visit-ulcinj.com\/blog\/?s={search_term_string}"},"query-input":"required name=search_term_string"}],"inLanguage":"en-US"},{"@type":"ImageObject","inLanguage":"en-US","@id":"https:\/\/www.visit-ulcinj.com\/blog\/2012\/10\/06\/ne-ulqin-mbahet-takimi-rajonal-te-projektit-m2res\/#primaryimage","url":"https:\/\/www.visit-ulcinj.com\/blog\/wp-content\/uploads\/2012\/10\/Projekt-M2RES-Ulcinj-Ulqin-Montenegro.2.jpg","contentUrl":"https:\/\/www.visit-ulcinj.com\/blog\/wp-content\/uploads\/2012\/10\/Projekt-M2RES-Ulcinj-Ulqin-Montenegro.2.jpg","width":"640","height":"424"},{"@type":"WebPage","@id":"https:\/\/www.visit-ulcinj.com\/blog\/2012\/10\/06\/ne-ulqin-mbahet-takimi-rajonal-te-projektit-m2res\/#webpage","url":"https:\/\/www.visit-ulcinj.com\/blog\/2012\/10\/06\/ne-ulqin-mbahet-takimi-rajonal-te-projektit-m2res\/","name":"N\u00eb Ulqin mbahet takimi rajonal t\u00eb projektit \u201eM2RES\" - Lajme nga Ulqini","isPartOf":{"@id":"https:\/\/www.visit-ulcinj.com\/blog\/#website"},"primaryImageOfPage":{"@id":"https:\/\/www.visit-ulcinj.com\/blog\/2012\/10\/06\/ne-ulqin-mbahet-takimi-rajonal-te-projektit-m2res\/#primaryimage"},"datePublished":"2012-10-06T17:53:07+00:00","dateModified":"2012-10-06T17:53:07+00:00","author":{"@id":"https:\/\/www.visit-ulcinj.com\/blog\/#\/schema\/person\/dcab619c614d3038751c63bc2aadc06d"},"description":"Mbahet takimi rajonal ne kuad\u00ebr t\u00eb projektit \u201eM2RES\" N\u00eb Komun\u00ebn e Ulqinit u mbajt sot takimi rajonal ne kuad\u00ebr t\u00eb projektit \u201eM2RES\" i finansuar nga","breadcrumb":{"@id":"https:\/\/www.visit-ulcinj.com\/blog\/2012\/10\/06\/ne-ulqin-mbahet-takimi-rajonal-te-projektit-m2res\/#breadcrumb"},"inLanguage":"en-US","potentialAction":[{"@type":"ReadAction","target":["https:\/\/www.visit-ulcinj.com\/blog\/2012\/10\/06\/ne-ulqin-mbahet-takimi-rajonal-te-projektit-m2res\/"]}]},{"@type":"BreadcrumbList","@id":"https:\/\/www.visit-ulcinj.com\/blog\/2012\/10\/06\/ne-ulqin-mbahet-takimi-rajonal-te-projektit-m2res\/#breadcrumb","itemListElement":[{"@type":"ListItem","position":1,"name":"N\u00eb Ulqin mbahet takimi rajonal t\u00eb projektit \u201eM2RES&#8221;"}]},{"@type":"Person","@id":"https:\/\/www.visit-ulcinj.com\/blog\/#\/schema\/person\/dcab619c614d3038751c63bc2aadc06d","name":"ulqini","sameAs":["http:\/\/www.visit-ulcinj.com"],"url":"https:\/\/www.visit-ulcinj.com\/blog\/author\/admin\/"}]}},"jetpack_featured_media_url":"","jetpack_sharing_enabled":true,"jetpack_shortlink":"https:\/\/wp.me\/pe6lTn-gKn","_links":{"self":[{"href":"https:\/\/www.visit-ulcinj.com\/blog\/wp-json\/wp\/v2\/posts\/64379"}],"collection":[{"href":"https:\/\/www.visit-ulcinj.com\/blog\/wp-json\/wp\/v2\/posts"}],"about":[{"href":"https:\/\/www.visit-ulcinj.com\/blog\/wp-json\/wp\/v2\/types\/post"}],"author":[{"embeddable":true,"href":"https:\/\/www.visit-ulcinj.com\/blog\/wp-json\/wp\/v2\/users\/1"}],"replies":[{"embeddable":true,"href":"https:\/\/www.visit-ulcinj.com\/blog\/wp-json\/wp\/v2\/comments?post=64379"}],"version-history":[{"count":1,"href":"https:\/\/www.visit-ulcinj.com\/blog\/wp-json\/wp\/v2\/posts\/64379\/revisions"}],"predecessor-version":[{"id":64386,"href":"https:\/\/www.visit-ulcinj.com\/blog\/wp-json\/wp\/v2\/posts\/64379\/revisions\/64386"}],"wp:attachment":[{"href":"https:\/\/www.visit-ulcinj.com\/blog\/wp-json\/wp\/v2\/media?parent=64379"}],"wp:term":[{"taxonomy":"category","embeddable":true,"href":"https:\/\/www.visit-ulcinj.com\/blog\/wp-json\/wp\/v2\/categories?post=64379"},{"taxonomy":"post_tag","embeddable":true,"href":"https:\/\/www.visit-ulcinj.com\/blog\/wp-json\/wp\/v2\/tags?post=64379"}],"curies":[{"name":"wp","href":"https:\/\/api.w.org\/{rel}","templated":true}]}}