{"id":64396,"date":"2012-10-06T19:19:03","date_gmt":"2012-10-06T18:19:03","guid":{"rendered":"http:\/\/www.visit-ulcinj.com\/blog\/?p=64396"},"modified":"2012-10-06T19:20:06","modified_gmt":"2012-10-06T18:20:06","slug":"nimanbegu-dosta-su-albanske-partije-bile-dekor-u-vladi","status":"publish","type":"post","link":"https:\/\/www.visit-ulcinj.com\/blog\/2012\/10\/06\/nimanbegu-dosta-su-albanske-partije-bile-dekor-u-vladi\/","title":{"rendered":"Nimanbegu: Dosta su albanske partije bile dekor u Vladi"},"content":{"rendered":"<p><a href=\"http:\/\/www.visit-ulcinj.com\/blog\/wp-content\/uploads\/2012\/10\/Genci-Nimanbegu.jpg\"><img loading=\"lazy\" class=\"alignleft  wp-image-64397\" title=\"Genci Nimanbegu\" src=\"http:\/\/www.visit-ulcinj.com\/blog\/wp-content\/uploads\/2012\/10\/Genci-Nimanbegu.jpg\" alt=\"\" width=\"350\" height=\"400\" \/><\/a>Nimanbegu je izbjegao da direktno odgovori sa kim bi Forca za jedinstvo sara\u0111ivala u slu\u010daju da bude u poziciji da odlu\u010duje o vlasti.<br \/>\nPraksa vladaju\u0107e koalicije da sara\u0111uje samo sa jednom albanskom partijom nije dobra za polo\u017eaj Albanaca u Crnoj Gori, ocijenio je kandidat izborne liste Forca za jedinstvo Genci Nimanbegu.<\/p>\n<p>Nimanbegu je izbjegao da direktno odgovori sa kim bi Forca za jedinstvo sara\u0111ivala u slu\u010daju da bude u poziciji da odlu\u010duje o vlasti i istakao da \u0107e prvi korak nakon izbora biti dogovor albanskih poslanika o zajedni\u010dkoj platformi.<\/p>\n<p>Tako bi se, smatra on, usaglasili njihovi politi\u010dki ciljevi i iznijeli zajedni\u010dki uslovi za pregovore.<br \/>\n&#8220;Dosada\u0161nja praksa da partner Vladi bude samo jedna partija, koja je slu\u017eila da bi amortizovala legitimne zahtjeve Albanaca u Crnoj Gori, pokazala se kao pogre\u0161na i \u0161tetna \u010dak i po taj politi\u010dki subjekt a \u0161to je najva\u017enije i za polo\u017eaj Albanaca u Crnoj Gori&#8221;, kazao je Nimanbegu u razgovoru za \u201cVijesti\u201d.<\/p>\n<p>On je poru\u010dio da Forca za jedinstvo ima jasne politi\u010dke zahtjeve i da je njihovo prihva\u0107anje uslov za stvaranje budu\u0107ih saveza oko vlasti u Crnoj Gori.<\/p>\n<p>&#8220;Ono \u0161to mi tra\u017eimo je partnerstvo jer ne \u017eelimo slu\u017eiti kao dekor u Vladi&#8221;.<\/p>\n<p>U programu Force za jedinstvo, kako je naveo, prioritet je decentralizacija vlasti i ja\u010danje pravne dr\u017eave kao i ja\u010danje primjene Ustava i Zakona.<\/p>\n<p>\u201cTo se posebno odnosi na ostvarivanje punopravne Op\u0161tine Malesija-Tuzi, ali i ispravljanje nepravde zbog granice morskog dobra u Ulcinju i na br\u017ee rje\u0161avanje predmeta u vezi s vra\u0107anjem imovine i imovinskih prava\u201d, ocijenio je on dodav\u0161i da \u0107e se Forca i ubudu\u0107e zalagati za ja\u010danje nacionalnog identiteta Albanaca, kulture i tradicije.<\/p>\n<p>Nimanbegu tvrdi da je decentralizacija obavezna i u sferi \u0161kolstva, zdravstva, dr\u017eavne uprave ali i u oblasti finansija i poreza.<br \/>\n\u201cRavnomjerni ekonomski razvoj koji bi uticao na smanjenje regionalne nejednakosti, pove\u0107anje zapo\u0161ljenosti i mogu\u0107e zaustavljanje iseljavanja, posebno sa podru\u010dja Malesije, Plava, Gusinja i Krajine\u201d, naveo je Nimanbegu i ocijenio da u procesu evropskih i evroatlantskih integracija, njegova partija nema dileme<\/p>\n<p>\u201cSmatramo da su integracije u EU i NATO uslov za napredovanje na polju prava nacionalnih manjina kao i za privla\u010denje investicija\u201d, tvrdi on.<\/p>\n<p>Nimanbegu je negirao da je u pregovorima albanskih partija oko stvaranja \u0161iroke koalicije, Forca ultimativno tra\u017eila mjesto ministra manjina u budu\u0107oj Vladi.<\/p>\n<p>\u201cSmatramo da je potrebno da se poka\u017ee da Albanci imaju potencijala da pokrivaju odgovornija mjesta u Vladi od Ministarstva manjina i pomo\u0107nika resora\u201d, ocijenio je on.<\/p>\n<p>Podsjetio je da je klub albanskih poslanika imao sastanak sa premijerom Igorom Luk\u0161i\u0107em na kome je najve\u0107i dio njihovih politi\u010dkih zahtjeva ocijenjen kao \u201crealan i ostvariv\u201c.<\/p>\n<p>\u201cIpak u politici, pored me\u0111usobnog povjerenja potrebnije je imati jasne rezultate, rokove i zajedni\u010dke ciljeve. I sa opozicijom i pozicijom imamo zajedni\u010dkih ciljeva, ali i zna\u010dajnih neslaganja\u201d, kazao je Nimanbegu navode\u0107i da je dugoro\u010dni cilj Force, stvaranje \u0161to ve\u0107eg jedinstva me\u0111u albanskim partijama.<\/p>\n<p>Zahtjevi Albanaca u Crnoj Gori, prema njegovom mi\u0161ljenju, lak\u0161e bi se realizovali \u201eako bi pri\u010dali isto i jednim glasom\u201c.<\/p>\n<p><a href=\"http:\/\/www.vijesti.me\/vijesti\/nimanbegu-dosta-su-albanske-partije-bile-dekor-vladi-clanak-94638\" target=\"_blank\"><strong>Samir Kajo\u0161evi\u0107<\/strong><\/a><br \/>\n<a href=\"http:\/\/www.vijesti.me\/vijesti\/nimanbegu-dosta-su-albanske-partije-bile-dekor-vladi-clanak-94638\" target=\"_blank\"><strong>Vijesti online<\/strong><\/a><\/p>\n","protected":false},"excerpt":{"rendered":"<p>Nimanbegu je izbjegao da direktno odgovori sa kim bi Forca za jedinstvo sara\u0111ivala u slu\u010daju da bude u poziciji da odlu\u010duje o vlasti. Praksa vladaju\u0107e koalicije da sara\u0111uje samo sa jednom albanskom partijom nije dobra za polo\u017eaj Albanaca u Crnoj Gori, ocijenio je kandidat izborne liste Forca za jedinstvo Genci Nimanbegu. Nimanbegu je izbjegao da [&hellip;]<\/p>\n","protected":false},"author":1,"featured_media":0,"comment_status":"open","ping_status":"closed","sticky":false,"template":"","format":"standard","meta":{"spay_email":"","jetpack_publicize_message":"","jetpack_is_tweetstorm":false,"jetpack_publicize_feature_enabled":true},"categories":[8337],"tags":[1520,1073,19],"jetpack_publicize_connections":[],"yoast_head":"<!-- This site is optimized with the Yoast SEO plugin v19.1 - https:\/\/yoast.com\/wordpress\/plugins\/seo\/ -->\n<title>Nimanbegu: Dosta su albanske partije bile dekor u Vladi - Lajme nga Ulqini<\/title>\n<meta name=\"description\" content=\"Nimanbegu je izbjegao da direktno odgovori sa kim bi Forca za jedinstvo sara\u0111ivala u slu\u010daju da bude u poziciji da odlu\u010duje o vlasti. Praksa vladaju\u0107e\" \/>\n<meta name=\"robots\" content=\"index, follow, max-snippet:-1, max-image-preview:large, max-video-preview:-1\" \/>\n<link rel=\"canonical\" href=\"https:\/\/www.visit-ulcinj.com\/blog\/2012\/10\/06\/nimanbegu-dosta-su-albanske-partije-bile-dekor-u-vladi\/\" \/>\n<meta property=\"og:locale\" content=\"en_US\" \/>\n<meta property=\"og:type\" content=\"article\" \/>\n<meta property=\"og:title\" content=\"Nimanbegu: Dosta su albanske partije bile dekor u Vladi - Lajme nga Ulqini\" \/>\n<meta property=\"og:description\" content=\"Nimanbegu je izbjegao da direktno odgovori sa kim bi Forca za jedinstvo sara\u0111ivala u slu\u010daju da bude u poziciji da odlu\u010duje o vlasti. Praksa vladaju\u0107e\" \/>\n<meta property=\"og:url\" content=\"https:\/\/www.visit-ulcinj.com\/blog\/2012\/10\/06\/nimanbegu-dosta-su-albanske-partije-bile-dekor-u-vladi\/\" \/>\n<meta property=\"og:site_name\" content=\"Lajme nga Ulqini\" \/>\n<meta property=\"article:published_time\" content=\"2012-10-06T18:19:03+00:00\" \/>\n<meta property=\"article:modified_time\" content=\"2012-10-06T18:20:06+00:00\" \/>\n<meta property=\"og:image\" content=\"http:\/\/www.visit-ulcinj.com\/blog\/wp-content\/uploads\/2012\/10\/Genci-Nimanbegu.jpg\" \/>\n<meta name=\"twitter:label1\" content=\"Written by\" \/>\n\t<meta name=\"twitter:data1\" content=\"ulqini\" \/>\n\t<meta name=\"twitter:label2\" content=\"Est. reading time\" \/>\n\t<meta name=\"twitter:data2\" content=\"3 minutes\" \/>\n<script type=\"application\/ld+json\" class=\"yoast-schema-graph\">{\"@context\":\"https:\/\/schema.org\",\"@graph\":[{\"@type\":\"WebSite\",\"@id\":\"https:\/\/www.visit-ulcinj.com\/blog\/#website\",\"url\":\"https:\/\/www.visit-ulcinj.com\/blog\/\",\"name\":\"Lajme nga Ulqini\",\"description\":\"Lajme,Vijesti,Ulqini,Ulqin,Crna Gora,Mali i Zi\",\"potentialAction\":[{\"@type\":\"SearchAction\",\"target\":{\"@type\":\"EntryPoint\",\"urlTemplate\":\"https:\/\/www.visit-ulcinj.com\/blog\/?s={search_term_string}\"},\"query-input\":\"required name=search_term_string\"}],\"inLanguage\":\"en-US\"},{\"@type\":\"ImageObject\",\"inLanguage\":\"en-US\",\"@id\":\"https:\/\/www.visit-ulcinj.com\/blog\/2012\/10\/06\/nimanbegu-dosta-su-albanske-partije-bile-dekor-u-vladi\/#primaryimage\",\"url\":\"https:\/\/www.visit-ulcinj.com\/blog\/wp-content\/uploads\/2012\/10\/Genci-Nimanbegu.jpg\",\"contentUrl\":\"https:\/\/www.visit-ulcinj.com\/blog\/wp-content\/uploads\/2012\/10\/Genci-Nimanbegu.jpg\",\"width\":\"425\",\"height\":\"640\"},{\"@type\":\"WebPage\",\"@id\":\"https:\/\/www.visit-ulcinj.com\/blog\/2012\/10\/06\/nimanbegu-dosta-su-albanske-partije-bile-dekor-u-vladi\/#webpage\",\"url\":\"https:\/\/www.visit-ulcinj.com\/blog\/2012\/10\/06\/nimanbegu-dosta-su-albanske-partije-bile-dekor-u-vladi\/\",\"name\":\"Nimanbegu: Dosta su albanske partije bile dekor u Vladi - Lajme nga Ulqini\",\"isPartOf\":{\"@id\":\"https:\/\/www.visit-ulcinj.com\/blog\/#website\"},\"primaryImageOfPage\":{\"@id\":\"https:\/\/www.visit-ulcinj.com\/blog\/2012\/10\/06\/nimanbegu-dosta-su-albanske-partije-bile-dekor-u-vladi\/#primaryimage\"},\"datePublished\":\"2012-10-06T18:19:03+00:00\",\"dateModified\":\"2012-10-06T18:20:06+00:00\",\"author\":{\"@id\":\"https:\/\/www.visit-ulcinj.com\/blog\/#\/schema\/person\/dcab619c614d3038751c63bc2aadc06d\"},\"description\":\"Nimanbegu je izbjegao da direktno odgovori sa kim bi Forca za jedinstvo sara\u0111ivala u slu\u010daju da bude u poziciji da odlu\u010duje o vlasti. Praksa vladaju\u0107e\",\"breadcrumb\":{\"@id\":\"https:\/\/www.visit-ulcinj.com\/blog\/2012\/10\/06\/nimanbegu-dosta-su-albanske-partije-bile-dekor-u-vladi\/#breadcrumb\"},\"inLanguage\":\"en-US\",\"potentialAction\":[{\"@type\":\"ReadAction\",\"target\":[\"https:\/\/www.visit-ulcinj.com\/blog\/2012\/10\/06\/nimanbegu-dosta-su-albanske-partije-bile-dekor-u-vladi\/\"]}]},{\"@type\":\"BreadcrumbList\",\"@id\":\"https:\/\/www.visit-ulcinj.com\/blog\/2012\/10\/06\/nimanbegu-dosta-su-albanske-partije-bile-dekor-u-vladi\/#breadcrumb\",\"itemListElement\":[{\"@type\":\"ListItem\",\"position\":1,\"name\":\"Nimanbegu: Dosta su albanske partije bile dekor u Vladi\"}]},{\"@type\":\"Person\",\"@id\":\"https:\/\/www.visit-ulcinj.com\/blog\/#\/schema\/person\/dcab619c614d3038751c63bc2aadc06d\",\"name\":\"ulqini\",\"sameAs\":[\"http:\/\/www.visit-ulcinj.com\"],\"url\":\"https:\/\/www.visit-ulcinj.com\/blog\/author\/admin\/\"}]}<\/script>\n<!-- \/ Yoast SEO plugin. -->","yoast_head_json":{"title":"Nimanbegu: Dosta su albanske partije bile dekor u Vladi - Lajme nga Ulqini","description":"Nimanbegu je izbjegao da direktno odgovori sa kim bi Forca za jedinstvo sara\u0111ivala u slu\u010daju da bude u poziciji da odlu\u010duje o vlasti. Praksa vladaju\u0107e","robots":{"index":"index","follow":"follow","max-snippet":"max-snippet:-1","max-image-preview":"max-image-preview:large","max-video-preview":"max-video-preview:-1"},"canonical":"https:\/\/www.visit-ulcinj.com\/blog\/2012\/10\/06\/nimanbegu-dosta-su-albanske-partije-bile-dekor-u-vladi\/","og_locale":"en_US","og_type":"article","og_title":"Nimanbegu: Dosta su albanske partije bile dekor u Vladi - Lajme nga Ulqini","og_description":"Nimanbegu je izbjegao da direktno odgovori sa kim bi Forca za jedinstvo sara\u0111ivala u slu\u010daju da bude u poziciji da odlu\u010duje o vlasti. Praksa vladaju\u0107e","og_url":"https:\/\/www.visit-ulcinj.com\/blog\/2012\/10\/06\/nimanbegu-dosta-su-albanske-partije-bile-dekor-u-vladi\/","og_site_name":"Lajme nga Ulqini","article_published_time":"2012-10-06T18:19:03+00:00","article_modified_time":"2012-10-06T18:20:06+00:00","og_image":[{"url":"http:\/\/www.visit-ulcinj.com\/blog\/wp-content\/uploads\/2012\/10\/Genci-Nimanbegu.jpg"}],"twitter_misc":{"Written by":"ulqini","Est. reading time":"3 minutes"},"schema":{"@context":"https:\/\/schema.org","@graph":[{"@type":"WebSite","@id":"https:\/\/www.visit-ulcinj.com\/blog\/#website","url":"https:\/\/www.visit-ulcinj.com\/blog\/","name":"Lajme nga Ulqini","description":"Lajme,Vijesti,Ulqini,Ulqin,Crna Gora,Mali i Zi","potentialAction":[{"@type":"SearchAction","target":{"@type":"EntryPoint","urlTemplate":"https:\/\/www.visit-ulcinj.com\/blog\/?s={search_term_string}"},"query-input":"required name=search_term_string"}],"inLanguage":"en-US"},{"@type":"ImageObject","inLanguage":"en-US","@id":"https:\/\/www.visit-ulcinj.com\/blog\/2012\/10\/06\/nimanbegu-dosta-su-albanske-partije-bile-dekor-u-vladi\/#primaryimage","url":"https:\/\/www.visit-ulcinj.com\/blog\/wp-content\/uploads\/2012\/10\/Genci-Nimanbegu.jpg","contentUrl":"https:\/\/www.visit-ulcinj.com\/blog\/wp-content\/uploads\/2012\/10\/Genci-Nimanbegu.jpg","width":"425","height":"640"},{"@type":"WebPage","@id":"https:\/\/www.visit-ulcinj.com\/blog\/2012\/10\/06\/nimanbegu-dosta-su-albanske-partije-bile-dekor-u-vladi\/#webpage","url":"https:\/\/www.visit-ulcinj.com\/blog\/2012\/10\/06\/nimanbegu-dosta-su-albanske-partije-bile-dekor-u-vladi\/","name":"Nimanbegu: Dosta su albanske partije bile dekor u Vladi - Lajme nga Ulqini","isPartOf":{"@id":"https:\/\/www.visit-ulcinj.com\/blog\/#website"},"primaryImageOfPage":{"@id":"https:\/\/www.visit-ulcinj.com\/blog\/2012\/10\/06\/nimanbegu-dosta-su-albanske-partije-bile-dekor-u-vladi\/#primaryimage"},"datePublished":"2012-10-06T18:19:03+00:00","dateModified":"2012-10-06T18:20:06+00:00","author":{"@id":"https:\/\/www.visit-ulcinj.com\/blog\/#\/schema\/person\/dcab619c614d3038751c63bc2aadc06d"},"description":"Nimanbegu je izbjegao da direktno odgovori sa kim bi Forca za jedinstvo sara\u0111ivala u slu\u010daju da bude u poziciji da odlu\u010duje o vlasti. Praksa vladaju\u0107e","breadcrumb":{"@id":"https:\/\/www.visit-ulcinj.com\/blog\/2012\/10\/06\/nimanbegu-dosta-su-albanske-partije-bile-dekor-u-vladi\/#breadcrumb"},"inLanguage":"en-US","potentialAction":[{"@type":"ReadAction","target":["https:\/\/www.visit-ulcinj.com\/blog\/2012\/10\/06\/nimanbegu-dosta-su-albanske-partije-bile-dekor-u-vladi\/"]}]},{"@type":"BreadcrumbList","@id":"https:\/\/www.visit-ulcinj.com\/blog\/2012\/10\/06\/nimanbegu-dosta-su-albanske-partije-bile-dekor-u-vladi\/#breadcrumb","itemListElement":[{"@type":"ListItem","position":1,"name":"Nimanbegu: Dosta su albanske partije bile dekor u Vladi"}]},{"@type":"Person","@id":"https:\/\/www.visit-ulcinj.com\/blog\/#\/schema\/person\/dcab619c614d3038751c63bc2aadc06d","name":"ulqini","sameAs":["http:\/\/www.visit-ulcinj.com"],"url":"https:\/\/www.visit-ulcinj.com\/blog\/author\/admin\/"}]}},"jetpack_featured_media_url":"","jetpack_sharing_enabled":true,"jetpack_shortlink":"https:\/\/wp.me\/pe6lTn-gKE","_links":{"self":[{"href":"https:\/\/www.visit-ulcinj.com\/blog\/wp-json\/wp\/v2\/posts\/64396"}],"collection":[{"href":"https:\/\/www.visit-ulcinj.com\/blog\/wp-json\/wp\/v2\/posts"}],"about":[{"href":"https:\/\/www.visit-ulcinj.com\/blog\/wp-json\/wp\/v2\/types\/post"}],"author":[{"embeddable":true,"href":"https:\/\/www.visit-ulcinj.com\/blog\/wp-json\/wp\/v2\/users\/1"}],"replies":[{"embeddable":true,"href":"https:\/\/www.visit-ulcinj.com\/blog\/wp-json\/wp\/v2\/comments?post=64396"}],"version-history":[{"count":2,"href":"https:\/\/www.visit-ulcinj.com\/blog\/wp-json\/wp\/v2\/posts\/64396\/revisions"}],"predecessor-version":[{"id":64399,"href":"https:\/\/www.visit-ulcinj.com\/blog\/wp-json\/wp\/v2\/posts\/64396\/revisions\/64399"}],"wp:attachment":[{"href":"https:\/\/www.visit-ulcinj.com\/blog\/wp-json\/wp\/v2\/media?parent=64396"}],"wp:term":[{"taxonomy":"category","embeddable":true,"href":"https:\/\/www.visit-ulcinj.com\/blog\/wp-json\/wp\/v2\/categories?post=64396"},{"taxonomy":"post_tag","embeddable":true,"href":"https:\/\/www.visit-ulcinj.com\/blog\/wp-json\/wp\/v2\/tags?post=64396"}],"curies":[{"name":"wp","href":"https:\/\/api.w.org\/{rel}","templated":true}]}}