{"id":6440,"date":"2008-11-21T14:45:49","date_gmt":"2008-11-21T19:45:49","guid":{"rendered":"http:\/\/www.visit-ulcinj.com\/blog\/?p=6440"},"modified":"2008-11-21T14:50:47","modified_gmt":"2008-11-21T19:50:47","slug":"ulqin-organizata-joqeveritare-horizonti-i-ri-organizoi-ne-fundjave-seminarin-per-te-rinj","status":"publish","type":"post","link":"https:\/\/www.visit-ulcinj.com\/blog\/2008\/11\/21\/ulqin-organizata-joqeveritare-horizonti-i-ri-organizoi-ne-fundjave-seminarin-per-te-rinj\/","title":{"rendered":"Ulqin &#8211; Organizata joqeveritare &#8220;Horizonti i ri&#8221; organizoi n\u00eb fundjav\u00eb seminarin p\u00ebr t\u00eb rinj"},"content":{"rendered":"<p><a title=\"NVO&quot;Novi Horizont&quot; Ulcinj,OJQ &quot;HORIZONTI I RI&quot; ulqin,ulqini\" href=\"http:\/\/www.visit-ulcinj.com\/blog\/wp-content\/uploads\/2008\/11\/horizonti-i-ri-ulqin.jpg\"><img loading=\"lazy\" class=\"alignleft size-medium wp-image-6441\" title=\"horizonti-i-ri-ulqin\" src=\"http:\/\/www.visit-ulcinj.com\/blog\/wp-content\/uploads\/2008\/11\/horizonti-i-ri-ulqin-300x174.jpg\" alt=\"NVO&quot;Novi Horizont&quot; Ulcinj,OJQ &quot;HORIZONTI I RI&quot; ulqin,ulqini\" width=\"393\" height=\"228\" srcset=\"https:\/\/www.visit-ulcinj.com\/blog\/wp-content\/uploads\/2008\/11\/horizonti-i-ri-ulqin-300x174.jpg 300w, https:\/\/www.visit-ulcinj.com\/blog\/wp-content\/uploads\/2008\/11\/horizonti-i-ri-ulqin.jpg 500w\" sizes=\"(max-width: 393px) 100vw, 393px\" \/><\/a><strong>Promovimi i vullnetarizmit tek t\u00eb rinjt\u00eb<\/strong><br \/>\nUlqin &#8211; Organizata joqeveritare &#8220;Horizonti i ri&#8221; organizoi n\u00eb fundjav\u00eb seminarin p\u00ebr t\u00eb rinj q\u00eb si tem\u00eb kishte promovimin e vullnetarizmit tek ata.<br \/>\nQ\u00ebllimi i seminarit ishte rritja e pjes\u00ebmarrjes aktive t\u00eb t\u00eb rinjve n\u00eb aktivitetet vullnetare, t\u00eb cilat ndihmojn\u00eb n\u00eb zgjidhjen e problemeve n\u00eb komunitetin lokal, si dhe ngritja e vet\u00ebdijes s\u00eb p\u00ebrgjithshme mbi vullnetarizmin n\u00eb komunitet.<br \/>\nN\u00eb seminar u trajtuan \u00e7\u00ebshtje t\u00eb tilla si \u00e7far\u00eb \u00ebsht\u00eb vullnetarizmi, \u00e7ka punojn\u00eb dhe \u00e7far\u00eb nuk punojn\u00eb vullnetar\u00ebt, t\u00eb drejtat dhe obligimet e vullnetar\u00ebve, p\u00ebrgjegj\u00ebsit\u00eb e t\u00eb pun\u00ebsuarve ndaj vullnetar\u00ebve, si motivohen dhe shp\u00ebrblehen vullnetar\u00ebt, etj.<br \/>\nDrejtuese dhe edukatore e k\u00ebtij seminari ishte Sabra Dragovoja e cila nga p\u00ebrvoja e vet p\u00ebrcolli te pjes\u00ebmarr\u00ebsit njohurit\u00eb dhe shkatht\u00ebsit\u00eb q\u00eb kan\u00eb t\u00eb b\u00ebjn\u00eb me vullnetarizmin.<\/p>\n<p><a href=\"http:\/\/www.ngo-horizonti.org\/index.php?lang=al\" target=\"_blank\"><strong>http:\/\/www.ngo-horizonti.org\/index.php?lang=al<\/strong><\/a><\/p>\n<p><span><strong><span style=\"font-size: x-small; font-family: Verdana;\">(Kohapress)<\/span><\/strong><\/span><\/p>\n\n\t\t<style type=\"text\/css\">\n\t\t\t#gallery-1 {\n\t\t\t\tmargin: auto;\n\t\t\t}\n\t\t\t#gallery-1 .gallery-item {\n\t\t\t\tfloat: left;\n\t\t\t\tmargin-top: 10px;\n\t\t\t\ttext-align: center;\n\t\t\t\twidth: 33%;\n\t\t\t}\n\t\t\t#gallery-1 img {\n\t\t\t\tborder: 2px solid #cfcfcf;\n\t\t\t}\n\t\t\t#gallery-1 .gallery-caption {\n\t\t\t\tmargin-left: 0;\n\t\t\t}\n\t\t\t\/* see gallery_shortcode() in wp-includes\/media.php *\/\n\t\t<\/style>\n\t\t<div id='gallery-1' class='gallery galleryid-6440 gallery-columns-3 gallery-size-thumbnail'><dl class='gallery-item'>\n\t\t\t<dt class='gallery-icon landscape'>\n\t\t\t\t<a href='https:\/\/www.visit-ulcinj.com\/blog\/2008\/11\/21\/ulqin-organizata-joqeveritare-horizonti-i-ri-organizoi-ne-fundjave-seminarin-per-te-rinj\/horizonti-i-ri-ulqin\/'><img width=\"150\" height=\"150\" src=\"https:\/\/www.visit-ulcinj.com\/blog\/wp-content\/uploads\/2008\/11\/horizonti-i-ri-ulqin-150x150.jpg\" class=\"attachment-thumbnail size-thumbnail\" alt=\"\" loading=\"lazy\" \/><\/a>\n\t\t\t<\/dt><\/dl><dl class='gallery-item'>\n\t\t\t<dt class='gallery-icon landscape'>\n\t\t\t\t<a href='https:\/\/www.visit-ulcinj.com\/blog\/2008\/11\/21\/ulqin-organizata-joqeveritare-horizonti-i-ri-organizoi-ne-fundjave-seminarin-per-te-rinj\/horizonti-i-ri-ulqin1\/'><img width=\"150\" height=\"150\" src=\"https:\/\/www.visit-ulcinj.com\/blog\/wp-content\/uploads\/2008\/11\/horizonti-i-ri-ulqin1-150x150.jpg\" class=\"attachment-thumbnail size-thumbnail\" alt=\"\" loading=\"lazy\" \/><\/a>\n\t\t\t<\/dt><\/dl><dl class='gallery-item'>\n\t\t\t<dt class='gallery-icon landscape'>\n\t\t\t\t<a href='https:\/\/www.visit-ulcinj.com\/blog\/2008\/11\/21\/ulqin-organizata-joqeveritare-horizonti-i-ri-organizoi-ne-fundjave-seminarin-per-te-rinj\/horizonti-i-ri-ulqin2\/'><img width=\"150\" height=\"150\" src=\"https:\/\/www.visit-ulcinj.com\/blog\/wp-content\/uploads\/2008\/11\/horizonti-i-ri-ulqin2-150x150.jpg\" class=\"attachment-thumbnail size-thumbnail\" alt=\"\" loading=\"lazy\" \/><\/a>\n\t\t\t<\/dt><\/dl><br style=\"clear: both\" \/><dl class='gallery-item'>\n\t\t\t<dt class='gallery-icon landscape'>\n\t\t\t\t<a href='https:\/\/www.visit-ulcinj.com\/blog\/2008\/11\/21\/ulqin-organizata-joqeveritare-horizonti-i-ri-organizoi-ne-fundjave-seminarin-per-te-rinj\/horizonti-i-ri-ulqin3\/'><img width=\"150\" height=\"150\" src=\"https:\/\/www.visit-ulcinj.com\/blog\/wp-content\/uploads\/2008\/11\/horizonti-i-ri-ulqin3-150x150.jpg\" class=\"attachment-thumbnail size-thumbnail\" alt=\"\" loading=\"lazy\" \/><\/a>\n\t\t\t<\/dt><\/dl><dl class='gallery-item'>\n\t\t\t<dt class='gallery-icon landscape'>\n\t\t\t\t<a href='https:\/\/www.visit-ulcinj.com\/blog\/2008\/11\/21\/ulqin-organizata-joqeveritare-horizonti-i-ri-organizoi-ne-fundjave-seminarin-per-te-rinj\/horizonti-i-ri-ulqin4\/'><img width=\"150\" height=\"150\" src=\"https:\/\/www.visit-ulcinj.com\/blog\/wp-content\/uploads\/2008\/11\/horizonti-i-ri-ulqin4-150x150.jpg\" class=\"attachment-thumbnail size-thumbnail\" alt=\"\" loading=\"lazy\" \/><\/a>\n\t\t\t<\/dt><\/dl><dl class='gallery-item'>\n\t\t\t<dt class='gallery-icon landscape'>\n\t\t\t\t<a href='https:\/\/www.visit-ulcinj.com\/blog\/2008\/11\/21\/ulqin-organizata-joqeveritare-horizonti-i-ri-organizoi-ne-fundjave-seminarin-per-te-rinj\/horizonti-i-ri-ulqin5\/'><img width=\"150\" height=\"150\" src=\"https:\/\/www.visit-ulcinj.com\/blog\/wp-content\/uploads\/2008\/11\/horizonti-i-ri-ulqin5-150x150.jpg\" class=\"attachment-thumbnail size-thumbnail\" alt=\"\" loading=\"lazy\" \/><\/a>\n\t\t\t<\/dt><\/dl><br style=\"clear: both\" \/><dl class='gallery-item'>\n\t\t\t<dt class='gallery-icon landscape'>\n\t\t\t\t<a href='https:\/\/www.visit-ulcinj.com\/blog\/2008\/11\/21\/ulqin-organizata-joqeveritare-horizonti-i-ri-organizoi-ne-fundjave-seminarin-per-te-rinj\/horizonti-i-ri-ulqin6\/'><img width=\"150\" height=\"150\" src=\"https:\/\/www.visit-ulcinj.com\/blog\/wp-content\/uploads\/2008\/11\/horizonti-i-ri-ulqin6-150x150.jpg\" class=\"attachment-thumbnail size-thumbnail\" alt=\"\" loading=\"lazy\" \/><\/a>\n\t\t\t<\/dt><\/dl><dl class='gallery-item'>\n\t\t\t<dt class='gallery-icon landscape'>\n\t\t\t\t<a href='https:\/\/www.visit-ulcinj.com\/blog\/2008\/11\/21\/ulqin-organizata-joqeveritare-horizonti-i-ri-organizoi-ne-fundjave-seminarin-per-te-rinj\/horizonti-i-ri-ulqin7\/'><img width=\"150\" height=\"150\" src=\"https:\/\/www.visit-ulcinj.com\/blog\/wp-content\/uploads\/2008\/11\/horizonti-i-ri-ulqin7-150x150.jpg\" class=\"attachment-thumbnail size-thumbnail\" alt=\"\" loading=\"lazy\" \/><\/a>\n\t\t\t<\/dt><\/dl><dl class='gallery-item'>\n\t\t\t<dt class='gallery-icon landscape'>\n\t\t\t\t<a href='https:\/\/www.visit-ulcinj.com\/blog\/2008\/11\/21\/ulqin-organizata-joqeveritare-horizonti-i-ri-organizoi-ne-fundjave-seminarin-per-te-rinj\/horizonti-i-ri-ulqin71\/'><img width=\"150\" height=\"150\" src=\"https:\/\/www.visit-ulcinj.com\/blog\/wp-content\/uploads\/2008\/11\/horizonti-i-ri-ulqin71-150x150.jpg\" class=\"attachment-thumbnail size-thumbnail\" alt=\"\" loading=\"lazy\" \/><\/a>\n\t\t\t<\/dt><\/dl><br style=\"clear: both\" \/><dl class='gallery-item'>\n\t\t\t<dt class='gallery-icon landscape'>\n\t\t\t\t<a href='https:\/\/www.visit-ulcinj.com\/blog\/2008\/11\/21\/ulqin-organizata-joqeveritare-horizonti-i-ri-organizoi-ne-fundjave-seminarin-per-te-rinj\/horizonti-i-ri-ulqin8\/'><img width=\"150\" height=\"150\" src=\"https:\/\/www.visit-ulcinj.com\/blog\/wp-content\/uploads\/2008\/11\/horizonti-i-ri-ulqin8-150x150.jpg\" class=\"attachment-thumbnail size-thumbnail\" alt=\"\" loading=\"lazy\" \/><\/a>\n\t\t\t<\/dt><\/dl><dl class='gallery-item'>\n\t\t\t<dt class='gallery-icon landscape'>\n\t\t\t\t<a href='https:\/\/www.visit-ulcinj.com\/blog\/2008\/11\/21\/ulqin-organizata-joqeveritare-horizonti-i-ri-organizoi-ne-fundjave-seminarin-per-te-rinj\/horizonti-i-ri-ulqin9\/'><img width=\"150\" height=\"150\" src=\"https:\/\/www.visit-ulcinj.com\/blog\/wp-content\/uploads\/2008\/11\/horizonti-i-ri-ulqin9-150x150.jpg\" class=\"attachment-thumbnail size-thumbnail\" alt=\"\" loading=\"lazy\" \/><\/a>\n\t\t\t<\/dt><\/dl><dl class='gallery-item'>\n\t\t\t<dt class='gallery-icon landscape'>\n\t\t\t\t<a href='https:\/\/www.visit-ulcinj.com\/blog\/2008\/11\/21\/ulqin-organizata-joqeveritare-horizonti-i-ri-organizoi-ne-fundjave-seminarin-per-te-rinj\/horizonti-i-ri-ulqin10\/'><img width=\"150\" height=\"150\" src=\"https:\/\/www.visit-ulcinj.com\/blog\/wp-content\/uploads\/2008\/11\/horizonti-i-ri-ulqin10-150x150.jpg\" class=\"attachment-thumbnail size-thumbnail\" alt=\"\" loading=\"lazy\" \/><\/a>\n\t\t\t<\/dt><\/dl><br style=\"clear: both\" \/><dl class='gallery-item'>\n\t\t\t<dt class='gallery-icon landscape'>\n\t\t\t\t<a href='https:\/\/www.visit-ulcinj.com\/blog\/2008\/11\/21\/ulqin-organizata-joqeveritare-horizonti-i-ri-organizoi-ne-fundjave-seminarin-per-te-rinj\/horizonti-i-ri-ulqin11\/'><img width=\"150\" height=\"150\" src=\"https:\/\/www.visit-ulcinj.com\/blog\/wp-content\/uploads\/2008\/11\/horizonti-i-ri-ulqin11-150x150.jpg\" class=\"attachment-thumbnail size-thumbnail\" alt=\"\" loading=\"lazy\" \/><\/a>\n\t\t\t<\/dt><\/dl><dl class='gallery-item'>\n\t\t\t<dt class='gallery-icon landscape'>\n\t\t\t\t<a href='https:\/\/www.visit-ulcinj.com\/blog\/2008\/11\/21\/ulqin-organizata-joqeveritare-horizonti-i-ri-organizoi-ne-fundjave-seminarin-per-te-rinj\/horizonti-i-ri-ulqin12\/'><img width=\"150\" height=\"150\" src=\"https:\/\/www.visit-ulcinj.com\/blog\/wp-content\/uploads\/2008\/11\/horizonti-i-ri-ulqin12-150x150.jpg\" class=\"attachment-thumbnail size-thumbnail\" alt=\"\" loading=\"lazy\" \/><\/a>\n\t\t\t<\/dt><\/dl><dl class='gallery-item'>\n\t\t\t<dt class='gallery-icon landscape'>\n\t\t\t\t<a href='https:\/\/www.visit-ulcinj.com\/blog\/2008\/11\/21\/ulqin-organizata-joqeveritare-horizonti-i-ri-organizoi-ne-fundjave-seminarin-per-te-rinj\/horizonti-i-ri-ulqin13\/'><img width=\"150\" height=\"150\" src=\"https:\/\/www.visit-ulcinj.com\/blog\/wp-content\/uploads\/2008\/11\/horizonti-i-ri-ulqin13-150x150.jpg\" class=\"attachment-thumbnail size-thumbnail\" alt=\"\" loading=\"lazy\" \/><\/a>\n\t\t\t<\/dt><\/dl><br style=\"clear: both\" \/><dl class='gallery-item'>\n\t\t\t<dt class='gallery-icon landscape'>\n\t\t\t\t<a href='https:\/\/www.visit-ulcinj.com\/blog\/2008\/11\/21\/ulqin-organizata-joqeveritare-horizonti-i-ri-organizoi-ne-fundjave-seminarin-per-te-rinj\/horizonti-i-ri-ulqin14\/'><img width=\"150\" height=\"150\" src=\"https:\/\/www.visit-ulcinj.com\/blog\/wp-content\/uploads\/2008\/11\/horizonti-i-ri-ulqin14-150x150.jpg\" class=\"attachment-thumbnail size-thumbnail\" alt=\"\" loading=\"lazy\" \/><\/a>\n\t\t\t<\/dt><\/dl><dl class='gallery-item'>\n\t\t\t<dt class='gallery-icon landscape'>\n\t\t\t\t<a href='https:\/\/www.visit-ulcinj.com\/blog\/2008\/11\/21\/ulqin-organizata-joqeveritare-horizonti-i-ri-organizoi-ne-fundjave-seminarin-per-te-rinj\/horizonti-i-ri-ulqin15\/'><img width=\"150\" height=\"150\" src=\"https:\/\/www.visit-ulcinj.com\/blog\/wp-content\/uploads\/2008\/11\/horizonti-i-ri-ulqin15-150x150.jpg\" class=\"attachment-thumbnail size-thumbnail\" alt=\"\" loading=\"lazy\" \/><\/a>\n\t\t\t<\/dt><\/dl><dl class='gallery-item'>\n\t\t\t<dt class='gallery-icon landscape'>\n\t\t\t\t<a href='https:\/\/www.visit-ulcinj.com\/blog\/2008\/11\/21\/ulqin-organizata-joqeveritare-horizonti-i-ri-organizoi-ne-fundjave-seminarin-per-te-rinj\/horizonti-i-ri-ulqin16\/'><img width=\"150\" height=\"150\" src=\"https:\/\/www.visit-ulcinj.com\/blog\/wp-content\/uploads\/2008\/11\/horizonti-i-ri-ulqin16-150x150.jpg\" class=\"attachment-thumbnail size-thumbnail\" alt=\"\" loading=\"lazy\" \/><\/a>\n\t\t\t<\/dt><\/dl><br style=\"clear: both\" \/><dl class='gallery-item'>\n\t\t\t<dt class='gallery-icon landscape'>\n\t\t\t\t<a href='https:\/\/www.visit-ulcinj.com\/blog\/2008\/11\/21\/ulqin-organizata-joqeveritare-horizonti-i-ri-organizoi-ne-fundjave-seminarin-per-te-rinj\/horizonti-i-ri-ulqin17\/'><img width=\"150\" height=\"150\" src=\"https:\/\/www.visit-ulcinj.com\/blog\/wp-content\/uploads\/2008\/11\/horizonti-i-ri-ulqin17-150x150.jpg\" class=\"attachment-thumbnail size-thumbnail\" alt=\"\" loading=\"lazy\" \/><\/a>\n\t\t\t<\/dt><\/dl><dl class='gallery-item'>\n\t\t\t<dt class='gallery-icon landscape'>\n\t\t\t\t<a href='https:\/\/www.visit-ulcinj.com\/blog\/2008\/11\/21\/ulqin-organizata-joqeveritare-horizonti-i-ri-organizoi-ne-fundjave-seminarin-per-te-rinj\/horizonti-i-ri-ulqin18\/'><img width=\"150\" height=\"150\" src=\"https:\/\/www.visit-ulcinj.com\/blog\/wp-content\/uploads\/2008\/11\/horizonti-i-ri-ulqin18-150x150.jpg\" class=\"attachment-thumbnail size-thumbnail\" alt=\"\" loading=\"lazy\" \/><\/a>\n\t\t\t<\/dt><\/dl><dl class='gallery-item'>\n\t\t\t<dt class='gallery-icon landscape'>\n\t\t\t\t<a href='https:\/\/www.visit-ulcinj.com\/blog\/2008\/11\/21\/ulqin-organizata-joqeveritare-horizonti-i-ri-organizoi-ne-fundjave-seminarin-per-te-rinj\/horizonti-i-ri-ulqin19\/'><img width=\"150\" height=\"150\" src=\"https:\/\/www.visit-ulcinj.com\/blog\/wp-content\/uploads\/2008\/11\/horizonti-i-ri-ulqin19-150x150.jpg\" class=\"attachment-thumbnail size-thumbnail\" alt=\"\" loading=\"lazy\" \/><\/a>\n\t\t\t<\/dt><\/dl><br style=\"clear: both\" \/><dl class='gallery-item'>\n\t\t\t<dt class='gallery-icon landscape'>\n\t\t\t\t<a href='https:\/\/www.visit-ulcinj.com\/blog\/2008\/11\/21\/ulqin-organizata-joqeveritare-horizonti-i-ri-organizoi-ne-fundjave-seminarin-per-te-rinj\/horizonti-i-ri-ulqin20\/'><img width=\"150\" height=\"150\" src=\"https:\/\/www.visit-ulcinj.com\/blog\/wp-content\/uploads\/2008\/11\/horizonti-i-ri-ulqin20-150x150.jpg\" class=\"attachment-thumbnail size-thumbnail\" alt=\"\" loading=\"lazy\" \/><\/a>\n\t\t\t<\/dt><\/dl><dl class='gallery-item'>\n\t\t\t<dt class='gallery-icon landscape'>\n\t\t\t\t<a href='https:\/\/www.visit-ulcinj.com\/blog\/2008\/11\/21\/ulqin-organizata-joqeveritare-horizonti-i-ri-organizoi-ne-fundjave-seminarin-per-te-rinj\/horizonti-i-ri-ulqin21\/'><img width=\"150\" height=\"150\" src=\"https:\/\/www.visit-ulcinj.com\/blog\/wp-content\/uploads\/2008\/11\/horizonti-i-ri-ulqin21-150x150.jpg\" class=\"attachment-thumbnail size-thumbnail\" alt=\"\" loading=\"lazy\" \/><\/a>\n\t\t\t<\/dt><\/dl>\n\t\t\t<br style='clear: both' \/>\n\t\t<\/div>\n\n<p><img src=\"file:\/\/\/C:\/DOCUME~1\/Haxhi\/LOCALS~1\/Temp\/moz-screenshot-9.jpg\" alt=\"\" \/><img src=\"file:\/\/\/C:\/DOCUME~1\/Haxhi\/LOCALS~1\/Temp\/moz-screenshot-10.jpg\" alt=\"\" \/><\/p>\n","protected":false},"excerpt":{"rendered":"<p>Promovimi i vullnetarizmit tek t\u00eb rinjt\u00eb Ulqin &#8211; Organizata joqeveritare &#8220;Horizonti i ri&#8221; organizoi n\u00eb fundjav\u00eb seminarin p\u00ebr t\u00eb rinj q\u00eb si tem\u00eb kishte promovimin e vullnetarizmit tek ata. Q\u00ebllimi i seminarit ishte rritja e pjes\u00ebmarrjes aktive t\u00eb t\u00eb rinjve n\u00eb aktivitetet vullnetare, t\u00eb cilat ndihmojn\u00eb n\u00eb zgjidhjen e problemeve n\u00eb komunitetin lokal, si dhe [&hellip;]<\/p>\n","protected":false},"author":1,"featured_media":0,"comment_status":"open","ping_status":"closed","sticky":false,"template":"","format":"standard","meta":{"spay_email":"","jetpack_publicize_message":"","jetpack_is_tweetstorm":false,"jetpack_publicize_feature_enabled":true},"categories":[11],"tags":[5110,19,18],"jetpack_publicize_connections":[],"yoast_head":"<!-- This site is optimized with the Yoast SEO plugin v19.1 - https:\/\/yoast.com\/wordpress\/plugins\/seo\/ -->\n<title>Ulqin - Organizata joqeveritare &quot;Horizonti i ri&quot; organizoi n\u00eb fundjav\u00eb seminarin p\u00ebr t\u00eb rinj - Lajme nga Ulqini<\/title>\n<meta name=\"description\" content=\"Promovimi i vullnetarizmit tek t\u00eb rinjt\u00eb Ulqin - Organizata joqeveritare &quot;Horizonti i ri&quot; organizoi n\u00eb fundjav\u00eb seminarin p\u00ebr t\u00eb rinj q\u00eb si tem\u00eb kishte\" \/>\n<meta name=\"robots\" content=\"index, follow, max-snippet:-1, max-image-preview:large, max-video-preview:-1\" \/>\n<link rel=\"canonical\" href=\"https:\/\/www.visit-ulcinj.com\/blog\/2008\/11\/21\/ulqin-organizata-joqeveritare-horizonti-i-ri-organizoi-ne-fundjave-seminarin-per-te-rinj\/\" \/>\n<meta property=\"og:locale\" content=\"en_US\" \/>\n<meta property=\"og:type\" content=\"article\" \/>\n<meta property=\"og:title\" content=\"Ulqin - Organizata joqeveritare &quot;Horizonti i ri&quot; organizoi n\u00eb fundjav\u00eb seminarin p\u00ebr t\u00eb rinj - Lajme nga Ulqini\" \/>\n<meta property=\"og:description\" content=\"Promovimi i vullnetarizmit tek t\u00eb rinjt\u00eb Ulqin - Organizata joqeveritare &quot;Horizonti i ri&quot; organizoi n\u00eb fundjav\u00eb seminarin p\u00ebr t\u00eb rinj q\u00eb si tem\u00eb kishte\" \/>\n<meta property=\"og:url\" content=\"https:\/\/www.visit-ulcinj.com\/blog\/2008\/11\/21\/ulqin-organizata-joqeveritare-horizonti-i-ri-organizoi-ne-fundjave-seminarin-per-te-rinj\/\" \/>\n<meta property=\"og:site_name\" content=\"Lajme nga Ulqini\" \/>\n<meta property=\"article:published_time\" content=\"2008-11-21T19:45:49+00:00\" \/>\n<meta property=\"article:modified_time\" content=\"2008-11-21T19:50:47+00:00\" \/>\n<meta property=\"og:image\" content=\"https:\/\/www.visit-ulcinj.com\/blog\/wp-content\/uploads\/2008\/11\/horizonti-i-ri-ulqin-150x150.jpg\" \/>\n<meta name=\"twitter:label1\" content=\"Written by\" \/>\n\t<meta name=\"twitter:data1\" content=\"ulqini\" \/>\n\t<meta name=\"twitter:label2\" content=\"Est. reading time\" \/>\n\t<meta name=\"twitter:data2\" content=\"1 minute\" \/>\n<script type=\"application\/ld+json\" class=\"yoast-schema-graph\">{\"@context\":\"https:\/\/schema.org\",\"@graph\":[{\"@type\":\"WebSite\",\"@id\":\"https:\/\/www.visit-ulcinj.com\/blog\/#website\",\"url\":\"https:\/\/www.visit-ulcinj.com\/blog\/\",\"name\":\"Lajme nga Ulqini\",\"description\":\"Lajme,Vijesti,Ulqini,Ulqin,Crna Gora,Mali i Zi\",\"potentialAction\":[{\"@type\":\"SearchAction\",\"target\":{\"@type\":\"EntryPoint\",\"urlTemplate\":\"https:\/\/www.visit-ulcinj.com\/blog\/?s={search_term_string}\"},\"query-input\":\"required name=search_term_string\"}],\"inLanguage\":\"en-US\"},{\"@type\":\"ImageObject\",\"inLanguage\":\"en-US\",\"@id\":\"https:\/\/www.visit-ulcinj.com\/blog\/2008\/11\/21\/ulqin-organizata-joqeveritare-horizonti-i-ri-organizoi-ne-fundjave-seminarin-per-te-rinj\/#primaryimage\",\"url\":\"http:\/\/www.visit-ulcinj.com\/blog\/wp-content\/uploads\/2008\/11\/horizonti-i-ri-ulqin-300x174.jpg\",\"contentUrl\":\"http:\/\/www.visit-ulcinj.com\/blog\/wp-content\/uploads\/2008\/11\/horizonti-i-ri-ulqin-300x174.jpg\"},{\"@type\":\"WebPage\",\"@id\":\"https:\/\/www.visit-ulcinj.com\/blog\/2008\/11\/21\/ulqin-organizata-joqeveritare-horizonti-i-ri-organizoi-ne-fundjave-seminarin-per-te-rinj\/#webpage\",\"url\":\"https:\/\/www.visit-ulcinj.com\/blog\/2008\/11\/21\/ulqin-organizata-joqeveritare-horizonti-i-ri-organizoi-ne-fundjave-seminarin-per-te-rinj\/\",\"name\":\"Ulqin - Organizata joqeveritare \\\"Horizonti i ri\\\" organizoi n\u00eb fundjav\u00eb seminarin p\u00ebr t\u00eb rinj - Lajme nga Ulqini\",\"isPartOf\":{\"@id\":\"https:\/\/www.visit-ulcinj.com\/blog\/#website\"},\"primaryImageOfPage\":{\"@id\":\"https:\/\/www.visit-ulcinj.com\/blog\/2008\/11\/21\/ulqin-organizata-joqeveritare-horizonti-i-ri-organizoi-ne-fundjave-seminarin-per-te-rinj\/#primaryimage\"},\"datePublished\":\"2008-11-21T19:45:49+00:00\",\"dateModified\":\"2008-11-21T19:50:47+00:00\",\"author\":{\"@id\":\"https:\/\/www.visit-ulcinj.com\/blog\/#\/schema\/person\/dcab619c614d3038751c63bc2aadc06d\"},\"description\":\"Promovimi i vullnetarizmit tek t\u00eb rinjt\u00eb Ulqin - Organizata joqeveritare \\\"Horizonti i ri\\\" organizoi n\u00eb fundjav\u00eb seminarin p\u00ebr t\u00eb rinj q\u00eb si tem\u00eb kishte\",\"breadcrumb\":{\"@id\":\"https:\/\/www.visit-ulcinj.com\/blog\/2008\/11\/21\/ulqin-organizata-joqeveritare-horizonti-i-ri-organizoi-ne-fundjave-seminarin-per-te-rinj\/#breadcrumb\"},\"inLanguage\":\"en-US\",\"potentialAction\":[{\"@type\":\"ReadAction\",\"target\":[\"https:\/\/www.visit-ulcinj.com\/blog\/2008\/11\/21\/ulqin-organizata-joqeveritare-horizonti-i-ri-organizoi-ne-fundjave-seminarin-per-te-rinj\/\"]}]},{\"@type\":\"BreadcrumbList\",\"@id\":\"https:\/\/www.visit-ulcinj.com\/blog\/2008\/11\/21\/ulqin-organizata-joqeveritare-horizonti-i-ri-organizoi-ne-fundjave-seminarin-per-te-rinj\/#breadcrumb\",\"itemListElement\":[{\"@type\":\"ListItem\",\"position\":1,\"name\":\"Ulqin &#8211; Organizata joqeveritare &#8220;Horizonti i ri&#8221; organizoi n\u00eb fundjav\u00eb seminarin p\u00ebr t\u00eb rinj\"}]},{\"@type\":\"Person\",\"@id\":\"https:\/\/www.visit-ulcinj.com\/blog\/#\/schema\/person\/dcab619c614d3038751c63bc2aadc06d\",\"name\":\"ulqini\",\"sameAs\":[\"http:\/\/www.visit-ulcinj.com\"],\"url\":\"https:\/\/www.visit-ulcinj.com\/blog\/author\/admin\/\"}]}<\/script>\n<!-- \/ Yoast SEO plugin. -->","yoast_head_json":{"title":"Ulqin - Organizata joqeveritare \"Horizonti i ri\" organizoi n\u00eb fundjav\u00eb seminarin p\u00ebr t\u00eb rinj - Lajme nga Ulqini","description":"Promovimi i vullnetarizmit tek t\u00eb rinjt\u00eb Ulqin - Organizata joqeveritare \"Horizonti i ri\" organizoi n\u00eb fundjav\u00eb seminarin p\u00ebr t\u00eb rinj q\u00eb si tem\u00eb kishte","robots":{"index":"index","follow":"follow","max-snippet":"max-snippet:-1","max-image-preview":"max-image-preview:large","max-video-preview":"max-video-preview:-1"},"canonical":"https:\/\/www.visit-ulcinj.com\/blog\/2008\/11\/21\/ulqin-organizata-joqeveritare-horizonti-i-ri-organizoi-ne-fundjave-seminarin-per-te-rinj\/","og_locale":"en_US","og_type":"article","og_title":"Ulqin - Organizata joqeveritare \"Horizonti i ri\" organizoi n\u00eb fundjav\u00eb seminarin p\u00ebr t\u00eb rinj - Lajme nga Ulqini","og_description":"Promovimi i vullnetarizmit tek t\u00eb rinjt\u00eb Ulqin - Organizata joqeveritare \"Horizonti i ri\" organizoi n\u00eb fundjav\u00eb seminarin p\u00ebr t\u00eb rinj q\u00eb si tem\u00eb kishte","og_url":"https:\/\/www.visit-ulcinj.com\/blog\/2008\/11\/21\/ulqin-organizata-joqeveritare-horizonti-i-ri-organizoi-ne-fundjave-seminarin-per-te-rinj\/","og_site_name":"Lajme nga Ulqini","article_published_time":"2008-11-21T19:45:49+00:00","article_modified_time":"2008-11-21T19:50:47+00:00","og_image":[{"url":"https:\/\/www.visit-ulcinj.com\/blog\/wp-content\/uploads\/2008\/11\/horizonti-i-ri-ulqin-150x150.jpg"}],"twitter_misc":{"Written by":"ulqini","Est. reading time":"1 minute"},"schema":{"@context":"https:\/\/schema.org","@graph":[{"@type":"WebSite","@id":"https:\/\/www.visit-ulcinj.com\/blog\/#website","url":"https:\/\/www.visit-ulcinj.com\/blog\/","name":"Lajme nga Ulqini","description":"Lajme,Vijesti,Ulqini,Ulqin,Crna Gora,Mali i Zi","potentialAction":[{"@type":"SearchAction","target":{"@type":"EntryPoint","urlTemplate":"https:\/\/www.visit-ulcinj.com\/blog\/?s={search_term_string}"},"query-input":"required name=search_term_string"}],"inLanguage":"en-US"},{"@type":"ImageObject","inLanguage":"en-US","@id":"https:\/\/www.visit-ulcinj.com\/blog\/2008\/11\/21\/ulqin-organizata-joqeveritare-horizonti-i-ri-organizoi-ne-fundjave-seminarin-per-te-rinj\/#primaryimage","url":"http:\/\/www.visit-ulcinj.com\/blog\/wp-content\/uploads\/2008\/11\/horizonti-i-ri-ulqin-300x174.jpg","contentUrl":"http:\/\/www.visit-ulcinj.com\/blog\/wp-content\/uploads\/2008\/11\/horizonti-i-ri-ulqin-300x174.jpg"},{"@type":"WebPage","@id":"https:\/\/www.visit-ulcinj.com\/blog\/2008\/11\/21\/ulqin-organizata-joqeveritare-horizonti-i-ri-organizoi-ne-fundjave-seminarin-per-te-rinj\/#webpage","url":"https:\/\/www.visit-ulcinj.com\/blog\/2008\/11\/21\/ulqin-organizata-joqeveritare-horizonti-i-ri-organizoi-ne-fundjave-seminarin-per-te-rinj\/","name":"Ulqin - Organizata joqeveritare \"Horizonti i ri\" organizoi n\u00eb fundjav\u00eb seminarin p\u00ebr t\u00eb rinj - Lajme nga Ulqini","isPartOf":{"@id":"https:\/\/www.visit-ulcinj.com\/blog\/#website"},"primaryImageOfPage":{"@id":"https:\/\/www.visit-ulcinj.com\/blog\/2008\/11\/21\/ulqin-organizata-joqeveritare-horizonti-i-ri-organizoi-ne-fundjave-seminarin-per-te-rinj\/#primaryimage"},"datePublished":"2008-11-21T19:45:49+00:00","dateModified":"2008-11-21T19:50:47+00:00","author":{"@id":"https:\/\/www.visit-ulcinj.com\/blog\/#\/schema\/person\/dcab619c614d3038751c63bc2aadc06d"},"description":"Promovimi i vullnetarizmit tek t\u00eb rinjt\u00eb Ulqin - Organizata joqeveritare \"Horizonti i ri\" organizoi n\u00eb fundjav\u00eb seminarin p\u00ebr t\u00eb rinj q\u00eb si tem\u00eb kishte","breadcrumb":{"@id":"https:\/\/www.visit-ulcinj.com\/blog\/2008\/11\/21\/ulqin-organizata-joqeveritare-horizonti-i-ri-organizoi-ne-fundjave-seminarin-per-te-rinj\/#breadcrumb"},"inLanguage":"en-US","potentialAction":[{"@type":"ReadAction","target":["https:\/\/www.visit-ulcinj.com\/blog\/2008\/11\/21\/ulqin-organizata-joqeveritare-horizonti-i-ri-organizoi-ne-fundjave-seminarin-per-te-rinj\/"]}]},{"@type":"BreadcrumbList","@id":"https:\/\/www.visit-ulcinj.com\/blog\/2008\/11\/21\/ulqin-organizata-joqeveritare-horizonti-i-ri-organizoi-ne-fundjave-seminarin-per-te-rinj\/#breadcrumb","itemListElement":[{"@type":"ListItem","position":1,"name":"Ulqin &#8211; Organizata joqeveritare &#8220;Horizonti i ri&#8221; organizoi n\u00eb fundjav\u00eb seminarin p\u00ebr t\u00eb rinj"}]},{"@type":"Person","@id":"https:\/\/www.visit-ulcinj.com\/blog\/#\/schema\/person\/dcab619c614d3038751c63bc2aadc06d","name":"ulqini","sameAs":["http:\/\/www.visit-ulcinj.com"],"url":"https:\/\/www.visit-ulcinj.com\/blog\/author\/admin\/"}]}},"jetpack_featured_media_url":"","jetpack_sharing_enabled":true,"jetpack_shortlink":"https:\/\/wp.me\/pe6lTn-1FS","_links":{"self":[{"href":"https:\/\/www.visit-ulcinj.com\/blog\/wp-json\/wp\/v2\/posts\/6440"}],"collection":[{"href":"https:\/\/www.visit-ulcinj.com\/blog\/wp-json\/wp\/v2\/posts"}],"about":[{"href":"https:\/\/www.visit-ulcinj.com\/blog\/wp-json\/wp\/v2\/types\/post"}],"author":[{"embeddable":true,"href":"https:\/\/www.visit-ulcinj.com\/blog\/wp-json\/wp\/v2\/users\/1"}],"replies":[{"embeddable":true,"href":"https:\/\/www.visit-ulcinj.com\/blog\/wp-json\/wp\/v2\/comments?post=6440"}],"version-history":[{"count":0,"href":"https:\/\/www.visit-ulcinj.com\/blog\/wp-json\/wp\/v2\/posts\/6440\/revisions"}],"wp:attachment":[{"href":"https:\/\/www.visit-ulcinj.com\/blog\/wp-json\/wp\/v2\/media?parent=6440"}],"wp:term":[{"taxonomy":"category","embeddable":true,"href":"https:\/\/www.visit-ulcinj.com\/blog\/wp-json\/wp\/v2\/categories?post=6440"},{"taxonomy":"post_tag","embeddable":true,"href":"https:\/\/www.visit-ulcinj.com\/blog\/wp-json\/wp\/v2\/tags?post=6440"}],"curies":[{"name":"wp","href":"https:\/\/api.w.org\/{rel}","templated":true}]}}