{"id":64400,"date":"2012-10-06T19:36:39","date_gmt":"2012-10-06T18:36:39","guid":{"rendered":"http:\/\/www.visit-ulcinj.com\/blog\/?p=64400"},"modified":"2012-10-06T19:36:39","modified_gmt":"2012-10-06T18:36:39","slug":"mehmet-zenka-dua-poslije-izbora-samo-sa-dukanovicem","status":"publish","type":"post","link":"https:\/\/www.visit-ulcinj.com\/blog\/2012\/10\/06\/mehmet-zenka-dua-poslije-izbora-samo-sa-dukanovicem\/","title":{"rendered":"Mehmet Zenka: DUA poslije izbora samo sa \u0110ukanovi\u0107em"},"content":{"rendered":"<div id=\"attachment_64401\" style=\"width: 518px\" class=\"wp-caption alignleft\"><a href=\"http:\/\/www.visit-ulcinj.com\/blog\/wp-content\/uploads\/2012\/10\/Mehmet-Zenka.jpg\"><img aria-describedby=\"caption-attachment-64401\" loading=\"lazy\" class=\" wp-image-64401\" title=\"Mehmet Zenka\" src=\"http:\/\/www.visit-ulcinj.com\/blog\/wp-content\/uploads\/2012\/10\/Mehmet-Zenka.jpg\" alt=\"\" width=\"508\" height=\"360\" \/><\/a><p id=\"caption-attachment-64401\" class=\"wp-caption-text\">Foto: Vijesti<\/p><\/div>\n<p>Osnovna programska obaveza DUA, kako je naveo, jeste da politi\u010dkim djelovanjem obezbijedi \u0161to bolji politi\u010dko-ekonomski status Albanaca, kao autohtonog naroda u Crnoj Gori<\/p>\n<p>Lider Demokratske unije Albanaca (DUA) Mehmet Zenka odbacio je mogu\u0107nost bilo kakave saradnje sa opozicijom, \u010dak i u slu\u010daju da nakon izbora njegova partija bude u poziciji da odlu\u010duje o vlasti.<\/p>\n<p>On je rekao da je stav DUA kada je to u pitanju potpuno jasan &#8211; postizborna koalicija dolazi u obzir jedino sa dosada\u0161njim koalicionim partnerom, odnosno DPS- om.<\/p>\n<p>\u201cAko kojim slu\u010dajem, u \u0161to ne vjerujemo, pobijedi opozicija, mi \u0107emo iz opozicionih klupa braniti interese albanskoga naroda u Crnoj Gori u skladu sa na\u0161im programskim obavezama. Kratko i jasno re\u010deno, izuzev sa na\u0161im dosada\u0161njim partnerima, DUA ne\u0107e ni sa kim drugom praviti ve\u0107inu\u201c, kazao je Zenka u razgovoru za \u201cVijesti\u201d.<\/p>\n<p>Osnovna programska obaveza DUA, kako je naveo, jeste da politi\u010dkim djelovanjem obezbijedi \u0161to bolji politi\u010dko-ekonomski status Albanaca, kao autohtonog naroda u Crnoj Gori.<br \/>\n\u201cUvjereni smo da su se nakon \u0161est godina samostalnosti u Crnoj Gori, stekli realni uslovi da se Albancima iza\u0111e u susret u smislu ispunjavanja njihovih zahtjeva i tu prvenstveno mislimo na zajedni\u010dki zapo\u010deti projekat sa na\u0161im partnerima o punopravnoj op\u0161tini Tuzi. To je projekat koji je ve\u0107 u zavr\u0161noj fazi, jer kao \u0161to smo ve\u0107 rekli po\u010detkom 2013, bi\u0107e odr\u017ean referendum o tome\u201c, tvrdi on.<\/p>\n<p>Isti\u010du\u0107i da je siguran da \u0107e sljede\u0107i izbori prote\u0107i u znaku boljeg izbornog zakona, \u201ekojim \u0107e i Albanci biti zadovoljni\u201c, on je ocijenio da \u0107e tada njegovi sunarodnici biti i mnogo vi\u0161e srazmjerno zastupljeni u svim segmentima zakonodavne i izvr\u0161ne vlasti.<\/p>\n<p>\u201cZakon o morskom dobru mora biti kud i kamo pravedniji prema Albancima. Novi zakon o upotrebi nacionalnih simbola bi\u0107e usvojen tokom 2013, i uvjereni smo da \u0107e tim zakonskim rje\u0161enjem i manjine biti zadovoljne. Tako\u0111e, krajnje je vrijeme da se Albancima vrati u raznim periodima oduzeta nepokretna imovina\u201c, istakao je Zenka.<\/p>\n<p>On je izrazio nadu da Albance u narednom o\u010dekuje otvaranje raznih fakulteta na podru\u010djima gdje oni ve\u0107inski gravitiraju.<\/p>\n<p>\u201cI \u0161to je od izuzetne va\u017enosti, mislimo da je vrijeme za decentralizaciju centralne vlasti u korist lokalnih samouprava.<\/p>\n<p>Jednostavno, ne prihvatamo poziciju inferiornosti, ve\u0107 \u017eelimo da u\u010destvujemo u kreiranju na\u0161e sudbine u valorizaciji na\u0161ih prirodnih dobara.Tvrdim da za to imamo dovoljno mladih, pametnih i \u0161kolovanih kadrova\u201c, kazao je Zenka, uvjeren da \u0107e i DPS, nakon dobijanja datuma pregovora o priklju\u010denju u EU, pokazati demokratsku \u0161irinu \u201ei zajedno sa njima ostvariti zacrtane ciljeve\u201c.<\/p>\n<p>\u201cNa kraju krajeva, to su vrijednosti od kojih \u0107e Crna Gora imati samo koristi. Jednom rije\u010dju, cilj nam je stvoriti \u0161to optimalnije politi\u010dko-ekonomske uslove za \u017eivot Albanaca u Crnoj Gori\u201d, naveo je Zenka.<\/p>\n<p><strong>Mislimo na Hajdinagu, kao i on na nas<\/strong><\/p>\n<p>Upitan da li je biv\u0161i ministar i gradona\u010delnik Ulcinja Gzim Hajdinaga politi\u010dki marginalizovan nakon podno\u0161enja prijave za zloupotrebu slu\u017ebenog polo\u017eaja, Zenka je kazao da on ostaje ugledni funkcioner DUA.<\/p>\n<p>\u201cMarginalizacija svojih ljudi nije moto na\u0161e partije nego afirmacija i isticanje vrijednosti svih na\u0161ih \u010dlanova i funcionera\u201d, kazao je Zenka i dodao da je \u201cdruga\u010dijih mi\u0161ljenja unutar DUA uvijek bilo i bi\u0107e, ali se o usvojenim odlukama GO ne mo\u017ee polemisati\u201c.<\/p>\n<p>\u201cU svakom, slu\u010daju DUA je uvjek mislila o svojim \u010dlanovima i istaknutim kadrovima, kao \u0161to je Hajdinaga. Mi mislimo i ra\u010dunamo na njega, kao i on na nas. Ali trenutno, skoncentrisani smo na izbore pa kadrovska rije\u0161enja ostavljamo za kasnije, nakon izbora\u201c, kazao je Zenka navode\u0107i da \u0107e u novoj vlasti \u201esvakako biti mjesta i za Hajdinagu i za nove, mlade ljude koji su svojim zalaganjem i politi\u010dkim anga\u017emanom zaslu\u017eili svoju \u0161ansu\u201c.<\/p>\n<p>\u201cIznad svega, sad nam je najbitnije animirati albansko glasa\u010dko tijelo da izla\u0111u na izbore i podr\u017ee politiku DUA. Ako ne nas, onda neka svoj glas podr\u0161ke neka daju unutar korpusa albanskih partija, jer nam je sad ta podr\u0161ka prijeko potrebna\u201c, kazao je Zenka.<\/p>\n<p><a href=\"http:\/\/www.vijesti.me\/izbori-2012\/zenka-dua-poslije-izbora-samo-sa-dukanovicem-clanak-94798\" target=\"_blank\"><strong>Samir Adrovi\u0107<\/strong><\/a><br \/>\n<a href=\"http:\/\/www.vijesti.me\/izbori-2012\/zenka-dua-poslije-izbora-samo-sa-dukanovicem-clanak-94798\" target=\"_blank\"><strong>Vijesti online<\/strong><\/a><\/p>\n","protected":false},"excerpt":{"rendered":"<p>Osnovna programska obaveza DUA, kako je naveo, jeste da politi\u010dkim djelovanjem obezbijedi \u0161to bolji politi\u010dko-ekonomski status Albanaca, kao autohtonog naroda u Crnoj Gori Lider Demokratske unije Albanaca (DUA) Mehmet Zenka odbacio je mogu\u0107nost bilo kakave saradnje sa opozicijom, \u010dak i u slu\u010daju da nakon izbora njegova partija bude u poziciji da odlu\u010duje o vlasti. On [&hellip;]<\/p>\n","protected":false},"author":1,"featured_media":0,"comment_status":"open","ping_status":"closed","sticky":false,"template":"","format":"standard","meta":{"spay_email":"","jetpack_publicize_message":"","jetpack_is_tweetstorm":false,"jetpack_publicize_feature_enabled":true},"categories":[8337],"tags":[20132,19],"jetpack_publicize_connections":[],"yoast_head":"<!-- This site is optimized with the Yoast SEO plugin v19.1 - https:\/\/yoast.com\/wordpress\/plugins\/seo\/ -->\n<title>Mehmet Zenka: DUA poslije izbora samo sa \u0110ukanovi\u0107em - Lajme nga Ulqini<\/title>\n<meta name=\"description\" content=\"Osnovna programska obaveza DUA, kako je naveo, jeste da politi\u010dkim djelovanjem obezbijedi \u0161to bolji politi\u010dko-ekonomski status Albanaca, kao autohtonog\" \/>\n<meta name=\"robots\" content=\"index, follow, max-snippet:-1, max-image-preview:large, max-video-preview:-1\" \/>\n<link rel=\"canonical\" href=\"https:\/\/www.visit-ulcinj.com\/blog\/2012\/10\/06\/mehmet-zenka-dua-poslije-izbora-samo-sa-dukanovicem\/\" \/>\n<meta property=\"og:locale\" content=\"en_US\" \/>\n<meta property=\"og:type\" content=\"article\" \/>\n<meta property=\"og:title\" content=\"Mehmet Zenka: DUA poslije izbora samo sa \u0110ukanovi\u0107em - Lajme nga Ulqini\" \/>\n<meta property=\"og:description\" content=\"Osnovna programska obaveza DUA, kako je naveo, jeste da politi\u010dkim djelovanjem obezbijedi \u0161to bolji politi\u010dko-ekonomski status Albanaca, kao autohtonog\" \/>\n<meta property=\"og:url\" content=\"https:\/\/www.visit-ulcinj.com\/blog\/2012\/10\/06\/mehmet-zenka-dua-poslije-izbora-samo-sa-dukanovicem\/\" \/>\n<meta property=\"og:site_name\" content=\"Lajme nga Ulqini\" \/>\n<meta property=\"article:published_time\" content=\"2012-10-06T18:36:39+00:00\" \/>\n<meta property=\"og:image\" content=\"http:\/\/www.visit-ulcinj.com\/blog\/wp-content\/uploads\/2012\/10\/Mehmet-Zenka.jpg\" \/>\n<meta name=\"twitter:label1\" content=\"Written by\" \/>\n\t<meta name=\"twitter:data1\" content=\"ulqini\" \/>\n\t<meta name=\"twitter:label2\" content=\"Est. reading time\" \/>\n\t<meta name=\"twitter:data2\" content=\"4 minutes\" \/>\n<script type=\"application\/ld+json\" class=\"yoast-schema-graph\">{\"@context\":\"https:\/\/schema.org\",\"@graph\":[{\"@type\":\"WebSite\",\"@id\":\"https:\/\/www.visit-ulcinj.com\/blog\/#website\",\"url\":\"https:\/\/www.visit-ulcinj.com\/blog\/\",\"name\":\"Lajme nga Ulqini\",\"description\":\"Lajme,Vijesti,Ulqini,Ulqin,Crna Gora,Mali i Zi\",\"potentialAction\":[{\"@type\":\"SearchAction\",\"target\":{\"@type\":\"EntryPoint\",\"urlTemplate\":\"https:\/\/www.visit-ulcinj.com\/blog\/?s={search_term_string}\"},\"query-input\":\"required name=search_term_string\"}],\"inLanguage\":\"en-US\"},{\"@type\":\"ImageObject\",\"inLanguage\":\"en-US\",\"@id\":\"https:\/\/www.visit-ulcinj.com\/blog\/2012\/10\/06\/mehmet-zenka-dua-poslije-izbora-samo-sa-dukanovicem\/#primaryimage\",\"url\":\"https:\/\/www.visit-ulcinj.com\/blog\/wp-content\/uploads\/2012\/10\/Mehmet-Zenka.jpg\",\"contentUrl\":\"https:\/\/www.visit-ulcinj.com\/blog\/wp-content\/uploads\/2012\/10\/Mehmet-Zenka.jpg\",\"width\":\"650\",\"height\":\"525\"},{\"@type\":\"WebPage\",\"@id\":\"https:\/\/www.visit-ulcinj.com\/blog\/2012\/10\/06\/mehmet-zenka-dua-poslije-izbora-samo-sa-dukanovicem\/#webpage\",\"url\":\"https:\/\/www.visit-ulcinj.com\/blog\/2012\/10\/06\/mehmet-zenka-dua-poslije-izbora-samo-sa-dukanovicem\/\",\"name\":\"Mehmet Zenka: DUA poslije izbora samo sa \u0110ukanovi\u0107em - Lajme nga Ulqini\",\"isPartOf\":{\"@id\":\"https:\/\/www.visit-ulcinj.com\/blog\/#website\"},\"primaryImageOfPage\":{\"@id\":\"https:\/\/www.visit-ulcinj.com\/blog\/2012\/10\/06\/mehmet-zenka-dua-poslije-izbora-samo-sa-dukanovicem\/#primaryimage\"},\"datePublished\":\"2012-10-06T18:36:39+00:00\",\"dateModified\":\"2012-10-06T18:36:39+00:00\",\"author\":{\"@id\":\"https:\/\/www.visit-ulcinj.com\/blog\/#\/schema\/person\/dcab619c614d3038751c63bc2aadc06d\"},\"description\":\"Osnovna programska obaveza DUA, kako je naveo, jeste da politi\u010dkim djelovanjem obezbijedi \u0161to bolji politi\u010dko-ekonomski status Albanaca, kao autohtonog\",\"breadcrumb\":{\"@id\":\"https:\/\/www.visit-ulcinj.com\/blog\/2012\/10\/06\/mehmet-zenka-dua-poslije-izbora-samo-sa-dukanovicem\/#breadcrumb\"},\"inLanguage\":\"en-US\",\"potentialAction\":[{\"@type\":\"ReadAction\",\"target\":[\"https:\/\/www.visit-ulcinj.com\/blog\/2012\/10\/06\/mehmet-zenka-dua-poslije-izbora-samo-sa-dukanovicem\/\"]}]},{\"@type\":\"BreadcrumbList\",\"@id\":\"https:\/\/www.visit-ulcinj.com\/blog\/2012\/10\/06\/mehmet-zenka-dua-poslije-izbora-samo-sa-dukanovicem\/#breadcrumb\",\"itemListElement\":[{\"@type\":\"ListItem\",\"position\":1,\"name\":\"Mehmet Zenka: DUA poslije izbora samo sa \u0110ukanovi\u0107em\"}]},{\"@type\":\"Person\",\"@id\":\"https:\/\/www.visit-ulcinj.com\/blog\/#\/schema\/person\/dcab619c614d3038751c63bc2aadc06d\",\"name\":\"ulqini\",\"sameAs\":[\"http:\/\/www.visit-ulcinj.com\"],\"url\":\"https:\/\/www.visit-ulcinj.com\/blog\/author\/admin\/\"}]}<\/script>\n<!-- \/ Yoast SEO plugin. -->","yoast_head_json":{"title":"Mehmet Zenka: DUA poslije izbora samo sa \u0110ukanovi\u0107em - Lajme nga Ulqini","description":"Osnovna programska obaveza DUA, kako je naveo, jeste da politi\u010dkim djelovanjem obezbijedi \u0161to bolji politi\u010dko-ekonomski status Albanaca, kao autohtonog","robots":{"index":"index","follow":"follow","max-snippet":"max-snippet:-1","max-image-preview":"max-image-preview:large","max-video-preview":"max-video-preview:-1"},"canonical":"https:\/\/www.visit-ulcinj.com\/blog\/2012\/10\/06\/mehmet-zenka-dua-poslije-izbora-samo-sa-dukanovicem\/","og_locale":"en_US","og_type":"article","og_title":"Mehmet Zenka: DUA poslije izbora samo sa \u0110ukanovi\u0107em - Lajme nga Ulqini","og_description":"Osnovna programska obaveza DUA, kako je naveo, jeste da politi\u010dkim djelovanjem obezbijedi \u0161to bolji politi\u010dko-ekonomski status Albanaca, kao autohtonog","og_url":"https:\/\/www.visit-ulcinj.com\/blog\/2012\/10\/06\/mehmet-zenka-dua-poslije-izbora-samo-sa-dukanovicem\/","og_site_name":"Lajme nga Ulqini","article_published_time":"2012-10-06T18:36:39+00:00","og_image":[{"url":"http:\/\/www.visit-ulcinj.com\/blog\/wp-content\/uploads\/2012\/10\/Mehmet-Zenka.jpg"}],"twitter_misc":{"Written by":"ulqini","Est. reading time":"4 minutes"},"schema":{"@context":"https:\/\/schema.org","@graph":[{"@type":"WebSite","@id":"https:\/\/www.visit-ulcinj.com\/blog\/#website","url":"https:\/\/www.visit-ulcinj.com\/blog\/","name":"Lajme nga Ulqini","description":"Lajme,Vijesti,Ulqini,Ulqin,Crna Gora,Mali i Zi","potentialAction":[{"@type":"SearchAction","target":{"@type":"EntryPoint","urlTemplate":"https:\/\/www.visit-ulcinj.com\/blog\/?s={search_term_string}"},"query-input":"required name=search_term_string"}],"inLanguage":"en-US"},{"@type":"ImageObject","inLanguage":"en-US","@id":"https:\/\/www.visit-ulcinj.com\/blog\/2012\/10\/06\/mehmet-zenka-dua-poslije-izbora-samo-sa-dukanovicem\/#primaryimage","url":"https:\/\/www.visit-ulcinj.com\/blog\/wp-content\/uploads\/2012\/10\/Mehmet-Zenka.jpg","contentUrl":"https:\/\/www.visit-ulcinj.com\/blog\/wp-content\/uploads\/2012\/10\/Mehmet-Zenka.jpg","width":"650","height":"525"},{"@type":"WebPage","@id":"https:\/\/www.visit-ulcinj.com\/blog\/2012\/10\/06\/mehmet-zenka-dua-poslije-izbora-samo-sa-dukanovicem\/#webpage","url":"https:\/\/www.visit-ulcinj.com\/blog\/2012\/10\/06\/mehmet-zenka-dua-poslije-izbora-samo-sa-dukanovicem\/","name":"Mehmet Zenka: DUA poslije izbora samo sa \u0110ukanovi\u0107em - Lajme nga Ulqini","isPartOf":{"@id":"https:\/\/www.visit-ulcinj.com\/blog\/#website"},"primaryImageOfPage":{"@id":"https:\/\/www.visit-ulcinj.com\/blog\/2012\/10\/06\/mehmet-zenka-dua-poslije-izbora-samo-sa-dukanovicem\/#primaryimage"},"datePublished":"2012-10-06T18:36:39+00:00","dateModified":"2012-10-06T18:36:39+00:00","author":{"@id":"https:\/\/www.visit-ulcinj.com\/blog\/#\/schema\/person\/dcab619c614d3038751c63bc2aadc06d"},"description":"Osnovna programska obaveza DUA, kako je naveo, jeste da politi\u010dkim djelovanjem obezbijedi \u0161to bolji politi\u010dko-ekonomski status Albanaca, kao autohtonog","breadcrumb":{"@id":"https:\/\/www.visit-ulcinj.com\/blog\/2012\/10\/06\/mehmet-zenka-dua-poslije-izbora-samo-sa-dukanovicem\/#breadcrumb"},"inLanguage":"en-US","potentialAction":[{"@type":"ReadAction","target":["https:\/\/www.visit-ulcinj.com\/blog\/2012\/10\/06\/mehmet-zenka-dua-poslije-izbora-samo-sa-dukanovicem\/"]}]},{"@type":"BreadcrumbList","@id":"https:\/\/www.visit-ulcinj.com\/blog\/2012\/10\/06\/mehmet-zenka-dua-poslije-izbora-samo-sa-dukanovicem\/#breadcrumb","itemListElement":[{"@type":"ListItem","position":1,"name":"Mehmet Zenka: DUA poslije izbora samo sa \u0110ukanovi\u0107em"}]},{"@type":"Person","@id":"https:\/\/www.visit-ulcinj.com\/blog\/#\/schema\/person\/dcab619c614d3038751c63bc2aadc06d","name":"ulqini","sameAs":["http:\/\/www.visit-ulcinj.com"],"url":"https:\/\/www.visit-ulcinj.com\/blog\/author\/admin\/"}]}},"jetpack_featured_media_url":"","jetpack_sharing_enabled":true,"jetpack_shortlink":"https:\/\/wp.me\/pe6lTn-gKI","_links":{"self":[{"href":"https:\/\/www.visit-ulcinj.com\/blog\/wp-json\/wp\/v2\/posts\/64400"}],"collection":[{"href":"https:\/\/www.visit-ulcinj.com\/blog\/wp-json\/wp\/v2\/posts"}],"about":[{"href":"https:\/\/www.visit-ulcinj.com\/blog\/wp-json\/wp\/v2\/types\/post"}],"author":[{"embeddable":true,"href":"https:\/\/www.visit-ulcinj.com\/blog\/wp-json\/wp\/v2\/users\/1"}],"replies":[{"embeddable":true,"href":"https:\/\/www.visit-ulcinj.com\/blog\/wp-json\/wp\/v2\/comments?post=64400"}],"version-history":[{"count":2,"href":"https:\/\/www.visit-ulcinj.com\/blog\/wp-json\/wp\/v2\/posts\/64400\/revisions"}],"predecessor-version":[{"id":64403,"href":"https:\/\/www.visit-ulcinj.com\/blog\/wp-json\/wp\/v2\/posts\/64400\/revisions\/64403"}],"wp:attachment":[{"href":"https:\/\/www.visit-ulcinj.com\/blog\/wp-json\/wp\/v2\/media?parent=64400"}],"wp:term":[{"taxonomy":"category","embeddable":true,"href":"https:\/\/www.visit-ulcinj.com\/blog\/wp-json\/wp\/v2\/categories?post=64400"},{"taxonomy":"post_tag","embeddable":true,"href":"https:\/\/www.visit-ulcinj.com\/blog\/wp-json\/wp\/v2\/tags?post=64400"}],"curies":[{"name":"wp","href":"https:\/\/api.w.org\/{rel}","templated":true}]}}