{"id":64413,"date":"2012-10-08T17:43:22","date_gmt":"2012-10-08T16:43:22","guid":{"rendered":"http:\/\/www.visit-ulcinj.com\/blog\/?p=64413"},"modified":"2012-10-09T16:49:16","modified_gmt":"2012-10-09T15:49:16","slug":"fuad-gorana-une-jam-viktime-e-kohes-nuk-jam-hero","status":"publish","type":"post","link":"https:\/\/www.visit-ulcinj.com\/blog\/2012\/10\/08\/fuad-gorana-une-jam-viktime-e-kohes-nuk-jam-hero\/","title":{"rendered":"Fuad Gorana: Un\u00eb jam viktim\u00eb e koh\u00ebs, nuk jam hero!"},"content":{"rendered":"<p><strong><a href=\"http:\/\/www.visit-ulcinj.com\/blog\/wp-content\/uploads\/2012\/10\/Fuad-Fulo-Gorana.jpg\"><img loading=\"lazy\" class=\"alignleft  wp-image-64414\" title=\"Fuad Fulo Gorana\" src=\"http:\/\/www.visit-ulcinj.com\/blog\/wp-content\/uploads\/2012\/10\/Fuad-Fulo-Gorana.jpg\" alt=\"\" width=\"508\" height=\"360\" \/><\/a>Nga Muhamet Nika<\/strong><\/p>\n<p><strong>Diferencimet politike n\u00eb Ulqin n\u00eb vitin 1981 dhe terrori shtet\u00ebror i m\u00ebvonsh\u00ebm<\/strong><em><\/em><\/p>\n<p>Ne mesin e shume te akuzuarve dhe te denuarve ne Komunen e Ulqinit, i cili e pesoi me keq nga gjithe te tjeret qe ishin te akuzuar per propagande armiqesore, ishte Fuad Gorana. Ai eshte i vetmi qe asnjehere nuk mendoi ta materializoje fatkeqesine e vet, per dallim nga te tjeret.<\/p>\n<p>Gorana diti qe ne pafajesine e vet te ishte odest, per dallim nga shumica prej nesh! Ai u denua per veprimtari armiqesore, per c\u2019gje me ligj parashikoheshin denimet me te rrepta, te cilat dinin t\u2019i tejkalonin dhjete vjet burg. Fuadi u denua me kater vjet e gjysme burg.<\/p>\n<p>Ne kohen kur ishte ushtar, ai u denua nga gjykata ushtarake nen pretekstin e pergatitjes se grupit armiqesor \u201cAgimi\u201c ne ushtri. Anetaret e grupit akuzoheshin se kishin dashur te bashkonin Shqiperine me Kosoven, duke grabitur municione te ndryshme deri tek avionet luftarake! Ai kujton se, bashke me shume veta, per here te pare e mesoi ne televizion lajmin se ishte akuzuar per veprim te tille.<\/p>\n<p>Akuzen e montuar, kujton Gorana, e lexoi nje nate, nje shok ushtar nga Kosova, te cilit, ia kishin dhene te teren te pergatitur deri ne detaje, duke e kercenuar qe ta lexoje pa hezitim. Pervec tjerash, ne te thuhej se ata gjoja kishin organizuar grupin ilegal \u201cAgimi\u201d, kurse Fuadi ishte kryetar i nengrupit te katert.<\/p>\n<p>Me vone, rrefen ai, e kane urdheruar te deshmoje kunder shokeve te akuzuar e te pranoje vepren penale, me premtimin se nese do ta bente kete, do te lirohej nga akuza. Por Fuadi thote se nuk ka mundur te deshmoje per dicka, per te cilen nuk ka ditur gje. Andaj per kete \u2018kokefortesi\u2019, sipas tyre, edhe e denuan, kurse ata qe deshmuan rrejshem, fituan \u2018znacka\u2019 (shenja merite) dhe shperblime.<\/p>\n<p><strong>Koha Javore<\/strong><\/p>\n","protected":false},"excerpt":{"rendered":"<p>Nga Muhamet Nika Diferencimet politike n\u00eb Ulqin n\u00eb vitin 1981 dhe terrori shtet\u00ebror i m\u00ebvonsh\u00ebm Ne mesin e shume te akuzuarve dhe te denuarve ne Komunen e Ulqinit, i cili e pesoi me keq nga gjithe te tjeret qe ishin te akuzuar per propagande armiqesore, ishte Fuad Gorana. Ai eshte i vetmi qe asnjehere nuk [&hellip;]<\/p>\n","protected":false},"author":1,"featured_media":0,"comment_status":"open","ping_status":"closed","sticky":false,"template":"","format":"standard","meta":{"spay_email":"","jetpack_publicize_message":"","jetpack_is_tweetstorm":false,"jetpack_publicize_feature_enabled":true},"categories":[1,12],"tags":[21170,200,18],"jetpack_publicize_connections":[],"yoast_head":"<!-- This site is optimized with the Yoast SEO plugin v19.1 - https:\/\/yoast.com\/wordpress\/plugins\/seo\/ -->\n<title>Fuad Gorana: Un\u00eb jam viktim\u00eb e koh\u00ebs, nuk jam hero! - Lajme nga Ulqini<\/title>\n<meta name=\"description\" content=\"Nga Muhamet Nika Diferencimet politike n\u00eb Ulqin n\u00eb vitin 1981 dhe terrori shtet\u00ebror i m\u00ebvonsh\u00ebm Ne mesin e shume te akuzuarve dhe te denuarve ne Komunen e\" \/>\n<meta name=\"robots\" content=\"index, follow, max-snippet:-1, max-image-preview:large, max-video-preview:-1\" \/>\n<link rel=\"canonical\" href=\"https:\/\/www.visit-ulcinj.com\/blog\/2012\/10\/08\/fuad-gorana-une-jam-viktime-e-kohes-nuk-jam-hero\/\" \/>\n<meta property=\"og:locale\" content=\"en_US\" \/>\n<meta property=\"og:type\" content=\"article\" \/>\n<meta property=\"og:title\" content=\"Fuad Gorana: Un\u00eb jam viktim\u00eb e koh\u00ebs, nuk jam hero! - Lajme nga Ulqini\" \/>\n<meta property=\"og:description\" content=\"Nga Muhamet Nika Diferencimet politike n\u00eb Ulqin n\u00eb vitin 1981 dhe terrori shtet\u00ebror i m\u00ebvonsh\u00ebm Ne mesin e shume te akuzuarve dhe te denuarve ne Komunen e\" \/>\n<meta property=\"og:url\" content=\"https:\/\/www.visit-ulcinj.com\/blog\/2012\/10\/08\/fuad-gorana-une-jam-viktime-e-kohes-nuk-jam-hero\/\" \/>\n<meta property=\"og:site_name\" content=\"Lajme nga Ulqini\" \/>\n<meta property=\"article:published_time\" content=\"2012-10-08T16:43:22+00:00\" \/>\n<meta property=\"article:modified_time\" content=\"2012-10-09T15:49:16+00:00\" \/>\n<meta property=\"og:image\" content=\"http:\/\/www.visit-ulcinj.com\/blog\/wp-content\/uploads\/2012\/10\/Fuad-Fulo-Gorana.jpg\" \/>\n<meta name=\"twitter:label1\" content=\"Written by\" \/>\n\t<meta name=\"twitter:data1\" content=\"ulqini\" \/>\n\t<meta name=\"twitter:label2\" content=\"Est. reading time\" \/>\n\t<meta name=\"twitter:data2\" content=\"2 minutes\" \/>\n<script type=\"application\/ld+json\" class=\"yoast-schema-graph\">{\"@context\":\"https:\/\/schema.org\",\"@graph\":[{\"@type\":\"WebSite\",\"@id\":\"https:\/\/www.visit-ulcinj.com\/blog\/#website\",\"url\":\"https:\/\/www.visit-ulcinj.com\/blog\/\",\"name\":\"Lajme nga Ulqini\",\"description\":\"Lajme,Vijesti,Ulqini,Ulqin,Crna Gora,Mali i Zi\",\"potentialAction\":[{\"@type\":\"SearchAction\",\"target\":{\"@type\":\"EntryPoint\",\"urlTemplate\":\"https:\/\/www.visit-ulcinj.com\/blog\/?s={search_term_string}\"},\"query-input\":\"required name=search_term_string\"}],\"inLanguage\":\"en-US\"},{\"@type\":\"ImageObject\",\"inLanguage\":\"en-US\",\"@id\":\"https:\/\/www.visit-ulcinj.com\/blog\/2012\/10\/08\/fuad-gorana-une-jam-viktime-e-kohes-nuk-jam-hero\/#primaryimage\",\"url\":\"https:\/\/www.visit-ulcinj.com\/blog\/wp-content\/uploads\/2012\/10\/Fuad-Fulo-Gorana.jpg\",\"contentUrl\":\"https:\/\/www.visit-ulcinj.com\/blog\/wp-content\/uploads\/2012\/10\/Fuad-Fulo-Gorana.jpg\",\"width\":\"604\",\"height\":\"453\"},{\"@type\":\"WebPage\",\"@id\":\"https:\/\/www.visit-ulcinj.com\/blog\/2012\/10\/08\/fuad-gorana-une-jam-viktime-e-kohes-nuk-jam-hero\/#webpage\",\"url\":\"https:\/\/www.visit-ulcinj.com\/blog\/2012\/10\/08\/fuad-gorana-une-jam-viktime-e-kohes-nuk-jam-hero\/\",\"name\":\"Fuad Gorana: Un\u00eb jam viktim\u00eb e koh\u00ebs, nuk jam hero! - Lajme nga Ulqini\",\"isPartOf\":{\"@id\":\"https:\/\/www.visit-ulcinj.com\/blog\/#website\"},\"primaryImageOfPage\":{\"@id\":\"https:\/\/www.visit-ulcinj.com\/blog\/2012\/10\/08\/fuad-gorana-une-jam-viktime-e-kohes-nuk-jam-hero\/#primaryimage\"},\"datePublished\":\"2012-10-08T16:43:22+00:00\",\"dateModified\":\"2012-10-09T15:49:16+00:00\",\"author\":{\"@id\":\"https:\/\/www.visit-ulcinj.com\/blog\/#\/schema\/person\/dcab619c614d3038751c63bc2aadc06d\"},\"description\":\"Nga Muhamet Nika Diferencimet politike n\u00eb Ulqin n\u00eb vitin 1981 dhe terrori shtet\u00ebror i m\u00ebvonsh\u00ebm Ne mesin e shume te akuzuarve dhe te denuarve ne Komunen e\",\"breadcrumb\":{\"@id\":\"https:\/\/www.visit-ulcinj.com\/blog\/2012\/10\/08\/fuad-gorana-une-jam-viktime-e-kohes-nuk-jam-hero\/#breadcrumb\"},\"inLanguage\":\"en-US\",\"potentialAction\":[{\"@type\":\"ReadAction\",\"target\":[\"https:\/\/www.visit-ulcinj.com\/blog\/2012\/10\/08\/fuad-gorana-une-jam-viktime-e-kohes-nuk-jam-hero\/\"]}]},{\"@type\":\"BreadcrumbList\",\"@id\":\"https:\/\/www.visit-ulcinj.com\/blog\/2012\/10\/08\/fuad-gorana-une-jam-viktime-e-kohes-nuk-jam-hero\/#breadcrumb\",\"itemListElement\":[{\"@type\":\"ListItem\",\"position\":1,\"name\":\"Fuad Gorana: Un\u00eb jam viktim\u00eb e koh\u00ebs, nuk jam hero!\"}]},{\"@type\":\"Person\",\"@id\":\"https:\/\/www.visit-ulcinj.com\/blog\/#\/schema\/person\/dcab619c614d3038751c63bc2aadc06d\",\"name\":\"ulqini\",\"sameAs\":[\"http:\/\/www.visit-ulcinj.com\"],\"url\":\"https:\/\/www.visit-ulcinj.com\/blog\/author\/admin\/\"}]}<\/script>\n<!-- \/ Yoast SEO plugin. -->","yoast_head_json":{"title":"Fuad Gorana: Un\u00eb jam viktim\u00eb e koh\u00ebs, nuk jam hero! - Lajme nga Ulqini","description":"Nga Muhamet Nika Diferencimet politike n\u00eb Ulqin n\u00eb vitin 1981 dhe terrori shtet\u00ebror i m\u00ebvonsh\u00ebm Ne mesin e shume te akuzuarve dhe te denuarve ne Komunen e","robots":{"index":"index","follow":"follow","max-snippet":"max-snippet:-1","max-image-preview":"max-image-preview:large","max-video-preview":"max-video-preview:-1"},"canonical":"https:\/\/www.visit-ulcinj.com\/blog\/2012\/10\/08\/fuad-gorana-une-jam-viktime-e-kohes-nuk-jam-hero\/","og_locale":"en_US","og_type":"article","og_title":"Fuad Gorana: Un\u00eb jam viktim\u00eb e koh\u00ebs, nuk jam hero! - Lajme nga Ulqini","og_description":"Nga Muhamet Nika Diferencimet politike n\u00eb Ulqin n\u00eb vitin 1981 dhe terrori shtet\u00ebror i m\u00ebvonsh\u00ebm Ne mesin e shume te akuzuarve dhe te denuarve ne Komunen e","og_url":"https:\/\/www.visit-ulcinj.com\/blog\/2012\/10\/08\/fuad-gorana-une-jam-viktime-e-kohes-nuk-jam-hero\/","og_site_name":"Lajme nga Ulqini","article_published_time":"2012-10-08T16:43:22+00:00","article_modified_time":"2012-10-09T15:49:16+00:00","og_image":[{"url":"http:\/\/www.visit-ulcinj.com\/blog\/wp-content\/uploads\/2012\/10\/Fuad-Fulo-Gorana.jpg"}],"twitter_misc":{"Written by":"ulqini","Est. reading time":"2 minutes"},"schema":{"@context":"https:\/\/schema.org","@graph":[{"@type":"WebSite","@id":"https:\/\/www.visit-ulcinj.com\/blog\/#website","url":"https:\/\/www.visit-ulcinj.com\/blog\/","name":"Lajme nga Ulqini","description":"Lajme,Vijesti,Ulqini,Ulqin,Crna Gora,Mali i Zi","potentialAction":[{"@type":"SearchAction","target":{"@type":"EntryPoint","urlTemplate":"https:\/\/www.visit-ulcinj.com\/blog\/?s={search_term_string}"},"query-input":"required name=search_term_string"}],"inLanguage":"en-US"},{"@type":"ImageObject","inLanguage":"en-US","@id":"https:\/\/www.visit-ulcinj.com\/blog\/2012\/10\/08\/fuad-gorana-une-jam-viktime-e-kohes-nuk-jam-hero\/#primaryimage","url":"https:\/\/www.visit-ulcinj.com\/blog\/wp-content\/uploads\/2012\/10\/Fuad-Fulo-Gorana.jpg","contentUrl":"https:\/\/www.visit-ulcinj.com\/blog\/wp-content\/uploads\/2012\/10\/Fuad-Fulo-Gorana.jpg","width":"604","height":"453"},{"@type":"WebPage","@id":"https:\/\/www.visit-ulcinj.com\/blog\/2012\/10\/08\/fuad-gorana-une-jam-viktime-e-kohes-nuk-jam-hero\/#webpage","url":"https:\/\/www.visit-ulcinj.com\/blog\/2012\/10\/08\/fuad-gorana-une-jam-viktime-e-kohes-nuk-jam-hero\/","name":"Fuad Gorana: Un\u00eb jam viktim\u00eb e koh\u00ebs, nuk jam hero! - Lajme nga Ulqini","isPartOf":{"@id":"https:\/\/www.visit-ulcinj.com\/blog\/#website"},"primaryImageOfPage":{"@id":"https:\/\/www.visit-ulcinj.com\/blog\/2012\/10\/08\/fuad-gorana-une-jam-viktime-e-kohes-nuk-jam-hero\/#primaryimage"},"datePublished":"2012-10-08T16:43:22+00:00","dateModified":"2012-10-09T15:49:16+00:00","author":{"@id":"https:\/\/www.visit-ulcinj.com\/blog\/#\/schema\/person\/dcab619c614d3038751c63bc2aadc06d"},"description":"Nga Muhamet Nika Diferencimet politike n\u00eb Ulqin n\u00eb vitin 1981 dhe terrori shtet\u00ebror i m\u00ebvonsh\u00ebm Ne mesin e shume te akuzuarve dhe te denuarve ne Komunen e","breadcrumb":{"@id":"https:\/\/www.visit-ulcinj.com\/blog\/2012\/10\/08\/fuad-gorana-une-jam-viktime-e-kohes-nuk-jam-hero\/#breadcrumb"},"inLanguage":"en-US","potentialAction":[{"@type":"ReadAction","target":["https:\/\/www.visit-ulcinj.com\/blog\/2012\/10\/08\/fuad-gorana-une-jam-viktime-e-kohes-nuk-jam-hero\/"]}]},{"@type":"BreadcrumbList","@id":"https:\/\/www.visit-ulcinj.com\/blog\/2012\/10\/08\/fuad-gorana-une-jam-viktime-e-kohes-nuk-jam-hero\/#breadcrumb","itemListElement":[{"@type":"ListItem","position":1,"name":"Fuad Gorana: Un\u00eb jam viktim\u00eb e koh\u00ebs, nuk jam hero!"}]},{"@type":"Person","@id":"https:\/\/www.visit-ulcinj.com\/blog\/#\/schema\/person\/dcab619c614d3038751c63bc2aadc06d","name":"ulqini","sameAs":["http:\/\/www.visit-ulcinj.com"],"url":"https:\/\/www.visit-ulcinj.com\/blog\/author\/admin\/"}]}},"jetpack_featured_media_url":"","jetpack_sharing_enabled":true,"jetpack_shortlink":"https:\/\/wp.me\/pe6lTn-gKV","_links":{"self":[{"href":"https:\/\/www.visit-ulcinj.com\/blog\/wp-json\/wp\/v2\/posts\/64413"}],"collection":[{"href":"https:\/\/www.visit-ulcinj.com\/blog\/wp-json\/wp\/v2\/posts"}],"about":[{"href":"https:\/\/www.visit-ulcinj.com\/blog\/wp-json\/wp\/v2\/types\/post"}],"author":[{"embeddable":true,"href":"https:\/\/www.visit-ulcinj.com\/blog\/wp-json\/wp\/v2\/users\/1"}],"replies":[{"embeddable":true,"href":"https:\/\/www.visit-ulcinj.com\/blog\/wp-json\/wp\/v2\/comments?post=64413"}],"version-history":[{"count":3,"href":"https:\/\/www.visit-ulcinj.com\/blog\/wp-json\/wp\/v2\/posts\/64413\/revisions"}],"predecessor-version":[{"id":64435,"href":"https:\/\/www.visit-ulcinj.com\/blog\/wp-json\/wp\/v2\/posts\/64413\/revisions\/64435"}],"wp:attachment":[{"href":"https:\/\/www.visit-ulcinj.com\/blog\/wp-json\/wp\/v2\/media?parent=64413"}],"wp:term":[{"taxonomy":"category","embeddable":true,"href":"https:\/\/www.visit-ulcinj.com\/blog\/wp-json\/wp\/v2\/categories?post=64413"},{"taxonomy":"post_tag","embeddable":true,"href":"https:\/\/www.visit-ulcinj.com\/blog\/wp-json\/wp\/v2\/tags?post=64413"}],"curies":[{"name":"wp","href":"https:\/\/api.w.org\/{rel}","templated":true}]}}