{"id":64436,"date":"2012-10-09T16:58:44","date_gmt":"2012-10-09T15:58:44","guid":{"rendered":"http:\/\/www.visit-ulcinj.com\/blog\/?p=64436"},"modified":"2012-10-09T16:58:44","modified_gmt":"2012-10-09T15:58:44","slug":"u-ulcinju-policija-podnijela-krivicnu-prijavu-zbog-kd-davanje-mita","status":"publish","type":"post","link":"https:\/\/www.visit-ulcinj.com\/blog\/2012\/10\/09\/u-ulcinju-policija-podnijela-krivicnu-prijavu-zbog-kd-davanje-mita\/","title":{"rendered":"U Ulcinju policija podnijela krivi\u010dnu prijavu zbog KD davanje mita"},"content":{"rendered":"<p><a href=\"http:\/\/www.visit-ulcinj.com\/blog\/wp-content\/uploads\/2012\/10\/Uprava-policije-ulcinj.jpg\"><img loading=\"lazy\" class=\"alignleft size-full wp-image-64437\" title=\"Uprava-policije-ulcinj\" src=\"http:\/\/www.visit-ulcinj.com\/blog\/wp-content\/uploads\/2012\/10\/Uprava-policije-ulcinj.jpg\" alt=\"\" width=\"282\" height=\"349\" srcset=\"https:\/\/www.visit-ulcinj.com\/blog\/wp-content\/uploads\/2012\/10\/Uprava-policije-ulcinj.jpg 282w, https:\/\/www.visit-ulcinj.com\/blog\/wp-content\/uploads\/2012\/10\/Uprava-policije-ulcinj-242x300.jpg 242w\" sizes=\"(max-width: 282px) 100vw, 282px\" \/><\/a>Slu\u017ebenici Ispostave Ulcinj su, ju\u010de 08. oktobra 2012. godine, podnijeli krivi\u010dnu prijavu Vrhovnom dr\u017eavnom tu\u017eila\u0161tvu protiv M.P. (34), ro\u0111en u Mirdita- Republika Albanija, zbog osnovane sumnje, da je izvr\u0161io krivi\u010dno djelo davanje mita.<\/p>\n<p>Naime, M.P. je, ju\u010de, na grani\u010dnom prelazu Sukobin-Muri\u0107ani, na izlazu iz Crne Gore, prilikom vr\u0161enja grani\u010dnih provjera od strane slu\u017ebenika Ekspoziture grani\u010dne policije Ulcinj, na zahtjev policijskog slu\u017ebenika da poka\u017ee na uvid dokumentaciju od motokultivatora koji je prevozio u vozilu marke \u201cVolkswagen\u201d, italijanskih registarskih oznaka, predao me\u0111unarodnu polisu osiguranja vozila tzv. \u201czeleni karton\u201d u kojem su se nalazile tri nov\u010danice od kojih jedna u apoenu od 10 eura i dvije u apoenima od po 5 eura i tom prilikom, kako se sumnja, poku\u0161ao da podmiti policijske slu\u017ebenike.<\/p>\n<p>M.P. je nakon toga li\u0161en slobode, zbog postojanja osnova sumnje, da je po\u010dinio krivi\u010dno djelo davanje mita. Prilikom li\u0161avanja slobode M.P. je pru\u017eio aktivan otpor policijskim slu\u017ebenicima.<\/p>\n<p>O doga\u0111aju je pravovremeno obavije\u0161teno nadle\u017eno dr\u017eavno tu\u017eila\u0161tvo.<\/p>\n<p>Slu\u017ebenici Ispostave Ulcinj su, istoga dana nakon li\u0161enja slobode, sproveli M.P., uz krivi\u010dnu prijavu, Zamjeniku specijalnog dr\u017eavnog tu\u017eioca za suzbijanje organizovanog kriminala, korupcije, terorizma i ratnih zlo\u010dina, na dalju nadle\u017enost.<\/p>\n<p><a href=\"http:\/\/www.upravapolicije.com\/index.php?IDSP=4312&amp;jezik=lat\" target=\"_blank\"><strong>Uprava policije Crne Gore<\/strong><\/a><\/p>\n","protected":false},"excerpt":{"rendered":"<p>Slu\u017ebenici Ispostave Ulcinj su, ju\u010de 08. oktobra 2012. godine, podnijeli krivi\u010dnu prijavu Vrhovnom dr\u017eavnom tu\u017eila\u0161tvu protiv M.P. (34), ro\u0111en u Mirdita- Republika Albanija, zbog osnovane sumnje, da je izvr\u0161io krivi\u010dno djelo davanje mita. Naime, M.P. je, ju\u010de, na grani\u010dnom prelazu Sukobin-Muri\u0107ani, na izlazu iz Crne Gore, prilikom vr\u0161enja grani\u010dnih provjera od strane slu\u017ebenika Ekspoziture grani\u010dne [&hellip;]<\/p>\n","protected":false},"author":1,"featured_media":0,"comment_status":"open","ping_status":"closed","sticky":false,"template":"","format":"standard","meta":{"spay_email":"","jetpack_publicize_message":"","jetpack_is_tweetstorm":false,"jetpack_publicize_feature_enabled":true},"categories":[8337],"tags":[6358,20352],"jetpack_publicize_connections":[],"yoast_head":"<!-- This site is optimized with the Yoast SEO plugin v19.1 - https:\/\/yoast.com\/wordpress\/plugins\/seo\/ -->\n<title>U Ulcinju policija podnijela krivi\u010dnu prijavu zbog KD davanje mita - Lajme nga Ulqini<\/title>\n<meta name=\"description\" content=\"Slu\u017ebenici Ispostave Ulcinj su, ju\u010de 08. oktobra 2012. godine, podnijeli krivi\u010dnu prijavu Vrhovnom dr\u017eavnom tu\u017eila\u0161tvu protiv M.P. (34), ro\u0111en u Mirdita-\" \/>\n<meta name=\"robots\" content=\"index, follow, max-snippet:-1, max-image-preview:large, max-video-preview:-1\" \/>\n<link rel=\"canonical\" href=\"https:\/\/www.visit-ulcinj.com\/blog\/2012\/10\/09\/u-ulcinju-policija-podnijela-krivicnu-prijavu-zbog-kd-davanje-mita\/\" \/>\n<meta property=\"og:locale\" content=\"en_US\" \/>\n<meta property=\"og:type\" content=\"article\" \/>\n<meta property=\"og:title\" content=\"U Ulcinju policija podnijela krivi\u010dnu prijavu zbog KD davanje mita - Lajme nga Ulqini\" \/>\n<meta property=\"og:description\" content=\"Slu\u017ebenici Ispostave Ulcinj su, ju\u010de 08. oktobra 2012. godine, podnijeli krivi\u010dnu prijavu Vrhovnom dr\u017eavnom tu\u017eila\u0161tvu protiv M.P. (34), ro\u0111en u Mirdita-\" \/>\n<meta property=\"og:url\" content=\"https:\/\/www.visit-ulcinj.com\/blog\/2012\/10\/09\/u-ulcinju-policija-podnijela-krivicnu-prijavu-zbog-kd-davanje-mita\/\" \/>\n<meta property=\"og:site_name\" content=\"Lajme nga Ulqini\" \/>\n<meta property=\"article:published_time\" content=\"2012-10-09T15:58:44+00:00\" \/>\n<meta property=\"og:image\" content=\"http:\/\/www.visit-ulcinj.com\/blog\/wp-content\/uploads\/2012\/10\/Uprava-policije-ulcinj.jpg\" \/>\n<meta name=\"twitter:label1\" content=\"Written by\" \/>\n\t<meta name=\"twitter:data1\" content=\"ulqini\" \/>\n\t<meta name=\"twitter:label2\" content=\"Est. reading time\" \/>\n\t<meta name=\"twitter:data2\" content=\"1 minute\" \/>\n<script type=\"application\/ld+json\" class=\"yoast-schema-graph\">{\"@context\":\"https:\/\/schema.org\",\"@graph\":[{\"@type\":\"WebSite\",\"@id\":\"https:\/\/www.visit-ulcinj.com\/blog\/#website\",\"url\":\"https:\/\/www.visit-ulcinj.com\/blog\/\",\"name\":\"Lajme nga Ulqini\",\"description\":\"Lajme,Vijesti,Ulqini,Ulqin,Crna Gora,Mali i Zi\",\"potentialAction\":[{\"@type\":\"SearchAction\",\"target\":{\"@type\":\"EntryPoint\",\"urlTemplate\":\"https:\/\/www.visit-ulcinj.com\/blog\/?s={search_term_string}\"},\"query-input\":\"required name=search_term_string\"}],\"inLanguage\":\"en-US\"},{\"@type\":\"ImageObject\",\"inLanguage\":\"en-US\",\"@id\":\"https:\/\/www.visit-ulcinj.com\/blog\/2012\/10\/09\/u-ulcinju-policija-podnijela-krivicnu-prijavu-zbog-kd-davanje-mita\/#primaryimage\",\"url\":\"https:\/\/www.visit-ulcinj.com\/blog\/wp-content\/uploads\/2012\/10\/Uprava-policije-ulcinj.jpg\",\"contentUrl\":\"https:\/\/www.visit-ulcinj.com\/blog\/wp-content\/uploads\/2012\/10\/Uprava-policije-ulcinj.jpg\",\"width\":\"282\",\"height\":\"349\"},{\"@type\":\"WebPage\",\"@id\":\"https:\/\/www.visit-ulcinj.com\/blog\/2012\/10\/09\/u-ulcinju-policija-podnijela-krivicnu-prijavu-zbog-kd-davanje-mita\/#webpage\",\"url\":\"https:\/\/www.visit-ulcinj.com\/blog\/2012\/10\/09\/u-ulcinju-policija-podnijela-krivicnu-prijavu-zbog-kd-davanje-mita\/\",\"name\":\"U Ulcinju policija podnijela krivi\u010dnu prijavu zbog KD davanje mita - Lajme nga Ulqini\",\"isPartOf\":{\"@id\":\"https:\/\/www.visit-ulcinj.com\/blog\/#website\"},\"primaryImageOfPage\":{\"@id\":\"https:\/\/www.visit-ulcinj.com\/blog\/2012\/10\/09\/u-ulcinju-policija-podnijela-krivicnu-prijavu-zbog-kd-davanje-mita\/#primaryimage\"},\"datePublished\":\"2012-10-09T15:58:44+00:00\",\"dateModified\":\"2012-10-09T15:58:44+00:00\",\"author\":{\"@id\":\"https:\/\/www.visit-ulcinj.com\/blog\/#\/schema\/person\/dcab619c614d3038751c63bc2aadc06d\"},\"description\":\"Slu\u017ebenici Ispostave Ulcinj su, ju\u010de 08. oktobra 2012. godine, podnijeli krivi\u010dnu prijavu Vrhovnom dr\u017eavnom tu\u017eila\u0161tvu protiv M.P. (34), ro\u0111en u Mirdita-\",\"breadcrumb\":{\"@id\":\"https:\/\/www.visit-ulcinj.com\/blog\/2012\/10\/09\/u-ulcinju-policija-podnijela-krivicnu-prijavu-zbog-kd-davanje-mita\/#breadcrumb\"},\"inLanguage\":\"en-US\",\"potentialAction\":[{\"@type\":\"ReadAction\",\"target\":[\"https:\/\/www.visit-ulcinj.com\/blog\/2012\/10\/09\/u-ulcinju-policija-podnijela-krivicnu-prijavu-zbog-kd-davanje-mita\/\"]}]},{\"@type\":\"BreadcrumbList\",\"@id\":\"https:\/\/www.visit-ulcinj.com\/blog\/2012\/10\/09\/u-ulcinju-policija-podnijela-krivicnu-prijavu-zbog-kd-davanje-mita\/#breadcrumb\",\"itemListElement\":[{\"@type\":\"ListItem\",\"position\":1,\"name\":\"U Ulcinju policija podnijela krivi\u010dnu prijavu zbog KD davanje mita\"}]},{\"@type\":\"Person\",\"@id\":\"https:\/\/www.visit-ulcinj.com\/blog\/#\/schema\/person\/dcab619c614d3038751c63bc2aadc06d\",\"name\":\"ulqini\",\"sameAs\":[\"http:\/\/www.visit-ulcinj.com\"],\"url\":\"https:\/\/www.visit-ulcinj.com\/blog\/author\/admin\/\"}]}<\/script>\n<!-- \/ Yoast SEO plugin. -->","yoast_head_json":{"title":"U Ulcinju policija podnijela krivi\u010dnu prijavu zbog KD davanje mita - Lajme nga Ulqini","description":"Slu\u017ebenici Ispostave Ulcinj su, ju\u010de 08. oktobra 2012. godine, podnijeli krivi\u010dnu prijavu Vrhovnom dr\u017eavnom tu\u017eila\u0161tvu protiv M.P. (34), ro\u0111en u Mirdita-","robots":{"index":"index","follow":"follow","max-snippet":"max-snippet:-1","max-image-preview":"max-image-preview:large","max-video-preview":"max-video-preview:-1"},"canonical":"https:\/\/www.visit-ulcinj.com\/blog\/2012\/10\/09\/u-ulcinju-policija-podnijela-krivicnu-prijavu-zbog-kd-davanje-mita\/","og_locale":"en_US","og_type":"article","og_title":"U Ulcinju policija podnijela krivi\u010dnu prijavu zbog KD davanje mita - Lajme nga Ulqini","og_description":"Slu\u017ebenici Ispostave Ulcinj su, ju\u010de 08. oktobra 2012. godine, podnijeli krivi\u010dnu prijavu Vrhovnom dr\u017eavnom tu\u017eila\u0161tvu protiv M.P. (34), ro\u0111en u Mirdita-","og_url":"https:\/\/www.visit-ulcinj.com\/blog\/2012\/10\/09\/u-ulcinju-policija-podnijela-krivicnu-prijavu-zbog-kd-davanje-mita\/","og_site_name":"Lajme nga Ulqini","article_published_time":"2012-10-09T15:58:44+00:00","og_image":[{"url":"http:\/\/www.visit-ulcinj.com\/blog\/wp-content\/uploads\/2012\/10\/Uprava-policije-ulcinj.jpg"}],"twitter_misc":{"Written by":"ulqini","Est. reading time":"1 minute"},"schema":{"@context":"https:\/\/schema.org","@graph":[{"@type":"WebSite","@id":"https:\/\/www.visit-ulcinj.com\/blog\/#website","url":"https:\/\/www.visit-ulcinj.com\/blog\/","name":"Lajme nga Ulqini","description":"Lajme,Vijesti,Ulqini,Ulqin,Crna Gora,Mali i Zi","potentialAction":[{"@type":"SearchAction","target":{"@type":"EntryPoint","urlTemplate":"https:\/\/www.visit-ulcinj.com\/blog\/?s={search_term_string}"},"query-input":"required name=search_term_string"}],"inLanguage":"en-US"},{"@type":"ImageObject","inLanguage":"en-US","@id":"https:\/\/www.visit-ulcinj.com\/blog\/2012\/10\/09\/u-ulcinju-policija-podnijela-krivicnu-prijavu-zbog-kd-davanje-mita\/#primaryimage","url":"https:\/\/www.visit-ulcinj.com\/blog\/wp-content\/uploads\/2012\/10\/Uprava-policije-ulcinj.jpg","contentUrl":"https:\/\/www.visit-ulcinj.com\/blog\/wp-content\/uploads\/2012\/10\/Uprava-policije-ulcinj.jpg","width":"282","height":"349"},{"@type":"WebPage","@id":"https:\/\/www.visit-ulcinj.com\/blog\/2012\/10\/09\/u-ulcinju-policija-podnijela-krivicnu-prijavu-zbog-kd-davanje-mita\/#webpage","url":"https:\/\/www.visit-ulcinj.com\/blog\/2012\/10\/09\/u-ulcinju-policija-podnijela-krivicnu-prijavu-zbog-kd-davanje-mita\/","name":"U Ulcinju policija podnijela krivi\u010dnu prijavu zbog KD davanje mita - Lajme nga Ulqini","isPartOf":{"@id":"https:\/\/www.visit-ulcinj.com\/blog\/#website"},"primaryImageOfPage":{"@id":"https:\/\/www.visit-ulcinj.com\/blog\/2012\/10\/09\/u-ulcinju-policija-podnijela-krivicnu-prijavu-zbog-kd-davanje-mita\/#primaryimage"},"datePublished":"2012-10-09T15:58:44+00:00","dateModified":"2012-10-09T15:58:44+00:00","author":{"@id":"https:\/\/www.visit-ulcinj.com\/blog\/#\/schema\/person\/dcab619c614d3038751c63bc2aadc06d"},"description":"Slu\u017ebenici Ispostave Ulcinj su, ju\u010de 08. oktobra 2012. godine, podnijeli krivi\u010dnu prijavu Vrhovnom dr\u017eavnom tu\u017eila\u0161tvu protiv M.P. (34), ro\u0111en u Mirdita-","breadcrumb":{"@id":"https:\/\/www.visit-ulcinj.com\/blog\/2012\/10\/09\/u-ulcinju-policija-podnijela-krivicnu-prijavu-zbog-kd-davanje-mita\/#breadcrumb"},"inLanguage":"en-US","potentialAction":[{"@type":"ReadAction","target":["https:\/\/www.visit-ulcinj.com\/blog\/2012\/10\/09\/u-ulcinju-policija-podnijela-krivicnu-prijavu-zbog-kd-davanje-mita\/"]}]},{"@type":"BreadcrumbList","@id":"https:\/\/www.visit-ulcinj.com\/blog\/2012\/10\/09\/u-ulcinju-policija-podnijela-krivicnu-prijavu-zbog-kd-davanje-mita\/#breadcrumb","itemListElement":[{"@type":"ListItem","position":1,"name":"U Ulcinju policija podnijela krivi\u010dnu prijavu zbog KD davanje mita"}]},{"@type":"Person","@id":"https:\/\/www.visit-ulcinj.com\/blog\/#\/schema\/person\/dcab619c614d3038751c63bc2aadc06d","name":"ulqini","sameAs":["http:\/\/www.visit-ulcinj.com"],"url":"https:\/\/www.visit-ulcinj.com\/blog\/author\/admin\/"}]}},"jetpack_featured_media_url":"","jetpack_sharing_enabled":true,"jetpack_shortlink":"https:\/\/wp.me\/pe6lTn-gLi","_links":{"self":[{"href":"https:\/\/www.visit-ulcinj.com\/blog\/wp-json\/wp\/v2\/posts\/64436"}],"collection":[{"href":"https:\/\/www.visit-ulcinj.com\/blog\/wp-json\/wp\/v2\/posts"}],"about":[{"href":"https:\/\/www.visit-ulcinj.com\/blog\/wp-json\/wp\/v2\/types\/post"}],"author":[{"embeddable":true,"href":"https:\/\/www.visit-ulcinj.com\/blog\/wp-json\/wp\/v2\/users\/1"}],"replies":[{"embeddable":true,"href":"https:\/\/www.visit-ulcinj.com\/blog\/wp-json\/wp\/v2\/comments?post=64436"}],"version-history":[{"count":1,"href":"https:\/\/www.visit-ulcinj.com\/blog\/wp-json\/wp\/v2\/posts\/64436\/revisions"}],"predecessor-version":[{"id":64438,"href":"https:\/\/www.visit-ulcinj.com\/blog\/wp-json\/wp\/v2\/posts\/64436\/revisions\/64438"}],"wp:attachment":[{"href":"https:\/\/www.visit-ulcinj.com\/blog\/wp-json\/wp\/v2\/media?parent=64436"}],"wp:term":[{"taxonomy":"category","embeddable":true,"href":"https:\/\/www.visit-ulcinj.com\/blog\/wp-json\/wp\/v2\/categories?post=64436"},{"taxonomy":"post_tag","embeddable":true,"href":"https:\/\/www.visit-ulcinj.com\/blog\/wp-json\/wp\/v2\/tags?post=64436"}],"curies":[{"name":"wp","href":"https:\/\/api.w.org\/{rel}","templated":true}]}}