{"id":64439,"date":"2012-10-09T17:06:29","date_gmt":"2012-10-09T16:06:29","guid":{"rendered":"http:\/\/www.visit-ulcinj.com\/blog\/?p=64439"},"modified":"2012-10-09T17:07:39","modified_gmt":"2012-10-09T16:07:39","slug":"albanci-nikome-nece-dati-blanko-podrsku","status":"publish","type":"post","link":"https:\/\/www.visit-ulcinj.com\/blog\/2012\/10\/09\/albanci-nikome-nece-dati-blanko-podrsku\/","title":{"rendered":"Albanci nikome ne\u0107e dati blanko podr\u0161ku"},"content":{"rendered":"<div id=\"attachment_64440\" style=\"width: 518px\" class=\"wp-caption alignleft\"><a href=\"http:\/\/www.visit-ulcinj.com\/blog\/wp-content\/uploads\/2012\/10\/Sinishtaj_Nimanbegu.jpg\"><img aria-describedby=\"caption-attachment-64440\" loading=\"lazy\" class=\" wp-image-64440 \" title=\"Sinishtaj_Nimanbegu\" src=\"http:\/\/www.visit-ulcinj.com\/blog\/wp-content\/uploads\/2012\/10\/Sinishtaj_Nimanbegu.jpg\" alt=\"\" width=\"508\" height=\"360\" \/><\/a><p id=\"caption-attachment-64440\" class=\"wp-caption-text\">Foto: Vijesti<\/p><\/div>\n<p>Dok se u slu\u010daju Demokratske unije Albanaca to isklju\u010divo odnosi na njihove dosada\u0161nje partnere &#8211; vladaju\u0107u koaliciju, u Forci i Gra\u0111anskoj inicijativi &#8220;ruka je pru\u017eena&#8221; svima, pi\u0161u Dnevne novine.<\/p>\n<p>Predsjednik GI Vaselj Sini\u0161taj kazao je da \u0107e koalicija Forca za jedinstvo napraviti postizborni sporazum sa onim politi\u010dkim subjektom koji Albance bude tretirao kao iskrene partnere, a ne kao poslu\u0161nike.<\/p>\n<p>I predsjednik DS-a Mehmet Bardhi izjavio je da \u0107e njegova stranka pristati samo na partnersku saradnju, te da ne\u0107e dati nikome &#8220;blanko podr\u0161ku&#8221;.<\/p>\n<p>Sini\u0161taj je poru\u010dio da &#8220;ne mogu biti dio ne\u010dega&#8221; ukoliko se Albancima ne ispune prava koj a su im zaj em\u010dena Ustavom i propisana zakonima Crne Gore, te da \u0107e u postizbornu koaliciju u\u0107i sa onim ko poka\u017ee spremnost da njihove zahtjeve ispuni, &#8220;a to ne mora biti vlast.<\/p>\n<p>&#8220;Sve \u0161to mi zahtijevamo propisano je Ustavom, me\u0111utim Ustav se ne po\u0161tuje. Moramo se zalagati za bolji \u017eivot svih gra\u0111ana. Manjinska prava ti\u010du se i osnovnih ljudskih prava, a sve ukupno gledano, tu je bitan i \u017eivotni standard. Nemamo istu \u0161ansu kao i drugi, a upravo \u0107emo na tome da insistiramo, da budemo ravnopravni gra\u0111ani i da se po\u0161tuju na\u0161e specifi\u010dnosti&#8221;, naveo je on.<\/p>\n<p>Sini\u0161taj, kao i njegov koalicioni partner, potpredsjednik Force Genci Nimanbegu smatraju da bi Albanci trebalo da nastupe zajedni\u010dki u nekim eventualno budu\u0107im pregovorima o formiranju Vlade i pod zajedni\u010dkom platformom.<\/p>\n<p>Sa druge strane, predsjednik DUA-e Mehmet Zenka u postizbornu koaliciju i\u0107i se sa dosada\u0161njim kolicionim partnerima &#8211; Evropskom Crnom Gorom.<\/p>\n<p>On je poru\u010dio da \u0107e u saradnji sa njima biti finalizovan projekat op\u0161tine Tuzi, te da \u0107e svi problemi koji ti\u0161te Albance, od zastupljenosti u administraciji do pitanja Morskog dobra u Ulcinju, biti rije\u0161eni tokom 2013. godine. No, jedan od zahtjeva bi\u0107e i rukovo\u0111enje Ministarstvom za manjinska prava, koje je ta partija i do sada pokrivala.<\/p>\n<p>Sini\u0161taj bi, me\u0111utim, odgovornost rukovo\u0111enja sektorom manjinskih prava prepustio nekom drugom, &#8220;iz razloga \u0161to ve\u0107u odgovornost za ispunjavanje tih prava ima onaj ko je ve\u0107ina&#8221;.<\/p>\n<p>I za Bardhija su od Ministarstava va\u017enija opredeljenja. On je dodao da ne odbija da participira u vlasti, ali prije toga tra\u017ei, &#8220;pregovore, razgovore i rje\u0161enja koja bi bila prihvatljiva za nas&#8221;.<\/p>\n<p>&nbsp;<\/p>\n<p><a href=\"http:\/\/www.cdm.me\/politika\/izbori-2012\/albanci-nikome-nece-dati-blanko-podrsku\" target=\"_blank\"><strong>Izvor: CDM<\/strong><\/a><\/p>\n","protected":false},"excerpt":{"rendered":"<p>Dok se u slu\u010daju Demokratske unije Albanaca to isklju\u010divo odnosi na njihove dosada\u0161nje partnere &#8211; vladaju\u0107u koaliciju, u Forci i Gra\u0111anskoj inicijativi &#8220;ruka je pru\u017eena&#8221; svima, pi\u0161u Dnevne novine. Predsjednik GI Vaselj Sini\u0161taj kazao je da \u0107e koalicija Forca za jedinstvo napraviti postizborni sporazum sa onim politi\u010dkim subjektom koji Albance bude tretirao kao iskrene partnere, [&hellip;]<\/p>\n","protected":false},"author":1,"featured_media":0,"comment_status":"open","ping_status":"closed","sticky":false,"template":"","format":"standard","meta":{"spay_email":"","jetpack_publicize_message":"","jetpack_is_tweetstorm":false,"jetpack_publicize_feature_enabled":true},"categories":[8337],"tags":[1520,201,19],"jetpack_publicize_connections":[],"yoast_head":"<!-- This site is optimized with the Yoast SEO plugin v19.1 - https:\/\/yoast.com\/wordpress\/plugins\/seo\/ -->\n<title>Albanci nikome ne\u0107e dati blanko podr\u0161ku - Lajme nga Ulqini<\/title>\n<meta name=\"description\" content=\"Dok se u slu\u010daju Demokratske unije Albanaca to isklju\u010divo odnosi na njihove dosada\u0161nje partnere - vladaju\u0107u koaliciju, u Forci i Gra\u0111anskoj inicijativi\" \/>\n<meta name=\"robots\" content=\"index, follow, max-snippet:-1, max-image-preview:large, max-video-preview:-1\" \/>\n<link rel=\"canonical\" href=\"https:\/\/www.visit-ulcinj.com\/blog\/2012\/10\/09\/albanci-nikome-nece-dati-blanko-podrsku\/\" \/>\n<meta property=\"og:locale\" content=\"en_US\" \/>\n<meta property=\"og:type\" content=\"article\" \/>\n<meta property=\"og:title\" content=\"Albanci nikome ne\u0107e dati blanko podr\u0161ku - Lajme nga Ulqini\" \/>\n<meta property=\"og:description\" content=\"Dok se u slu\u010daju Demokratske unije Albanaca to isklju\u010divo odnosi na njihove dosada\u0161nje partnere - vladaju\u0107u koaliciju, u Forci i Gra\u0111anskoj inicijativi\" \/>\n<meta property=\"og:url\" content=\"https:\/\/www.visit-ulcinj.com\/blog\/2012\/10\/09\/albanci-nikome-nece-dati-blanko-podrsku\/\" \/>\n<meta property=\"og:site_name\" content=\"Lajme nga Ulqini\" \/>\n<meta property=\"article:published_time\" content=\"2012-10-09T16:06:29+00:00\" \/>\n<meta property=\"article:modified_time\" content=\"2012-10-09T16:07:39+00:00\" \/>\n<meta property=\"og:image\" content=\"http:\/\/www.visit-ulcinj.com\/blog\/wp-content\/uploads\/2012\/10\/Sinishtaj_Nimanbegu.jpg\" \/>\n<meta name=\"twitter:label1\" content=\"Written by\" \/>\n\t<meta name=\"twitter:data1\" content=\"ulqini\" \/>\n\t<meta name=\"twitter:label2\" content=\"Est. reading time\" \/>\n\t<meta name=\"twitter:data2\" content=\"2 minutes\" \/>\n<script type=\"application\/ld+json\" class=\"yoast-schema-graph\">{\"@context\":\"https:\/\/schema.org\",\"@graph\":[{\"@type\":\"WebSite\",\"@id\":\"https:\/\/www.visit-ulcinj.com\/blog\/#website\",\"url\":\"https:\/\/www.visit-ulcinj.com\/blog\/\",\"name\":\"Lajme nga Ulqini\",\"description\":\"Lajme,Vijesti,Ulqini,Ulqin,Crna Gora,Mali i Zi\",\"potentialAction\":[{\"@type\":\"SearchAction\",\"target\":{\"@type\":\"EntryPoint\",\"urlTemplate\":\"https:\/\/www.visit-ulcinj.com\/blog\/?s={search_term_string}\"},\"query-input\":\"required name=search_term_string\"}],\"inLanguage\":\"en-US\"},{\"@type\":\"ImageObject\",\"inLanguage\":\"en-US\",\"@id\":\"https:\/\/www.visit-ulcinj.com\/blog\/2012\/10\/09\/albanci-nikome-nece-dati-blanko-podrsku\/#primaryimage\",\"url\":\"https:\/\/www.visit-ulcinj.com\/blog\/wp-content\/uploads\/2012\/10\/Sinishtaj_Nimanbegu.jpg\",\"contentUrl\":\"https:\/\/www.visit-ulcinj.com\/blog\/wp-content\/uploads\/2012\/10\/Sinishtaj_Nimanbegu.jpg\",\"width\":\"993\",\"height\":\"693\"},{\"@type\":\"WebPage\",\"@id\":\"https:\/\/www.visit-ulcinj.com\/blog\/2012\/10\/09\/albanci-nikome-nece-dati-blanko-podrsku\/#webpage\",\"url\":\"https:\/\/www.visit-ulcinj.com\/blog\/2012\/10\/09\/albanci-nikome-nece-dati-blanko-podrsku\/\",\"name\":\"Albanci nikome ne\u0107e dati blanko podr\u0161ku - Lajme nga Ulqini\",\"isPartOf\":{\"@id\":\"https:\/\/www.visit-ulcinj.com\/blog\/#website\"},\"primaryImageOfPage\":{\"@id\":\"https:\/\/www.visit-ulcinj.com\/blog\/2012\/10\/09\/albanci-nikome-nece-dati-blanko-podrsku\/#primaryimage\"},\"datePublished\":\"2012-10-09T16:06:29+00:00\",\"dateModified\":\"2012-10-09T16:07:39+00:00\",\"author\":{\"@id\":\"https:\/\/www.visit-ulcinj.com\/blog\/#\/schema\/person\/dcab619c614d3038751c63bc2aadc06d\"},\"description\":\"Dok se u slu\u010daju Demokratske unije Albanaca to isklju\u010divo odnosi na njihove dosada\u0161nje partnere - vladaju\u0107u koaliciju, u Forci i Gra\u0111anskoj inicijativi\",\"breadcrumb\":{\"@id\":\"https:\/\/www.visit-ulcinj.com\/blog\/2012\/10\/09\/albanci-nikome-nece-dati-blanko-podrsku\/#breadcrumb\"},\"inLanguage\":\"en-US\",\"potentialAction\":[{\"@type\":\"ReadAction\",\"target\":[\"https:\/\/www.visit-ulcinj.com\/blog\/2012\/10\/09\/albanci-nikome-nece-dati-blanko-podrsku\/\"]}]},{\"@type\":\"BreadcrumbList\",\"@id\":\"https:\/\/www.visit-ulcinj.com\/blog\/2012\/10\/09\/albanci-nikome-nece-dati-blanko-podrsku\/#breadcrumb\",\"itemListElement\":[{\"@type\":\"ListItem\",\"position\":1,\"name\":\"Albanci nikome ne\u0107e dati blanko podr\u0161ku\"}]},{\"@type\":\"Person\",\"@id\":\"https:\/\/www.visit-ulcinj.com\/blog\/#\/schema\/person\/dcab619c614d3038751c63bc2aadc06d\",\"name\":\"ulqini\",\"sameAs\":[\"http:\/\/www.visit-ulcinj.com\"],\"url\":\"https:\/\/www.visit-ulcinj.com\/blog\/author\/admin\/\"}]}<\/script>\n<!-- \/ Yoast SEO plugin. -->","yoast_head_json":{"title":"Albanci nikome ne\u0107e dati blanko podr\u0161ku - Lajme nga Ulqini","description":"Dok se u slu\u010daju Demokratske unije Albanaca to isklju\u010divo odnosi na njihove dosada\u0161nje partnere - vladaju\u0107u koaliciju, u Forci i Gra\u0111anskoj inicijativi","robots":{"index":"index","follow":"follow","max-snippet":"max-snippet:-1","max-image-preview":"max-image-preview:large","max-video-preview":"max-video-preview:-1"},"canonical":"https:\/\/www.visit-ulcinj.com\/blog\/2012\/10\/09\/albanci-nikome-nece-dati-blanko-podrsku\/","og_locale":"en_US","og_type":"article","og_title":"Albanci nikome ne\u0107e dati blanko podr\u0161ku - Lajme nga Ulqini","og_description":"Dok se u slu\u010daju Demokratske unije Albanaca to isklju\u010divo odnosi na njihove dosada\u0161nje partnere - vladaju\u0107u koaliciju, u Forci i Gra\u0111anskoj inicijativi","og_url":"https:\/\/www.visit-ulcinj.com\/blog\/2012\/10\/09\/albanci-nikome-nece-dati-blanko-podrsku\/","og_site_name":"Lajme nga Ulqini","article_published_time":"2012-10-09T16:06:29+00:00","article_modified_time":"2012-10-09T16:07:39+00:00","og_image":[{"url":"http:\/\/www.visit-ulcinj.com\/blog\/wp-content\/uploads\/2012\/10\/Sinishtaj_Nimanbegu.jpg"}],"twitter_misc":{"Written by":"ulqini","Est. reading time":"2 minutes"},"schema":{"@context":"https:\/\/schema.org","@graph":[{"@type":"WebSite","@id":"https:\/\/www.visit-ulcinj.com\/blog\/#website","url":"https:\/\/www.visit-ulcinj.com\/blog\/","name":"Lajme nga Ulqini","description":"Lajme,Vijesti,Ulqini,Ulqin,Crna Gora,Mali i Zi","potentialAction":[{"@type":"SearchAction","target":{"@type":"EntryPoint","urlTemplate":"https:\/\/www.visit-ulcinj.com\/blog\/?s={search_term_string}"},"query-input":"required name=search_term_string"}],"inLanguage":"en-US"},{"@type":"ImageObject","inLanguage":"en-US","@id":"https:\/\/www.visit-ulcinj.com\/blog\/2012\/10\/09\/albanci-nikome-nece-dati-blanko-podrsku\/#primaryimage","url":"https:\/\/www.visit-ulcinj.com\/blog\/wp-content\/uploads\/2012\/10\/Sinishtaj_Nimanbegu.jpg","contentUrl":"https:\/\/www.visit-ulcinj.com\/blog\/wp-content\/uploads\/2012\/10\/Sinishtaj_Nimanbegu.jpg","width":"993","height":"693"},{"@type":"WebPage","@id":"https:\/\/www.visit-ulcinj.com\/blog\/2012\/10\/09\/albanci-nikome-nece-dati-blanko-podrsku\/#webpage","url":"https:\/\/www.visit-ulcinj.com\/blog\/2012\/10\/09\/albanci-nikome-nece-dati-blanko-podrsku\/","name":"Albanci nikome ne\u0107e dati blanko podr\u0161ku - Lajme nga Ulqini","isPartOf":{"@id":"https:\/\/www.visit-ulcinj.com\/blog\/#website"},"primaryImageOfPage":{"@id":"https:\/\/www.visit-ulcinj.com\/blog\/2012\/10\/09\/albanci-nikome-nece-dati-blanko-podrsku\/#primaryimage"},"datePublished":"2012-10-09T16:06:29+00:00","dateModified":"2012-10-09T16:07:39+00:00","author":{"@id":"https:\/\/www.visit-ulcinj.com\/blog\/#\/schema\/person\/dcab619c614d3038751c63bc2aadc06d"},"description":"Dok se u slu\u010daju Demokratske unije Albanaca to isklju\u010divo odnosi na njihove dosada\u0161nje partnere - vladaju\u0107u koaliciju, u Forci i Gra\u0111anskoj inicijativi","breadcrumb":{"@id":"https:\/\/www.visit-ulcinj.com\/blog\/2012\/10\/09\/albanci-nikome-nece-dati-blanko-podrsku\/#breadcrumb"},"inLanguage":"en-US","potentialAction":[{"@type":"ReadAction","target":["https:\/\/www.visit-ulcinj.com\/blog\/2012\/10\/09\/albanci-nikome-nece-dati-blanko-podrsku\/"]}]},{"@type":"BreadcrumbList","@id":"https:\/\/www.visit-ulcinj.com\/blog\/2012\/10\/09\/albanci-nikome-nece-dati-blanko-podrsku\/#breadcrumb","itemListElement":[{"@type":"ListItem","position":1,"name":"Albanci nikome ne\u0107e dati blanko podr\u0161ku"}]},{"@type":"Person","@id":"https:\/\/www.visit-ulcinj.com\/blog\/#\/schema\/person\/dcab619c614d3038751c63bc2aadc06d","name":"ulqini","sameAs":["http:\/\/www.visit-ulcinj.com"],"url":"https:\/\/www.visit-ulcinj.com\/blog\/author\/admin\/"}]}},"jetpack_featured_media_url":"","jetpack_sharing_enabled":true,"jetpack_shortlink":"https:\/\/wp.me\/pe6lTn-gLl","_links":{"self":[{"href":"https:\/\/www.visit-ulcinj.com\/blog\/wp-json\/wp\/v2\/posts\/64439"}],"collection":[{"href":"https:\/\/www.visit-ulcinj.com\/blog\/wp-json\/wp\/v2\/posts"}],"about":[{"href":"https:\/\/www.visit-ulcinj.com\/blog\/wp-json\/wp\/v2\/types\/post"}],"author":[{"embeddable":true,"href":"https:\/\/www.visit-ulcinj.com\/blog\/wp-json\/wp\/v2\/users\/1"}],"replies":[{"embeddable":true,"href":"https:\/\/www.visit-ulcinj.com\/blog\/wp-json\/wp\/v2\/comments?post=64439"}],"version-history":[{"count":2,"href":"https:\/\/www.visit-ulcinj.com\/blog\/wp-json\/wp\/v2\/posts\/64439\/revisions"}],"predecessor-version":[{"id":64442,"href":"https:\/\/www.visit-ulcinj.com\/blog\/wp-json\/wp\/v2\/posts\/64439\/revisions\/64442"}],"wp:attachment":[{"href":"https:\/\/www.visit-ulcinj.com\/blog\/wp-json\/wp\/v2\/media?parent=64439"}],"wp:term":[{"taxonomy":"category","embeddable":true,"href":"https:\/\/www.visit-ulcinj.com\/blog\/wp-json\/wp\/v2\/categories?post=64439"},{"taxonomy":"post_tag","embeddable":true,"href":"https:\/\/www.visit-ulcinj.com\/blog\/wp-json\/wp\/v2\/tags?post=64439"}],"curies":[{"name":"wp","href":"https:\/\/api.w.org\/{rel}","templated":true}]}}