{"id":64448,"date":"2012-10-10T06:13:39","date_gmt":"2012-10-10T05:13:39","guid":{"rendered":"http:\/\/www.visit-ulcinj.com\/blog\/?p=64448"},"modified":"2012-10-10T06:14:28","modified_gmt":"2012-10-10T05:14:28","slug":"anxhela-ne-krahet-e-blerimit-apo-te-gencit-video","status":"publish","type":"post","link":"https:\/\/www.visit-ulcinj.com\/blog\/2012\/10\/10\/anxhela-ne-krahet-e-blerimit-apo-te-gencit-video\/","title":{"rendered":"Anxhela n\u00eb krah\u00ebt e Blerimit, apo t\u00eb Gencit? &#8211; Video"},"content":{"rendered":"<p><a href=\"http:\/\/www.visit-ulcinj.com\/blog\/wp-content\/uploads\/2012\/10\/AnxhelaMartiniBlerimitDestaniGencPrelvukaj.jpg\"><img loading=\"lazy\" class=\"alignleft  wp-image-64449\" title=\"AnxhelaMartini,BlerimitDestani,GencPrelvukaj\" src=\"http:\/\/www.visit-ulcinj.com\/blog\/wp-content\/uploads\/2012\/10\/AnxhelaMartiniBlerimitDestaniGencPrelvukaj.jpg\" alt=\"\" width=\"508\" height=\"360\" \/><\/a>Mund t\u00eb themi se bukuria dhe sensualiteti i saj kur ajo ishte n\u00eb Tiran\u00eb, ua mori syt\u00eb t\u00eb gjith\u00ebve. E kemi fjal\u00ebn p\u00ebr modelen e famshme shqiptare Anxhela Martini, e cila n\u00eb dokumentarin e aktores s\u00eb Hollivudit, Eliza Dushku, u fokusua nga t\u00eb gjith\u00eb, sidomos nga meshkujt. Por, n\u00eb k\u00ebt\u00eb foto q\u00eb e zbuluam ndoshta n\u00eb \u201cAfter Party\u201d n\u00eb Tiran\u00eb, t\u00eb dat\u00ebs 5 tetor, nuk po mund ta kuptojm\u00eb se at\u00eb nat\u00eb bukuroshja shkodrane \u00ebsht\u00eb peshuar m\u00eb shum\u00eb n\u00eb krah\u00ebt e aktorit Blerim Destani, apo t\u00eb producentit Genc Prelvukaj.<br \/>\nM. GJ.<\/p>\n<p><strong>V O I C E<\/strong><br \/>\n<iframe loading=\"lazy\" width=\"508\" height=\"360\" src=\"http:\/\/www.youtube.com\/embed\/_Msl9UXpGPM?rel=0\" frameborder=\"0\" allowfullscreen><\/iframe><\/p>\n","protected":false},"excerpt":{"rendered":"<p>Mund t\u00eb themi se bukuria dhe sensualiteti i saj kur ajo ishte n\u00eb Tiran\u00eb, ua mori syt\u00eb t\u00eb gjith\u00ebve. E kemi fjal\u00ebn p\u00ebr modelen e famshme shqiptare Anxhela Martini, e cila n\u00eb dokumentarin e aktores s\u00eb Hollivudit, Eliza Dushku, u fokusua nga t\u00eb gjith\u00eb, sidomos nga meshkujt. Por, n\u00eb k\u00ebt\u00eb foto q\u00eb e zbuluam ndoshta [&hellip;]<\/p>\n","protected":false},"author":1,"featured_media":0,"comment_status":"open","ping_status":"closed","sticky":false,"template":"","format":"standard","meta":{"spay_email":"","jetpack_publicize_message":"","jetpack_is_tweetstorm":false,"jetpack_publicize_feature_enabled":true},"categories":[1],"tags":[21176,4976,6045],"jetpack_publicize_connections":[],"yoast_head":"<!-- This site is optimized with the Yoast SEO plugin v19.1 - https:\/\/yoast.com\/wordpress\/plugins\/seo\/ -->\n<title>Anxhela n\u00eb krah\u00ebt e Blerimit, apo t\u00eb Gencit? - Video - Lajme nga Ulqini<\/title>\n<meta name=\"description\" content=\"Mund t\u00eb themi se bukuria dhe sensualiteti i saj kur ajo ishte n\u00eb Tiran\u00eb, ua mori syt\u00eb t\u00eb gjith\u00ebve. E kemi fjal\u00ebn p\u00ebr modelen e famshme shqiptare Anxhela\" \/>\n<meta name=\"robots\" content=\"index, follow, max-snippet:-1, max-image-preview:large, max-video-preview:-1\" \/>\n<link rel=\"canonical\" href=\"https:\/\/www.visit-ulcinj.com\/blog\/2012\/10\/10\/anxhela-ne-krahet-e-blerimit-apo-te-gencit-video\/\" \/>\n<meta property=\"og:locale\" content=\"en_US\" \/>\n<meta property=\"og:type\" content=\"article\" \/>\n<meta property=\"og:title\" content=\"Anxhela n\u00eb krah\u00ebt e Blerimit, apo t\u00eb Gencit? - Video - Lajme nga Ulqini\" \/>\n<meta property=\"og:description\" content=\"Mund t\u00eb themi se bukuria dhe sensualiteti i saj kur ajo ishte n\u00eb Tiran\u00eb, ua mori syt\u00eb t\u00eb gjith\u00ebve. E kemi fjal\u00ebn p\u00ebr modelen e famshme shqiptare Anxhela\" \/>\n<meta property=\"og:url\" content=\"https:\/\/www.visit-ulcinj.com\/blog\/2012\/10\/10\/anxhela-ne-krahet-e-blerimit-apo-te-gencit-video\/\" \/>\n<meta property=\"og:site_name\" content=\"Lajme nga Ulqini\" \/>\n<meta property=\"article:published_time\" content=\"2012-10-10T05:13:39+00:00\" \/>\n<meta property=\"article:modified_time\" content=\"2012-10-10T05:14:28+00:00\" \/>\n<meta property=\"og:image\" content=\"http:\/\/www.visit-ulcinj.com\/blog\/wp-content\/uploads\/2012\/10\/AnxhelaMartiniBlerimitDestaniGencPrelvukaj.jpg\" \/>\n<meta name=\"twitter:label1\" content=\"Written by\" \/>\n\t<meta name=\"twitter:data1\" content=\"ulqini\" \/>\n\t<meta name=\"twitter:label2\" content=\"Est. reading time\" \/>\n\t<meta name=\"twitter:data2\" content=\"1 minute\" \/>\n<script type=\"application\/ld+json\" class=\"yoast-schema-graph\">{\"@context\":\"https:\/\/schema.org\",\"@graph\":[{\"@type\":\"WebSite\",\"@id\":\"https:\/\/www.visit-ulcinj.com\/blog\/#website\",\"url\":\"https:\/\/www.visit-ulcinj.com\/blog\/\",\"name\":\"Lajme nga Ulqini\",\"description\":\"Lajme,Vijesti,Ulqini,Ulqin,Crna Gora,Mali i Zi\",\"potentialAction\":[{\"@type\":\"SearchAction\",\"target\":{\"@type\":\"EntryPoint\",\"urlTemplate\":\"https:\/\/www.visit-ulcinj.com\/blog\/?s={search_term_string}\"},\"query-input\":\"required name=search_term_string\"}],\"inLanguage\":\"en-US\"},{\"@type\":\"ImageObject\",\"inLanguage\":\"en-US\",\"@id\":\"https:\/\/www.visit-ulcinj.com\/blog\/2012\/10\/10\/anxhela-ne-krahet-e-blerimit-apo-te-gencit-video\/#primaryimage\",\"url\":\"https:\/\/www.visit-ulcinj.com\/blog\/wp-content\/uploads\/2012\/10\/AnxhelaMartiniBlerimitDestaniGencPrelvukaj.jpg\",\"contentUrl\":\"https:\/\/www.visit-ulcinj.com\/blog\/wp-content\/uploads\/2012\/10\/AnxhelaMartiniBlerimitDestaniGencPrelvukaj.jpg\",\"width\":\"960\",\"height\":\"638\"},{\"@type\":\"WebPage\",\"@id\":\"https:\/\/www.visit-ulcinj.com\/blog\/2012\/10\/10\/anxhela-ne-krahet-e-blerimit-apo-te-gencit-video\/#webpage\",\"url\":\"https:\/\/www.visit-ulcinj.com\/blog\/2012\/10\/10\/anxhela-ne-krahet-e-blerimit-apo-te-gencit-video\/\",\"name\":\"Anxhela n\u00eb krah\u00ebt e Blerimit, apo t\u00eb Gencit? - Video - Lajme nga Ulqini\",\"isPartOf\":{\"@id\":\"https:\/\/www.visit-ulcinj.com\/blog\/#website\"},\"primaryImageOfPage\":{\"@id\":\"https:\/\/www.visit-ulcinj.com\/blog\/2012\/10\/10\/anxhela-ne-krahet-e-blerimit-apo-te-gencit-video\/#primaryimage\"},\"datePublished\":\"2012-10-10T05:13:39+00:00\",\"dateModified\":\"2012-10-10T05:14:28+00:00\",\"author\":{\"@id\":\"https:\/\/www.visit-ulcinj.com\/blog\/#\/schema\/person\/dcab619c614d3038751c63bc2aadc06d\"},\"description\":\"Mund t\u00eb themi se bukuria dhe sensualiteti i saj kur ajo ishte n\u00eb Tiran\u00eb, ua mori syt\u00eb t\u00eb gjith\u00ebve. E kemi fjal\u00ebn p\u00ebr modelen e famshme shqiptare Anxhela\",\"breadcrumb\":{\"@id\":\"https:\/\/www.visit-ulcinj.com\/blog\/2012\/10\/10\/anxhela-ne-krahet-e-blerimit-apo-te-gencit-video\/#breadcrumb\"},\"inLanguage\":\"en-US\",\"potentialAction\":[{\"@type\":\"ReadAction\",\"target\":[\"https:\/\/www.visit-ulcinj.com\/blog\/2012\/10\/10\/anxhela-ne-krahet-e-blerimit-apo-te-gencit-video\/\"]}]},{\"@type\":\"BreadcrumbList\",\"@id\":\"https:\/\/www.visit-ulcinj.com\/blog\/2012\/10\/10\/anxhela-ne-krahet-e-blerimit-apo-te-gencit-video\/#breadcrumb\",\"itemListElement\":[{\"@type\":\"ListItem\",\"position\":1,\"name\":\"Anxhela n\u00eb krah\u00ebt e Blerimit, apo t\u00eb Gencit? &#8211; Video\"}]},{\"@type\":\"Person\",\"@id\":\"https:\/\/www.visit-ulcinj.com\/blog\/#\/schema\/person\/dcab619c614d3038751c63bc2aadc06d\",\"name\":\"ulqini\",\"sameAs\":[\"http:\/\/www.visit-ulcinj.com\"],\"url\":\"https:\/\/www.visit-ulcinj.com\/blog\/author\/admin\/\"}]}<\/script>\n<!-- \/ Yoast SEO plugin. -->","yoast_head_json":{"title":"Anxhela n\u00eb krah\u00ebt e Blerimit, apo t\u00eb Gencit? - Video - Lajme nga Ulqini","description":"Mund t\u00eb themi se bukuria dhe sensualiteti i saj kur ajo ishte n\u00eb Tiran\u00eb, ua mori syt\u00eb t\u00eb gjith\u00ebve. E kemi fjal\u00ebn p\u00ebr modelen e famshme shqiptare Anxhela","robots":{"index":"index","follow":"follow","max-snippet":"max-snippet:-1","max-image-preview":"max-image-preview:large","max-video-preview":"max-video-preview:-1"},"canonical":"https:\/\/www.visit-ulcinj.com\/blog\/2012\/10\/10\/anxhela-ne-krahet-e-blerimit-apo-te-gencit-video\/","og_locale":"en_US","og_type":"article","og_title":"Anxhela n\u00eb krah\u00ebt e Blerimit, apo t\u00eb Gencit? - Video - Lajme nga Ulqini","og_description":"Mund t\u00eb themi se bukuria dhe sensualiteti i saj kur ajo ishte n\u00eb Tiran\u00eb, ua mori syt\u00eb t\u00eb gjith\u00ebve. E kemi fjal\u00ebn p\u00ebr modelen e famshme shqiptare Anxhela","og_url":"https:\/\/www.visit-ulcinj.com\/blog\/2012\/10\/10\/anxhela-ne-krahet-e-blerimit-apo-te-gencit-video\/","og_site_name":"Lajme nga Ulqini","article_published_time":"2012-10-10T05:13:39+00:00","article_modified_time":"2012-10-10T05:14:28+00:00","og_image":[{"url":"http:\/\/www.visit-ulcinj.com\/blog\/wp-content\/uploads\/2012\/10\/AnxhelaMartiniBlerimitDestaniGencPrelvukaj.jpg"}],"twitter_misc":{"Written by":"ulqini","Est. reading time":"1 minute"},"schema":{"@context":"https:\/\/schema.org","@graph":[{"@type":"WebSite","@id":"https:\/\/www.visit-ulcinj.com\/blog\/#website","url":"https:\/\/www.visit-ulcinj.com\/blog\/","name":"Lajme nga Ulqini","description":"Lajme,Vijesti,Ulqini,Ulqin,Crna Gora,Mali i Zi","potentialAction":[{"@type":"SearchAction","target":{"@type":"EntryPoint","urlTemplate":"https:\/\/www.visit-ulcinj.com\/blog\/?s={search_term_string}"},"query-input":"required name=search_term_string"}],"inLanguage":"en-US"},{"@type":"ImageObject","inLanguage":"en-US","@id":"https:\/\/www.visit-ulcinj.com\/blog\/2012\/10\/10\/anxhela-ne-krahet-e-blerimit-apo-te-gencit-video\/#primaryimage","url":"https:\/\/www.visit-ulcinj.com\/blog\/wp-content\/uploads\/2012\/10\/AnxhelaMartiniBlerimitDestaniGencPrelvukaj.jpg","contentUrl":"https:\/\/www.visit-ulcinj.com\/blog\/wp-content\/uploads\/2012\/10\/AnxhelaMartiniBlerimitDestaniGencPrelvukaj.jpg","width":"960","height":"638"},{"@type":"WebPage","@id":"https:\/\/www.visit-ulcinj.com\/blog\/2012\/10\/10\/anxhela-ne-krahet-e-blerimit-apo-te-gencit-video\/#webpage","url":"https:\/\/www.visit-ulcinj.com\/blog\/2012\/10\/10\/anxhela-ne-krahet-e-blerimit-apo-te-gencit-video\/","name":"Anxhela n\u00eb krah\u00ebt e Blerimit, apo t\u00eb Gencit? - Video - Lajme nga Ulqini","isPartOf":{"@id":"https:\/\/www.visit-ulcinj.com\/blog\/#website"},"primaryImageOfPage":{"@id":"https:\/\/www.visit-ulcinj.com\/blog\/2012\/10\/10\/anxhela-ne-krahet-e-blerimit-apo-te-gencit-video\/#primaryimage"},"datePublished":"2012-10-10T05:13:39+00:00","dateModified":"2012-10-10T05:14:28+00:00","author":{"@id":"https:\/\/www.visit-ulcinj.com\/blog\/#\/schema\/person\/dcab619c614d3038751c63bc2aadc06d"},"description":"Mund t\u00eb themi se bukuria dhe sensualiteti i saj kur ajo ishte n\u00eb Tiran\u00eb, ua mori syt\u00eb t\u00eb gjith\u00ebve. E kemi fjal\u00ebn p\u00ebr modelen e famshme shqiptare Anxhela","breadcrumb":{"@id":"https:\/\/www.visit-ulcinj.com\/blog\/2012\/10\/10\/anxhela-ne-krahet-e-blerimit-apo-te-gencit-video\/#breadcrumb"},"inLanguage":"en-US","potentialAction":[{"@type":"ReadAction","target":["https:\/\/www.visit-ulcinj.com\/blog\/2012\/10\/10\/anxhela-ne-krahet-e-blerimit-apo-te-gencit-video\/"]}]},{"@type":"BreadcrumbList","@id":"https:\/\/www.visit-ulcinj.com\/blog\/2012\/10\/10\/anxhela-ne-krahet-e-blerimit-apo-te-gencit-video\/#breadcrumb","itemListElement":[{"@type":"ListItem","position":1,"name":"Anxhela n\u00eb krah\u00ebt e Blerimit, apo t\u00eb Gencit? &#8211; Video"}]},{"@type":"Person","@id":"https:\/\/www.visit-ulcinj.com\/blog\/#\/schema\/person\/dcab619c614d3038751c63bc2aadc06d","name":"ulqini","sameAs":["http:\/\/www.visit-ulcinj.com"],"url":"https:\/\/www.visit-ulcinj.com\/blog\/author\/admin\/"}]}},"jetpack_featured_media_url":"","jetpack_sharing_enabled":true,"jetpack_shortlink":"https:\/\/wp.me\/pe6lTn-gLu","_links":{"self":[{"href":"https:\/\/www.visit-ulcinj.com\/blog\/wp-json\/wp\/v2\/posts\/64448"}],"collection":[{"href":"https:\/\/www.visit-ulcinj.com\/blog\/wp-json\/wp\/v2\/posts"}],"about":[{"href":"https:\/\/www.visit-ulcinj.com\/blog\/wp-json\/wp\/v2\/types\/post"}],"author":[{"embeddable":true,"href":"https:\/\/www.visit-ulcinj.com\/blog\/wp-json\/wp\/v2\/users\/1"}],"replies":[{"embeddable":true,"href":"https:\/\/www.visit-ulcinj.com\/blog\/wp-json\/wp\/v2\/comments?post=64448"}],"version-history":[{"count":2,"href":"https:\/\/www.visit-ulcinj.com\/blog\/wp-json\/wp\/v2\/posts\/64448\/revisions"}],"predecessor-version":[{"id":64451,"href":"https:\/\/www.visit-ulcinj.com\/blog\/wp-json\/wp\/v2\/posts\/64448\/revisions\/64451"}],"wp:attachment":[{"href":"https:\/\/www.visit-ulcinj.com\/blog\/wp-json\/wp\/v2\/media?parent=64448"}],"wp:term":[{"taxonomy":"category","embeddable":true,"href":"https:\/\/www.visit-ulcinj.com\/blog\/wp-json\/wp\/v2\/categories?post=64448"},{"taxonomy":"post_tag","embeddable":true,"href":"https:\/\/www.visit-ulcinj.com\/blog\/wp-json\/wp\/v2\/tags?post=64448"}],"curies":[{"name":"wp","href":"https:\/\/api.w.org\/{rel}","templated":true}]}}