{"id":64452,"date":"2012-10-10T14:08:08","date_gmt":"2012-10-10T13:08:08","guid":{"rendered":"http:\/\/www.visit-ulcinj.com\/blog\/?p=64452"},"modified":"2012-10-10T14:08:08","modified_gmt":"2012-10-10T13:08:08","slug":"kk-ulqini-i-pari-ne-turneun-nderkombetar-te-karatese-katana-open-2012","status":"publish","type":"post","link":"https:\/\/www.visit-ulcinj.com\/blog\/2012\/10\/10\/kk-ulqini-i-pari-ne-turneun-nderkombetar-te-karatese-katana-open-2012\/","title":{"rendered":"KK \u201cUlqini\u201d i pari n\u00eb turneun nd\u00ebrkomb\u00ebtar t\u00eb karates\u00eb \u201cKatana Open 2012\u201d"},"content":{"rendered":"<p><a href=\"http:\/\/www.visit-ulcinj.com\/blog\/wp-content\/uploads\/2012\/10\/KK-Ulqini-ne-Katana-Open-2012_CMIMI.jpg\"><img loading=\"lazy\" class=\"alignleft  wp-image-64453\" title=\"KK Ulqini  ne Katana Open 2012_CMIMI\" src=\"http:\/\/www.visit-ulcinj.com\/blog\/wp-content\/uploads\/2012\/10\/KK-Ulqini-ne-Katana-Open-2012_CMIMI.jpg\" alt=\"\" width=\"508\" height=\"360\" \/><\/a>T\u00eb dielen, m\u00eb 07 tetor 2012 n\u00eb Gjilan t\u00eb Kosov\u00ebs u mbajt Turneu i 7-t\u00eb nd\u00ebrkomb\u00ebtar i karates\u00eb \u201cKatana Open 2012\u201d, n\u00eb t\u00eb cilin mor\u00ebn pjes\u00eb 31 klube me 300 garues nga Shqip\u00ebria, Maqedonia, Lugina e Preshev\u00ebs, Kosova dhe nga Mali i Zi.<br \/>\nTurneu u organizua n\u00eb nj\u00eb nivel t\u00eb lart\u00eb nga klubi vendas i karates\u00eb \u201cDardania\u201d dhe Federata e Karates\u00eb s\u00eb Kosov\u00ebs, nd\u00ebrsa konkurrenca ishte mjaft e fort\u00eb.<\/p>\n<p>Klubi i Karates\u00eb \u201cUlqini\u201d shk\u00eblqeu n\u00eb k\u00ebt\u00eb turne nd\u00ebrkomb\u00ebtar duke arritur t\u00eb radhitet n\u00eb vendin e par\u00eb n\u00eb renditjen e p\u00ebrgjithshme. Ky \u00ebsht\u00eb edhe nj\u00eb sukses i rradh\u00ebs t\u00eb Klubit t\u00eb karates\u00eb \u201cUlqini\u201d, i cili p\u00ebrs\u00ebri ruajti supremacin\u00eb e vet.<\/p>\n<p>Klubi i Karates\u00eb \u201cUlqini\u201d mori pjes\u00eb me 16 garues, t\u00eb cil\u00ebt u kuror\u00ebzuan me gjithsej 26 medalje: 10 t\u00eb arta, 6 t\u00eb argjendta, 11 t\u00eb bronzta dhe kup\u00ebn p\u00ebr vendin e par\u00eb n\u00eb renditjen e p\u00ebrgjithshme. T\u00eb gjith\u00eb garuesit e k\u00ebtij klubi q\u00eb mor\u00ebn pjes\u00eb n\u00eb turne u kuror\u00ebzuan me medalje, \u00e7ka d\u00ebshmon p\u00ebr p\u00ebrgatitjen dhe nivelin e lart\u00eb t\u00eb tyre.<br \/>\n<a href=\"http:\/\/www.visit-ulcinj.com\/blog\/wp-content\/uploads\/2012\/10\/KK-Ulqini-ne-Katana-Open-2012_CMIMI.1.jpg\"><img loading=\"lazy\" class=\"alignleft  wp-image-64454\" title=\"KK Ulqini  ne Katana Open 2012_CMIMI.1\" src=\"http:\/\/www.visit-ulcinj.com\/blog\/wp-content\/uploads\/2012\/10\/KK-Ulqini-ne-Katana-Open-2012_CMIMI.1.jpg\" alt=\"\" width=\"508\" height=\"300\" \/><\/a><\/p>\n<p>Nga radh\u00ebt e Klubit t\u00eb karates\u00eb \u201cUlqini\u201d me nga disa me dalje u kuror\u00ebzuan: Eliza Salihu, Diell\u00ebza Rama, Gabriell Bytyqi, Ensar Marshiq, Nermin Suma, Admir Luka, Jeton Luka, Izabella Ivanoviq, Venesa Nuhi, Sretena Djuri\u0107, Edin Kraja, Lulzim Suma, Antigona Rama, Hantie Ibro\u00e7i, Ena Kova\u010devi\u0107 dhe Albion Duraku.<\/p>\n<p>Ekipi profesional i trajner\u00ebve fal\u00ebnderojn\u00eb sponsor\u00ebt q\u00eb mund\u00ebsuan pjes\u00ebmarrjen e klubit n\u00eb Turneun \u201cKatana Open 2011\u201d -, Ata fal\u00ebnderojn\u00eb po ashtu organizatorin Maliq Maliqi p\u00ebr mikpritjen e ve\u00e7ant\u00eb q\u00eb i b\u00ebri ekipit t\u00eb KK \u201cUlqini\u201d n\u00eb Gjilan.<\/p>\n<p><strong>Sh\u00ebrbimi informativ i klubit t\u00eb karates\u00eb \u201cUlqini\u201d<\/strong><\/p>\n","protected":false},"excerpt":{"rendered":"<p>T\u00eb dielen, m\u00eb 07 tetor 2012 n\u00eb Gjilan t\u00eb Kosov\u00ebs u mbajt Turneu i 7-t\u00eb nd\u00ebrkomb\u00ebtar i karates\u00eb \u201cKatana Open 2012\u201d, n\u00eb t\u00eb cilin mor\u00ebn pjes\u00eb 31 klube me 300 garues nga Shqip\u00ebria, Maqedonia, Lugina e Preshev\u00ebs, Kosova dhe nga Mali i Zi. Turneu u organizua n\u00eb nj\u00eb nivel t\u00eb lart\u00eb nga klubi vendas i [&hellip;]<\/p>\n","protected":false},"author":1,"featured_media":0,"comment_status":"open","ping_status":"closed","sticky":false,"template":"","format":"standard","meta":{"spay_email":"","jetpack_publicize_message":"","jetpack_is_tweetstorm":false,"jetpack_publicize_feature_enabled":true},"categories":[6950],"tags":[2618],"jetpack_publicize_connections":[],"yoast_head":"<!-- This site is optimized with the Yoast SEO plugin v19.1 - https:\/\/yoast.com\/wordpress\/plugins\/seo\/ -->\n<title>KK \u201cUlqini\u201d i pari n\u00eb turneun nd\u00ebrkomb\u00ebtar t\u00eb karates\u00eb \u201cKatana Open 2012\u201d - Lajme nga Ulqini<\/title>\n<meta name=\"description\" content=\"T\u00eb dielen, m\u00eb 07 tetor 2012 n\u00eb Gjilan t\u00eb Kosov\u00ebs u mbajt Turneu i 7-t\u00eb nd\u00ebrkomb\u00ebtar i karates\u00eb \u201cKatana Open 2012\u201d, n\u00eb t\u00eb cilin mor\u00ebn pjes\u00eb 31 klube me 300\" \/>\n<meta name=\"robots\" content=\"index, follow, max-snippet:-1, max-image-preview:large, max-video-preview:-1\" \/>\n<link rel=\"canonical\" href=\"https:\/\/www.visit-ulcinj.com\/blog\/2012\/10\/10\/kk-ulqini-i-pari-ne-turneun-nderkombetar-te-karatese-katana-open-2012\/\" \/>\n<meta property=\"og:locale\" content=\"en_US\" \/>\n<meta property=\"og:type\" content=\"article\" \/>\n<meta property=\"og:title\" content=\"KK \u201cUlqini\u201d i pari n\u00eb turneun nd\u00ebrkomb\u00ebtar t\u00eb karates\u00eb \u201cKatana Open 2012\u201d - Lajme nga Ulqini\" \/>\n<meta property=\"og:description\" content=\"T\u00eb dielen, m\u00eb 07 tetor 2012 n\u00eb Gjilan t\u00eb Kosov\u00ebs u mbajt Turneu i 7-t\u00eb nd\u00ebrkomb\u00ebtar i karates\u00eb \u201cKatana Open 2012\u201d, n\u00eb t\u00eb cilin mor\u00ebn pjes\u00eb 31 klube me 300\" \/>\n<meta property=\"og:url\" content=\"https:\/\/www.visit-ulcinj.com\/blog\/2012\/10\/10\/kk-ulqini-i-pari-ne-turneun-nderkombetar-te-karatese-katana-open-2012\/\" \/>\n<meta property=\"og:site_name\" content=\"Lajme nga Ulqini\" \/>\n<meta property=\"article:published_time\" content=\"2012-10-10T13:08:08+00:00\" \/>\n<meta property=\"og:image\" content=\"http:\/\/www.visit-ulcinj.com\/blog\/wp-content\/uploads\/2012\/10\/KK-Ulqini-ne-Katana-Open-2012_CMIMI.jpg\" \/>\n<meta name=\"twitter:label1\" content=\"Written by\" \/>\n\t<meta name=\"twitter:data1\" content=\"ulqini\" \/>\n\t<meta name=\"twitter:label2\" content=\"Est. reading time\" \/>\n\t<meta name=\"twitter:data2\" content=\"1 minute\" \/>\n<script type=\"application\/ld+json\" class=\"yoast-schema-graph\">{\"@context\":\"https:\/\/schema.org\",\"@graph\":[{\"@type\":\"WebSite\",\"@id\":\"https:\/\/www.visit-ulcinj.com\/blog\/#website\",\"url\":\"https:\/\/www.visit-ulcinj.com\/blog\/\",\"name\":\"Lajme nga Ulqini\",\"description\":\"Lajme,Vijesti,Ulqini,Ulqin,Crna Gora,Mali i Zi\",\"potentialAction\":[{\"@type\":\"SearchAction\",\"target\":{\"@type\":\"EntryPoint\",\"urlTemplate\":\"https:\/\/www.visit-ulcinj.com\/blog\/?s={search_term_string}\"},\"query-input\":\"required name=search_term_string\"}],\"inLanguage\":\"en-US\"},{\"@type\":\"ImageObject\",\"inLanguage\":\"en-US\",\"@id\":\"https:\/\/www.visit-ulcinj.com\/blog\/2012\/10\/10\/kk-ulqini-i-pari-ne-turneun-nderkombetar-te-karatese-katana-open-2012\/#primaryimage\",\"url\":\"https:\/\/www.visit-ulcinj.com\/blog\/wp-content\/uploads\/2012\/10\/KK-Ulqini-ne-Katana-Open-2012_CMIMI.jpg\",\"contentUrl\":\"https:\/\/www.visit-ulcinj.com\/blog\/wp-content\/uploads\/2012\/10\/KK-Ulqini-ne-Katana-Open-2012_CMIMI.jpg\",\"width\":\"960\",\"height\":\"720\"},{\"@type\":\"WebPage\",\"@id\":\"https:\/\/www.visit-ulcinj.com\/blog\/2012\/10\/10\/kk-ulqini-i-pari-ne-turneun-nderkombetar-te-karatese-katana-open-2012\/#webpage\",\"url\":\"https:\/\/www.visit-ulcinj.com\/blog\/2012\/10\/10\/kk-ulqini-i-pari-ne-turneun-nderkombetar-te-karatese-katana-open-2012\/\",\"name\":\"KK \u201cUlqini\u201d i pari n\u00eb turneun nd\u00ebrkomb\u00ebtar t\u00eb karates\u00eb \u201cKatana Open 2012\u201d - Lajme nga Ulqini\",\"isPartOf\":{\"@id\":\"https:\/\/www.visit-ulcinj.com\/blog\/#website\"},\"primaryImageOfPage\":{\"@id\":\"https:\/\/www.visit-ulcinj.com\/blog\/2012\/10\/10\/kk-ulqini-i-pari-ne-turneun-nderkombetar-te-karatese-katana-open-2012\/#primaryimage\"},\"datePublished\":\"2012-10-10T13:08:08+00:00\",\"dateModified\":\"2012-10-10T13:08:08+00:00\",\"author\":{\"@id\":\"https:\/\/www.visit-ulcinj.com\/blog\/#\/schema\/person\/dcab619c614d3038751c63bc2aadc06d\"},\"description\":\"T\u00eb dielen, m\u00eb 07 tetor 2012 n\u00eb Gjilan t\u00eb Kosov\u00ebs u mbajt Turneu i 7-t\u00eb nd\u00ebrkomb\u00ebtar i karates\u00eb \u201cKatana Open 2012\u201d, n\u00eb t\u00eb cilin mor\u00ebn pjes\u00eb 31 klube me 300\",\"breadcrumb\":{\"@id\":\"https:\/\/www.visit-ulcinj.com\/blog\/2012\/10\/10\/kk-ulqini-i-pari-ne-turneun-nderkombetar-te-karatese-katana-open-2012\/#breadcrumb\"},\"inLanguage\":\"en-US\",\"potentialAction\":[{\"@type\":\"ReadAction\",\"target\":[\"https:\/\/www.visit-ulcinj.com\/blog\/2012\/10\/10\/kk-ulqini-i-pari-ne-turneun-nderkombetar-te-karatese-katana-open-2012\/\"]}]},{\"@type\":\"BreadcrumbList\",\"@id\":\"https:\/\/www.visit-ulcinj.com\/blog\/2012\/10\/10\/kk-ulqini-i-pari-ne-turneun-nderkombetar-te-karatese-katana-open-2012\/#breadcrumb\",\"itemListElement\":[{\"@type\":\"ListItem\",\"position\":1,\"name\":\"KK \u201cUlqini\u201d i pari n\u00eb turneun nd\u00ebrkomb\u00ebtar t\u00eb karates\u00eb \u201cKatana Open 2012\u201d\"}]},{\"@type\":\"Person\",\"@id\":\"https:\/\/www.visit-ulcinj.com\/blog\/#\/schema\/person\/dcab619c614d3038751c63bc2aadc06d\",\"name\":\"ulqini\",\"sameAs\":[\"http:\/\/www.visit-ulcinj.com\"],\"url\":\"https:\/\/www.visit-ulcinj.com\/blog\/author\/admin\/\"}]}<\/script>\n<!-- \/ Yoast SEO plugin. -->","yoast_head_json":{"title":"KK \u201cUlqini\u201d i pari n\u00eb turneun nd\u00ebrkomb\u00ebtar t\u00eb karates\u00eb \u201cKatana Open 2012\u201d - Lajme nga Ulqini","description":"T\u00eb dielen, m\u00eb 07 tetor 2012 n\u00eb Gjilan t\u00eb Kosov\u00ebs u mbajt Turneu i 7-t\u00eb nd\u00ebrkomb\u00ebtar i karates\u00eb \u201cKatana Open 2012\u201d, n\u00eb t\u00eb cilin mor\u00ebn pjes\u00eb 31 klube me 300","robots":{"index":"index","follow":"follow","max-snippet":"max-snippet:-1","max-image-preview":"max-image-preview:large","max-video-preview":"max-video-preview:-1"},"canonical":"https:\/\/www.visit-ulcinj.com\/blog\/2012\/10\/10\/kk-ulqini-i-pari-ne-turneun-nderkombetar-te-karatese-katana-open-2012\/","og_locale":"en_US","og_type":"article","og_title":"KK \u201cUlqini\u201d i pari n\u00eb turneun nd\u00ebrkomb\u00ebtar t\u00eb karates\u00eb \u201cKatana Open 2012\u201d - Lajme nga Ulqini","og_description":"T\u00eb dielen, m\u00eb 07 tetor 2012 n\u00eb Gjilan t\u00eb Kosov\u00ebs u mbajt Turneu i 7-t\u00eb nd\u00ebrkomb\u00ebtar i karates\u00eb \u201cKatana Open 2012\u201d, n\u00eb t\u00eb cilin mor\u00ebn pjes\u00eb 31 klube me 300","og_url":"https:\/\/www.visit-ulcinj.com\/blog\/2012\/10\/10\/kk-ulqini-i-pari-ne-turneun-nderkombetar-te-karatese-katana-open-2012\/","og_site_name":"Lajme nga Ulqini","article_published_time":"2012-10-10T13:08:08+00:00","og_image":[{"url":"http:\/\/www.visit-ulcinj.com\/blog\/wp-content\/uploads\/2012\/10\/KK-Ulqini-ne-Katana-Open-2012_CMIMI.jpg"}],"twitter_misc":{"Written by":"ulqini","Est. reading time":"1 minute"},"schema":{"@context":"https:\/\/schema.org","@graph":[{"@type":"WebSite","@id":"https:\/\/www.visit-ulcinj.com\/blog\/#website","url":"https:\/\/www.visit-ulcinj.com\/blog\/","name":"Lajme nga Ulqini","description":"Lajme,Vijesti,Ulqini,Ulqin,Crna Gora,Mali i Zi","potentialAction":[{"@type":"SearchAction","target":{"@type":"EntryPoint","urlTemplate":"https:\/\/www.visit-ulcinj.com\/blog\/?s={search_term_string}"},"query-input":"required name=search_term_string"}],"inLanguage":"en-US"},{"@type":"ImageObject","inLanguage":"en-US","@id":"https:\/\/www.visit-ulcinj.com\/blog\/2012\/10\/10\/kk-ulqini-i-pari-ne-turneun-nderkombetar-te-karatese-katana-open-2012\/#primaryimage","url":"https:\/\/www.visit-ulcinj.com\/blog\/wp-content\/uploads\/2012\/10\/KK-Ulqini-ne-Katana-Open-2012_CMIMI.jpg","contentUrl":"https:\/\/www.visit-ulcinj.com\/blog\/wp-content\/uploads\/2012\/10\/KK-Ulqini-ne-Katana-Open-2012_CMIMI.jpg","width":"960","height":"720"},{"@type":"WebPage","@id":"https:\/\/www.visit-ulcinj.com\/blog\/2012\/10\/10\/kk-ulqini-i-pari-ne-turneun-nderkombetar-te-karatese-katana-open-2012\/#webpage","url":"https:\/\/www.visit-ulcinj.com\/blog\/2012\/10\/10\/kk-ulqini-i-pari-ne-turneun-nderkombetar-te-karatese-katana-open-2012\/","name":"KK \u201cUlqini\u201d i pari n\u00eb turneun nd\u00ebrkomb\u00ebtar t\u00eb karates\u00eb \u201cKatana Open 2012\u201d - Lajme nga Ulqini","isPartOf":{"@id":"https:\/\/www.visit-ulcinj.com\/blog\/#website"},"primaryImageOfPage":{"@id":"https:\/\/www.visit-ulcinj.com\/blog\/2012\/10\/10\/kk-ulqini-i-pari-ne-turneun-nderkombetar-te-karatese-katana-open-2012\/#primaryimage"},"datePublished":"2012-10-10T13:08:08+00:00","dateModified":"2012-10-10T13:08:08+00:00","author":{"@id":"https:\/\/www.visit-ulcinj.com\/blog\/#\/schema\/person\/dcab619c614d3038751c63bc2aadc06d"},"description":"T\u00eb dielen, m\u00eb 07 tetor 2012 n\u00eb Gjilan t\u00eb Kosov\u00ebs u mbajt Turneu i 7-t\u00eb nd\u00ebrkomb\u00ebtar i karates\u00eb \u201cKatana Open 2012\u201d, n\u00eb t\u00eb cilin mor\u00ebn pjes\u00eb 31 klube me 300","breadcrumb":{"@id":"https:\/\/www.visit-ulcinj.com\/blog\/2012\/10\/10\/kk-ulqini-i-pari-ne-turneun-nderkombetar-te-karatese-katana-open-2012\/#breadcrumb"},"inLanguage":"en-US","potentialAction":[{"@type":"ReadAction","target":["https:\/\/www.visit-ulcinj.com\/blog\/2012\/10\/10\/kk-ulqini-i-pari-ne-turneun-nderkombetar-te-karatese-katana-open-2012\/"]}]},{"@type":"BreadcrumbList","@id":"https:\/\/www.visit-ulcinj.com\/blog\/2012\/10\/10\/kk-ulqini-i-pari-ne-turneun-nderkombetar-te-karatese-katana-open-2012\/#breadcrumb","itemListElement":[{"@type":"ListItem","position":1,"name":"KK \u201cUlqini\u201d i pari n\u00eb turneun nd\u00ebrkomb\u00ebtar t\u00eb karates\u00eb \u201cKatana Open 2012\u201d"}]},{"@type":"Person","@id":"https:\/\/www.visit-ulcinj.com\/blog\/#\/schema\/person\/dcab619c614d3038751c63bc2aadc06d","name":"ulqini","sameAs":["http:\/\/www.visit-ulcinj.com"],"url":"https:\/\/www.visit-ulcinj.com\/blog\/author\/admin\/"}]}},"jetpack_featured_media_url":"","jetpack_sharing_enabled":true,"jetpack_shortlink":"https:\/\/wp.me\/pe6lTn-gLy","_links":{"self":[{"href":"https:\/\/www.visit-ulcinj.com\/blog\/wp-json\/wp\/v2\/posts\/64452"}],"collection":[{"href":"https:\/\/www.visit-ulcinj.com\/blog\/wp-json\/wp\/v2\/posts"}],"about":[{"href":"https:\/\/www.visit-ulcinj.com\/blog\/wp-json\/wp\/v2\/types\/post"}],"author":[{"embeddable":true,"href":"https:\/\/www.visit-ulcinj.com\/blog\/wp-json\/wp\/v2\/users\/1"}],"replies":[{"embeddable":true,"href":"https:\/\/www.visit-ulcinj.com\/blog\/wp-json\/wp\/v2\/comments?post=64452"}],"version-history":[{"count":1,"href":"https:\/\/www.visit-ulcinj.com\/blog\/wp-json\/wp\/v2\/posts\/64452\/revisions"}],"predecessor-version":[{"id":64455,"href":"https:\/\/www.visit-ulcinj.com\/blog\/wp-json\/wp\/v2\/posts\/64452\/revisions\/64455"}],"wp:attachment":[{"href":"https:\/\/www.visit-ulcinj.com\/blog\/wp-json\/wp\/v2\/media?parent=64452"}],"wp:term":[{"taxonomy":"category","embeddable":true,"href":"https:\/\/www.visit-ulcinj.com\/blog\/wp-json\/wp\/v2\/categories?post=64452"},{"taxonomy":"post_tag","embeddable":true,"href":"https:\/\/www.visit-ulcinj.com\/blog\/wp-json\/wp\/v2\/tags?post=64452"}],"curies":[{"name":"wp","href":"https:\/\/api.w.org\/{rel}","templated":true}]}}