{"id":64470,"date":"2012-10-11T21:49:29","date_gmt":"2012-10-11T20:49:29","guid":{"rendered":"http:\/\/www.visit-ulcinj.com\/blog\/?p=64470"},"modified":"2012-10-11T21:49:29","modified_gmt":"2012-10-11T20:49:29","slug":"blerim-destanin-nuk-e-josh-adelina-tahiri","status":"publish","type":"post","link":"https:\/\/www.visit-ulcinj.com\/blog\/2012\/10\/11\/blerim-destanin-nuk-e-josh-adelina-tahiri\/","title":{"rendered":"Blerim Destanin nuk e josh Adelina Tahiri"},"content":{"rendered":"<p>N\u00ebse bukuroshja Anxhela Martini u lakua si femra m\u00eb e fokusuar gjat\u00eb dit\u00ebve t\u00eb kultur\u00ebs dhe promovimi i dokumentarit \u201cDear Albania, mashkulli q\u00eb ra n\u00eb sy m\u00eb tep\u00ebr ishte aktori Blerim Destani.<br \/>\n<a href=\"http:\/\/www.visit-ulcinj.com\/blog\/wp-content\/uploads\/2012\/10\/Blerim-Destanin-_-Adelina-Tahiri.jpg\"><img loading=\"lazy\" class=\"alignleft  wp-image-64471\" title=\"Blerim Destanin _ Adelina Tahiri\" src=\"http:\/\/www.visit-ulcinj.com\/blog\/wp-content\/uploads\/2012\/10\/Blerim-Destanin-_-Adelina-Tahiri.jpg\" alt=\"\" width=\"508\" height=\"600\" \/><\/a><\/p>\n<p>Si duket, pamja dhe simpatia e tij josh shum\u00eb edhe femrat e shou-bizit, por ai nuk e p\u00ebrfill si duket n\u00eb k\u00ebt\u00eb foto k\u00ebng\u00ebtaren Adelina Tahiri, madje ai e ka mendjen diku tjet\u00ebr, nd\u00ebrsa k\u00ebng\u00ebtarja mundohet ta provokoj\u00eb aktorin simpatik.<\/p>\n<p>M.GJ.<\/p>\n<!--YouTube Error: bad URL entered-->\n","protected":false},"excerpt":{"rendered":"<p>N\u00ebse bukuroshja Anxhela Martini u lakua si femra m\u00eb e fokusuar gjat\u00eb dit\u00ebve t\u00eb kultur\u00ebs dhe promovimi i dokumentarit \u201cDear Albania, mashkulli q\u00eb ra n\u00eb sy m\u00eb tep\u00ebr ishte aktori Blerim Destani. Si duket, pamja dhe simpatia e tij josh shum\u00eb edhe femrat e shou-bizit, por ai nuk e p\u00ebrfill si duket n\u00eb k\u00ebt\u00eb foto [&hellip;]<\/p>\n","protected":false},"author":1,"featured_media":0,"comment_status":"open","ping_status":"closed","sticky":false,"template":"","format":"standard","meta":{"spay_email":"","jetpack_publicize_message":"","jetpack_is_tweetstorm":false,"jetpack_publicize_feature_enabled":true},"categories":[1],"tags":[6597,4976,19677,19806,16036,19514,19511,19513,6693,4684,19460],"jetpack_publicize_connections":[],"yoast_head":"<!-- This site is optimized with the Yoast SEO plugin v19.1 - https:\/\/yoast.com\/wordpress\/plugins\/seo\/ -->\n<title>Blerim Destanin nuk e josh Adelina Tahiri - Lajme nga Ulqini<\/title>\n<meta name=\"description\" content=\"N\u00ebse bukuroshja Anxhela Martini u lakua si femra m\u00eb e fokusuar gjat\u00eb dit\u00ebve t\u00eb kultur\u00ebs dhe promovimi i dokumentarit \u201cDear Albania, mashkulli q\u00eb ra n\u00eb sy\" \/>\n<meta name=\"robots\" content=\"index, follow, max-snippet:-1, max-image-preview:large, max-video-preview:-1\" \/>\n<link rel=\"canonical\" href=\"https:\/\/www.visit-ulcinj.com\/blog\/2012\/10\/11\/blerim-destanin-nuk-e-josh-adelina-tahiri\/\" \/>\n<meta property=\"og:locale\" content=\"en_US\" \/>\n<meta property=\"og:type\" content=\"article\" \/>\n<meta property=\"og:title\" content=\"Blerim Destanin nuk e josh Adelina Tahiri - Lajme nga Ulqini\" \/>\n<meta property=\"og:description\" content=\"N\u00ebse bukuroshja Anxhela Martini u lakua si femra m\u00eb e fokusuar gjat\u00eb dit\u00ebve t\u00eb kultur\u00ebs dhe promovimi i dokumentarit \u201cDear Albania, mashkulli q\u00eb ra n\u00eb sy\" \/>\n<meta property=\"og:url\" content=\"https:\/\/www.visit-ulcinj.com\/blog\/2012\/10\/11\/blerim-destanin-nuk-e-josh-adelina-tahiri\/\" \/>\n<meta property=\"og:site_name\" content=\"Lajme nga Ulqini\" \/>\n<meta property=\"article:published_time\" content=\"2012-10-11T20:49:29+00:00\" \/>\n<meta property=\"og:image\" content=\"http:\/\/www.visit-ulcinj.com\/blog\/wp-content\/uploads\/2012\/10\/Blerim-Destanin-_-Adelina-Tahiri.jpg\" \/>\n<meta name=\"twitter:label1\" content=\"Written by\" \/>\n\t<meta name=\"twitter:data1\" content=\"ulqini\" \/>\n<script type=\"application\/ld+json\" class=\"yoast-schema-graph\">{\"@context\":\"https:\/\/schema.org\",\"@graph\":[{\"@type\":\"WebSite\",\"@id\":\"https:\/\/www.visit-ulcinj.com\/blog\/#website\",\"url\":\"https:\/\/www.visit-ulcinj.com\/blog\/\",\"name\":\"Lajme nga Ulqini\",\"description\":\"Lajme,Vijesti,Ulqini,Ulqin,Crna Gora,Mali i Zi\",\"potentialAction\":[{\"@type\":\"SearchAction\",\"target\":{\"@type\":\"EntryPoint\",\"urlTemplate\":\"https:\/\/www.visit-ulcinj.com\/blog\/?s={search_term_string}\"},\"query-input\":\"required name=search_term_string\"}],\"inLanguage\":\"en-US\"},{\"@type\":\"ImageObject\",\"inLanguage\":\"en-US\",\"@id\":\"https:\/\/www.visit-ulcinj.com\/blog\/2012\/10\/11\/blerim-destanin-nuk-e-josh-adelina-tahiri\/#primaryimage\",\"url\":\"http:\/\/www.visit-ulcinj.com\/blog\/wp-content\/uploads\/2012\/10\/Blerim-Destanin-_-Adelina-Tahiri.jpg\",\"contentUrl\":\"http:\/\/www.visit-ulcinj.com\/blog\/wp-content\/uploads\/2012\/10\/Blerim-Destanin-_-Adelina-Tahiri.jpg\"},{\"@type\":\"WebPage\",\"@id\":\"https:\/\/www.visit-ulcinj.com\/blog\/2012\/10\/11\/blerim-destanin-nuk-e-josh-adelina-tahiri\/#webpage\",\"url\":\"https:\/\/www.visit-ulcinj.com\/blog\/2012\/10\/11\/blerim-destanin-nuk-e-josh-adelina-tahiri\/\",\"name\":\"Blerim Destanin nuk e josh Adelina Tahiri - Lajme nga Ulqini\",\"isPartOf\":{\"@id\":\"https:\/\/www.visit-ulcinj.com\/blog\/#website\"},\"primaryImageOfPage\":{\"@id\":\"https:\/\/www.visit-ulcinj.com\/blog\/2012\/10\/11\/blerim-destanin-nuk-e-josh-adelina-tahiri\/#primaryimage\"},\"datePublished\":\"2012-10-11T20:49:29+00:00\",\"dateModified\":\"2012-10-11T20:49:29+00:00\",\"author\":{\"@id\":\"https:\/\/www.visit-ulcinj.com\/blog\/#\/schema\/person\/dcab619c614d3038751c63bc2aadc06d\"},\"description\":\"N\u00ebse bukuroshja Anxhela Martini u lakua si femra m\u00eb e fokusuar gjat\u00eb dit\u00ebve t\u00eb kultur\u00ebs dhe promovimi i dokumentarit \u201cDear Albania, mashkulli q\u00eb ra n\u00eb sy\",\"breadcrumb\":{\"@id\":\"https:\/\/www.visit-ulcinj.com\/blog\/2012\/10\/11\/blerim-destanin-nuk-e-josh-adelina-tahiri\/#breadcrumb\"},\"inLanguage\":\"en-US\",\"potentialAction\":[{\"@type\":\"ReadAction\",\"target\":[\"https:\/\/www.visit-ulcinj.com\/blog\/2012\/10\/11\/blerim-destanin-nuk-e-josh-adelina-tahiri\/\"]}]},{\"@type\":\"BreadcrumbList\",\"@id\":\"https:\/\/www.visit-ulcinj.com\/blog\/2012\/10\/11\/blerim-destanin-nuk-e-josh-adelina-tahiri\/#breadcrumb\",\"itemListElement\":[{\"@type\":\"ListItem\",\"position\":1,\"name\":\"Blerim Destanin nuk e josh Adelina Tahiri\"}]},{\"@type\":\"Person\",\"@id\":\"https:\/\/www.visit-ulcinj.com\/blog\/#\/schema\/person\/dcab619c614d3038751c63bc2aadc06d\",\"name\":\"ulqini\",\"sameAs\":[\"http:\/\/www.visit-ulcinj.com\"],\"url\":\"https:\/\/www.visit-ulcinj.com\/blog\/author\/admin\/\"}]}<\/script>\n<!-- \/ Yoast SEO plugin. -->","yoast_head_json":{"title":"Blerim Destanin nuk e josh Adelina Tahiri - Lajme nga Ulqini","description":"N\u00ebse bukuroshja Anxhela Martini u lakua si femra m\u00eb e fokusuar gjat\u00eb dit\u00ebve t\u00eb kultur\u00ebs dhe promovimi i dokumentarit \u201cDear Albania, mashkulli q\u00eb ra n\u00eb sy","robots":{"index":"index","follow":"follow","max-snippet":"max-snippet:-1","max-image-preview":"max-image-preview:large","max-video-preview":"max-video-preview:-1"},"canonical":"https:\/\/www.visit-ulcinj.com\/blog\/2012\/10\/11\/blerim-destanin-nuk-e-josh-adelina-tahiri\/","og_locale":"en_US","og_type":"article","og_title":"Blerim Destanin nuk e josh Adelina Tahiri - Lajme nga Ulqini","og_description":"N\u00ebse bukuroshja Anxhela Martini u lakua si femra m\u00eb e fokusuar gjat\u00eb dit\u00ebve t\u00eb kultur\u00ebs dhe promovimi i dokumentarit \u201cDear Albania, mashkulli q\u00eb ra n\u00eb sy","og_url":"https:\/\/www.visit-ulcinj.com\/blog\/2012\/10\/11\/blerim-destanin-nuk-e-josh-adelina-tahiri\/","og_site_name":"Lajme nga Ulqini","article_published_time":"2012-10-11T20:49:29+00:00","og_image":[{"url":"http:\/\/www.visit-ulcinj.com\/blog\/wp-content\/uploads\/2012\/10\/Blerim-Destanin-_-Adelina-Tahiri.jpg"}],"twitter_misc":{"Written by":"ulqini"},"schema":{"@context":"https:\/\/schema.org","@graph":[{"@type":"WebSite","@id":"https:\/\/www.visit-ulcinj.com\/blog\/#website","url":"https:\/\/www.visit-ulcinj.com\/blog\/","name":"Lajme nga Ulqini","description":"Lajme,Vijesti,Ulqini,Ulqin,Crna Gora,Mali i Zi","potentialAction":[{"@type":"SearchAction","target":{"@type":"EntryPoint","urlTemplate":"https:\/\/www.visit-ulcinj.com\/blog\/?s={search_term_string}"},"query-input":"required name=search_term_string"}],"inLanguage":"en-US"},{"@type":"ImageObject","inLanguage":"en-US","@id":"https:\/\/www.visit-ulcinj.com\/blog\/2012\/10\/11\/blerim-destanin-nuk-e-josh-adelina-tahiri\/#primaryimage","url":"http:\/\/www.visit-ulcinj.com\/blog\/wp-content\/uploads\/2012\/10\/Blerim-Destanin-_-Adelina-Tahiri.jpg","contentUrl":"http:\/\/www.visit-ulcinj.com\/blog\/wp-content\/uploads\/2012\/10\/Blerim-Destanin-_-Adelina-Tahiri.jpg"},{"@type":"WebPage","@id":"https:\/\/www.visit-ulcinj.com\/blog\/2012\/10\/11\/blerim-destanin-nuk-e-josh-adelina-tahiri\/#webpage","url":"https:\/\/www.visit-ulcinj.com\/blog\/2012\/10\/11\/blerim-destanin-nuk-e-josh-adelina-tahiri\/","name":"Blerim Destanin nuk e josh Adelina Tahiri - Lajme nga Ulqini","isPartOf":{"@id":"https:\/\/www.visit-ulcinj.com\/blog\/#website"},"primaryImageOfPage":{"@id":"https:\/\/www.visit-ulcinj.com\/blog\/2012\/10\/11\/blerim-destanin-nuk-e-josh-adelina-tahiri\/#primaryimage"},"datePublished":"2012-10-11T20:49:29+00:00","dateModified":"2012-10-11T20:49:29+00:00","author":{"@id":"https:\/\/www.visit-ulcinj.com\/blog\/#\/schema\/person\/dcab619c614d3038751c63bc2aadc06d"},"description":"N\u00ebse bukuroshja Anxhela Martini u lakua si femra m\u00eb e fokusuar gjat\u00eb dit\u00ebve t\u00eb kultur\u00ebs dhe promovimi i dokumentarit \u201cDear Albania, mashkulli q\u00eb ra n\u00eb sy","breadcrumb":{"@id":"https:\/\/www.visit-ulcinj.com\/blog\/2012\/10\/11\/blerim-destanin-nuk-e-josh-adelina-tahiri\/#breadcrumb"},"inLanguage":"en-US","potentialAction":[{"@type":"ReadAction","target":["https:\/\/www.visit-ulcinj.com\/blog\/2012\/10\/11\/blerim-destanin-nuk-e-josh-adelina-tahiri\/"]}]},{"@type":"BreadcrumbList","@id":"https:\/\/www.visit-ulcinj.com\/blog\/2012\/10\/11\/blerim-destanin-nuk-e-josh-adelina-tahiri\/#breadcrumb","itemListElement":[{"@type":"ListItem","position":1,"name":"Blerim Destanin nuk e josh Adelina Tahiri"}]},{"@type":"Person","@id":"https:\/\/www.visit-ulcinj.com\/blog\/#\/schema\/person\/dcab619c614d3038751c63bc2aadc06d","name":"ulqini","sameAs":["http:\/\/www.visit-ulcinj.com"],"url":"https:\/\/www.visit-ulcinj.com\/blog\/author\/admin\/"}]}},"jetpack_featured_media_url":"","jetpack_sharing_enabled":true,"jetpack_shortlink":"https:\/\/wp.me\/pe6lTn-gLQ","_links":{"self":[{"href":"https:\/\/www.visit-ulcinj.com\/blog\/wp-json\/wp\/v2\/posts\/64470"}],"collection":[{"href":"https:\/\/www.visit-ulcinj.com\/blog\/wp-json\/wp\/v2\/posts"}],"about":[{"href":"https:\/\/www.visit-ulcinj.com\/blog\/wp-json\/wp\/v2\/types\/post"}],"author":[{"embeddable":true,"href":"https:\/\/www.visit-ulcinj.com\/blog\/wp-json\/wp\/v2\/users\/1"}],"replies":[{"embeddable":true,"href":"https:\/\/www.visit-ulcinj.com\/blog\/wp-json\/wp\/v2\/comments?post=64470"}],"version-history":[{"count":2,"href":"https:\/\/www.visit-ulcinj.com\/blog\/wp-json\/wp\/v2\/posts\/64470\/revisions"}],"predecessor-version":[{"id":64473,"href":"https:\/\/www.visit-ulcinj.com\/blog\/wp-json\/wp\/v2\/posts\/64470\/revisions\/64473"}],"wp:attachment":[{"href":"https:\/\/www.visit-ulcinj.com\/blog\/wp-json\/wp\/v2\/media?parent=64470"}],"wp:term":[{"taxonomy":"category","embeddable":true,"href":"https:\/\/www.visit-ulcinj.com\/blog\/wp-json\/wp\/v2\/categories?post=64470"},{"taxonomy":"post_tag","embeddable":true,"href":"https:\/\/www.visit-ulcinj.com\/blog\/wp-json\/wp\/v2\/tags?post=64470"}],"curies":[{"name":"wp","href":"https:\/\/api.w.org\/{rel}","templated":true}]}}