{"id":64480,"date":"2012-10-12T08:25:22","date_gmt":"2012-10-12T07:25:22","guid":{"rendered":"http:\/\/www.visit-ulcinj.com\/blog\/?p=64480"},"modified":"2012-10-12T08:25:22","modified_gmt":"2012-10-12T07:25:22","slug":"tuna-kete-here-me-genen","status":"publish","type":"post","link":"https:\/\/www.visit-ulcinj.com\/blog\/2012\/10\/12\/tuna-kete-here-me-genen\/","title":{"rendered":"Tuna kete here me Genen"},"content":{"rendered":"<p>K\u00ebng\u00ebtarja e hitit \u201cI asaj\u201d, Altuna Sejdiu, vazhdon koncertet e saj kudo ku ka shqiptar\u00eb. Ne zbuluam k\u00ebt\u00eb foto t\u00eb realizuar n\u00eb Evrop\u00eb, ku k\u00ebt\u00eb her\u00eb k\u00ebng\u00ebtarja bionde ka qen\u00eb me Gen\u00ebn.<br \/>\n<a href=\"http:\/\/www.visit-ulcinj.com\/blog\/wp-content\/uploads\/2012\/10\/Tuna-_Gena.jpg\"><img loading=\"lazy\" class=\"alignleft  wp-image-64481\" title=\"Tuna _Gena\" src=\"http:\/\/www.visit-ulcinj.com\/blog\/wp-content\/uploads\/2012\/10\/Tuna-_Gena.jpg\" alt=\"\" width=\"508\" height=\"600\" \/><\/a><\/p>\n<p>Dhe, n\u00ebse ju shkon mendja p\u00ebr ndonj\u00eb flirt mes tyre, Jo. T\u00eb dy artistet kan\u00eb qen\u00eb t\u00eb ftuara n\u00eb nj\u00eb koncert \u00a0t\u00eb madh, organizuar nga \u201cAlbanian Night\u201d, dhe m\u00ebsojm\u00eb se shqiptar\u00ebt dhe fansat e shumt\u00eb kan\u00eb shijuar z\u00ebrin e dy k\u00ebng\u00ebtareve shum\u00eb \u201cin\u201d t\u00eb momentit.<\/p>\n<p>M. GJ.<br \/>\n<iframe loading=\"lazy\" width=\"508\" height=\"360\" src=\"http:\/\/www.youtube.com\/embed\/O0MGGUEUfBk?rel=0\" frameborder=\"0\" allowfullscreen><\/iframe><\/p>\n","protected":false},"excerpt":{"rendered":"<p>K\u00ebng\u00ebtarja e hitit \u201cI asaj\u201d, Altuna Sejdiu, vazhdon koncertet e saj kudo ku ka shqiptar\u00eb. Ne zbuluam k\u00ebt\u00eb foto t\u00eb realizuar n\u00eb Evrop\u00eb, ku k\u00ebt\u00eb her\u00eb k\u00ebng\u00ebtarja bionde ka qen\u00eb me Gen\u00ebn. Dhe, n\u00ebse ju shkon mendja p\u00ebr ndonj\u00eb flirt mes tyre, Jo. T\u00eb dy artistet kan\u00eb qen\u00eb t\u00eb ftuara n\u00eb nj\u00eb koncert \u00a0t\u00eb madh, [&hellip;]<\/p>\n","protected":false},"author":1,"featured_media":0,"comment_status":"open","ping_status":"closed","sticky":false,"template":"","format":"standard","meta":{"spay_email":"","jetpack_publicize_message":"","jetpack_is_tweetstorm":false,"jetpack_publicize_feature_enabled":true},"categories":[1],"tags":[12963,19677,19806,21204,21205,16036,19514,19511,19513,6693,4684,19460],"jetpack_publicize_connections":[],"yoast_head":"<!-- This site is optimized with the Yoast SEO plugin v19.1 - https:\/\/yoast.com\/wordpress\/plugins\/seo\/ -->\n<title>Tuna kete here me Genen - Lajme nga Ulqini<\/title>\n<meta name=\"description\" content=\"K\u00ebng\u00ebtarja e hitit \u201cI asaj\u201d, Altuna Sejdiu, vazhdon koncertet e saj kudo ku ka shqiptar\u00eb. Ne zbuluam k\u00ebt\u00eb foto t\u00eb realizuar n\u00eb Evrop\u00eb, ku k\u00ebt\u00eb her\u00eb\" \/>\n<meta name=\"robots\" content=\"index, follow, max-snippet:-1, max-image-preview:large, max-video-preview:-1\" \/>\n<link rel=\"canonical\" href=\"https:\/\/www.visit-ulcinj.com\/blog\/2012\/10\/12\/tuna-kete-here-me-genen\/\" \/>\n<meta property=\"og:locale\" content=\"en_US\" \/>\n<meta property=\"og:type\" content=\"article\" \/>\n<meta property=\"og:title\" content=\"Tuna kete here me Genen - Lajme nga Ulqini\" \/>\n<meta property=\"og:description\" content=\"K\u00ebng\u00ebtarja e hitit \u201cI asaj\u201d, Altuna Sejdiu, vazhdon koncertet e saj kudo ku ka shqiptar\u00eb. Ne zbuluam k\u00ebt\u00eb foto t\u00eb realizuar n\u00eb Evrop\u00eb, ku k\u00ebt\u00eb her\u00eb\" \/>\n<meta property=\"og:url\" content=\"https:\/\/www.visit-ulcinj.com\/blog\/2012\/10\/12\/tuna-kete-here-me-genen\/\" \/>\n<meta property=\"og:site_name\" content=\"Lajme nga Ulqini\" \/>\n<meta property=\"article:published_time\" content=\"2012-10-12T07:25:22+00:00\" \/>\n<meta property=\"og:image\" content=\"http:\/\/www.visit-ulcinj.com\/blog\/wp-content\/uploads\/2012\/10\/Tuna-_Gena.jpg\" \/>\n<meta name=\"twitter:label1\" content=\"Written by\" \/>\n\t<meta name=\"twitter:data1\" content=\"ulqini\" \/>\n<script type=\"application\/ld+json\" class=\"yoast-schema-graph\">{\"@context\":\"https:\/\/schema.org\",\"@graph\":[{\"@type\":\"WebSite\",\"@id\":\"https:\/\/www.visit-ulcinj.com\/blog\/#website\",\"url\":\"https:\/\/www.visit-ulcinj.com\/blog\/\",\"name\":\"Lajme nga Ulqini\",\"description\":\"Lajme,Vijesti,Ulqini,Ulqin,Crna Gora,Mali i Zi\",\"potentialAction\":[{\"@type\":\"SearchAction\",\"target\":{\"@type\":\"EntryPoint\",\"urlTemplate\":\"https:\/\/www.visit-ulcinj.com\/blog\/?s={search_term_string}\"},\"query-input\":\"required name=search_term_string\"}],\"inLanguage\":\"en-US\"},{\"@type\":\"ImageObject\",\"inLanguage\":\"en-US\",\"@id\":\"https:\/\/www.visit-ulcinj.com\/blog\/2012\/10\/12\/tuna-kete-here-me-genen\/#primaryimage\",\"url\":\"https:\/\/www.visit-ulcinj.com\/blog\/wp-content\/uploads\/2012\/10\/Tuna-_Gena.jpg\",\"contentUrl\":\"https:\/\/www.visit-ulcinj.com\/blog\/wp-content\/uploads\/2012\/10\/Tuna-_Gena.jpg\",\"width\":\"560\",\"height\":\"840\"},{\"@type\":\"WebPage\",\"@id\":\"https:\/\/www.visit-ulcinj.com\/blog\/2012\/10\/12\/tuna-kete-here-me-genen\/#webpage\",\"url\":\"https:\/\/www.visit-ulcinj.com\/blog\/2012\/10\/12\/tuna-kete-here-me-genen\/\",\"name\":\"Tuna kete here me Genen - Lajme nga Ulqini\",\"isPartOf\":{\"@id\":\"https:\/\/www.visit-ulcinj.com\/blog\/#website\"},\"primaryImageOfPage\":{\"@id\":\"https:\/\/www.visit-ulcinj.com\/blog\/2012\/10\/12\/tuna-kete-here-me-genen\/#primaryimage\"},\"datePublished\":\"2012-10-12T07:25:22+00:00\",\"dateModified\":\"2012-10-12T07:25:22+00:00\",\"author\":{\"@id\":\"https:\/\/www.visit-ulcinj.com\/blog\/#\/schema\/person\/dcab619c614d3038751c63bc2aadc06d\"},\"description\":\"K\u00ebng\u00ebtarja e hitit \u201cI asaj\u201d, Altuna Sejdiu, vazhdon koncertet e saj kudo ku ka shqiptar\u00eb. Ne zbuluam k\u00ebt\u00eb foto t\u00eb realizuar n\u00eb Evrop\u00eb, ku k\u00ebt\u00eb her\u00eb\",\"breadcrumb\":{\"@id\":\"https:\/\/www.visit-ulcinj.com\/blog\/2012\/10\/12\/tuna-kete-here-me-genen\/#breadcrumb\"},\"inLanguage\":\"en-US\",\"potentialAction\":[{\"@type\":\"ReadAction\",\"target\":[\"https:\/\/www.visit-ulcinj.com\/blog\/2012\/10\/12\/tuna-kete-here-me-genen\/\"]}]},{\"@type\":\"BreadcrumbList\",\"@id\":\"https:\/\/www.visit-ulcinj.com\/blog\/2012\/10\/12\/tuna-kete-here-me-genen\/#breadcrumb\",\"itemListElement\":[{\"@type\":\"ListItem\",\"position\":1,\"name\":\"Tuna kete here me Genen\"}]},{\"@type\":\"Person\",\"@id\":\"https:\/\/www.visit-ulcinj.com\/blog\/#\/schema\/person\/dcab619c614d3038751c63bc2aadc06d\",\"name\":\"ulqini\",\"sameAs\":[\"http:\/\/www.visit-ulcinj.com\"],\"url\":\"https:\/\/www.visit-ulcinj.com\/blog\/author\/admin\/\"}]}<\/script>\n<!-- \/ Yoast SEO plugin. -->","yoast_head_json":{"title":"Tuna kete here me Genen - Lajme nga Ulqini","description":"K\u00ebng\u00ebtarja e hitit \u201cI asaj\u201d, Altuna Sejdiu, vazhdon koncertet e saj kudo ku ka shqiptar\u00eb. Ne zbuluam k\u00ebt\u00eb foto t\u00eb realizuar n\u00eb Evrop\u00eb, ku k\u00ebt\u00eb her\u00eb","robots":{"index":"index","follow":"follow","max-snippet":"max-snippet:-1","max-image-preview":"max-image-preview:large","max-video-preview":"max-video-preview:-1"},"canonical":"https:\/\/www.visit-ulcinj.com\/blog\/2012\/10\/12\/tuna-kete-here-me-genen\/","og_locale":"en_US","og_type":"article","og_title":"Tuna kete here me Genen - Lajme nga Ulqini","og_description":"K\u00ebng\u00ebtarja e hitit \u201cI asaj\u201d, Altuna Sejdiu, vazhdon koncertet e saj kudo ku ka shqiptar\u00eb. Ne zbuluam k\u00ebt\u00eb foto t\u00eb realizuar n\u00eb Evrop\u00eb, ku k\u00ebt\u00eb her\u00eb","og_url":"https:\/\/www.visit-ulcinj.com\/blog\/2012\/10\/12\/tuna-kete-here-me-genen\/","og_site_name":"Lajme nga Ulqini","article_published_time":"2012-10-12T07:25:22+00:00","og_image":[{"url":"http:\/\/www.visit-ulcinj.com\/blog\/wp-content\/uploads\/2012\/10\/Tuna-_Gena.jpg"}],"twitter_misc":{"Written by":"ulqini"},"schema":{"@context":"https:\/\/schema.org","@graph":[{"@type":"WebSite","@id":"https:\/\/www.visit-ulcinj.com\/blog\/#website","url":"https:\/\/www.visit-ulcinj.com\/blog\/","name":"Lajme nga Ulqini","description":"Lajme,Vijesti,Ulqini,Ulqin,Crna Gora,Mali i Zi","potentialAction":[{"@type":"SearchAction","target":{"@type":"EntryPoint","urlTemplate":"https:\/\/www.visit-ulcinj.com\/blog\/?s={search_term_string}"},"query-input":"required name=search_term_string"}],"inLanguage":"en-US"},{"@type":"ImageObject","inLanguage":"en-US","@id":"https:\/\/www.visit-ulcinj.com\/blog\/2012\/10\/12\/tuna-kete-here-me-genen\/#primaryimage","url":"https:\/\/www.visit-ulcinj.com\/blog\/wp-content\/uploads\/2012\/10\/Tuna-_Gena.jpg","contentUrl":"https:\/\/www.visit-ulcinj.com\/blog\/wp-content\/uploads\/2012\/10\/Tuna-_Gena.jpg","width":"560","height":"840"},{"@type":"WebPage","@id":"https:\/\/www.visit-ulcinj.com\/blog\/2012\/10\/12\/tuna-kete-here-me-genen\/#webpage","url":"https:\/\/www.visit-ulcinj.com\/blog\/2012\/10\/12\/tuna-kete-here-me-genen\/","name":"Tuna kete here me Genen - Lajme nga Ulqini","isPartOf":{"@id":"https:\/\/www.visit-ulcinj.com\/blog\/#website"},"primaryImageOfPage":{"@id":"https:\/\/www.visit-ulcinj.com\/blog\/2012\/10\/12\/tuna-kete-here-me-genen\/#primaryimage"},"datePublished":"2012-10-12T07:25:22+00:00","dateModified":"2012-10-12T07:25:22+00:00","author":{"@id":"https:\/\/www.visit-ulcinj.com\/blog\/#\/schema\/person\/dcab619c614d3038751c63bc2aadc06d"},"description":"K\u00ebng\u00ebtarja e hitit \u201cI asaj\u201d, Altuna Sejdiu, vazhdon koncertet e saj kudo ku ka shqiptar\u00eb. Ne zbuluam k\u00ebt\u00eb foto t\u00eb realizuar n\u00eb Evrop\u00eb, ku k\u00ebt\u00eb her\u00eb","breadcrumb":{"@id":"https:\/\/www.visit-ulcinj.com\/blog\/2012\/10\/12\/tuna-kete-here-me-genen\/#breadcrumb"},"inLanguage":"en-US","potentialAction":[{"@type":"ReadAction","target":["https:\/\/www.visit-ulcinj.com\/blog\/2012\/10\/12\/tuna-kete-here-me-genen\/"]}]},{"@type":"BreadcrumbList","@id":"https:\/\/www.visit-ulcinj.com\/blog\/2012\/10\/12\/tuna-kete-here-me-genen\/#breadcrumb","itemListElement":[{"@type":"ListItem","position":1,"name":"Tuna kete here me Genen"}]},{"@type":"Person","@id":"https:\/\/www.visit-ulcinj.com\/blog\/#\/schema\/person\/dcab619c614d3038751c63bc2aadc06d","name":"ulqini","sameAs":["http:\/\/www.visit-ulcinj.com"],"url":"https:\/\/www.visit-ulcinj.com\/blog\/author\/admin\/"}]}},"jetpack_featured_media_url":"","jetpack_sharing_enabled":true,"jetpack_shortlink":"https:\/\/wp.me\/pe6lTn-gM0","_links":{"self":[{"href":"https:\/\/www.visit-ulcinj.com\/blog\/wp-json\/wp\/v2\/posts\/64480"}],"collection":[{"href":"https:\/\/www.visit-ulcinj.com\/blog\/wp-json\/wp\/v2\/posts"}],"about":[{"href":"https:\/\/www.visit-ulcinj.com\/blog\/wp-json\/wp\/v2\/types\/post"}],"author":[{"embeddable":true,"href":"https:\/\/www.visit-ulcinj.com\/blog\/wp-json\/wp\/v2\/users\/1"}],"replies":[{"embeddable":true,"href":"https:\/\/www.visit-ulcinj.com\/blog\/wp-json\/wp\/v2\/comments?post=64480"}],"version-history":[{"count":1,"href":"https:\/\/www.visit-ulcinj.com\/blog\/wp-json\/wp\/v2\/posts\/64480\/revisions"}],"predecessor-version":[{"id":64482,"href":"https:\/\/www.visit-ulcinj.com\/blog\/wp-json\/wp\/v2\/posts\/64480\/revisions\/64482"}],"wp:attachment":[{"href":"https:\/\/www.visit-ulcinj.com\/blog\/wp-json\/wp\/v2\/media?parent=64480"}],"wp:term":[{"taxonomy":"category","embeddable":true,"href":"https:\/\/www.visit-ulcinj.com\/blog\/wp-json\/wp\/v2\/categories?post=64480"},{"taxonomy":"post_tag","embeddable":true,"href":"https:\/\/www.visit-ulcinj.com\/blog\/wp-json\/wp\/v2\/tags?post=64480"}],"curies":[{"name":"wp","href":"https:\/\/api.w.org\/{rel}","templated":true}]}}