{"id":64483,"date":"2012-10-12T08:40:12","date_gmt":"2012-10-12T07:40:12","guid":{"rendered":"http:\/\/www.visit-ulcinj.com\/blog\/?p=64483"},"modified":"2012-10-12T08:42:36","modified_gmt":"2012-10-12T07:42:36","slug":"linda-halimi-tregon-te-pasmet","status":"publish","type":"post","link":"https:\/\/www.visit-ulcinj.com\/blog\/2012\/10\/12\/linda-halimi-tregon-te-pasmet\/","title":{"rendered":"Linda Halimi tregon te pasmet"},"content":{"rendered":"<p>Tashm\u00eb ajo nuk fsheh asgj\u00eb, edhe kur \u00ebsht\u00eb fjala p\u00ebr tu reklamuar.<br \/>\n<a href=\"http:\/\/www.visit-ulcinj.com\/blog\/wp-content\/uploads\/2012\/10\/lindahalimi_sexy.jpg\"><img loading=\"lazy\" class=\"alignleft  wp-image-64484\" title=\"lindahalimi_sexy\" src=\"http:\/\/www.visit-ulcinj.com\/blog\/wp-content\/uploads\/2012\/10\/lindahalimi_sexy.jpg\" alt=\"\" width=\"508\" height=\"600\" \/><\/a><\/p>\n<p>Kjo \u00ebsht\u00eb k\u00ebng\u00ebtarja Linda Halimi e cila koh\u00eb m\u00eb par\u00eb vet\u00ebm d\u00ebgjohej z\u00ebri i saj, p\u00ebr shkak se nuk hynte n\u00eb f\u00ebmrat elegante, por ato q\u00eb kan\u00eb probleme me mbipesh\u00ebn, e tashm\u00eb ajo duket t\u00eb pakt\u00ebn n\u00eb k\u00ebt\u00eb foto shum\u00eb seksi.<\/p>\n<p><a href=\"http:\/\/www.visit-ulcinj.com\/blog\/wp-content\/uploads\/2012\/10\/lindahalimi_sexy.1.jpg\"><img loading=\"lazy\" class=\"alignleft  wp-image-64485\" title=\"lindahalimi_sexy.1\" src=\"http:\/\/www.visit-ulcinj.com\/blog\/wp-content\/uploads\/2012\/10\/lindahalimi_sexy.1.jpg\" alt=\"\" width=\"508\" height=\"600\" \/><\/a><\/p>\n<p>Linda sapo ka realizuar nj\u00eb set fotografik mjaft \u201cHot\u201d te fotografi Veton Osmani, nd\u00ebrsa n\u00eb k\u00ebt\u00eb foto tregon sensualitetin e saj dhe t\u00eb pasmet. \/Albavipnews\/<br \/>\n<iframe loading=\"lazy\" width=\"508\" height=\"360\" src=\"http:\/\/www.youtube.com\/embed\/A6siKbBbxPs?rel=0\" frameborder=\"0\" allowfullscreen><\/iframe><\/p>\n","protected":false},"excerpt":{"rendered":"<p>Tashm\u00eb ajo nuk fsheh asgj\u00eb, edhe kur \u00ebsht\u00eb fjala p\u00ebr tu reklamuar. Kjo \u00ebsht\u00eb k\u00ebng\u00ebtarja Linda Halimi e cila koh\u00eb m\u00eb par\u00eb vet\u00ebm d\u00ebgjohej z\u00ebri i saj, p\u00ebr shkak se nuk hynte n\u00eb f\u00ebmrat elegante, por ato q\u00eb kan\u00eb probleme me mbipesh\u00ebn, e tashm\u00eb ajo duket t\u00eb pakt\u00ebn n\u00eb k\u00ebt\u00eb foto shum\u00eb seksi. Linda sapo [&hellip;]<\/p>\n","protected":false},"author":1,"featured_media":0,"comment_status":"open","ping_status":"closed","sticky":false,"template":"","format":"standard","meta":{"spay_email":"","jetpack_publicize_message":"","jetpack_is_tweetstorm":false,"jetpack_publicize_feature_enabled":true},"categories":[1],"tags":[19677,19806,16036,19514,16376,19511,19459,19513,4684,19460],"jetpack_publicize_connections":[],"yoast_head":"<!-- This site is optimized with the Yoast SEO plugin v19.1 - https:\/\/yoast.com\/wordpress\/plugins\/seo\/ -->\n<title>Linda Halimi tregon te pasmet - Lajme nga Ulqini<\/title>\n<meta name=\"description\" content=\"Tashm\u00eb ajo nuk fsheh asgj\u00eb, edhe kur \u00ebsht\u00eb fjala p\u00ebr tu reklamuar. Kjo \u00ebsht\u00eb k\u00ebng\u00ebtarja Linda Halimi e cila koh\u00eb m\u00eb par\u00eb vet\u00ebm d\u00ebgjohej z\u00ebri i saj, p\u00ebr\" \/>\n<meta name=\"robots\" content=\"index, follow, max-snippet:-1, max-image-preview:large, max-video-preview:-1\" \/>\n<link rel=\"canonical\" href=\"https:\/\/www.visit-ulcinj.com\/blog\/2012\/10\/12\/linda-halimi-tregon-te-pasmet\/\" \/>\n<meta property=\"og:locale\" content=\"en_US\" \/>\n<meta property=\"og:type\" content=\"article\" \/>\n<meta property=\"og:title\" content=\"Linda Halimi tregon te pasmet - Lajme nga Ulqini\" \/>\n<meta property=\"og:description\" content=\"Tashm\u00eb ajo nuk fsheh asgj\u00eb, edhe kur \u00ebsht\u00eb fjala p\u00ebr tu reklamuar. Kjo \u00ebsht\u00eb k\u00ebng\u00ebtarja Linda Halimi e cila koh\u00eb m\u00eb par\u00eb vet\u00ebm d\u00ebgjohej z\u00ebri i saj, p\u00ebr\" \/>\n<meta property=\"og:url\" content=\"https:\/\/www.visit-ulcinj.com\/blog\/2012\/10\/12\/linda-halimi-tregon-te-pasmet\/\" \/>\n<meta property=\"og:site_name\" content=\"Lajme nga Ulqini\" \/>\n<meta property=\"article:published_time\" content=\"2012-10-12T07:40:12+00:00\" \/>\n<meta property=\"article:modified_time\" content=\"2012-10-12T07:42:36+00:00\" \/>\n<meta property=\"og:image\" content=\"http:\/\/www.visit-ulcinj.com\/blog\/wp-content\/uploads\/2012\/10\/lindahalimi_sexy.jpg\" \/>\n<meta name=\"twitter:label1\" content=\"Written by\" \/>\n\t<meta name=\"twitter:data1\" content=\"ulqini\" \/>\n<script type=\"application\/ld+json\" class=\"yoast-schema-graph\">{\"@context\":\"https:\/\/schema.org\",\"@graph\":[{\"@type\":\"WebSite\",\"@id\":\"https:\/\/www.visit-ulcinj.com\/blog\/#website\",\"url\":\"https:\/\/www.visit-ulcinj.com\/blog\/\",\"name\":\"Lajme nga Ulqini\",\"description\":\"Lajme,Vijesti,Ulqini,Ulqin,Crna Gora,Mali i Zi\",\"potentialAction\":[{\"@type\":\"SearchAction\",\"target\":{\"@type\":\"EntryPoint\",\"urlTemplate\":\"https:\/\/www.visit-ulcinj.com\/blog\/?s={search_term_string}\"},\"query-input\":\"required name=search_term_string\"}],\"inLanguage\":\"en-US\"},{\"@type\":\"ImageObject\",\"inLanguage\":\"en-US\",\"@id\":\"https:\/\/www.visit-ulcinj.com\/blog\/2012\/10\/12\/linda-halimi-tregon-te-pasmet\/#primaryimage\",\"url\":\"http:\/\/www.visit-ulcinj.com\/blog\/wp-content\/uploads\/2012\/10\/lindahalimi_sexy.jpg\",\"contentUrl\":\"http:\/\/www.visit-ulcinj.com\/blog\/wp-content\/uploads\/2012\/10\/lindahalimi_sexy.jpg\"},{\"@type\":\"WebPage\",\"@id\":\"https:\/\/www.visit-ulcinj.com\/blog\/2012\/10\/12\/linda-halimi-tregon-te-pasmet\/#webpage\",\"url\":\"https:\/\/www.visit-ulcinj.com\/blog\/2012\/10\/12\/linda-halimi-tregon-te-pasmet\/\",\"name\":\"Linda Halimi tregon te pasmet - Lajme nga Ulqini\",\"isPartOf\":{\"@id\":\"https:\/\/www.visit-ulcinj.com\/blog\/#website\"},\"primaryImageOfPage\":{\"@id\":\"https:\/\/www.visit-ulcinj.com\/blog\/2012\/10\/12\/linda-halimi-tregon-te-pasmet\/#primaryimage\"},\"datePublished\":\"2012-10-12T07:40:12+00:00\",\"dateModified\":\"2012-10-12T07:42:36+00:00\",\"author\":{\"@id\":\"https:\/\/www.visit-ulcinj.com\/blog\/#\/schema\/person\/dcab619c614d3038751c63bc2aadc06d\"},\"description\":\"Tashm\u00eb ajo nuk fsheh asgj\u00eb, edhe kur \u00ebsht\u00eb fjala p\u00ebr tu reklamuar. Kjo \u00ebsht\u00eb k\u00ebng\u00ebtarja Linda Halimi e cila koh\u00eb m\u00eb par\u00eb vet\u00ebm d\u00ebgjohej z\u00ebri i saj, p\u00ebr\",\"breadcrumb\":{\"@id\":\"https:\/\/www.visit-ulcinj.com\/blog\/2012\/10\/12\/linda-halimi-tregon-te-pasmet\/#breadcrumb\"},\"inLanguage\":\"en-US\",\"potentialAction\":[{\"@type\":\"ReadAction\",\"target\":[\"https:\/\/www.visit-ulcinj.com\/blog\/2012\/10\/12\/linda-halimi-tregon-te-pasmet\/\"]}]},{\"@type\":\"BreadcrumbList\",\"@id\":\"https:\/\/www.visit-ulcinj.com\/blog\/2012\/10\/12\/linda-halimi-tregon-te-pasmet\/#breadcrumb\",\"itemListElement\":[{\"@type\":\"ListItem\",\"position\":1,\"name\":\"Linda Halimi tregon te pasmet\"}]},{\"@type\":\"Person\",\"@id\":\"https:\/\/www.visit-ulcinj.com\/blog\/#\/schema\/person\/dcab619c614d3038751c63bc2aadc06d\",\"name\":\"ulqini\",\"sameAs\":[\"http:\/\/www.visit-ulcinj.com\"],\"url\":\"https:\/\/www.visit-ulcinj.com\/blog\/author\/admin\/\"}]}<\/script>\n<!-- \/ Yoast SEO plugin. -->","yoast_head_json":{"title":"Linda Halimi tregon te pasmet - Lajme nga Ulqini","description":"Tashm\u00eb ajo nuk fsheh asgj\u00eb, edhe kur \u00ebsht\u00eb fjala p\u00ebr tu reklamuar. Kjo \u00ebsht\u00eb k\u00ebng\u00ebtarja Linda Halimi e cila koh\u00eb m\u00eb par\u00eb vet\u00ebm d\u00ebgjohej z\u00ebri i saj, p\u00ebr","robots":{"index":"index","follow":"follow","max-snippet":"max-snippet:-1","max-image-preview":"max-image-preview:large","max-video-preview":"max-video-preview:-1"},"canonical":"https:\/\/www.visit-ulcinj.com\/blog\/2012\/10\/12\/linda-halimi-tregon-te-pasmet\/","og_locale":"en_US","og_type":"article","og_title":"Linda Halimi tregon te pasmet - Lajme nga Ulqini","og_description":"Tashm\u00eb ajo nuk fsheh asgj\u00eb, edhe kur \u00ebsht\u00eb fjala p\u00ebr tu reklamuar. Kjo \u00ebsht\u00eb k\u00ebng\u00ebtarja Linda Halimi e cila koh\u00eb m\u00eb par\u00eb vet\u00ebm d\u00ebgjohej z\u00ebri i saj, p\u00ebr","og_url":"https:\/\/www.visit-ulcinj.com\/blog\/2012\/10\/12\/linda-halimi-tregon-te-pasmet\/","og_site_name":"Lajme nga Ulqini","article_published_time":"2012-10-12T07:40:12+00:00","article_modified_time":"2012-10-12T07:42:36+00:00","og_image":[{"url":"http:\/\/www.visit-ulcinj.com\/blog\/wp-content\/uploads\/2012\/10\/lindahalimi_sexy.jpg"}],"twitter_misc":{"Written by":"ulqini"},"schema":{"@context":"https:\/\/schema.org","@graph":[{"@type":"WebSite","@id":"https:\/\/www.visit-ulcinj.com\/blog\/#website","url":"https:\/\/www.visit-ulcinj.com\/blog\/","name":"Lajme nga Ulqini","description":"Lajme,Vijesti,Ulqini,Ulqin,Crna Gora,Mali i Zi","potentialAction":[{"@type":"SearchAction","target":{"@type":"EntryPoint","urlTemplate":"https:\/\/www.visit-ulcinj.com\/blog\/?s={search_term_string}"},"query-input":"required name=search_term_string"}],"inLanguage":"en-US"},{"@type":"ImageObject","inLanguage":"en-US","@id":"https:\/\/www.visit-ulcinj.com\/blog\/2012\/10\/12\/linda-halimi-tregon-te-pasmet\/#primaryimage","url":"http:\/\/www.visit-ulcinj.com\/blog\/wp-content\/uploads\/2012\/10\/lindahalimi_sexy.jpg","contentUrl":"http:\/\/www.visit-ulcinj.com\/blog\/wp-content\/uploads\/2012\/10\/lindahalimi_sexy.jpg"},{"@type":"WebPage","@id":"https:\/\/www.visit-ulcinj.com\/blog\/2012\/10\/12\/linda-halimi-tregon-te-pasmet\/#webpage","url":"https:\/\/www.visit-ulcinj.com\/blog\/2012\/10\/12\/linda-halimi-tregon-te-pasmet\/","name":"Linda Halimi tregon te pasmet - Lajme nga Ulqini","isPartOf":{"@id":"https:\/\/www.visit-ulcinj.com\/blog\/#website"},"primaryImageOfPage":{"@id":"https:\/\/www.visit-ulcinj.com\/blog\/2012\/10\/12\/linda-halimi-tregon-te-pasmet\/#primaryimage"},"datePublished":"2012-10-12T07:40:12+00:00","dateModified":"2012-10-12T07:42:36+00:00","author":{"@id":"https:\/\/www.visit-ulcinj.com\/blog\/#\/schema\/person\/dcab619c614d3038751c63bc2aadc06d"},"description":"Tashm\u00eb ajo nuk fsheh asgj\u00eb, edhe kur \u00ebsht\u00eb fjala p\u00ebr tu reklamuar. Kjo \u00ebsht\u00eb k\u00ebng\u00ebtarja Linda Halimi e cila koh\u00eb m\u00eb par\u00eb vet\u00ebm d\u00ebgjohej z\u00ebri i saj, p\u00ebr","breadcrumb":{"@id":"https:\/\/www.visit-ulcinj.com\/blog\/2012\/10\/12\/linda-halimi-tregon-te-pasmet\/#breadcrumb"},"inLanguage":"en-US","potentialAction":[{"@type":"ReadAction","target":["https:\/\/www.visit-ulcinj.com\/blog\/2012\/10\/12\/linda-halimi-tregon-te-pasmet\/"]}]},{"@type":"BreadcrumbList","@id":"https:\/\/www.visit-ulcinj.com\/blog\/2012\/10\/12\/linda-halimi-tregon-te-pasmet\/#breadcrumb","itemListElement":[{"@type":"ListItem","position":1,"name":"Linda Halimi tregon te pasmet"}]},{"@type":"Person","@id":"https:\/\/www.visit-ulcinj.com\/blog\/#\/schema\/person\/dcab619c614d3038751c63bc2aadc06d","name":"ulqini","sameAs":["http:\/\/www.visit-ulcinj.com"],"url":"https:\/\/www.visit-ulcinj.com\/blog\/author\/admin\/"}]}},"jetpack_featured_media_url":"","jetpack_sharing_enabled":true,"jetpack_shortlink":"https:\/\/wp.me\/pe6lTn-gM3","_links":{"self":[{"href":"https:\/\/www.visit-ulcinj.com\/blog\/wp-json\/wp\/v2\/posts\/64483"}],"collection":[{"href":"https:\/\/www.visit-ulcinj.com\/blog\/wp-json\/wp\/v2\/posts"}],"about":[{"href":"https:\/\/www.visit-ulcinj.com\/blog\/wp-json\/wp\/v2\/types\/post"}],"author":[{"embeddable":true,"href":"https:\/\/www.visit-ulcinj.com\/blog\/wp-json\/wp\/v2\/users\/1"}],"replies":[{"embeddable":true,"href":"https:\/\/www.visit-ulcinj.com\/blog\/wp-json\/wp\/v2\/comments?post=64483"}],"version-history":[{"count":3,"href":"https:\/\/www.visit-ulcinj.com\/blog\/wp-json\/wp\/v2\/posts\/64483\/revisions"}],"predecessor-version":[{"id":68601,"href":"https:\/\/www.visit-ulcinj.com\/blog\/wp-json\/wp\/v2\/posts\/64483\/revisions\/68601"}],"wp:attachment":[{"href":"https:\/\/www.visit-ulcinj.com\/blog\/wp-json\/wp\/v2\/media?parent=64483"}],"wp:term":[{"taxonomy":"category","embeddable":true,"href":"https:\/\/www.visit-ulcinj.com\/blog\/wp-json\/wp\/v2\/categories?post=64483"},{"taxonomy":"post_tag","embeddable":true,"href":"https:\/\/www.visit-ulcinj.com\/blog\/wp-json\/wp\/v2\/tags?post=64483"}],"curies":[{"name":"wp","href":"https:\/\/api.w.org\/{rel}","templated":true}]}}