{"id":64554,"date":"2012-10-13T19:30:45","date_gmt":"2012-10-13T18:30:45","guid":{"rendered":"http:\/\/www.visit-ulcinj.com\/blog\/?p=64554"},"modified":"2012-10-13T19:31:45","modified_gmt":"2012-10-13T18:31:45","slug":"fenomenalna-pobjeda-kadeta-u-2-kolu-protiv-mediterana","status":"publish","type":"post","link":"https:\/\/www.visit-ulcinj.com\/blog\/2012\/10\/13\/fenomenalna-pobjeda-kadeta-u-2-kolu-protiv-mediterana\/","title":{"rendered":"Fenomenalna pobjeda kadeta u 2.kolu protiv Mediterana"},"content":{"rendered":"<p><a href=\"http:\/\/www.visit-ulcinj.com\/blog\/wp-content\/uploads\/2012\/10\/kk-ulcinj.jpg\"><img loading=\"lazy\" class=\"alignleft size-full wp-image-64555\" title=\"kk ulcinj\" src=\"http:\/\/www.visit-ulcinj.com\/blog\/wp-content\/uploads\/2012\/10\/kk-ulcinj.jpg\" alt=\"\" width=\"180\" height=\"190\" \/><\/a>Kakve su namjere kadeta Ulcinja u Ju\u017enoj Regiji pokazalo se i ovaj put,u gostima su savladali ekipu Mediterana 89-66,i tako spremno do\u010dekuju naredni me\u010d protiv Sutomore.Najefikasniji i najbolji igrac u ovom me\u010du bio je Taflaj koji je postigao nevjerovatnih 40 poena,tu su jos bili Kovacevi\u0107 sa 16 i Joveti\u0107 sa 10.<\/p>\n<p>KK Mediteran-KK Ulcinj 66-89 (19-25 ;20-27 ;13-17 ;14-20)<\/p>\n<p>KK Ulcinj:Taflaj 40,Kova\u010devi\u0107 16,Jovi\u0107evi\u0107 8,Joveti\u0107 10,\u0110uri\u0161i\u0107 8,Marnikovic,Bugarin 3,\u0110uri\u0161i\u0107 V. , Sekulic 4,Vladisavljevi\u0107 ,Rac,Jacovi\u0107.<\/p>\n<p><strong><a id=\"js_3\" href=\"https:\/\/www.facebook.com\/kosarkaskiklub.ulcinj\" data-hovercard=\"\/ajax\/hovercard\/user.php?id=100002098655005\">Kosarkaski Klub Ulcinj<\/a><\/strong><\/p>\n<p><a href=\"http:\/\/www.visit-ulcinj.com\/blog\/wp-content\/uploads\/2012\/10\/kosarkasi-ekipe-ulcinja.jpg\"><img loading=\"lazy\" class=\"alignleft  wp-image-64556\" title=\"kosarkasi ekipe ulcinja\" src=\"http:\/\/www.visit-ulcinj.com\/blog\/wp-content\/uploads\/2012\/10\/kosarkasi-ekipe-ulcinja.jpg\" alt=\"\" width=\"508\" height=\"300\" \/><\/a><\/p>\n","protected":false},"excerpt":{"rendered":"<p>Kakve su namjere kadeta Ulcinja u Ju\u017enoj Regiji pokazalo se i ovaj put,u gostima su savladali ekipu Mediterana 89-66,i tako spremno do\u010dekuju naredni me\u010d protiv Sutomore.Najefikasniji i najbolji igrac u ovom me\u010du bio je Taflaj koji je postigao nevjerovatnih 40 poena,tu su jos bili Kovacevi\u0107 sa 16 i Joveti\u0107 sa 10. KK Mediteran-KK Ulcinj 66-89 [&hellip;]<\/p>\n","protected":false},"author":1,"featured_media":0,"comment_status":"open","ping_status":"closed","sticky":false,"template":"","format":"standard","meta":{"spay_email":"","jetpack_publicize_message":"","jetpack_is_tweetstorm":false,"jetpack_publicize_feature_enabled":true},"categories":[8337],"tags":[20,14032],"jetpack_publicize_connections":[],"yoast_head":"<!-- This site is optimized with the Yoast SEO plugin v19.1 - https:\/\/yoast.com\/wordpress\/plugins\/seo\/ -->\n<title>Fenomenalna pobjeda kadeta u 2.kolu protiv Mediterana - Lajme nga Ulqini<\/title>\n<meta name=\"description\" content=\"Kakve su namjere kadeta Ulcinja u Ju\u017enoj Regiji pokazalo se i ovaj put,u gostima su savladali ekipu Mediterana 89-66,i tako spremno do\u010dekuju naredni me\u010d\" \/>\n<meta name=\"robots\" content=\"index, follow, max-snippet:-1, max-image-preview:large, max-video-preview:-1\" \/>\n<link rel=\"canonical\" href=\"https:\/\/www.visit-ulcinj.com\/blog\/2012\/10\/13\/fenomenalna-pobjeda-kadeta-u-2-kolu-protiv-mediterana\/\" \/>\n<meta property=\"og:locale\" content=\"en_US\" \/>\n<meta property=\"og:type\" content=\"article\" \/>\n<meta property=\"og:title\" content=\"Fenomenalna pobjeda kadeta u 2.kolu protiv Mediterana - Lajme nga Ulqini\" \/>\n<meta property=\"og:description\" content=\"Kakve su namjere kadeta Ulcinja u Ju\u017enoj Regiji pokazalo se i ovaj put,u gostima su savladali ekipu Mediterana 89-66,i tako spremno do\u010dekuju naredni me\u010d\" \/>\n<meta property=\"og:url\" content=\"https:\/\/www.visit-ulcinj.com\/blog\/2012\/10\/13\/fenomenalna-pobjeda-kadeta-u-2-kolu-protiv-mediterana\/\" \/>\n<meta property=\"og:site_name\" content=\"Lajme nga Ulqini\" \/>\n<meta property=\"article:published_time\" content=\"2012-10-13T18:30:45+00:00\" \/>\n<meta property=\"article:modified_time\" content=\"2012-10-13T18:31:45+00:00\" \/>\n<meta property=\"og:image\" content=\"http:\/\/www.visit-ulcinj.com\/blog\/wp-content\/uploads\/2012\/10\/kk-ulcinj.jpg\" \/>\n<meta name=\"twitter:label1\" content=\"Written by\" \/>\n\t<meta name=\"twitter:data1\" content=\"ulqini\" \/>\n<script type=\"application\/ld+json\" class=\"yoast-schema-graph\">{\"@context\":\"https:\/\/schema.org\",\"@graph\":[{\"@type\":\"WebSite\",\"@id\":\"https:\/\/www.visit-ulcinj.com\/blog\/#website\",\"url\":\"https:\/\/www.visit-ulcinj.com\/blog\/\",\"name\":\"Lajme nga Ulqini\",\"description\":\"Lajme,Vijesti,Ulqini,Ulqin,Crna Gora,Mali i Zi\",\"potentialAction\":[{\"@type\":\"SearchAction\",\"target\":{\"@type\":\"EntryPoint\",\"urlTemplate\":\"https:\/\/www.visit-ulcinj.com\/blog\/?s={search_term_string}\"},\"query-input\":\"required name=search_term_string\"}],\"inLanguage\":\"en-US\"},{\"@type\":\"ImageObject\",\"inLanguage\":\"en-US\",\"@id\":\"https:\/\/www.visit-ulcinj.com\/blog\/2012\/10\/13\/fenomenalna-pobjeda-kadeta-u-2-kolu-protiv-mediterana\/#primaryimage\",\"url\":\"https:\/\/www.visit-ulcinj.com\/blog\/wp-content\/uploads\/2012\/10\/kk-ulcinj.jpg\",\"contentUrl\":\"https:\/\/www.visit-ulcinj.com\/blog\/wp-content\/uploads\/2012\/10\/kk-ulcinj.jpg\",\"width\":\"180\",\"height\":\"190\"},{\"@type\":\"WebPage\",\"@id\":\"https:\/\/www.visit-ulcinj.com\/blog\/2012\/10\/13\/fenomenalna-pobjeda-kadeta-u-2-kolu-protiv-mediterana\/#webpage\",\"url\":\"https:\/\/www.visit-ulcinj.com\/blog\/2012\/10\/13\/fenomenalna-pobjeda-kadeta-u-2-kolu-protiv-mediterana\/\",\"name\":\"Fenomenalna pobjeda kadeta u 2.kolu protiv Mediterana - Lajme nga Ulqini\",\"isPartOf\":{\"@id\":\"https:\/\/www.visit-ulcinj.com\/blog\/#website\"},\"primaryImageOfPage\":{\"@id\":\"https:\/\/www.visit-ulcinj.com\/blog\/2012\/10\/13\/fenomenalna-pobjeda-kadeta-u-2-kolu-protiv-mediterana\/#primaryimage\"},\"datePublished\":\"2012-10-13T18:30:45+00:00\",\"dateModified\":\"2012-10-13T18:31:45+00:00\",\"author\":{\"@id\":\"https:\/\/www.visit-ulcinj.com\/blog\/#\/schema\/person\/dcab619c614d3038751c63bc2aadc06d\"},\"description\":\"Kakve su namjere kadeta Ulcinja u Ju\u017enoj Regiji pokazalo se i ovaj put,u gostima su savladali ekipu Mediterana 89-66,i tako spremno do\u010dekuju naredni me\u010d\",\"breadcrumb\":{\"@id\":\"https:\/\/www.visit-ulcinj.com\/blog\/2012\/10\/13\/fenomenalna-pobjeda-kadeta-u-2-kolu-protiv-mediterana\/#breadcrumb\"},\"inLanguage\":\"en-US\",\"potentialAction\":[{\"@type\":\"ReadAction\",\"target\":[\"https:\/\/www.visit-ulcinj.com\/blog\/2012\/10\/13\/fenomenalna-pobjeda-kadeta-u-2-kolu-protiv-mediterana\/\"]}]},{\"@type\":\"BreadcrumbList\",\"@id\":\"https:\/\/www.visit-ulcinj.com\/blog\/2012\/10\/13\/fenomenalna-pobjeda-kadeta-u-2-kolu-protiv-mediterana\/#breadcrumb\",\"itemListElement\":[{\"@type\":\"ListItem\",\"position\":1,\"name\":\"Fenomenalna pobjeda kadeta u 2.kolu protiv Mediterana\"}]},{\"@type\":\"Person\",\"@id\":\"https:\/\/www.visit-ulcinj.com\/blog\/#\/schema\/person\/dcab619c614d3038751c63bc2aadc06d\",\"name\":\"ulqini\",\"sameAs\":[\"http:\/\/www.visit-ulcinj.com\"],\"url\":\"https:\/\/www.visit-ulcinj.com\/blog\/author\/admin\/\"}]}<\/script>\n<!-- \/ Yoast SEO plugin. -->","yoast_head_json":{"title":"Fenomenalna pobjeda kadeta u 2.kolu protiv Mediterana - Lajme nga Ulqini","description":"Kakve su namjere kadeta Ulcinja u Ju\u017enoj Regiji pokazalo se i ovaj put,u gostima su savladali ekipu Mediterana 89-66,i tako spremno do\u010dekuju naredni me\u010d","robots":{"index":"index","follow":"follow","max-snippet":"max-snippet:-1","max-image-preview":"max-image-preview:large","max-video-preview":"max-video-preview:-1"},"canonical":"https:\/\/www.visit-ulcinj.com\/blog\/2012\/10\/13\/fenomenalna-pobjeda-kadeta-u-2-kolu-protiv-mediterana\/","og_locale":"en_US","og_type":"article","og_title":"Fenomenalna pobjeda kadeta u 2.kolu protiv Mediterana - Lajme nga Ulqini","og_description":"Kakve su namjere kadeta Ulcinja u Ju\u017enoj Regiji pokazalo se i ovaj put,u gostima su savladali ekipu Mediterana 89-66,i tako spremno do\u010dekuju naredni me\u010d","og_url":"https:\/\/www.visit-ulcinj.com\/blog\/2012\/10\/13\/fenomenalna-pobjeda-kadeta-u-2-kolu-protiv-mediterana\/","og_site_name":"Lajme nga Ulqini","article_published_time":"2012-10-13T18:30:45+00:00","article_modified_time":"2012-10-13T18:31:45+00:00","og_image":[{"url":"http:\/\/www.visit-ulcinj.com\/blog\/wp-content\/uploads\/2012\/10\/kk-ulcinj.jpg"}],"twitter_misc":{"Written by":"ulqini"},"schema":{"@context":"https:\/\/schema.org","@graph":[{"@type":"WebSite","@id":"https:\/\/www.visit-ulcinj.com\/blog\/#website","url":"https:\/\/www.visit-ulcinj.com\/blog\/","name":"Lajme nga Ulqini","description":"Lajme,Vijesti,Ulqini,Ulqin,Crna Gora,Mali i Zi","potentialAction":[{"@type":"SearchAction","target":{"@type":"EntryPoint","urlTemplate":"https:\/\/www.visit-ulcinj.com\/blog\/?s={search_term_string}"},"query-input":"required name=search_term_string"}],"inLanguage":"en-US"},{"@type":"ImageObject","inLanguage":"en-US","@id":"https:\/\/www.visit-ulcinj.com\/blog\/2012\/10\/13\/fenomenalna-pobjeda-kadeta-u-2-kolu-protiv-mediterana\/#primaryimage","url":"https:\/\/www.visit-ulcinj.com\/blog\/wp-content\/uploads\/2012\/10\/kk-ulcinj.jpg","contentUrl":"https:\/\/www.visit-ulcinj.com\/blog\/wp-content\/uploads\/2012\/10\/kk-ulcinj.jpg","width":"180","height":"190"},{"@type":"WebPage","@id":"https:\/\/www.visit-ulcinj.com\/blog\/2012\/10\/13\/fenomenalna-pobjeda-kadeta-u-2-kolu-protiv-mediterana\/#webpage","url":"https:\/\/www.visit-ulcinj.com\/blog\/2012\/10\/13\/fenomenalna-pobjeda-kadeta-u-2-kolu-protiv-mediterana\/","name":"Fenomenalna pobjeda kadeta u 2.kolu protiv Mediterana - Lajme nga Ulqini","isPartOf":{"@id":"https:\/\/www.visit-ulcinj.com\/blog\/#website"},"primaryImageOfPage":{"@id":"https:\/\/www.visit-ulcinj.com\/blog\/2012\/10\/13\/fenomenalna-pobjeda-kadeta-u-2-kolu-protiv-mediterana\/#primaryimage"},"datePublished":"2012-10-13T18:30:45+00:00","dateModified":"2012-10-13T18:31:45+00:00","author":{"@id":"https:\/\/www.visit-ulcinj.com\/blog\/#\/schema\/person\/dcab619c614d3038751c63bc2aadc06d"},"description":"Kakve su namjere kadeta Ulcinja u Ju\u017enoj Regiji pokazalo se i ovaj put,u gostima su savladali ekipu Mediterana 89-66,i tako spremno do\u010dekuju naredni me\u010d","breadcrumb":{"@id":"https:\/\/www.visit-ulcinj.com\/blog\/2012\/10\/13\/fenomenalna-pobjeda-kadeta-u-2-kolu-protiv-mediterana\/#breadcrumb"},"inLanguage":"en-US","potentialAction":[{"@type":"ReadAction","target":["https:\/\/www.visit-ulcinj.com\/blog\/2012\/10\/13\/fenomenalna-pobjeda-kadeta-u-2-kolu-protiv-mediterana\/"]}]},{"@type":"BreadcrumbList","@id":"https:\/\/www.visit-ulcinj.com\/blog\/2012\/10\/13\/fenomenalna-pobjeda-kadeta-u-2-kolu-protiv-mediterana\/#breadcrumb","itemListElement":[{"@type":"ListItem","position":1,"name":"Fenomenalna pobjeda kadeta u 2.kolu protiv Mediterana"}]},{"@type":"Person","@id":"https:\/\/www.visit-ulcinj.com\/blog\/#\/schema\/person\/dcab619c614d3038751c63bc2aadc06d","name":"ulqini","sameAs":["http:\/\/www.visit-ulcinj.com"],"url":"https:\/\/www.visit-ulcinj.com\/blog\/author\/admin\/"}]}},"jetpack_featured_media_url":"","jetpack_sharing_enabled":true,"jetpack_shortlink":"https:\/\/wp.me\/pe6lTn-gNc","_links":{"self":[{"href":"https:\/\/www.visit-ulcinj.com\/blog\/wp-json\/wp\/v2\/posts\/64554"}],"collection":[{"href":"https:\/\/www.visit-ulcinj.com\/blog\/wp-json\/wp\/v2\/posts"}],"about":[{"href":"https:\/\/www.visit-ulcinj.com\/blog\/wp-json\/wp\/v2\/types\/post"}],"author":[{"embeddable":true,"href":"https:\/\/www.visit-ulcinj.com\/blog\/wp-json\/wp\/v2\/users\/1"}],"replies":[{"embeddable":true,"href":"https:\/\/www.visit-ulcinj.com\/blog\/wp-json\/wp\/v2\/comments?post=64554"}],"version-history":[{"count":2,"href":"https:\/\/www.visit-ulcinj.com\/blog\/wp-json\/wp\/v2\/posts\/64554\/revisions"}],"predecessor-version":[{"id":64558,"href":"https:\/\/www.visit-ulcinj.com\/blog\/wp-json\/wp\/v2\/posts\/64554\/revisions\/64558"}],"wp:attachment":[{"href":"https:\/\/www.visit-ulcinj.com\/blog\/wp-json\/wp\/v2\/media?parent=64554"}],"wp:term":[{"taxonomy":"category","embeddable":true,"href":"https:\/\/www.visit-ulcinj.com\/blog\/wp-json\/wp\/v2\/categories?post=64554"},{"taxonomy":"post_tag","embeddable":true,"href":"https:\/\/www.visit-ulcinj.com\/blog\/wp-json\/wp\/v2\/tags?post=64554"}],"curies":[{"name":"wp","href":"https:\/\/api.w.org\/{rel}","templated":true}]}}