{"id":64569,"date":"2012-10-14T16:23:12","date_gmt":"2012-10-14T15:23:12","guid":{"rendered":"http:\/\/www.visit-ulcinj.com\/blog\/?p=64569"},"modified":"2012-10-14T16:23:12","modified_gmt":"2012-10-14T15:23:12","slug":"genta-ismajli-fryn-buzet","status":"publish","type":"post","link":"https:\/\/www.visit-ulcinj.com\/blog\/2012\/10\/14\/genta-ismajli-fryn-buzet\/","title":{"rendered":"Genta Ismajli fryn buz\u00ebt"},"content":{"rendered":"<p>Nuk u ka shp\u00ebtuar nd\u00ebrhyrjeve estetike edhe k\u00ebng\u00ebtarja Genta Ismajli. E ftuar n\u00eb fest\u00ebn e promovimit t\u00eb dokumentarit t\u00eb Eliza Dushkut \u201cShqip\u00ebria ime\u201d, Genta ka mahnitur t\u00eb pranishmit jo vet\u00ebm me format ideale t\u00eb trupit, por edhe me ndryshime t\u00eb dukshme n\u00eb look.<br \/>\n<a href=\"http:\/\/www.visit-ulcinj.com\/blog\/wp-content\/uploads\/2012\/10\/Genta-Ismajli-buzet.jpg\"><img loading=\"lazy\" class=\"alignleft  wp-image-64570\" title=\"Genta Ismajli buzet\" src=\"http:\/\/www.visit-ulcinj.com\/blog\/wp-content\/uploads\/2012\/10\/Genta-Ismajli-buzet.jpg\" alt=\"\" width=\"508\" height=\"600\" \/><\/a><\/p>\n<p>Si\u00e7 m\u00ebsohet nga burime t\u00eb af\u00ebrta, Genta ka b\u00ebr\u00eb nj\u00eb nd\u00ebrhyrje estetike p\u00ebr t\u00eb fryr\u00eb buz\u00ebt. Efekti \u00ebsht\u00eb kaq natyral dhe i paduksh\u00ebm, sa duket sikur Genta ka qen\u00eb me k\u00ebt\u00eb look q\u00ebkurse \u00ebsht\u00eb shfaqur p\u00ebr her\u00eb t\u00eb par\u00eb n\u00eb publik.<\/p>\n<p>Bluetooth<br \/>\n<iframe loading=\"lazy\" width=\"508\" height=\"360\" src=\"http:\/\/www.youtube.com\/embed\/oEsCEo3QsKM?rel=0\" frameborder=\"0\" allowfullscreen><\/iframe><\/p>\n","protected":false},"excerpt":{"rendered":"<p>Nuk u ka shp\u00ebtuar nd\u00ebrhyrjeve estetike edhe k\u00ebng\u00ebtarja Genta Ismajli. E ftuar n\u00eb fest\u00ebn e promovimit t\u00eb dokumentarit t\u00eb Eliza Dushkut \u201cShqip\u00ebria ime\u201d, Genta ka mahnitur t\u00eb pranishmit jo vet\u00ebm me format ideale t\u00eb trupit, por edhe me ndryshime t\u00eb dukshme n\u00eb look. Si\u00e7 m\u00ebsohet nga burime t\u00eb af\u00ebrta, Genta ka b\u00ebr\u00eb nj\u00eb nd\u00ebrhyrje estetike [&hellip;]<\/p>\n","protected":false},"author":1,"featured_media":0,"comment_status":"open","ping_status":"closed","sticky":false,"template":"","format":"standard","meta":{"spay_email":"","jetpack_publicize_message":"","jetpack_is_tweetstorm":false,"jetpack_publicize_feature_enabled":true},"categories":[1],"tags":[19677,19806,4888,16036,19514,19511,19513,6693,4684,19460],"jetpack_publicize_connections":[],"yoast_head":"<!-- This site is optimized with the Yoast SEO plugin v19.1 - https:\/\/yoast.com\/wordpress\/plugins\/seo\/ -->\n<title>Genta Ismajli fryn buz\u00ebt - Lajme nga Ulqini<\/title>\n<meta name=\"description\" content=\"Nuk u ka shp\u00ebtuar nd\u00ebrhyrjeve estetike edhe k\u00ebng\u00ebtarja Genta Ismajli. E ftuar n\u00eb fest\u00ebn e promovimit t\u00eb dokumentarit t\u00eb Eliza Dushkut \u201cShqip\u00ebria ime\u201d,\" \/>\n<meta name=\"robots\" content=\"index, follow, max-snippet:-1, max-image-preview:large, max-video-preview:-1\" \/>\n<link rel=\"canonical\" href=\"https:\/\/www.visit-ulcinj.com\/blog\/2012\/10\/14\/genta-ismajli-fryn-buzet\/\" \/>\n<meta property=\"og:locale\" content=\"en_US\" \/>\n<meta property=\"og:type\" content=\"article\" \/>\n<meta property=\"og:title\" content=\"Genta Ismajli fryn buz\u00ebt - Lajme nga Ulqini\" \/>\n<meta property=\"og:description\" content=\"Nuk u ka shp\u00ebtuar nd\u00ebrhyrjeve estetike edhe k\u00ebng\u00ebtarja Genta Ismajli. E ftuar n\u00eb fest\u00ebn e promovimit t\u00eb dokumentarit t\u00eb Eliza Dushkut \u201cShqip\u00ebria ime\u201d,\" \/>\n<meta property=\"og:url\" content=\"https:\/\/www.visit-ulcinj.com\/blog\/2012\/10\/14\/genta-ismajli-fryn-buzet\/\" \/>\n<meta property=\"og:site_name\" content=\"Lajme nga Ulqini\" \/>\n<meta property=\"article:published_time\" content=\"2012-10-14T15:23:12+00:00\" \/>\n<meta property=\"og:image\" content=\"http:\/\/www.visit-ulcinj.com\/blog\/wp-content\/uploads\/2012\/10\/Genta-Ismajli-buzet.jpg\" \/>\n<meta name=\"twitter:label1\" content=\"Written by\" \/>\n\t<meta name=\"twitter:data1\" content=\"ulqini\" \/>\n\t<meta name=\"twitter:label2\" content=\"Est. reading time\" \/>\n\t<meta name=\"twitter:data2\" content=\"1 minute\" \/>\n<script type=\"application\/ld+json\" class=\"yoast-schema-graph\">{\"@context\":\"https:\/\/schema.org\",\"@graph\":[{\"@type\":\"WebSite\",\"@id\":\"https:\/\/www.visit-ulcinj.com\/blog\/#website\",\"url\":\"https:\/\/www.visit-ulcinj.com\/blog\/\",\"name\":\"Lajme nga Ulqini\",\"description\":\"Lajme,Vijesti,Ulqini,Ulqin,Crna Gora,Mali i Zi\",\"potentialAction\":[{\"@type\":\"SearchAction\",\"target\":{\"@type\":\"EntryPoint\",\"urlTemplate\":\"https:\/\/www.visit-ulcinj.com\/blog\/?s={search_term_string}\"},\"query-input\":\"required name=search_term_string\"}],\"inLanguage\":\"en-US\"},{\"@type\":\"ImageObject\",\"inLanguage\":\"en-US\",\"@id\":\"https:\/\/www.visit-ulcinj.com\/blog\/2012\/10\/14\/genta-ismajli-fryn-buzet\/#primaryimage\",\"url\":\"http:\/\/www.visit-ulcinj.com\/blog\/wp-content\/uploads\/2012\/10\/Genta-Ismajli-buzet.jpg\",\"contentUrl\":\"http:\/\/www.visit-ulcinj.com\/blog\/wp-content\/uploads\/2012\/10\/Genta-Ismajli-buzet.jpg\"},{\"@type\":\"WebPage\",\"@id\":\"https:\/\/www.visit-ulcinj.com\/blog\/2012\/10\/14\/genta-ismajli-fryn-buzet\/#webpage\",\"url\":\"https:\/\/www.visit-ulcinj.com\/blog\/2012\/10\/14\/genta-ismajli-fryn-buzet\/\",\"name\":\"Genta Ismajli fryn buz\u00ebt - Lajme nga Ulqini\",\"isPartOf\":{\"@id\":\"https:\/\/www.visit-ulcinj.com\/blog\/#website\"},\"primaryImageOfPage\":{\"@id\":\"https:\/\/www.visit-ulcinj.com\/blog\/2012\/10\/14\/genta-ismajli-fryn-buzet\/#primaryimage\"},\"datePublished\":\"2012-10-14T15:23:12+00:00\",\"dateModified\":\"2012-10-14T15:23:12+00:00\",\"author\":{\"@id\":\"https:\/\/www.visit-ulcinj.com\/blog\/#\/schema\/person\/dcab619c614d3038751c63bc2aadc06d\"},\"description\":\"Nuk u ka shp\u00ebtuar nd\u00ebrhyrjeve estetike edhe k\u00ebng\u00ebtarja Genta Ismajli. E ftuar n\u00eb fest\u00ebn e promovimit t\u00eb dokumentarit t\u00eb Eliza Dushkut \u201cShqip\u00ebria ime\u201d,\",\"breadcrumb\":{\"@id\":\"https:\/\/www.visit-ulcinj.com\/blog\/2012\/10\/14\/genta-ismajli-fryn-buzet\/#breadcrumb\"},\"inLanguage\":\"en-US\",\"potentialAction\":[{\"@type\":\"ReadAction\",\"target\":[\"https:\/\/www.visit-ulcinj.com\/blog\/2012\/10\/14\/genta-ismajli-fryn-buzet\/\"]}]},{\"@type\":\"BreadcrumbList\",\"@id\":\"https:\/\/www.visit-ulcinj.com\/blog\/2012\/10\/14\/genta-ismajli-fryn-buzet\/#breadcrumb\",\"itemListElement\":[{\"@type\":\"ListItem\",\"position\":1,\"name\":\"Genta Ismajli fryn buz\u00ebt\"}]},{\"@type\":\"Person\",\"@id\":\"https:\/\/www.visit-ulcinj.com\/blog\/#\/schema\/person\/dcab619c614d3038751c63bc2aadc06d\",\"name\":\"ulqini\",\"sameAs\":[\"http:\/\/www.visit-ulcinj.com\"],\"url\":\"https:\/\/www.visit-ulcinj.com\/blog\/author\/admin\/\"}]}<\/script>\n<!-- \/ Yoast SEO plugin. -->","yoast_head_json":{"title":"Genta Ismajli fryn buz\u00ebt - Lajme nga Ulqini","description":"Nuk u ka shp\u00ebtuar nd\u00ebrhyrjeve estetike edhe k\u00ebng\u00ebtarja Genta Ismajli. E ftuar n\u00eb fest\u00ebn e promovimit t\u00eb dokumentarit t\u00eb Eliza Dushkut \u201cShqip\u00ebria ime\u201d,","robots":{"index":"index","follow":"follow","max-snippet":"max-snippet:-1","max-image-preview":"max-image-preview:large","max-video-preview":"max-video-preview:-1"},"canonical":"https:\/\/www.visit-ulcinj.com\/blog\/2012\/10\/14\/genta-ismajli-fryn-buzet\/","og_locale":"en_US","og_type":"article","og_title":"Genta Ismajli fryn buz\u00ebt - Lajme nga Ulqini","og_description":"Nuk u ka shp\u00ebtuar nd\u00ebrhyrjeve estetike edhe k\u00ebng\u00ebtarja Genta Ismajli. E ftuar n\u00eb fest\u00ebn e promovimit t\u00eb dokumentarit t\u00eb Eliza Dushkut \u201cShqip\u00ebria ime\u201d,","og_url":"https:\/\/www.visit-ulcinj.com\/blog\/2012\/10\/14\/genta-ismajli-fryn-buzet\/","og_site_name":"Lajme nga Ulqini","article_published_time":"2012-10-14T15:23:12+00:00","og_image":[{"url":"http:\/\/www.visit-ulcinj.com\/blog\/wp-content\/uploads\/2012\/10\/Genta-Ismajli-buzet.jpg"}],"twitter_misc":{"Written by":"ulqini","Est. reading time":"1 minute"},"schema":{"@context":"https:\/\/schema.org","@graph":[{"@type":"WebSite","@id":"https:\/\/www.visit-ulcinj.com\/blog\/#website","url":"https:\/\/www.visit-ulcinj.com\/blog\/","name":"Lajme nga Ulqini","description":"Lajme,Vijesti,Ulqini,Ulqin,Crna Gora,Mali i Zi","potentialAction":[{"@type":"SearchAction","target":{"@type":"EntryPoint","urlTemplate":"https:\/\/www.visit-ulcinj.com\/blog\/?s={search_term_string}"},"query-input":"required name=search_term_string"}],"inLanguage":"en-US"},{"@type":"ImageObject","inLanguage":"en-US","@id":"https:\/\/www.visit-ulcinj.com\/blog\/2012\/10\/14\/genta-ismajli-fryn-buzet\/#primaryimage","url":"http:\/\/www.visit-ulcinj.com\/blog\/wp-content\/uploads\/2012\/10\/Genta-Ismajli-buzet.jpg","contentUrl":"http:\/\/www.visit-ulcinj.com\/blog\/wp-content\/uploads\/2012\/10\/Genta-Ismajli-buzet.jpg"},{"@type":"WebPage","@id":"https:\/\/www.visit-ulcinj.com\/blog\/2012\/10\/14\/genta-ismajli-fryn-buzet\/#webpage","url":"https:\/\/www.visit-ulcinj.com\/blog\/2012\/10\/14\/genta-ismajli-fryn-buzet\/","name":"Genta Ismajli fryn buz\u00ebt - Lajme nga Ulqini","isPartOf":{"@id":"https:\/\/www.visit-ulcinj.com\/blog\/#website"},"primaryImageOfPage":{"@id":"https:\/\/www.visit-ulcinj.com\/blog\/2012\/10\/14\/genta-ismajli-fryn-buzet\/#primaryimage"},"datePublished":"2012-10-14T15:23:12+00:00","dateModified":"2012-10-14T15:23:12+00:00","author":{"@id":"https:\/\/www.visit-ulcinj.com\/blog\/#\/schema\/person\/dcab619c614d3038751c63bc2aadc06d"},"description":"Nuk u ka shp\u00ebtuar nd\u00ebrhyrjeve estetike edhe k\u00ebng\u00ebtarja Genta Ismajli. E ftuar n\u00eb fest\u00ebn e promovimit t\u00eb dokumentarit t\u00eb Eliza Dushkut \u201cShqip\u00ebria ime\u201d,","breadcrumb":{"@id":"https:\/\/www.visit-ulcinj.com\/blog\/2012\/10\/14\/genta-ismajli-fryn-buzet\/#breadcrumb"},"inLanguage":"en-US","potentialAction":[{"@type":"ReadAction","target":["https:\/\/www.visit-ulcinj.com\/blog\/2012\/10\/14\/genta-ismajli-fryn-buzet\/"]}]},{"@type":"BreadcrumbList","@id":"https:\/\/www.visit-ulcinj.com\/blog\/2012\/10\/14\/genta-ismajli-fryn-buzet\/#breadcrumb","itemListElement":[{"@type":"ListItem","position":1,"name":"Genta Ismajli fryn buz\u00ebt"}]},{"@type":"Person","@id":"https:\/\/www.visit-ulcinj.com\/blog\/#\/schema\/person\/dcab619c614d3038751c63bc2aadc06d","name":"ulqini","sameAs":["http:\/\/www.visit-ulcinj.com"],"url":"https:\/\/www.visit-ulcinj.com\/blog\/author\/admin\/"}]}},"jetpack_featured_media_url":"","jetpack_sharing_enabled":true,"jetpack_shortlink":"https:\/\/wp.me\/pe6lTn-gNr","_links":{"self":[{"href":"https:\/\/www.visit-ulcinj.com\/blog\/wp-json\/wp\/v2\/posts\/64569"}],"collection":[{"href":"https:\/\/www.visit-ulcinj.com\/blog\/wp-json\/wp\/v2\/posts"}],"about":[{"href":"https:\/\/www.visit-ulcinj.com\/blog\/wp-json\/wp\/v2\/types\/post"}],"author":[{"embeddable":true,"href":"https:\/\/www.visit-ulcinj.com\/blog\/wp-json\/wp\/v2\/users\/1"}],"replies":[{"embeddable":true,"href":"https:\/\/www.visit-ulcinj.com\/blog\/wp-json\/wp\/v2\/comments?post=64569"}],"version-history":[{"count":1,"href":"https:\/\/www.visit-ulcinj.com\/blog\/wp-json\/wp\/v2\/posts\/64569\/revisions"}],"predecessor-version":[{"id":64571,"href":"https:\/\/www.visit-ulcinj.com\/blog\/wp-json\/wp\/v2\/posts\/64569\/revisions\/64571"}],"wp:attachment":[{"href":"https:\/\/www.visit-ulcinj.com\/blog\/wp-json\/wp\/v2\/media?parent=64569"}],"wp:term":[{"taxonomy":"category","embeddable":true,"href":"https:\/\/www.visit-ulcinj.com\/blog\/wp-json\/wp\/v2\/categories?post=64569"},{"taxonomy":"post_tag","embeddable":true,"href":"https:\/\/www.visit-ulcinj.com\/blog\/wp-json\/wp\/v2\/tags?post=64569"}],"curies":[{"name":"wp","href":"https:\/\/api.w.org\/{rel}","templated":true}]}}