{"id":64579,"date":"2012-10-14T17:03:51","date_gmt":"2012-10-14T16:03:51","guid":{"rendered":"http:\/\/www.visit-ulcinj.com\/blog\/?p=64579"},"modified":"2012-10-14T17:12:13","modified_gmt":"2012-10-14T16:12:13","slug":"zlatno-doba-ulcinja-titu-se-ne-ide-iz-grada","status":"publish","type":"post","link":"https:\/\/www.visit-ulcinj.com\/blog\/2012\/10\/14\/zlatno-doba-ulcinja-titu-se-ne-ide-iz-grada\/","title":{"rendered":"Zlatno doba Ulcinja: Titu se ne ide iz grada"},"content":{"rendered":"<div id=\"attachment_64580\" style=\"width: 518px\" class=\"wp-caption alignleft\"><a href=\"http:\/\/www.visit-ulcinj.com\/blog\/wp-content\/uploads\/2012\/10\/Tito-u-Ulcinj.jpg\"><img aria-describedby=\"caption-attachment-64580\" loading=\"lazy\" class=\" wp-image-64580 \" title=\"Tito u Ulcinj\" src=\"http:\/\/www.visit-ulcinj.com\/blog\/wp-content\/uploads\/2012\/10\/Tito-u-Ulcinj.jpg\" alt=\"\" width=\"508\" height=\"316\" \/><\/a><p id=\"caption-attachment-64580\" class=\"wp-caption-text\">Foto: Vijesti<\/p><\/div>\n<p>Nije se tog dana mar\u0161alu i\u0161lo iz &#8220;Galeba&#8221; gdje je u dru\u0161tvu Jovanke i tada\u0161njeg predsjednika Op\u0161tine Fadilja Taipovi\u0107a u\u017eivao u bogatoj trpezi.<\/p>\n<p>&#8220;Ho\u0107emo li Stari&#8221;, upitao ga je Tempo u jednom trenutku. Samo britak pogled i jednom od najbli\u017eih saradnika bilo je vi\u0161e nego jasno da je pitao u pogre\u0161nom trenutku.<\/p>\n<p>&#8220;Ovaj \u010dovjek je jako prijatan i duhovit&#8221;, kazao je Tito okrenuv\u0161i se prema Taipovi\u0107u koji je sjedio pored njega.<\/p>\n<p>&#8220;A i ovi drugi ljudi, kako su nas samo do\u010dekali. Ba\u0161 mi je prijatno ovdje&#8221;, rekao je ne gledaju\u0107i u Tempa. Vukmanovi\u0107 je kasnije poku\u0161ao da se ispravi, ali mar\u0161al do kraja posjete nije vi\u0161e obra\u0107ao pa\u017enju na njega&#8230;<\/p>\n<p>Titova posjeta Ulcinju, te 1971. godine ostala je duboko u sje\u0107anju Ru\u017eda Dervi\u0161ija (68), koji je tada bio \u0161ef servisa. Sje\u0107aju\u0107i se tih detalja, Dervi\u0161i ka\u017ee da je Tito sve vrijeme bio veseo.<\/p>\n<p>&#8220;Fadilj je ne\u0161to pri\u010dao, a on i Jovanka su se non-stop smijali. Potpuno ih je \u0161armirao&#8221;, ka\u017ee Dervi\u0161i.<\/p>\n<p>Taj dan bio je poseban i za \u0161efa kuhinje Nijaza Resulbegovi\u0107a (69) i Mom\u010dila-Bara \u0110uri\u0161i\u0107a (60), koji je tek pekao konobarski zanat.<\/p>\n<p>Sve je bilo spremno za do\u010dek mar\u0161ala i Jovanke &#8211; uglancani hotel, prepuni fri\u017eideri sa svim vrstama pi\u0107a i kuhinja u kojoj su se spremali rasko\u0161ni specijaliteti i tradicionalna ulcinjska jela.<\/p>\n<p>Tita je na ulazu u &#8220;Galeb&#8221; do\u010dekao direktor Bo\u0161ko \u017divanovi\u0107, ali je stvar u svoje ruke odmah uzeo \u0161ef protokola koji je koordinirao cijelu uslugu.<\/p>\n<h3><a href=\"http:\/\/www.vijesti.me\/vijesti\/zlatno-doba-ulcinja-titu-se-ne-ide-grada-clanak-95896\" target=\"_blank\"><strong> Pro\u010ditajte vi\u0161e &lt;&lt;\u00a0 Vijesti online &gt;&gt; Samir Adrovi\u0107<\/strong><\/a><\/h3>\n","protected":false},"excerpt":{"rendered":"<p>Nije se tog dana mar\u0161alu i\u0161lo iz &#8220;Galeba&#8221; gdje je u dru\u0161tvu Jovanke i tada\u0161njeg predsjednika Op\u0161tine Fadilja Taipovi\u0107a u\u017eivao u bogatoj trpezi. &#8220;Ho\u0107emo li Stari&#8221;, upitao ga je Tempo u jednom trenutku. Samo britak pogled i jednom od najbli\u017eih saradnika bilo je vi\u0161e nego jasno da je pitao u pogre\u0161nom trenutku. &#8220;Ovaj \u010dovjek je [&hellip;]<\/p>\n","protected":false},"author":1,"featured_media":0,"comment_status":"open","ping_status":"closed","sticky":false,"template":"","format":"standard","meta":{"spay_email":"","jetpack_publicize_message":"","jetpack_is_tweetstorm":false,"jetpack_publicize_feature_enabled":true},"categories":[8337],"tags":[21212,19],"jetpack_publicize_connections":[],"yoast_head":"<!-- This site is optimized with the Yoast SEO plugin v19.1 - https:\/\/yoast.com\/wordpress\/plugins\/seo\/ -->\n<title>Zlatno doba Ulcinja: Titu se ne ide iz grada - Lajme nga Ulqini<\/title>\n<meta name=\"description\" content=\"Nije se tog dana mar\u0161alu i\u0161lo iz &quot;Galeba&quot; gdje je u dru\u0161tvu Jovanke i tada\u0161njeg predsjednika Op\u0161tine Fadilja Taipovi\u0107a u\u017eivao u bogatoj trpezi. &quot;Ho\u0107emo li\" \/>\n<meta name=\"robots\" content=\"index, follow, max-snippet:-1, max-image-preview:large, max-video-preview:-1\" \/>\n<link rel=\"canonical\" href=\"https:\/\/www.visit-ulcinj.com\/blog\/2012\/10\/14\/zlatno-doba-ulcinja-titu-se-ne-ide-iz-grada\/\" \/>\n<meta property=\"og:locale\" content=\"en_US\" \/>\n<meta property=\"og:type\" content=\"article\" \/>\n<meta property=\"og:title\" content=\"Zlatno doba Ulcinja: Titu se ne ide iz grada - Lajme nga Ulqini\" \/>\n<meta property=\"og:description\" content=\"Nije se tog dana mar\u0161alu i\u0161lo iz &quot;Galeba&quot; gdje je u dru\u0161tvu Jovanke i tada\u0161njeg predsjednika Op\u0161tine Fadilja Taipovi\u0107a u\u017eivao u bogatoj trpezi. &quot;Ho\u0107emo li\" \/>\n<meta property=\"og:url\" content=\"https:\/\/www.visit-ulcinj.com\/blog\/2012\/10\/14\/zlatno-doba-ulcinja-titu-se-ne-ide-iz-grada\/\" \/>\n<meta property=\"og:site_name\" content=\"Lajme nga Ulqini\" \/>\n<meta property=\"article:published_time\" content=\"2012-10-14T16:03:51+00:00\" \/>\n<meta property=\"article:modified_time\" content=\"2012-10-14T16:12:13+00:00\" \/>\n<meta property=\"og:image\" content=\"http:\/\/www.visit-ulcinj.com\/blog\/wp-content\/uploads\/2012\/10\/Tito-u-Ulcinj.jpg\" \/>\n<meta name=\"twitter:label1\" content=\"Written by\" \/>\n\t<meta name=\"twitter:data1\" content=\"ulqini\" \/>\n\t<meta name=\"twitter:label2\" content=\"Est. reading time\" \/>\n\t<meta name=\"twitter:data2\" content=\"1 minute\" \/>\n<script type=\"application\/ld+json\" class=\"yoast-schema-graph\">{\"@context\":\"https:\/\/schema.org\",\"@graph\":[{\"@type\":\"WebSite\",\"@id\":\"https:\/\/www.visit-ulcinj.com\/blog\/#website\",\"url\":\"https:\/\/www.visit-ulcinj.com\/blog\/\",\"name\":\"Lajme nga Ulqini\",\"description\":\"Lajme,Vijesti,Ulqini,Ulqin,Crna Gora,Mali i Zi\",\"potentialAction\":[{\"@type\":\"SearchAction\",\"target\":{\"@type\":\"EntryPoint\",\"urlTemplate\":\"https:\/\/www.visit-ulcinj.com\/blog\/?s={search_term_string}\"},\"query-input\":\"required name=search_term_string\"}],\"inLanguage\":\"en-US\"},{\"@type\":\"ImageObject\",\"inLanguage\":\"en-US\",\"@id\":\"https:\/\/www.visit-ulcinj.com\/blog\/2012\/10\/14\/zlatno-doba-ulcinja-titu-se-ne-ide-iz-grada\/#primaryimage\",\"url\":\"https:\/\/www.visit-ulcinj.com\/blog\/wp-content\/uploads\/2012\/10\/Tito-u-Ulcinj.jpg\",\"contentUrl\":\"https:\/\/www.visit-ulcinj.com\/blog\/wp-content\/uploads\/2012\/10\/Tito-u-Ulcinj.jpg\",\"width\":\"519\",\"height\":\"316\",\"caption\":\"Foto: Vijesti\"},{\"@type\":\"WebPage\",\"@id\":\"https:\/\/www.visit-ulcinj.com\/blog\/2012\/10\/14\/zlatno-doba-ulcinja-titu-se-ne-ide-iz-grada\/#webpage\",\"url\":\"https:\/\/www.visit-ulcinj.com\/blog\/2012\/10\/14\/zlatno-doba-ulcinja-titu-se-ne-ide-iz-grada\/\",\"name\":\"Zlatno doba Ulcinja: Titu se ne ide iz grada - Lajme nga Ulqini\",\"isPartOf\":{\"@id\":\"https:\/\/www.visit-ulcinj.com\/blog\/#website\"},\"primaryImageOfPage\":{\"@id\":\"https:\/\/www.visit-ulcinj.com\/blog\/2012\/10\/14\/zlatno-doba-ulcinja-titu-se-ne-ide-iz-grada\/#primaryimage\"},\"datePublished\":\"2012-10-14T16:03:51+00:00\",\"dateModified\":\"2012-10-14T16:12:13+00:00\",\"author\":{\"@id\":\"https:\/\/www.visit-ulcinj.com\/blog\/#\/schema\/person\/dcab619c614d3038751c63bc2aadc06d\"},\"description\":\"Nije se tog dana mar\u0161alu i\u0161lo iz \\\"Galeba\\\" gdje je u dru\u0161tvu Jovanke i tada\u0161njeg predsjednika Op\u0161tine Fadilja Taipovi\u0107a u\u017eivao u bogatoj trpezi. \\\"Ho\u0107emo li\",\"breadcrumb\":{\"@id\":\"https:\/\/www.visit-ulcinj.com\/blog\/2012\/10\/14\/zlatno-doba-ulcinja-titu-se-ne-ide-iz-grada\/#breadcrumb\"},\"inLanguage\":\"en-US\",\"potentialAction\":[{\"@type\":\"ReadAction\",\"target\":[\"https:\/\/www.visit-ulcinj.com\/blog\/2012\/10\/14\/zlatno-doba-ulcinja-titu-se-ne-ide-iz-grada\/\"]}]},{\"@type\":\"BreadcrumbList\",\"@id\":\"https:\/\/www.visit-ulcinj.com\/blog\/2012\/10\/14\/zlatno-doba-ulcinja-titu-se-ne-ide-iz-grada\/#breadcrumb\",\"itemListElement\":[{\"@type\":\"ListItem\",\"position\":1,\"name\":\"Zlatno doba Ulcinja: Titu se ne ide iz grada\"}]},{\"@type\":\"Person\",\"@id\":\"https:\/\/www.visit-ulcinj.com\/blog\/#\/schema\/person\/dcab619c614d3038751c63bc2aadc06d\",\"name\":\"ulqini\",\"sameAs\":[\"http:\/\/www.visit-ulcinj.com\"],\"url\":\"https:\/\/www.visit-ulcinj.com\/blog\/author\/admin\/\"}]}<\/script>\n<!-- \/ Yoast SEO plugin. -->","yoast_head_json":{"title":"Zlatno doba Ulcinja: Titu se ne ide iz grada - Lajme nga Ulqini","description":"Nije se tog dana mar\u0161alu i\u0161lo iz \"Galeba\" gdje je u dru\u0161tvu Jovanke i tada\u0161njeg predsjednika Op\u0161tine Fadilja Taipovi\u0107a u\u017eivao u bogatoj trpezi. \"Ho\u0107emo li","robots":{"index":"index","follow":"follow","max-snippet":"max-snippet:-1","max-image-preview":"max-image-preview:large","max-video-preview":"max-video-preview:-1"},"canonical":"https:\/\/www.visit-ulcinj.com\/blog\/2012\/10\/14\/zlatno-doba-ulcinja-titu-se-ne-ide-iz-grada\/","og_locale":"en_US","og_type":"article","og_title":"Zlatno doba Ulcinja: Titu se ne ide iz grada - Lajme nga Ulqini","og_description":"Nije se tog dana mar\u0161alu i\u0161lo iz \"Galeba\" gdje je u dru\u0161tvu Jovanke i tada\u0161njeg predsjednika Op\u0161tine Fadilja Taipovi\u0107a u\u017eivao u bogatoj trpezi. \"Ho\u0107emo li","og_url":"https:\/\/www.visit-ulcinj.com\/blog\/2012\/10\/14\/zlatno-doba-ulcinja-titu-se-ne-ide-iz-grada\/","og_site_name":"Lajme nga Ulqini","article_published_time":"2012-10-14T16:03:51+00:00","article_modified_time":"2012-10-14T16:12:13+00:00","og_image":[{"url":"http:\/\/www.visit-ulcinj.com\/blog\/wp-content\/uploads\/2012\/10\/Tito-u-Ulcinj.jpg"}],"twitter_misc":{"Written by":"ulqini","Est. reading time":"1 minute"},"schema":{"@context":"https:\/\/schema.org","@graph":[{"@type":"WebSite","@id":"https:\/\/www.visit-ulcinj.com\/blog\/#website","url":"https:\/\/www.visit-ulcinj.com\/blog\/","name":"Lajme nga Ulqini","description":"Lajme,Vijesti,Ulqini,Ulqin,Crna Gora,Mali i Zi","potentialAction":[{"@type":"SearchAction","target":{"@type":"EntryPoint","urlTemplate":"https:\/\/www.visit-ulcinj.com\/blog\/?s={search_term_string}"},"query-input":"required name=search_term_string"}],"inLanguage":"en-US"},{"@type":"ImageObject","inLanguage":"en-US","@id":"https:\/\/www.visit-ulcinj.com\/blog\/2012\/10\/14\/zlatno-doba-ulcinja-titu-se-ne-ide-iz-grada\/#primaryimage","url":"https:\/\/www.visit-ulcinj.com\/blog\/wp-content\/uploads\/2012\/10\/Tito-u-Ulcinj.jpg","contentUrl":"https:\/\/www.visit-ulcinj.com\/blog\/wp-content\/uploads\/2012\/10\/Tito-u-Ulcinj.jpg","width":"519","height":"316","caption":"Foto: Vijesti"},{"@type":"WebPage","@id":"https:\/\/www.visit-ulcinj.com\/blog\/2012\/10\/14\/zlatno-doba-ulcinja-titu-se-ne-ide-iz-grada\/#webpage","url":"https:\/\/www.visit-ulcinj.com\/blog\/2012\/10\/14\/zlatno-doba-ulcinja-titu-se-ne-ide-iz-grada\/","name":"Zlatno doba Ulcinja: Titu se ne ide iz grada - Lajme nga Ulqini","isPartOf":{"@id":"https:\/\/www.visit-ulcinj.com\/blog\/#website"},"primaryImageOfPage":{"@id":"https:\/\/www.visit-ulcinj.com\/blog\/2012\/10\/14\/zlatno-doba-ulcinja-titu-se-ne-ide-iz-grada\/#primaryimage"},"datePublished":"2012-10-14T16:03:51+00:00","dateModified":"2012-10-14T16:12:13+00:00","author":{"@id":"https:\/\/www.visit-ulcinj.com\/blog\/#\/schema\/person\/dcab619c614d3038751c63bc2aadc06d"},"description":"Nije se tog dana mar\u0161alu i\u0161lo iz \"Galeba\" gdje je u dru\u0161tvu Jovanke i tada\u0161njeg predsjednika Op\u0161tine Fadilja Taipovi\u0107a u\u017eivao u bogatoj trpezi. \"Ho\u0107emo li","breadcrumb":{"@id":"https:\/\/www.visit-ulcinj.com\/blog\/2012\/10\/14\/zlatno-doba-ulcinja-titu-se-ne-ide-iz-grada\/#breadcrumb"},"inLanguage":"en-US","potentialAction":[{"@type":"ReadAction","target":["https:\/\/www.visit-ulcinj.com\/blog\/2012\/10\/14\/zlatno-doba-ulcinja-titu-se-ne-ide-iz-grada\/"]}]},{"@type":"BreadcrumbList","@id":"https:\/\/www.visit-ulcinj.com\/blog\/2012\/10\/14\/zlatno-doba-ulcinja-titu-se-ne-ide-iz-grada\/#breadcrumb","itemListElement":[{"@type":"ListItem","position":1,"name":"Zlatno doba Ulcinja: Titu se ne ide iz grada"}]},{"@type":"Person","@id":"https:\/\/www.visit-ulcinj.com\/blog\/#\/schema\/person\/dcab619c614d3038751c63bc2aadc06d","name":"ulqini","sameAs":["http:\/\/www.visit-ulcinj.com"],"url":"https:\/\/www.visit-ulcinj.com\/blog\/author\/admin\/"}]}},"jetpack_featured_media_url":"","jetpack_sharing_enabled":true,"jetpack_shortlink":"https:\/\/wp.me\/pe6lTn-gNB","_links":{"self":[{"href":"https:\/\/www.visit-ulcinj.com\/blog\/wp-json\/wp\/v2\/posts\/64579"}],"collection":[{"href":"https:\/\/www.visit-ulcinj.com\/blog\/wp-json\/wp\/v2\/posts"}],"about":[{"href":"https:\/\/www.visit-ulcinj.com\/blog\/wp-json\/wp\/v2\/types\/post"}],"author":[{"embeddable":true,"href":"https:\/\/www.visit-ulcinj.com\/blog\/wp-json\/wp\/v2\/users\/1"}],"replies":[{"embeddable":true,"href":"https:\/\/www.visit-ulcinj.com\/blog\/wp-json\/wp\/v2\/comments?post=64579"}],"version-history":[{"count":4,"href":"https:\/\/www.visit-ulcinj.com\/blog\/wp-json\/wp\/v2\/posts\/64579\/revisions"}],"predecessor-version":[{"id":64582,"href":"https:\/\/www.visit-ulcinj.com\/blog\/wp-json\/wp\/v2\/posts\/64579\/revisions\/64582"}],"wp:attachment":[{"href":"https:\/\/www.visit-ulcinj.com\/blog\/wp-json\/wp\/v2\/media?parent=64579"}],"wp:term":[{"taxonomy":"category","embeddable":true,"href":"https:\/\/www.visit-ulcinj.com\/blog\/wp-json\/wp\/v2\/categories?post=64579"},{"taxonomy":"post_tag","embeddable":true,"href":"https:\/\/www.visit-ulcinj.com\/blog\/wp-json\/wp\/v2\/tags?post=64579"}],"curies":[{"name":"wp","href":"https:\/\/api.w.org\/{rel}","templated":true}]}}