{"id":64585,"date":"2012-10-14T19:18:54","date_gmt":"2012-10-14T18:18:54","guid":{"rendered":"http:\/\/www.visit-ulcinj.com\/blog\/?p=64585"},"modified":"2012-10-14T19:18:54","modified_gmt":"2012-10-14T18:18:54","slug":"zenka-ocekuje-mandat-a-cungu-dva","status":"publish","type":"post","link":"https:\/\/www.visit-ulcinj.com\/blog\/2012\/10\/14\/zenka-ocekuje-mandat-a-cungu-dva\/","title":{"rendered":"Zenka o\u010dekuje mandat, a Cungu dva"},"content":{"rendered":"<p>Lideri Force i Demokratske unije Albanaca Nazif Cungu i Mehmet Zenka glasali su na bira\u010dkim mjestima u vrti\u0107u Solidarnost, odnosno objektu Tabako.<\/p>\n<p>Zenka se na bira\u010dkom mjesto pojavio oko 10.20 \u010dasova sa suprugom \u0110ulasfijom. On je kazao &#8220;Vijestima&#8221; da gaji realni optimizam za osvajanje jednog manadata.<\/p>\n<p><a href=\"http:\/\/www.visit-ulcinj.com\/blog\/wp-content\/uploads\/2012\/10\/MEHMET-ZENKA-GLASANJE.jpg\"><img loading=\"lazy\" class=\"alignleft  wp-image-64586\" title=\"MEHMET ZENKA-GLASANJE\" src=\"http:\/\/www.visit-ulcinj.com\/blog\/wp-content\/uploads\/2012\/10\/MEHMET-ZENKA-GLASANJE.jpg\" alt=\"\" width=\"508\" height=\"600\" \/><\/a><\/p>\n<p>&#8220;Radili smo ozbiljno, a na\u0161i glasa\u010di ne zaboravljaju trud i postignute rezultate DUA u proteklih 20 godina&#8221;, kazao je Zenka &#8220;Vijestima&#8221;.<\/p>\n<p>U pratnji supruge na bira\u010dko mjesto 15 minuta kasnije je stigao i Cungu.<\/p>\n<p><a href=\"http:\/\/www.visit-ulcinj.com\/blog\/wp-content\/uploads\/2012\/10\/NAZIF-CUNGU-GLASANJE.jpg\"><img loading=\"lazy\" class=\"alignleft  wp-image-64587\" title=\"NAZIF CUNGU-GLASANJE\" src=\"http:\/\/www.visit-ulcinj.com\/blog\/wp-content\/uploads\/2012\/10\/NAZIF-CUNGU-GLASANJE.jpg\" alt=\"\" width=\"508\" height=\"300\" \/><\/a><\/p>\n<p>&#8220;Bitno je da je kampanja protekla mirno, a \u0161to se ti\u010de rezultata, mi kao najve\u0107a albanska koalicija o\u010dekujemo dva mandata&#8221;, kazao je Cungu.<\/p>\n<p>Naglasio je da je kampanja bila mirnija nego sve prethodne.<\/p>\n<p>&#8220;Puno se radilo po terenu. Vidje\u0107emo koliko je ko uspio&#8221;, istakao je Cungu.<\/p>\n<p>&nbsp;<\/p>\n<h3><a href=\"http:\/\/www.vijesti.me\/izbori-2012\/prve-izjave-politicara-nakon-glasanja-puna-usta-demokratije-clanak-95928\" target=\"_blank\"><strong>Pro\u010ditajte vi\u0161e &lt;&lt;\u00a0 Vijesti online &gt;&gt;<\/strong><\/a><\/h3>\n","protected":false},"excerpt":{"rendered":"<p>Lideri Force i Demokratske unije Albanaca Nazif Cungu i Mehmet Zenka glasali su na bira\u010dkim mjestima u vrti\u0107u Solidarnost, odnosno objektu Tabako. Zenka se na bira\u010dkom mjesto pojavio oko 10.20 \u010dasova sa suprugom \u0110ulasfijom. On je kazao &#8220;Vijestima&#8221; da gaji realni optimizam za osvajanje jednog manadata. &#8220;Radili smo ozbiljno, a na\u0161i glasa\u010di ne zaboravljaju trud [&hellip;]<\/p>\n","protected":false},"author":1,"featured_media":0,"comment_status":"open","ping_status":"closed","sticky":false,"template":"","format":"standard","meta":{"spay_email":"","jetpack_publicize_message":"","jetpack_is_tweetstorm":false,"jetpack_publicize_feature_enabled":true},"categories":[8337],"tags":[20,21213,19],"jetpack_publicize_connections":[],"yoast_head":"<!-- This site is optimized with the Yoast SEO plugin v19.1 - https:\/\/yoast.com\/wordpress\/plugins\/seo\/ -->\n<title>Zenka o\u010dekuje mandat, a Cungu dva - Lajme nga Ulqini<\/title>\n<meta name=\"description\" content=\"Lideri Force i Demokratske unije Albanaca Nazif Cungu i Mehmet Zenka glasali su na bira\u010dkim mjestima u vrti\u0107u Solidarnost, odnosno objektu Tabako. Zenka\" \/>\n<meta name=\"robots\" content=\"index, follow, max-snippet:-1, max-image-preview:large, max-video-preview:-1\" \/>\n<link rel=\"canonical\" href=\"https:\/\/www.visit-ulcinj.com\/blog\/2012\/10\/14\/zenka-ocekuje-mandat-a-cungu-dva\/\" \/>\n<meta property=\"og:locale\" content=\"en_US\" \/>\n<meta property=\"og:type\" content=\"article\" \/>\n<meta property=\"og:title\" content=\"Zenka o\u010dekuje mandat, a Cungu dva - Lajme nga Ulqini\" \/>\n<meta property=\"og:description\" content=\"Lideri Force i Demokratske unije Albanaca Nazif Cungu i Mehmet Zenka glasali su na bira\u010dkim mjestima u vrti\u0107u Solidarnost, odnosno objektu Tabako. Zenka\" \/>\n<meta property=\"og:url\" content=\"https:\/\/www.visit-ulcinj.com\/blog\/2012\/10\/14\/zenka-ocekuje-mandat-a-cungu-dva\/\" \/>\n<meta property=\"og:site_name\" content=\"Lajme nga Ulqini\" \/>\n<meta property=\"article:published_time\" content=\"2012-10-14T18:18:54+00:00\" \/>\n<meta property=\"og:image\" content=\"http:\/\/www.visit-ulcinj.com\/blog\/wp-content\/uploads\/2012\/10\/MEHMET-ZENKA-GLASANJE.jpg\" \/>\n<meta name=\"twitter:label1\" content=\"Written by\" \/>\n\t<meta name=\"twitter:data1\" content=\"ulqini\" \/>\n\t<meta name=\"twitter:label2\" content=\"Est. reading time\" \/>\n\t<meta name=\"twitter:data2\" content=\"1 minute\" \/>\n<script type=\"application\/ld+json\" class=\"yoast-schema-graph\">{\"@context\":\"https:\/\/schema.org\",\"@graph\":[{\"@type\":\"WebSite\",\"@id\":\"https:\/\/www.visit-ulcinj.com\/blog\/#website\",\"url\":\"https:\/\/www.visit-ulcinj.com\/blog\/\",\"name\":\"Lajme nga Ulqini\",\"description\":\"Lajme,Vijesti,Ulqini,Ulqin,Crna Gora,Mali i Zi\",\"potentialAction\":[{\"@type\":\"SearchAction\",\"target\":{\"@type\":\"EntryPoint\",\"urlTemplate\":\"https:\/\/www.visit-ulcinj.com\/blog\/?s={search_term_string}\"},\"query-input\":\"required name=search_term_string\"}],\"inLanguage\":\"en-US\"},{\"@type\":\"ImageObject\",\"inLanguage\":\"en-US\",\"@id\":\"https:\/\/www.visit-ulcinj.com\/blog\/2012\/10\/14\/zenka-ocekuje-mandat-a-cungu-dva\/#primaryimage\",\"url\":\"https:\/\/www.visit-ulcinj.com\/blog\/wp-content\/uploads\/2012\/10\/MEHMET-ZENKA-GLASANJE.jpg\",\"contentUrl\":\"https:\/\/www.visit-ulcinj.com\/blog\/wp-content\/uploads\/2012\/10\/MEHMET-ZENKA-GLASANJE.jpg\",\"width\":\"519\",\"height\":\"692\"},{\"@type\":\"WebPage\",\"@id\":\"https:\/\/www.visit-ulcinj.com\/blog\/2012\/10\/14\/zenka-ocekuje-mandat-a-cungu-dva\/#webpage\",\"url\":\"https:\/\/www.visit-ulcinj.com\/blog\/2012\/10\/14\/zenka-ocekuje-mandat-a-cungu-dva\/\",\"name\":\"Zenka o\u010dekuje mandat, a Cungu dva - Lajme nga Ulqini\",\"isPartOf\":{\"@id\":\"https:\/\/www.visit-ulcinj.com\/blog\/#website\"},\"primaryImageOfPage\":{\"@id\":\"https:\/\/www.visit-ulcinj.com\/blog\/2012\/10\/14\/zenka-ocekuje-mandat-a-cungu-dva\/#primaryimage\"},\"datePublished\":\"2012-10-14T18:18:54+00:00\",\"dateModified\":\"2012-10-14T18:18:54+00:00\",\"author\":{\"@id\":\"https:\/\/www.visit-ulcinj.com\/blog\/#\/schema\/person\/dcab619c614d3038751c63bc2aadc06d\"},\"description\":\"Lideri Force i Demokratske unije Albanaca Nazif Cungu i Mehmet Zenka glasali su na bira\u010dkim mjestima u vrti\u0107u Solidarnost, odnosno objektu Tabako. Zenka\",\"breadcrumb\":{\"@id\":\"https:\/\/www.visit-ulcinj.com\/blog\/2012\/10\/14\/zenka-ocekuje-mandat-a-cungu-dva\/#breadcrumb\"},\"inLanguage\":\"en-US\",\"potentialAction\":[{\"@type\":\"ReadAction\",\"target\":[\"https:\/\/www.visit-ulcinj.com\/blog\/2012\/10\/14\/zenka-ocekuje-mandat-a-cungu-dva\/\"]}]},{\"@type\":\"BreadcrumbList\",\"@id\":\"https:\/\/www.visit-ulcinj.com\/blog\/2012\/10\/14\/zenka-ocekuje-mandat-a-cungu-dva\/#breadcrumb\",\"itemListElement\":[{\"@type\":\"ListItem\",\"position\":1,\"name\":\"Zenka o\u010dekuje mandat, a Cungu dva\"}]},{\"@type\":\"Person\",\"@id\":\"https:\/\/www.visit-ulcinj.com\/blog\/#\/schema\/person\/dcab619c614d3038751c63bc2aadc06d\",\"name\":\"ulqini\",\"sameAs\":[\"http:\/\/www.visit-ulcinj.com\"],\"url\":\"https:\/\/www.visit-ulcinj.com\/blog\/author\/admin\/\"}]}<\/script>\n<!-- \/ Yoast SEO plugin. -->","yoast_head_json":{"title":"Zenka o\u010dekuje mandat, a Cungu dva - Lajme nga Ulqini","description":"Lideri Force i Demokratske unije Albanaca Nazif Cungu i Mehmet Zenka glasali su na bira\u010dkim mjestima u vrti\u0107u Solidarnost, odnosno objektu Tabako. Zenka","robots":{"index":"index","follow":"follow","max-snippet":"max-snippet:-1","max-image-preview":"max-image-preview:large","max-video-preview":"max-video-preview:-1"},"canonical":"https:\/\/www.visit-ulcinj.com\/blog\/2012\/10\/14\/zenka-ocekuje-mandat-a-cungu-dva\/","og_locale":"en_US","og_type":"article","og_title":"Zenka o\u010dekuje mandat, a Cungu dva - Lajme nga Ulqini","og_description":"Lideri Force i Demokratske unije Albanaca Nazif Cungu i Mehmet Zenka glasali su na bira\u010dkim mjestima u vrti\u0107u Solidarnost, odnosno objektu Tabako. Zenka","og_url":"https:\/\/www.visit-ulcinj.com\/blog\/2012\/10\/14\/zenka-ocekuje-mandat-a-cungu-dva\/","og_site_name":"Lajme nga Ulqini","article_published_time":"2012-10-14T18:18:54+00:00","og_image":[{"url":"http:\/\/www.visit-ulcinj.com\/blog\/wp-content\/uploads\/2012\/10\/MEHMET-ZENKA-GLASANJE.jpg"}],"twitter_misc":{"Written by":"ulqini","Est. reading time":"1 minute"},"schema":{"@context":"https:\/\/schema.org","@graph":[{"@type":"WebSite","@id":"https:\/\/www.visit-ulcinj.com\/blog\/#website","url":"https:\/\/www.visit-ulcinj.com\/blog\/","name":"Lajme nga Ulqini","description":"Lajme,Vijesti,Ulqini,Ulqin,Crna Gora,Mali i Zi","potentialAction":[{"@type":"SearchAction","target":{"@type":"EntryPoint","urlTemplate":"https:\/\/www.visit-ulcinj.com\/blog\/?s={search_term_string}"},"query-input":"required name=search_term_string"}],"inLanguage":"en-US"},{"@type":"ImageObject","inLanguage":"en-US","@id":"https:\/\/www.visit-ulcinj.com\/blog\/2012\/10\/14\/zenka-ocekuje-mandat-a-cungu-dva\/#primaryimage","url":"https:\/\/www.visit-ulcinj.com\/blog\/wp-content\/uploads\/2012\/10\/MEHMET-ZENKA-GLASANJE.jpg","contentUrl":"https:\/\/www.visit-ulcinj.com\/blog\/wp-content\/uploads\/2012\/10\/MEHMET-ZENKA-GLASANJE.jpg","width":"519","height":"692"},{"@type":"WebPage","@id":"https:\/\/www.visit-ulcinj.com\/blog\/2012\/10\/14\/zenka-ocekuje-mandat-a-cungu-dva\/#webpage","url":"https:\/\/www.visit-ulcinj.com\/blog\/2012\/10\/14\/zenka-ocekuje-mandat-a-cungu-dva\/","name":"Zenka o\u010dekuje mandat, a Cungu dva - Lajme nga Ulqini","isPartOf":{"@id":"https:\/\/www.visit-ulcinj.com\/blog\/#website"},"primaryImageOfPage":{"@id":"https:\/\/www.visit-ulcinj.com\/blog\/2012\/10\/14\/zenka-ocekuje-mandat-a-cungu-dva\/#primaryimage"},"datePublished":"2012-10-14T18:18:54+00:00","dateModified":"2012-10-14T18:18:54+00:00","author":{"@id":"https:\/\/www.visit-ulcinj.com\/blog\/#\/schema\/person\/dcab619c614d3038751c63bc2aadc06d"},"description":"Lideri Force i Demokratske unije Albanaca Nazif Cungu i Mehmet Zenka glasali su na bira\u010dkim mjestima u vrti\u0107u Solidarnost, odnosno objektu Tabako. Zenka","breadcrumb":{"@id":"https:\/\/www.visit-ulcinj.com\/blog\/2012\/10\/14\/zenka-ocekuje-mandat-a-cungu-dva\/#breadcrumb"},"inLanguage":"en-US","potentialAction":[{"@type":"ReadAction","target":["https:\/\/www.visit-ulcinj.com\/blog\/2012\/10\/14\/zenka-ocekuje-mandat-a-cungu-dva\/"]}]},{"@type":"BreadcrumbList","@id":"https:\/\/www.visit-ulcinj.com\/blog\/2012\/10\/14\/zenka-ocekuje-mandat-a-cungu-dva\/#breadcrumb","itemListElement":[{"@type":"ListItem","position":1,"name":"Zenka o\u010dekuje mandat, a Cungu dva"}]},{"@type":"Person","@id":"https:\/\/www.visit-ulcinj.com\/blog\/#\/schema\/person\/dcab619c614d3038751c63bc2aadc06d","name":"ulqini","sameAs":["http:\/\/www.visit-ulcinj.com"],"url":"https:\/\/www.visit-ulcinj.com\/blog\/author\/admin\/"}]}},"jetpack_featured_media_url":"","jetpack_sharing_enabled":true,"jetpack_shortlink":"https:\/\/wp.me\/pe6lTn-gNH","_links":{"self":[{"href":"https:\/\/www.visit-ulcinj.com\/blog\/wp-json\/wp\/v2\/posts\/64585"}],"collection":[{"href":"https:\/\/www.visit-ulcinj.com\/blog\/wp-json\/wp\/v2\/posts"}],"about":[{"href":"https:\/\/www.visit-ulcinj.com\/blog\/wp-json\/wp\/v2\/types\/post"}],"author":[{"embeddable":true,"href":"https:\/\/www.visit-ulcinj.com\/blog\/wp-json\/wp\/v2\/users\/1"}],"replies":[{"embeddable":true,"href":"https:\/\/www.visit-ulcinj.com\/blog\/wp-json\/wp\/v2\/comments?post=64585"}],"version-history":[{"count":1,"href":"https:\/\/www.visit-ulcinj.com\/blog\/wp-json\/wp\/v2\/posts\/64585\/revisions"}],"predecessor-version":[{"id":64588,"href":"https:\/\/www.visit-ulcinj.com\/blog\/wp-json\/wp\/v2\/posts\/64585\/revisions\/64588"}],"wp:attachment":[{"href":"https:\/\/www.visit-ulcinj.com\/blog\/wp-json\/wp\/v2\/media?parent=64585"}],"wp:term":[{"taxonomy":"category","embeddable":true,"href":"https:\/\/www.visit-ulcinj.com\/blog\/wp-json\/wp\/v2\/categories?post=64585"},{"taxonomy":"post_tag","embeddable":true,"href":"https:\/\/www.visit-ulcinj.com\/blog\/wp-json\/wp\/v2\/tags?post=64585"}],"curies":[{"name":"wp","href":"https:\/\/api.w.org\/{rel}","templated":true}]}}