{"id":64590,"date":"2012-10-14T23:15:52","date_gmt":"2012-10-14T22:15:52","guid":{"rendered":"http:\/\/www.visit-ulcinj.com\/blog\/?p=64590"},"modified":"2012-10-18T17:50:46","modified_gmt":"2012-10-18T16:50:46","slug":"rezultatet-e-zgjedhjeve-parlamentare-ne-mal-te-zi-2012","status":"publish","type":"post","link":"https:\/\/www.visit-ulcinj.com\/blog\/2012\/10\/14\/rezultatet-e-zgjedhjeve-parlamentare-ne-mal-te-zi-2012\/","title":{"rendered":"Rezultatet e zgjedhjeve parlamentare n\u00eb Mal t\u00eb Zi 2012"},"content":{"rendered":"<p><a href=\"http:\/\/www.visit-ulcinj.com\/blog\/wp-content\/uploads\/2012\/10\/Zgjedhjet2o12.jpg\"><img loading=\"lazy\" class=\"alignleft size-full wp-image-64593\" title=\"Zgjedhjet2o12\" src=\"http:\/\/www.visit-ulcinj.com\/blog\/wp-content\/uploads\/2012\/10\/Zgjedhjet2o12.jpg\" alt=\"\" width=\"360\" height=\"270\" srcset=\"https:\/\/www.visit-ulcinj.com\/blog\/wp-content\/uploads\/2012\/10\/Zgjedhjet2o12.jpg 360w, https:\/\/www.visit-ulcinj.com\/blog\/wp-content\/uploads\/2012\/10\/Zgjedhjet2o12-300x225.jpg 300w\" sizes=\"(max-width: 360px) 100vw, 360px\" \/><\/a>Pas mbylljes se qendrave te votimit ne Mal te Zi, rezultatet e para jo zyrtare pervijojne nje fitore te koalicionit te kryeministrit Milo Gjukanovic m\u00eb 45,6%.<\/p>\n<p><strong><\/strong><strong>Shqiptar\u00ebt fitojn\u00eb vet\u00ebm 2 deputet<\/strong><\/p>\n<p>Sipas 94.7% t\u00eb votave t\u00eb num\u00ebruara Koalicioni Mali i Zi Pozitiv \u2013 Milo Djukanovic\u00a0 ka fituar 45.6% t\u00eb votave apo 39 mandate. Fronti Demokratik 23.8% apo 20 mandate, SNP 10.6% \u2013 9 mandate, Mali i Zi Pozitiv 9.8% \u2013 7 mandate.<\/p>\n<p>Nga partit\u00eb nacionale (pakic\u00eb) Partia Boshnjake ka fituar 4.5% apo 3 mandate, Iniciativa Qytetare Kroate 0.5% \u2013 1 mandat.<\/p>\n<p>Kurse nga partit\u00eb\/koalicionet shqiptare, e para renditet <strong>Forca p\u00ebr Bashkim<\/strong> (Forca \u2013 Genci Nimanbegu, Iniciativa Qytetare \u2013 Vasel Sinishtaj dhe Perspektiva) me 1.4% apo 1 mandat kurse m\u00eb pas <strong>Koalicioni Shqiptar\u00eb<\/strong> (PD \u2013 Fatmir Gjeka, ASh \u2013 Gjergj Camaj dhe LDn\u00ebMZ \u2013 Mehmet Bardhi) me 1.1% apo 1 mandat.<br \/>\n<strong>UDSH-PPD<\/strong> \u2013 Mehmet Zenka me 0.9% sipas organizatave p\u00ebr monitorim, megjith\u00ebse \u00ebsht\u00eb af\u00ebr fitimit t\u00eb mandatit do t\u00eb mbetet jasht\u00eb parlamentit.<br \/>\n<strong>Aleanca Rinore e Shqiptar\u00ebve<\/strong> \u2013 Anton Lulgjuraj po ashtu nuk kaloi pragun, e cila fitoi vet\u00ebm 0.1% t\u00eb votave.<\/p>\n<p>Kuvendi i Malit t\u00eb Zi ka 81 vende, prandaj Koalicioni i Milo Djukanovic nuk ka shumic\u00ebn absolute. P\u00ebr sigurimin e shumic\u00ebs atyre ju nevojiten edhe 2 mandate, ku sipas burimeve jozyrtare partit\u00eb e pakicave do t\u00eb jen\u00eb ato t\u00eb cil\u00ebt do t\u00eb i bashk\u00ebngjit\u00ebn n\u00eb formimin e shumic\u00ebs. Partia e Djukanovic edhe n\u00eb p\u00ebrb\u00ebrjen kaluar kishte n\u00eb koalicion Partin\u00eb Boshnjake dhe at\u00eb Kroate, por k\u00ebsaj her\u00eb duket nuk do ta ken\u00eb UDSH-n\u00eb.<\/p>\n<p>N\u00eb p\u00ebrb\u00ebrjen e kaluar parlamentare nga subjektet shqiptare n\u00eb Kuvendin e Malit t\u00eb Zi ishin 4 deputet. \/Malesia.Org\/<\/p>\n<p>&nbsp;<\/p>\n<p>Komisioni shtet\u00ebror\u00eb zgjedhor sot shpalli rezultatet preliminare sipas komunave dhe n\u00eb nivel shtet\u00ebror\u00eb.<\/p>\n<p>M\u00eb posht\u00eb mund t\u00eb shikoni votat e listave shqiptare n\u00ebp\u00ebr komunat n\u00eb t\u00eb cilat veprojn\u00eb subjektet politike shqiptare dhe numrin e p\u00ebrgjithsh\u00ebm n\u00eb nivel shtet\u00ebror\u00eb.<\/p>\n<p>.<\/p>\n<p><strong>Podgoric\u00eb<\/strong> (n\u00eb kuad\u00ebr t\u00eb s\u00eb cil\u00ebs jan\u00eb edhe votat n\u00eb territorin e Komun\u00ebs urbane t\u00eb Tuzit)<br \/>\nALEANCA RINORE E SHQIPTAR\u00cbVE \u2013 <strong>291<\/strong> vota<br \/>\nUNIONI DEMOKRATIK I SHQIPTAR\u00cbVE \u2013 <strong>817<\/strong> vota<br \/>\nKOALICIONI SHQIPTAR: LDn\u00ebMZ,PD dhe ASh \u2013 <strong>450<\/strong> vota<br \/>\nFORCA P\u00cbR BASHKIM \u2013\u00a0Genci Nimanbegu \u2013 Vasel Sinishtaj \u2013 Zana Sarvan <strong>1106<\/strong><\/p>\n<p><strong>Ulqin<\/strong><br \/>\nALEANCA RINORE E SHQIPTAR\u00cbVE \u2013 <strong>29<\/strong> vota<br \/>\nUNIONI DEMOKRATIK I SHQIPTAR\u00cbVE \u2013 <strong>1411<\/strong> vota<br \/>\nKOALICIONI SHQIPTAR: LDn\u00ebMZ,PD dhe ASh\u00a0&#8211; <strong>2628<\/strong> vota<br \/>\nFORCA P\u00cbR BASHKIM \u2013\u00a0Genci Nimanbegu \u2013 Vasel Sinishtaj \u2013 Zana Sarvan <strong>3347<\/strong><\/p>\n<p><strong>Tivar\u00eb<\/strong><br \/>\nALEANCA RINORE E SHQIPTAR\u00cbVE \u2013 <strong>36<\/strong> vota<br \/>\nUNIONI DEMOKRATIK I SHQIPTAR\u00cbVE \u2013 <strong>61<\/strong> vota<br \/>\nKOALICIONI SHQIPTAR: LDn\u00ebMZ,PD dhe ASh\u00a0&#8211; <strong>511<\/strong> vota<br \/>\nFORCA P\u00cbR BASHKIM \u2013\u00a0Genci Nimanbegu \u2013 Vasel Sinishtaj \u2013 Zana Sarvan <strong>255<\/strong> vota<\/p>\n<p><strong>Plav\u00eb e Guci<\/strong><br \/>\nALEANCA RINORE E SHQIPTAR\u00cbVE \u2013 <strong>4<\/strong> vota<br \/>\nUNIONI DEMOKRATIK I SHQIPTAR\u00cbVE \u2013 <strong>213<\/strong> vota<br \/>\nKOALICIONI SHQIPTAR: LDn\u00ebMZ,PD dhe ASh\u00a0&#8211; <strong>31<\/strong> vota<br \/>\nFORCA P\u00cbR BASHKIM \u2013\u00a0Genci Nimanbegu \u2013 Vasel Sinishtaj \u2013 Zana Sarvan <strong>365<\/strong> vota<\/p>\n<p><strong>Rozhaj\u00eb<\/strong><br \/>\nALEANCA RINORE E SHQIPTAR\u00cbVE \u2013 <strong>8<\/strong> vota<br \/>\nUNIONI DEMOKRATIK I SHQIPTAR\u00cbVE \u2013 <strong>70<\/strong> vota<br \/>\nKOALICIONI SHQIPTAR: LDn\u00ebMZ,PD dhe ASh\u00a0&#8211; <strong>81<\/strong> vota<br \/>\nFORCA P\u00cbR BASHKIM \u2013\u00a0Genci Nimanbegu \u2013 Vasel Sinishtaj \u2013 Zana Sarvan <strong>10<\/strong> vota<\/p>\n<p><strong>Totali n\u00eb nivelin shtet\u00ebror\u00eb:<br \/>\n<\/strong>ALEANCA RINORE E SHQIPTAR\u00cbVE \u2013 <strong>531<\/strong> vota<br \/>\nUNIONI DEMOKRATIK I SHQIPTAR\u00cbVE \u2013 <strong>2852<\/strong> vota<br \/>\nKOALICIONI SHQIPTAR: LDn\u00ebMZ,PD dhe ASh\u00a0&#8211; <strong>3845<\/strong> vota<br \/>\nFORCA P\u00cbR BASHKIM \u2013\u00a0Genci Nimanbegu \u2013 Vasel Sinishtaj \u2013 Zana Sarvan <strong>5244<\/strong><\/p>\n","protected":false},"excerpt":{"rendered":"<p>Pas mbylljes se qendrave te votimit ne Mal te Zi, rezultatet e para jo zyrtare pervijojne nje fitore te koalicionit te kryeministrit Milo Gjukanovic m\u00eb 45,6%. Shqiptar\u00ebt fitojn\u00eb vet\u00ebm 2 deputet Sipas 94.7% t\u00eb votave t\u00eb num\u00ebruara Koalicioni Mali i Zi Pozitiv \u2013 Milo Djukanovic\u00a0 ka fituar 45.6% t\u00eb votave apo 39 mandate. Fronti Demokratik [&hellip;]<\/p>\n","protected":false},"author":1,"featured_media":0,"comment_status":"open","ping_status":"closed","sticky":false,"template":"","format":"standard","meta":{"spay_email":"","jetpack_publicize_message":"","jetpack_is_tweetstorm":false,"jetpack_publicize_feature_enabled":true},"categories":[1,14],"tags":[200,15896],"jetpack_publicize_connections":[],"yoast_head":"<!-- This site is optimized with the Yoast SEO plugin v19.1 - https:\/\/yoast.com\/wordpress\/plugins\/seo\/ -->\n<title>Rezultatet e zgjedhjeve parlamentare n\u00eb Mal t\u00eb Zi 2012 - Lajme nga Ulqini<\/title>\n<meta name=\"description\" content=\"Pas mbylljes se qendrave te votimit ne Mal te Zi, rezultatet e para jo zyrtare pervijojne nje fitore te koalicionit te kryeministrit Milo Gjukanovic m\u00eb\" \/>\n<meta name=\"robots\" content=\"index, follow, max-snippet:-1, max-image-preview:large, max-video-preview:-1\" \/>\n<link rel=\"canonical\" href=\"https:\/\/www.visit-ulcinj.com\/blog\/2012\/10\/14\/rezultatet-e-zgjedhjeve-parlamentare-ne-mal-te-zi-2012\/\" \/>\n<meta property=\"og:locale\" content=\"en_US\" \/>\n<meta property=\"og:type\" content=\"article\" \/>\n<meta property=\"og:title\" content=\"Rezultatet e zgjedhjeve parlamentare n\u00eb Mal t\u00eb Zi 2012 - Lajme nga Ulqini\" \/>\n<meta property=\"og:description\" content=\"Pas mbylljes se qendrave te votimit ne Mal te Zi, rezultatet e para jo zyrtare pervijojne nje fitore te koalicionit te kryeministrit Milo Gjukanovic m\u00eb\" \/>\n<meta property=\"og:url\" content=\"https:\/\/www.visit-ulcinj.com\/blog\/2012\/10\/14\/rezultatet-e-zgjedhjeve-parlamentare-ne-mal-te-zi-2012\/\" \/>\n<meta property=\"og:site_name\" content=\"Lajme nga Ulqini\" \/>\n<meta property=\"article:published_time\" content=\"2012-10-14T22:15:52+00:00\" \/>\n<meta property=\"article:modified_time\" content=\"2012-10-18T16:50:46+00:00\" \/>\n<meta property=\"og:image\" content=\"http:\/\/www.visit-ulcinj.com\/blog\/wp-content\/uploads\/2012\/10\/Zgjedhjet2o12.jpg\" \/>\n<meta name=\"twitter:label1\" content=\"Written by\" \/>\n\t<meta name=\"twitter:data1\" content=\"ulqini\" \/>\n\t<meta name=\"twitter:label2\" content=\"Est. reading time\" \/>\n\t<meta name=\"twitter:data2\" content=\"3 minutes\" \/>\n<script type=\"application\/ld+json\" class=\"yoast-schema-graph\">{\"@context\":\"https:\/\/schema.org\",\"@graph\":[{\"@type\":\"WebSite\",\"@id\":\"https:\/\/www.visit-ulcinj.com\/blog\/#website\",\"url\":\"https:\/\/www.visit-ulcinj.com\/blog\/\",\"name\":\"Lajme nga Ulqini\",\"description\":\"Lajme,Vijesti,Ulqini,Ulqin,Crna Gora,Mali i Zi\",\"potentialAction\":[{\"@type\":\"SearchAction\",\"target\":{\"@type\":\"EntryPoint\",\"urlTemplate\":\"https:\/\/www.visit-ulcinj.com\/blog\/?s={search_term_string}\"},\"query-input\":\"required name=search_term_string\"}],\"inLanguage\":\"en-US\"},{\"@type\":\"ImageObject\",\"inLanguage\":\"en-US\",\"@id\":\"https:\/\/www.visit-ulcinj.com\/blog\/2012\/10\/14\/rezultatet-e-zgjedhjeve-parlamentare-ne-mal-te-zi-2012\/#primaryimage\",\"url\":\"https:\/\/www.visit-ulcinj.com\/blog\/wp-content\/uploads\/2012\/10\/Zgjedhjet2o12.jpg\",\"contentUrl\":\"https:\/\/www.visit-ulcinj.com\/blog\/wp-content\/uploads\/2012\/10\/Zgjedhjet2o12.jpg\",\"width\":\"360\",\"height\":\"270\"},{\"@type\":\"WebPage\",\"@id\":\"https:\/\/www.visit-ulcinj.com\/blog\/2012\/10\/14\/rezultatet-e-zgjedhjeve-parlamentare-ne-mal-te-zi-2012\/#webpage\",\"url\":\"https:\/\/www.visit-ulcinj.com\/blog\/2012\/10\/14\/rezultatet-e-zgjedhjeve-parlamentare-ne-mal-te-zi-2012\/\",\"name\":\"Rezultatet e zgjedhjeve parlamentare n\u00eb Mal t\u00eb Zi 2012 - Lajme nga Ulqini\",\"isPartOf\":{\"@id\":\"https:\/\/www.visit-ulcinj.com\/blog\/#website\"},\"primaryImageOfPage\":{\"@id\":\"https:\/\/www.visit-ulcinj.com\/blog\/2012\/10\/14\/rezultatet-e-zgjedhjeve-parlamentare-ne-mal-te-zi-2012\/#primaryimage\"},\"datePublished\":\"2012-10-14T22:15:52+00:00\",\"dateModified\":\"2012-10-18T16:50:46+00:00\",\"author\":{\"@id\":\"https:\/\/www.visit-ulcinj.com\/blog\/#\/schema\/person\/dcab619c614d3038751c63bc2aadc06d\"},\"description\":\"Pas mbylljes se qendrave te votimit ne Mal te Zi, rezultatet e para jo zyrtare pervijojne nje fitore te koalicionit te kryeministrit Milo Gjukanovic m\u00eb\",\"breadcrumb\":{\"@id\":\"https:\/\/www.visit-ulcinj.com\/blog\/2012\/10\/14\/rezultatet-e-zgjedhjeve-parlamentare-ne-mal-te-zi-2012\/#breadcrumb\"},\"inLanguage\":\"en-US\",\"potentialAction\":[{\"@type\":\"ReadAction\",\"target\":[\"https:\/\/www.visit-ulcinj.com\/blog\/2012\/10\/14\/rezultatet-e-zgjedhjeve-parlamentare-ne-mal-te-zi-2012\/\"]}]},{\"@type\":\"BreadcrumbList\",\"@id\":\"https:\/\/www.visit-ulcinj.com\/blog\/2012\/10\/14\/rezultatet-e-zgjedhjeve-parlamentare-ne-mal-te-zi-2012\/#breadcrumb\",\"itemListElement\":[{\"@type\":\"ListItem\",\"position\":1,\"name\":\"Rezultatet e zgjedhjeve parlamentare n\u00eb Mal t\u00eb Zi 2012\"}]},{\"@type\":\"Person\",\"@id\":\"https:\/\/www.visit-ulcinj.com\/blog\/#\/schema\/person\/dcab619c614d3038751c63bc2aadc06d\",\"name\":\"ulqini\",\"sameAs\":[\"http:\/\/www.visit-ulcinj.com\"],\"url\":\"https:\/\/www.visit-ulcinj.com\/blog\/author\/admin\/\"}]}<\/script>\n<!-- \/ Yoast SEO plugin. -->","yoast_head_json":{"title":"Rezultatet e zgjedhjeve parlamentare n\u00eb Mal t\u00eb Zi 2012 - Lajme nga Ulqini","description":"Pas mbylljes se qendrave te votimit ne Mal te Zi, rezultatet e para jo zyrtare pervijojne nje fitore te koalicionit te kryeministrit Milo Gjukanovic m\u00eb","robots":{"index":"index","follow":"follow","max-snippet":"max-snippet:-1","max-image-preview":"max-image-preview:large","max-video-preview":"max-video-preview:-1"},"canonical":"https:\/\/www.visit-ulcinj.com\/blog\/2012\/10\/14\/rezultatet-e-zgjedhjeve-parlamentare-ne-mal-te-zi-2012\/","og_locale":"en_US","og_type":"article","og_title":"Rezultatet e zgjedhjeve parlamentare n\u00eb Mal t\u00eb Zi 2012 - Lajme nga Ulqini","og_description":"Pas mbylljes se qendrave te votimit ne Mal te Zi, rezultatet e para jo zyrtare pervijojne nje fitore te koalicionit te kryeministrit Milo Gjukanovic m\u00eb","og_url":"https:\/\/www.visit-ulcinj.com\/blog\/2012\/10\/14\/rezultatet-e-zgjedhjeve-parlamentare-ne-mal-te-zi-2012\/","og_site_name":"Lajme nga Ulqini","article_published_time":"2012-10-14T22:15:52+00:00","article_modified_time":"2012-10-18T16:50:46+00:00","og_image":[{"url":"http:\/\/www.visit-ulcinj.com\/blog\/wp-content\/uploads\/2012\/10\/Zgjedhjet2o12.jpg"}],"twitter_misc":{"Written by":"ulqini","Est. reading time":"3 minutes"},"schema":{"@context":"https:\/\/schema.org","@graph":[{"@type":"WebSite","@id":"https:\/\/www.visit-ulcinj.com\/blog\/#website","url":"https:\/\/www.visit-ulcinj.com\/blog\/","name":"Lajme nga Ulqini","description":"Lajme,Vijesti,Ulqini,Ulqin,Crna Gora,Mali i Zi","potentialAction":[{"@type":"SearchAction","target":{"@type":"EntryPoint","urlTemplate":"https:\/\/www.visit-ulcinj.com\/blog\/?s={search_term_string}"},"query-input":"required name=search_term_string"}],"inLanguage":"en-US"},{"@type":"ImageObject","inLanguage":"en-US","@id":"https:\/\/www.visit-ulcinj.com\/blog\/2012\/10\/14\/rezultatet-e-zgjedhjeve-parlamentare-ne-mal-te-zi-2012\/#primaryimage","url":"https:\/\/www.visit-ulcinj.com\/blog\/wp-content\/uploads\/2012\/10\/Zgjedhjet2o12.jpg","contentUrl":"https:\/\/www.visit-ulcinj.com\/blog\/wp-content\/uploads\/2012\/10\/Zgjedhjet2o12.jpg","width":"360","height":"270"},{"@type":"WebPage","@id":"https:\/\/www.visit-ulcinj.com\/blog\/2012\/10\/14\/rezultatet-e-zgjedhjeve-parlamentare-ne-mal-te-zi-2012\/#webpage","url":"https:\/\/www.visit-ulcinj.com\/blog\/2012\/10\/14\/rezultatet-e-zgjedhjeve-parlamentare-ne-mal-te-zi-2012\/","name":"Rezultatet e zgjedhjeve parlamentare n\u00eb Mal t\u00eb Zi 2012 - Lajme nga Ulqini","isPartOf":{"@id":"https:\/\/www.visit-ulcinj.com\/blog\/#website"},"primaryImageOfPage":{"@id":"https:\/\/www.visit-ulcinj.com\/blog\/2012\/10\/14\/rezultatet-e-zgjedhjeve-parlamentare-ne-mal-te-zi-2012\/#primaryimage"},"datePublished":"2012-10-14T22:15:52+00:00","dateModified":"2012-10-18T16:50:46+00:00","author":{"@id":"https:\/\/www.visit-ulcinj.com\/blog\/#\/schema\/person\/dcab619c614d3038751c63bc2aadc06d"},"description":"Pas mbylljes se qendrave te votimit ne Mal te Zi, rezultatet e para jo zyrtare pervijojne nje fitore te koalicionit te kryeministrit Milo Gjukanovic m\u00eb","breadcrumb":{"@id":"https:\/\/www.visit-ulcinj.com\/blog\/2012\/10\/14\/rezultatet-e-zgjedhjeve-parlamentare-ne-mal-te-zi-2012\/#breadcrumb"},"inLanguage":"en-US","potentialAction":[{"@type":"ReadAction","target":["https:\/\/www.visit-ulcinj.com\/blog\/2012\/10\/14\/rezultatet-e-zgjedhjeve-parlamentare-ne-mal-te-zi-2012\/"]}]},{"@type":"BreadcrumbList","@id":"https:\/\/www.visit-ulcinj.com\/blog\/2012\/10\/14\/rezultatet-e-zgjedhjeve-parlamentare-ne-mal-te-zi-2012\/#breadcrumb","itemListElement":[{"@type":"ListItem","position":1,"name":"Rezultatet e zgjedhjeve parlamentare n\u00eb Mal t\u00eb Zi 2012"}]},{"@type":"Person","@id":"https:\/\/www.visit-ulcinj.com\/blog\/#\/schema\/person\/dcab619c614d3038751c63bc2aadc06d","name":"ulqini","sameAs":["http:\/\/www.visit-ulcinj.com"],"url":"https:\/\/www.visit-ulcinj.com\/blog\/author\/admin\/"}]}},"jetpack_featured_media_url":"","jetpack_sharing_enabled":true,"jetpack_shortlink":"https:\/\/wp.me\/pe6lTn-gNM","_links":{"self":[{"href":"https:\/\/www.visit-ulcinj.com\/blog\/wp-json\/wp\/v2\/posts\/64590"}],"collection":[{"href":"https:\/\/www.visit-ulcinj.com\/blog\/wp-json\/wp\/v2\/posts"}],"about":[{"href":"https:\/\/www.visit-ulcinj.com\/blog\/wp-json\/wp\/v2\/types\/post"}],"author":[{"embeddable":true,"href":"https:\/\/www.visit-ulcinj.com\/blog\/wp-json\/wp\/v2\/users\/1"}],"replies":[{"embeddable":true,"href":"https:\/\/www.visit-ulcinj.com\/blog\/wp-json\/wp\/v2\/comments?post=64590"}],"version-history":[{"count":8,"href":"https:\/\/www.visit-ulcinj.com\/blog\/wp-json\/wp\/v2\/posts\/64590\/revisions"}],"predecessor-version":[{"id":64783,"href":"https:\/\/www.visit-ulcinj.com\/blog\/wp-json\/wp\/v2\/posts\/64590\/revisions\/64783"}],"wp:attachment":[{"href":"https:\/\/www.visit-ulcinj.com\/blog\/wp-json\/wp\/v2\/media?parent=64590"}],"wp:term":[{"taxonomy":"category","embeddable":true,"href":"https:\/\/www.visit-ulcinj.com\/blog\/wp-json\/wp\/v2\/categories?post=64590"},{"taxonomy":"post_tag","embeddable":true,"href":"https:\/\/www.visit-ulcinj.com\/blog\/wp-json\/wp\/v2\/tags?post=64590"}],"curies":[{"name":"wp","href":"https:\/\/api.w.org\/{rel}","templated":true}]}}