{"id":64617,"date":"2012-10-16T06:18:29","date_gmt":"2012-10-16T05:18:29","guid":{"rendered":"http:\/\/www.visit-ulcinj.com\/blog\/?p=64617"},"modified":"2012-10-16T06:18:29","modified_gmt":"2012-10-16T05:18:29","slug":"sinistaj-zelimo-u-vladu-nacionalnog-jedinstva-sa-demokratskim-frontom","status":"publish","type":"post","link":"https:\/\/www.visit-ulcinj.com\/blog\/2012\/10\/16\/sinistaj-zelimo-u-vladu-nacionalnog-jedinstva-sa-demokratskim-frontom\/","title":{"rendered":"Sini\u0161taj: \u017delimo u vladu nacionalnog jedinstva sa Demokratskim frontom"},"content":{"rendered":"<p><a href=\"http:\/\/www.visit-ulcinj.com\/blog\/wp-content\/uploads\/2012\/10\/vaseljsinistaj_forca-za-jedinstvo.jpg\"><img loading=\"lazy\" class=\"alignleft  wp-image-64618\" title=\"vaseljsinistaj_forca za jedinstvo\" src=\"http:\/\/www.visit-ulcinj.com\/blog\/wp-content\/uploads\/2012\/10\/vaseljsinistaj_forca-za-jedinstvo.jpg\" alt=\"\" width=\"508\" height=\"360\" \/><\/a>U odnosu na koaliciju Evropska Crna Gora, Demokratski front nije bli\u017ea opcija, ve\u0107 je poziv koji je uputio Miodrag Leki\u0107 za mene li\u010dno &#8211; vrlo prihvatljiv, kazao je za <em>Portal Analitika<\/em> Vaselj Sini\u0161taj, lider Albanske koalicije.<\/p>\n<p>On ja kazao da sa koalicionim parnerima jo\u0161 nije razgovarao o zauzimanju konkretnog stava i mogu\u0107em udru\u017eivanju, niti \u0107e to \u010diniti narednih dana. Ka\u017ee da nema potrebe \u017euriti sa odlukom.<\/p>\n<p>&#8211; Neke gre\u0161ke mo\u017ee ispraviti samo onaj ko nije bio prisutan kada su u\u010dinjene. Tu mislim na jedan dio Demokratskog fronta, prije svega lidera Miodraga Leki\u0107a, koji nije bio prisutan kada nam je oduzeto ne\u0161to \u0161to je, i dalje dr\u017eimo, ste\u010deno pravo &#8211; pet mandata i posebna bira\u010dka mjesta.<\/p>\n<p>Na pitanje da li to zna\u010di da je sadradnja sa DF izvjesna, bez obzira na najave preispitivanja priznavanja nezavisnosti Kosova, Sini\u0161taj odgovara:<\/p>\n<p>&#8211; To je pri\u010da koja ide kroz predizbornu kampanju. DF niti mo\u017ee, niti ima pravo, niti ima drugih kapaciteta da preispita nezavisnost Kosova. To je zavr\u0161eno, ne mo\u017ee se ni\u0161ta vi\u0161e uraditi, jer je to volja gra\u0111ana Kosova i me\u0111unarodne zajednice. DF mo\u017ee to ima u svom programu, mada ja to nijesam uo\u010dio, ali nisu ljudi toliko \u201enaivni\u201c da ne\u0161to na papir iznose \u0161to je nemogu\u0107e.<\/p>\n<p>On smatra da se volja gra\u0111ana Crne Gore ne mo\u017ee promijeniti, jer bi to bilo \u201egrubo kr\u0161enje volje glasa\u010da\u201c. O\u010dekuje i da \u0107e \u201eprvi naredni potez demokratske Srbije priznavanje nezavisnosti Kosova, jer dobrosusjedski odnosi su va\u017eniji od bilo \u010dega\u201c. Ali, u slu\u010daju da neka budu\u0107a vlada \u2013 jer je upravo vlada priznala nezavisnost Kosova \u2013 revidira tu odluku, Sini\u0161taj isti\u010de da \u201eu takvoj ne vidi mjesta za Albance\u201c.<\/p>\n<p>&#8211; Iz tih razloga se moramo \u010duvati takvih izjava, ako se tra\u017ei nacionalno jedinstvo. Takva vlada je u obavezi da pripremi teren, ambijent za fer i demokratske izbore, gdje ne\u0107e biti korupcije, dr\u017eavnih auta i dr\u017eavnih funkcionera na predizbornim skupovima, gdje \u0107e gra\u0111ani biti pu\u0161teni slobodno da se izjasne kome \u0107e dati glas ubudu\u0107e.<\/p>\n<p>Sini\u0161taj ka\u017ee i da je pred same izbore ogroman revolt izazvan u Malesiji, jer je \u201edijeljen novac koji nije iz d\u017eepova ljudi koji su za to zadu\u017eeni u partiji, nego su pare gra\u0111ana sakupljene na razne na\u010dine: kroz telefonske ra\u010dune, ra\u010dune za struju, na cijenu goriva, privatizacijom, oduzimanjem svojine, ali ni\u0161ta na zakonit na\u010din\u201c. Zato je, dodaje, neophodno da se svaki glasa\u010d u Crnoj Gori, bez obzira na nacionalno opredjeljenje, izja\u0161njava po sopstvenoj volji. Sini\u0161taj podsje\u0107a da je na ovim izborima, \u0161to se ti\u010de Albanaca, broj glasova ostao isti, dok je broj dobijenih mandata uopla manji.<\/p>\n<p>&#8211;\u00a0 Mi smo osvojili dva mandata, \u0161to nam je bilo i \u017eelja. Pitanje je ho\u0107emo li osvojiti tre\u0107i, bili smo jako blizu. Mislim da je projekcija mandata ura\u0111ena prerano i da se nama nanosi \u0161teta \u2013 stav je lidera AK i zaklju\u010duje:<\/p>\n<p>&#8211; Kao \u010dovjek koji je mnogo godina proveo u opoziciji, mogu i dalje tu biti. Bli\u017ea mi je ta opcija, ako ve\u0107 treba da bude vlade nacionalnog jedinstva. Mislim da je to po\u017eeljno za Crnu Goru &#8211; ne zbog Albanaca, nego zbog svih gra\u0111ana, i da \u0107e se stvoriti ambijent koji se toliko godina o\u010dekuje, a to je demokratizacija dru\u0161tva. Mogu\u0107e da su ovi izbori bili presudni za nekoga. Za nas ne, jer je ovo proces koji traje. Na\u010deta je jedna pri\u010da i jedna apsolutna vlast vi\u0161e ne postoji. Mislim da \u0107e naredni biti jo\u0161 bolje i da \u0107e nakon njih sasvim druga\u010dije izgledati politi\u010dki \u017eivot u Crnoj Gori: bi\u0107e sasvim druga\u010dija struktura partija na vlasti, a bojim se da \u0107e biti druga\u010dije i u opoziciji.<\/p>\n<p><strong>Analitika &#8211; Informativni Portal<\/strong><\/p>\n","protected":false},"excerpt":{"rendered":"<p>U odnosu na koaliciju Evropska Crna Gora, Demokratski front nije bli\u017ea opcija, ve\u0107 je poziv koji je uputio Miodrag Leki\u0107 za mene li\u010dno &#8211; vrlo prihvatljiv, kazao je za Portal Analitika Vaselj Sini\u0161taj, lider Albanske koalicije. On ja kazao da sa koalicionim parnerima jo\u0161 nije razgovarao o zauzimanju konkretnog stava i mogu\u0107em udru\u017eivanju, niti \u0107e [&hellip;]<\/p>\n","protected":false},"author":1,"featured_media":0,"comment_status":"open","ping_status":"closed","sticky":false,"template":"","format":"standard","meta":{"spay_email":"","jetpack_publicize_message":"","jetpack_is_tweetstorm":false,"jetpack_publicize_feature_enabled":true},"categories":[8337],"tags":[117,19,2474],"jetpack_publicize_connections":[],"yoast_head":"<!-- This site is optimized with the Yoast SEO plugin v19.1 - https:\/\/yoast.com\/wordpress\/plugins\/seo\/ -->\n<title>Sini\u0161taj: \u017delimo u vladu nacionalnog jedinstva sa Demokratskim frontom - Lajme nga Ulqini<\/title>\n<meta name=\"description\" content=\"U odnosu na koaliciju Evropska Crna Gora, Demokratski front nije bli\u017ea opcija, ve\u0107 je poziv koji je uputio Miodrag Leki\u0107 za mene li\u010dno - vrlo prihvatljiv,\" \/>\n<meta name=\"robots\" content=\"index, follow, max-snippet:-1, max-image-preview:large, max-video-preview:-1\" \/>\n<link rel=\"canonical\" href=\"https:\/\/www.visit-ulcinj.com\/blog\/2012\/10\/16\/sinistaj-zelimo-u-vladu-nacionalnog-jedinstva-sa-demokratskim-frontom\/\" \/>\n<meta property=\"og:locale\" content=\"en_US\" \/>\n<meta property=\"og:type\" content=\"article\" \/>\n<meta property=\"og:title\" content=\"Sini\u0161taj: \u017delimo u vladu nacionalnog jedinstva sa Demokratskim frontom - Lajme nga Ulqini\" \/>\n<meta property=\"og:description\" content=\"U odnosu na koaliciju Evropska Crna Gora, Demokratski front nije bli\u017ea opcija, ve\u0107 je poziv koji je uputio Miodrag Leki\u0107 za mene li\u010dno - vrlo prihvatljiv,\" \/>\n<meta property=\"og:url\" content=\"https:\/\/www.visit-ulcinj.com\/blog\/2012\/10\/16\/sinistaj-zelimo-u-vladu-nacionalnog-jedinstva-sa-demokratskim-frontom\/\" \/>\n<meta property=\"og:site_name\" content=\"Lajme nga Ulqini\" \/>\n<meta property=\"article:published_time\" content=\"2012-10-16T05:18:29+00:00\" \/>\n<meta property=\"og:image\" content=\"http:\/\/www.visit-ulcinj.com\/blog\/wp-content\/uploads\/2012\/10\/vaseljsinistaj_forca-za-jedinstvo.jpg\" \/>\n<meta name=\"twitter:label1\" content=\"Written by\" \/>\n\t<meta name=\"twitter:data1\" content=\"ulqini\" \/>\n\t<meta name=\"twitter:label2\" content=\"Est. reading time\" \/>\n\t<meta name=\"twitter:data2\" content=\"3 minutes\" \/>\n<script type=\"application\/ld+json\" class=\"yoast-schema-graph\">{\"@context\":\"https:\/\/schema.org\",\"@graph\":[{\"@type\":\"WebSite\",\"@id\":\"https:\/\/www.visit-ulcinj.com\/blog\/#website\",\"url\":\"https:\/\/www.visit-ulcinj.com\/blog\/\",\"name\":\"Lajme nga Ulqini\",\"description\":\"Lajme,Vijesti,Ulqini,Ulqin,Crna Gora,Mali i Zi\",\"potentialAction\":[{\"@type\":\"SearchAction\",\"target\":{\"@type\":\"EntryPoint\",\"urlTemplate\":\"https:\/\/www.visit-ulcinj.com\/blog\/?s={search_term_string}\"},\"query-input\":\"required name=search_term_string\"}],\"inLanguage\":\"en-US\"},{\"@type\":\"ImageObject\",\"inLanguage\":\"en-US\",\"@id\":\"https:\/\/www.visit-ulcinj.com\/blog\/2012\/10\/16\/sinistaj-zelimo-u-vladu-nacionalnog-jedinstva-sa-demokratskim-frontom\/#primaryimage\",\"url\":\"https:\/\/www.visit-ulcinj.com\/blog\/wp-content\/uploads\/2012\/10\/vaseljsinistaj_forca-za-jedinstvo.jpg\",\"contentUrl\":\"https:\/\/www.visit-ulcinj.com\/blog\/wp-content\/uploads\/2012\/10\/vaseljsinistaj_forca-za-jedinstvo.jpg\",\"width\":\"640\",\"height\":\"425\"},{\"@type\":\"WebPage\",\"@id\":\"https:\/\/www.visit-ulcinj.com\/blog\/2012\/10\/16\/sinistaj-zelimo-u-vladu-nacionalnog-jedinstva-sa-demokratskim-frontom\/#webpage\",\"url\":\"https:\/\/www.visit-ulcinj.com\/blog\/2012\/10\/16\/sinistaj-zelimo-u-vladu-nacionalnog-jedinstva-sa-demokratskim-frontom\/\",\"name\":\"Sini\u0161taj: \u017delimo u vladu nacionalnog jedinstva sa Demokratskim frontom - Lajme nga Ulqini\",\"isPartOf\":{\"@id\":\"https:\/\/www.visit-ulcinj.com\/blog\/#website\"},\"primaryImageOfPage\":{\"@id\":\"https:\/\/www.visit-ulcinj.com\/blog\/2012\/10\/16\/sinistaj-zelimo-u-vladu-nacionalnog-jedinstva-sa-demokratskim-frontom\/#primaryimage\"},\"datePublished\":\"2012-10-16T05:18:29+00:00\",\"dateModified\":\"2012-10-16T05:18:29+00:00\",\"author\":{\"@id\":\"https:\/\/www.visit-ulcinj.com\/blog\/#\/schema\/person\/dcab619c614d3038751c63bc2aadc06d\"},\"description\":\"U odnosu na koaliciju Evropska Crna Gora, Demokratski front nije bli\u017ea opcija, ve\u0107 je poziv koji je uputio Miodrag Leki\u0107 za mene li\u010dno - vrlo prihvatljiv,\",\"breadcrumb\":{\"@id\":\"https:\/\/www.visit-ulcinj.com\/blog\/2012\/10\/16\/sinistaj-zelimo-u-vladu-nacionalnog-jedinstva-sa-demokratskim-frontom\/#breadcrumb\"},\"inLanguage\":\"en-US\",\"potentialAction\":[{\"@type\":\"ReadAction\",\"target\":[\"https:\/\/www.visit-ulcinj.com\/blog\/2012\/10\/16\/sinistaj-zelimo-u-vladu-nacionalnog-jedinstva-sa-demokratskim-frontom\/\"]}]},{\"@type\":\"BreadcrumbList\",\"@id\":\"https:\/\/www.visit-ulcinj.com\/blog\/2012\/10\/16\/sinistaj-zelimo-u-vladu-nacionalnog-jedinstva-sa-demokratskim-frontom\/#breadcrumb\",\"itemListElement\":[{\"@type\":\"ListItem\",\"position\":1,\"name\":\"Sini\u0161taj: \u017delimo u vladu nacionalnog jedinstva sa Demokratskim frontom\"}]},{\"@type\":\"Person\",\"@id\":\"https:\/\/www.visit-ulcinj.com\/blog\/#\/schema\/person\/dcab619c614d3038751c63bc2aadc06d\",\"name\":\"ulqini\",\"sameAs\":[\"http:\/\/www.visit-ulcinj.com\"],\"url\":\"https:\/\/www.visit-ulcinj.com\/blog\/author\/admin\/\"}]}<\/script>\n<!-- \/ Yoast SEO plugin. -->","yoast_head_json":{"title":"Sini\u0161taj: \u017delimo u vladu nacionalnog jedinstva sa Demokratskim frontom - Lajme nga Ulqini","description":"U odnosu na koaliciju Evropska Crna Gora, Demokratski front nije bli\u017ea opcija, ve\u0107 je poziv koji je uputio Miodrag Leki\u0107 za mene li\u010dno - vrlo prihvatljiv,","robots":{"index":"index","follow":"follow","max-snippet":"max-snippet:-1","max-image-preview":"max-image-preview:large","max-video-preview":"max-video-preview:-1"},"canonical":"https:\/\/www.visit-ulcinj.com\/blog\/2012\/10\/16\/sinistaj-zelimo-u-vladu-nacionalnog-jedinstva-sa-demokratskim-frontom\/","og_locale":"en_US","og_type":"article","og_title":"Sini\u0161taj: \u017delimo u vladu nacionalnog jedinstva sa Demokratskim frontom - Lajme nga Ulqini","og_description":"U odnosu na koaliciju Evropska Crna Gora, Demokratski front nije bli\u017ea opcija, ve\u0107 je poziv koji je uputio Miodrag Leki\u0107 za mene li\u010dno - vrlo prihvatljiv,","og_url":"https:\/\/www.visit-ulcinj.com\/blog\/2012\/10\/16\/sinistaj-zelimo-u-vladu-nacionalnog-jedinstva-sa-demokratskim-frontom\/","og_site_name":"Lajme nga Ulqini","article_published_time":"2012-10-16T05:18:29+00:00","og_image":[{"url":"http:\/\/www.visit-ulcinj.com\/blog\/wp-content\/uploads\/2012\/10\/vaseljsinistaj_forca-za-jedinstvo.jpg"}],"twitter_misc":{"Written by":"ulqini","Est. reading time":"3 minutes"},"schema":{"@context":"https:\/\/schema.org","@graph":[{"@type":"WebSite","@id":"https:\/\/www.visit-ulcinj.com\/blog\/#website","url":"https:\/\/www.visit-ulcinj.com\/blog\/","name":"Lajme nga Ulqini","description":"Lajme,Vijesti,Ulqini,Ulqin,Crna Gora,Mali i Zi","potentialAction":[{"@type":"SearchAction","target":{"@type":"EntryPoint","urlTemplate":"https:\/\/www.visit-ulcinj.com\/blog\/?s={search_term_string}"},"query-input":"required name=search_term_string"}],"inLanguage":"en-US"},{"@type":"ImageObject","inLanguage":"en-US","@id":"https:\/\/www.visit-ulcinj.com\/blog\/2012\/10\/16\/sinistaj-zelimo-u-vladu-nacionalnog-jedinstva-sa-demokratskim-frontom\/#primaryimage","url":"https:\/\/www.visit-ulcinj.com\/blog\/wp-content\/uploads\/2012\/10\/vaseljsinistaj_forca-za-jedinstvo.jpg","contentUrl":"https:\/\/www.visit-ulcinj.com\/blog\/wp-content\/uploads\/2012\/10\/vaseljsinistaj_forca-za-jedinstvo.jpg","width":"640","height":"425"},{"@type":"WebPage","@id":"https:\/\/www.visit-ulcinj.com\/blog\/2012\/10\/16\/sinistaj-zelimo-u-vladu-nacionalnog-jedinstva-sa-demokratskim-frontom\/#webpage","url":"https:\/\/www.visit-ulcinj.com\/blog\/2012\/10\/16\/sinistaj-zelimo-u-vladu-nacionalnog-jedinstva-sa-demokratskim-frontom\/","name":"Sini\u0161taj: \u017delimo u vladu nacionalnog jedinstva sa Demokratskim frontom - Lajme nga Ulqini","isPartOf":{"@id":"https:\/\/www.visit-ulcinj.com\/blog\/#website"},"primaryImageOfPage":{"@id":"https:\/\/www.visit-ulcinj.com\/blog\/2012\/10\/16\/sinistaj-zelimo-u-vladu-nacionalnog-jedinstva-sa-demokratskim-frontom\/#primaryimage"},"datePublished":"2012-10-16T05:18:29+00:00","dateModified":"2012-10-16T05:18:29+00:00","author":{"@id":"https:\/\/www.visit-ulcinj.com\/blog\/#\/schema\/person\/dcab619c614d3038751c63bc2aadc06d"},"description":"U odnosu na koaliciju Evropska Crna Gora, Demokratski front nije bli\u017ea opcija, ve\u0107 je poziv koji je uputio Miodrag Leki\u0107 za mene li\u010dno - vrlo prihvatljiv,","breadcrumb":{"@id":"https:\/\/www.visit-ulcinj.com\/blog\/2012\/10\/16\/sinistaj-zelimo-u-vladu-nacionalnog-jedinstva-sa-demokratskim-frontom\/#breadcrumb"},"inLanguage":"en-US","potentialAction":[{"@type":"ReadAction","target":["https:\/\/www.visit-ulcinj.com\/blog\/2012\/10\/16\/sinistaj-zelimo-u-vladu-nacionalnog-jedinstva-sa-demokratskim-frontom\/"]}]},{"@type":"BreadcrumbList","@id":"https:\/\/www.visit-ulcinj.com\/blog\/2012\/10\/16\/sinistaj-zelimo-u-vladu-nacionalnog-jedinstva-sa-demokratskim-frontom\/#breadcrumb","itemListElement":[{"@type":"ListItem","position":1,"name":"Sini\u0161taj: \u017delimo u vladu nacionalnog jedinstva sa Demokratskim frontom"}]},{"@type":"Person","@id":"https:\/\/www.visit-ulcinj.com\/blog\/#\/schema\/person\/dcab619c614d3038751c63bc2aadc06d","name":"ulqini","sameAs":["http:\/\/www.visit-ulcinj.com"],"url":"https:\/\/www.visit-ulcinj.com\/blog\/author\/admin\/"}]}},"jetpack_featured_media_url":"","jetpack_sharing_enabled":true,"jetpack_shortlink":"https:\/\/wp.me\/pe6lTn-gOd","_links":{"self":[{"href":"https:\/\/www.visit-ulcinj.com\/blog\/wp-json\/wp\/v2\/posts\/64617"}],"collection":[{"href":"https:\/\/www.visit-ulcinj.com\/blog\/wp-json\/wp\/v2\/posts"}],"about":[{"href":"https:\/\/www.visit-ulcinj.com\/blog\/wp-json\/wp\/v2\/types\/post"}],"author":[{"embeddable":true,"href":"https:\/\/www.visit-ulcinj.com\/blog\/wp-json\/wp\/v2\/users\/1"}],"replies":[{"embeddable":true,"href":"https:\/\/www.visit-ulcinj.com\/blog\/wp-json\/wp\/v2\/comments?post=64617"}],"version-history":[{"count":1,"href":"https:\/\/www.visit-ulcinj.com\/blog\/wp-json\/wp\/v2\/posts\/64617\/revisions"}],"predecessor-version":[{"id":64619,"href":"https:\/\/www.visit-ulcinj.com\/blog\/wp-json\/wp\/v2\/posts\/64617\/revisions\/64619"}],"wp:attachment":[{"href":"https:\/\/www.visit-ulcinj.com\/blog\/wp-json\/wp\/v2\/media?parent=64617"}],"wp:term":[{"taxonomy":"category","embeddable":true,"href":"https:\/\/www.visit-ulcinj.com\/blog\/wp-json\/wp\/v2\/categories?post=64617"},{"taxonomy":"post_tag","embeddable":true,"href":"https:\/\/www.visit-ulcinj.com\/blog\/wp-json\/wp\/v2\/tags?post=64617"}],"curies":[{"name":"wp","href":"https:\/\/api.w.org\/{rel}","templated":true}]}}