{"id":64628,"date":"2012-10-16T07:11:56","date_gmt":"2012-10-16T06:11:56","guid":{"rendered":"http:\/\/www.visit-ulcinj.com\/blog\/?p=64628"},"modified":"2012-10-16T07:11:56","modified_gmt":"2012-10-16T06:11:56","slug":"ne-parlamentin-e-malit-te-zisa-shqiptare","status":"publish","type":"post","link":"https:\/\/www.visit-ulcinj.com\/blog\/2012\/10\/16\/ne-parlamentin-e-malit-te-zisa-shqiptare\/","title":{"rendered":"N\u00eb Parlamentin e Malit t\u00eb Zi,sa shqiptar\u00eb"},"content":{"rendered":"<p><strong><em>Podgoric\u00eb, 15 tetor \u2013 (E plot\u00ebsuar) <\/em><\/strong>Koalicioni Mali i Zi Evropian i partis\u00eb n\u00eb pushtet i ka fituar zgjedhjet q\u00eb jan\u00eb mbajtur t\u00eb diel\u00ebn n\u00eb k\u00ebt\u00eb shtet. Sipas rezultateve preliminare, partia e ish-kryeministrit Milo Gjukanoviq ka fituar rreth 46 p\u00ebr qind t\u00eb votave.<\/p>\n<p>Sidoqoft\u00eb, me k\u00ebt\u00eb rezultat koalicioni nuk e ka shumic\u00ebn absolute. Kjo \u00ebsht\u00eb hera e par\u00eb, pas zgjedhjeve n\u00eb vitin 2001, q\u00eb koalicioni i udh\u00ebhequr nga partia e Gjukanoviqit nuk e fitoi shumic\u00ebn n\u00eb Mal t\u00eb Zi, transmeton KTV njoftimet. Statusin parlamentar e siguroi edhe Partia Boshnjake me 3 mandate dhe tri parti komb\u00ebtare shqiptare me nga nj\u00eb mandat, sa edhe Iniciativa Qytetare kroate.<\/p>\n<p>Pas k\u00ebsaj, num\u00ebr m\u00eb t\u00eb madh t\u00eb votave ka fituar Fronti Demokratik, pastaj Partia Socialiste Popullore (SNP, dikur krah i djatht\u00eb i Sllobodan Millosheviqit n\u00eb Malin e Zi) me 11 p\u00ebr qind dhe Mali i Zi Pozitiv me 8.3 p\u00ebr qind t\u00eb votave.<\/p>\n<p>Sipas informatave t\u00eb fundit n\u00eb zgjedhjet kan\u00eb dal\u00eb 70.3 p\u00ebr qind e qytetar\u00ebve me t\u00eb drejt\u00eb vote, q\u00eb mund t\u00eb konsiderohet dalje mjaft e lart\u00eb.<br \/>\nK\u00ebto ishin zgjedhjet e treta pas pavar\u00ebsimit t\u00eb vendit n\u00eb vitin 2006. <strong><em><\/p>\n<p><strong>Dy deputet\u00eb shqiptar\u00eb n\u00eb Parlamentin e Malit t\u00eb Zi<\/strong><\/em><\/strong><\/p>\n<p><strong><em>Podgoric\u00eb, 15 tetor &#8211; 10:34 &#8211;<\/em><\/strong> Sipas 94.7% t\u00eb votave t\u00eb num\u00ebruara p\u00ebr zgjedhjet parlamentare n\u00eb Mal t\u00eb Zi,q\u00eb u mbajt\u00ebn dje,\u00a0 Koalicioni Mali i Zi Pozitiv \u2013 Milo Gjukanoviq\u00a0 ka fituar 45.6% t\u00eb votave apo 39 mandate, Fronti Demokratik 23.8% apo 20 mandate, SNP 10.6% \u2013 9 mandate, Mali i Zi Pozitiv 9.8% \u2013 7 mandate.<\/p>\n<p>Nd\u00ebrsa partit\u00eb shqiptare n\u00eb p\u00ebrb\u00ebrjen e re te Parlamentit t\u00eb Malit t\u00eb Zi do t\u00eb p\u00ebrfaq\u00ebsohen me dy deputet\u00eb, nga partit\u00eb nacionale (pakic\u00eb) Partia Boshnjake ka fituar 4.5% apo 3 mandate, Iniciativa Qytetare Kroate 0.5% \u2013 1 mandat, raporton Mal\u00ebsia.<\/p>\n<p>Nga partit\u00eb\/koalicionet shqiptare, e para renditet Forca p\u00ebr Bashkim (Forca \u2013 Genci Nimanbegu, Iniciativa Qytetare \u2013 Vasel Sinishtaj dhe Perspektiva) me 1.4% apo 1 mandat, kurse m\u00eb pas Koalicioni Shqiptar\u00eb (PD \u2013 Fatmir Gjeka, ASh \u2013 Gjergj Camaj dhe LD n\u00eb MZ \u2013 Mehmet Bardhi) me 1.1% apo 1 mandat.<\/p>\n<p>UDSH-PPD \u2013 Mehmet Zenka me 0.9% sipas organizatave p\u00ebr monitorim, megjith\u00ebse \u00ebsht\u00eb af\u00ebr fitimit t\u00eb mandatit do t\u00eb mbetet jasht\u00eb parlamentit.<\/p>\n<p>Aleanca Rinore e Shqiptar\u00ebve \u2013 Anton Lulgjuraj po ashtu nuk kaloi pragun, e cila fitoi vet\u00ebm 0.1% t\u00eb votave.<\/p>\n<p>Kuvendi i Malit t\u00eb Zi ka 81 vende, prandaj Koalicioni i Milo Gjukanoviq nuk ka shumic\u00ebn absolute. P\u00ebr sigurimin e shumic\u00ebs atyre ju nevojiten edhe 2 mandate, ku sipas burimeve jozyrtare partit\u00eb e pakicave do t\u00eb jen\u00eb ato t\u00eb cil\u00ebt do t\u00eb i bashk\u00ebngjit\u00ebn n\u00eb formimin e shumic\u00ebs. Partia e Gjukanoviqit edhe n\u00eb p\u00ebrb\u00ebrjen kaluar kishte n\u00eb koalicion Partin\u00eb Boshnjake dhe at\u00eb Kroate, por k\u00ebsaj her\u00eb duket nuk do ta ken\u00eb UDSH-n\u00eb.<\/p>\n<p>N\u00eb p\u00ebrb\u00ebrjen e kaluar parlamentare nga subjektet shqiptare n\u00eb Kuvendin e Malit t\u00eb Zi ishin 4 deputet.<\/p>\n<p>Sipas 94.7% votave te numruara: Aleanaca Rinore e Shqiptar\u00ebve, Anton Lulgjuraj \u2013 0.1%\u00a0\u00a0\u00a0\u00a0 (0 mandante), UDSH-PPD, Mehmet Zenka &#8211; 0.9% \u2013\u00a0\u00a0 (0 mandat), Koalicioni Shqiptar (PD, Fatmir Gjeka \u2013 ASH, Gjergj Camaj \u2013 LDMZ, Mehmet Bardhi) \u2013 1.1%\u00a0\u00a0 (1 mandat)<\/p>\n<p>Forca per Bashkim \u2013 (Forca, Genci Nimanbegu \u2013 Iniciativa Qytetare, Vasel Sinishtaj \u2013 Perspektiva, Zana Savran) \u2013 1.4%\u00a0\u00a0 (1 mandat).<\/p>\n<p><strong>Koha Net<\/strong><\/p>\n","protected":false},"excerpt":{"rendered":"<p>Podgoric\u00eb, 15 tetor \u2013 (E plot\u00ebsuar) Koalicioni Mali i Zi Evropian i partis\u00eb n\u00eb pushtet i ka fituar zgjedhjet q\u00eb jan\u00eb mbajtur t\u00eb diel\u00ebn n\u00eb k\u00ebt\u00eb shtet. Sipas rezultateve preliminare, partia e ish-kryeministrit Milo Gjukanoviq ka fituar rreth 46 p\u00ebr qind t\u00eb votave. Sidoqoft\u00eb, me k\u00ebt\u00eb rezultat koalicioni nuk e ka shumic\u00ebn absolute. Kjo \u00ebsht\u00eb [&hellip;]<\/p>\n","protected":false},"author":1,"featured_media":0,"comment_status":"open","ping_status":"closed","sticky":false,"template":"","format":"standard","meta":{"spay_email":"","jetpack_publicize_message":"","jetpack_is_tweetstorm":false,"jetpack_publicize_feature_enabled":true},"categories":[8],"tags":[],"jetpack_publicize_connections":[],"yoast_head":"<!-- This site is optimized with the Yoast SEO plugin v19.1 - https:\/\/yoast.com\/wordpress\/plugins\/seo\/ -->\n<title>N\u00eb Parlamentin e Malit t\u00eb Zi,sa shqiptar\u00eb - Lajme nga Ulqini<\/title>\n<meta name=\"description\" content=\"Podgoric\u00eb, 15 tetor \u2013 (E plot\u00ebsuar) Koalicioni Mali i Zi Evropian i partis\u00eb n\u00eb pushtet i ka fituar zgjedhjet q\u00eb jan\u00eb mbajtur t\u00eb diel\u00ebn n\u00eb k\u00ebt\u00eb shtet.\" \/>\n<meta name=\"robots\" content=\"index, follow, max-snippet:-1, max-image-preview:large, max-video-preview:-1\" \/>\n<link rel=\"canonical\" href=\"https:\/\/www.visit-ulcinj.com\/blog\/2012\/10\/16\/ne-parlamentin-e-malit-te-zisa-shqiptare\/\" \/>\n<meta property=\"og:locale\" content=\"en_US\" \/>\n<meta property=\"og:type\" content=\"article\" \/>\n<meta property=\"og:title\" content=\"N\u00eb Parlamentin e Malit t\u00eb Zi,sa shqiptar\u00eb - Lajme nga Ulqini\" \/>\n<meta property=\"og:description\" content=\"Podgoric\u00eb, 15 tetor \u2013 (E plot\u00ebsuar) Koalicioni Mali i Zi Evropian i partis\u00eb n\u00eb pushtet i ka fituar zgjedhjet q\u00eb jan\u00eb mbajtur t\u00eb diel\u00ebn n\u00eb k\u00ebt\u00eb shtet.\" \/>\n<meta property=\"og:url\" content=\"https:\/\/www.visit-ulcinj.com\/blog\/2012\/10\/16\/ne-parlamentin-e-malit-te-zisa-shqiptare\/\" \/>\n<meta property=\"og:site_name\" content=\"Lajme nga Ulqini\" \/>\n<meta property=\"article:published_time\" content=\"2012-10-16T06:11:56+00:00\" \/>\n<meta name=\"twitter:label1\" content=\"Written by\" \/>\n\t<meta name=\"twitter:data1\" content=\"ulqini\" \/>\n\t<meta name=\"twitter:label2\" content=\"Est. reading time\" \/>\n\t<meta name=\"twitter:data2\" content=\"3 minutes\" \/>\n<script type=\"application\/ld+json\" class=\"yoast-schema-graph\">{\"@context\":\"https:\/\/schema.org\",\"@graph\":[{\"@type\":\"WebSite\",\"@id\":\"https:\/\/www.visit-ulcinj.com\/blog\/#website\",\"url\":\"https:\/\/www.visit-ulcinj.com\/blog\/\",\"name\":\"Lajme nga Ulqini\",\"description\":\"Lajme,Vijesti,Ulqini,Ulqin,Crna Gora,Mali i Zi\",\"potentialAction\":[{\"@type\":\"SearchAction\",\"target\":{\"@type\":\"EntryPoint\",\"urlTemplate\":\"https:\/\/www.visit-ulcinj.com\/blog\/?s={search_term_string}\"},\"query-input\":\"required name=search_term_string\"}],\"inLanguage\":\"en-US\"},{\"@type\":\"WebPage\",\"@id\":\"https:\/\/www.visit-ulcinj.com\/blog\/2012\/10\/16\/ne-parlamentin-e-malit-te-zisa-shqiptare\/#webpage\",\"url\":\"https:\/\/www.visit-ulcinj.com\/blog\/2012\/10\/16\/ne-parlamentin-e-malit-te-zisa-shqiptare\/\",\"name\":\"N\u00eb Parlamentin e Malit t\u00eb Zi,sa shqiptar\u00eb - Lajme nga Ulqini\",\"isPartOf\":{\"@id\":\"https:\/\/www.visit-ulcinj.com\/blog\/#website\"},\"datePublished\":\"2012-10-16T06:11:56+00:00\",\"dateModified\":\"2012-10-16T06:11:56+00:00\",\"author\":{\"@id\":\"https:\/\/www.visit-ulcinj.com\/blog\/#\/schema\/person\/dcab619c614d3038751c63bc2aadc06d\"},\"description\":\"Podgoric\u00eb, 15 tetor \u2013 (E plot\u00ebsuar) Koalicioni Mali i Zi Evropian i partis\u00eb n\u00eb pushtet i ka fituar zgjedhjet q\u00eb jan\u00eb mbajtur t\u00eb diel\u00ebn n\u00eb k\u00ebt\u00eb shtet.\",\"breadcrumb\":{\"@id\":\"https:\/\/www.visit-ulcinj.com\/blog\/2012\/10\/16\/ne-parlamentin-e-malit-te-zisa-shqiptare\/#breadcrumb\"},\"inLanguage\":\"en-US\",\"potentialAction\":[{\"@type\":\"ReadAction\",\"target\":[\"https:\/\/www.visit-ulcinj.com\/blog\/2012\/10\/16\/ne-parlamentin-e-malit-te-zisa-shqiptare\/\"]}]},{\"@type\":\"BreadcrumbList\",\"@id\":\"https:\/\/www.visit-ulcinj.com\/blog\/2012\/10\/16\/ne-parlamentin-e-malit-te-zisa-shqiptare\/#breadcrumb\",\"itemListElement\":[{\"@type\":\"ListItem\",\"position\":1,\"name\":\"N\u00eb Parlamentin e Malit t\u00eb Zi,sa shqiptar\u00eb\"}]},{\"@type\":\"Person\",\"@id\":\"https:\/\/www.visit-ulcinj.com\/blog\/#\/schema\/person\/dcab619c614d3038751c63bc2aadc06d\",\"name\":\"ulqini\",\"sameAs\":[\"http:\/\/www.visit-ulcinj.com\"],\"url\":\"https:\/\/www.visit-ulcinj.com\/blog\/author\/admin\/\"}]}<\/script>\n<!-- \/ Yoast SEO plugin. -->","yoast_head_json":{"title":"N\u00eb Parlamentin e Malit t\u00eb Zi,sa shqiptar\u00eb - Lajme nga Ulqini","description":"Podgoric\u00eb, 15 tetor \u2013 (E plot\u00ebsuar) Koalicioni Mali i Zi Evropian i partis\u00eb n\u00eb pushtet i ka fituar zgjedhjet q\u00eb jan\u00eb mbajtur t\u00eb diel\u00ebn n\u00eb k\u00ebt\u00eb shtet.","robots":{"index":"index","follow":"follow","max-snippet":"max-snippet:-1","max-image-preview":"max-image-preview:large","max-video-preview":"max-video-preview:-1"},"canonical":"https:\/\/www.visit-ulcinj.com\/blog\/2012\/10\/16\/ne-parlamentin-e-malit-te-zisa-shqiptare\/","og_locale":"en_US","og_type":"article","og_title":"N\u00eb Parlamentin e Malit t\u00eb Zi,sa shqiptar\u00eb - Lajme nga Ulqini","og_description":"Podgoric\u00eb, 15 tetor \u2013 (E plot\u00ebsuar) Koalicioni Mali i Zi Evropian i partis\u00eb n\u00eb pushtet i ka fituar zgjedhjet q\u00eb jan\u00eb mbajtur t\u00eb diel\u00ebn n\u00eb k\u00ebt\u00eb shtet.","og_url":"https:\/\/www.visit-ulcinj.com\/blog\/2012\/10\/16\/ne-parlamentin-e-malit-te-zisa-shqiptare\/","og_site_name":"Lajme nga Ulqini","article_published_time":"2012-10-16T06:11:56+00:00","twitter_misc":{"Written by":"ulqini","Est. reading time":"3 minutes"},"schema":{"@context":"https:\/\/schema.org","@graph":[{"@type":"WebSite","@id":"https:\/\/www.visit-ulcinj.com\/blog\/#website","url":"https:\/\/www.visit-ulcinj.com\/blog\/","name":"Lajme nga Ulqini","description":"Lajme,Vijesti,Ulqini,Ulqin,Crna Gora,Mali i Zi","potentialAction":[{"@type":"SearchAction","target":{"@type":"EntryPoint","urlTemplate":"https:\/\/www.visit-ulcinj.com\/blog\/?s={search_term_string}"},"query-input":"required name=search_term_string"}],"inLanguage":"en-US"},{"@type":"WebPage","@id":"https:\/\/www.visit-ulcinj.com\/blog\/2012\/10\/16\/ne-parlamentin-e-malit-te-zisa-shqiptare\/#webpage","url":"https:\/\/www.visit-ulcinj.com\/blog\/2012\/10\/16\/ne-parlamentin-e-malit-te-zisa-shqiptare\/","name":"N\u00eb Parlamentin e Malit t\u00eb Zi,sa shqiptar\u00eb - Lajme nga Ulqini","isPartOf":{"@id":"https:\/\/www.visit-ulcinj.com\/blog\/#website"},"datePublished":"2012-10-16T06:11:56+00:00","dateModified":"2012-10-16T06:11:56+00:00","author":{"@id":"https:\/\/www.visit-ulcinj.com\/blog\/#\/schema\/person\/dcab619c614d3038751c63bc2aadc06d"},"description":"Podgoric\u00eb, 15 tetor \u2013 (E plot\u00ebsuar) Koalicioni Mali i Zi Evropian i partis\u00eb n\u00eb pushtet i ka fituar zgjedhjet q\u00eb jan\u00eb mbajtur t\u00eb diel\u00ebn n\u00eb k\u00ebt\u00eb shtet.","breadcrumb":{"@id":"https:\/\/www.visit-ulcinj.com\/blog\/2012\/10\/16\/ne-parlamentin-e-malit-te-zisa-shqiptare\/#breadcrumb"},"inLanguage":"en-US","potentialAction":[{"@type":"ReadAction","target":["https:\/\/www.visit-ulcinj.com\/blog\/2012\/10\/16\/ne-parlamentin-e-malit-te-zisa-shqiptare\/"]}]},{"@type":"BreadcrumbList","@id":"https:\/\/www.visit-ulcinj.com\/blog\/2012\/10\/16\/ne-parlamentin-e-malit-te-zisa-shqiptare\/#breadcrumb","itemListElement":[{"@type":"ListItem","position":1,"name":"N\u00eb Parlamentin e Malit t\u00eb Zi,sa shqiptar\u00eb"}]},{"@type":"Person","@id":"https:\/\/www.visit-ulcinj.com\/blog\/#\/schema\/person\/dcab619c614d3038751c63bc2aadc06d","name":"ulqini","sameAs":["http:\/\/www.visit-ulcinj.com"],"url":"https:\/\/www.visit-ulcinj.com\/blog\/author\/admin\/"}]}},"jetpack_featured_media_url":"","jetpack_sharing_enabled":true,"jetpack_shortlink":"https:\/\/wp.me\/pe6lTn-gOo","_links":{"self":[{"href":"https:\/\/www.visit-ulcinj.com\/blog\/wp-json\/wp\/v2\/posts\/64628"}],"collection":[{"href":"https:\/\/www.visit-ulcinj.com\/blog\/wp-json\/wp\/v2\/posts"}],"about":[{"href":"https:\/\/www.visit-ulcinj.com\/blog\/wp-json\/wp\/v2\/types\/post"}],"author":[{"embeddable":true,"href":"https:\/\/www.visit-ulcinj.com\/blog\/wp-json\/wp\/v2\/users\/1"}],"replies":[{"embeddable":true,"href":"https:\/\/www.visit-ulcinj.com\/blog\/wp-json\/wp\/v2\/comments?post=64628"}],"version-history":[{"count":2,"href":"https:\/\/www.visit-ulcinj.com\/blog\/wp-json\/wp\/v2\/posts\/64628\/revisions"}],"predecessor-version":[{"id":64630,"href":"https:\/\/www.visit-ulcinj.com\/blog\/wp-json\/wp\/v2\/posts\/64628\/revisions\/64630"}],"wp:attachment":[{"href":"https:\/\/www.visit-ulcinj.com\/blog\/wp-json\/wp\/v2\/media?parent=64628"}],"wp:term":[{"taxonomy":"category","embeddable":true,"href":"https:\/\/www.visit-ulcinj.com\/blog\/wp-json\/wp\/v2\/categories?post=64628"},{"taxonomy":"post_tag","embeddable":true,"href":"https:\/\/www.visit-ulcinj.com\/blog\/wp-json\/wp\/v2\/tags?post=64628"}],"curies":[{"name":"wp","href":"https:\/\/api.w.org\/{rel}","templated":true}]}}