{"id":64631,"date":"2012-10-16T09:25:40","date_gmt":"2012-10-16T08:25:40","guid":{"rendered":"http:\/\/www.visit-ulcinj.com\/blog\/?p=64631"},"modified":"2012-10-16T09:25:40","modified_gmt":"2012-10-16T08:25:40","slug":"nora-istrefi-tani-edhe-modele-foto","status":"publish","type":"post","link":"https:\/\/www.visit-ulcinj.com\/blog\/2012\/10\/16\/nora-istrefi-tani-edhe-modele-foto\/","title":{"rendered":"Nora Istrefi tani edhe modele? Foto"},"content":{"rendered":"<p>Me imazhin e nj\u00ebr\u00ebs nga femrat m\u00eb seksi t\u00eb muzik\u00ebs dhe me stilin e ve\u00e7ant\u00eb, Nora Istrefi duket se nuk po ndalet, aq sa gjithmon\u00eb dhe m\u00eb shum\u00eb po i p\u00eblqen si\u00e7 duket ky epitet.<\/p>\n<p>S\u00eb fundmi, ajo ka publikuar disa fotografi, n\u00eb t\u00eb cilat shihet n\u00eb form\u00eb shum\u00eb t\u00eb mir\u00eb dhe tejet seksi, p\u00ebr m\u00eb tep\u00ebr edhe me disa kilogram\u00eb m\u00eb pak, aq sa t\u00eb le t\u00eb mendosh se ndoshta e ka marr\u00eb seriozisht edhe faktin p\u00ebr t\u00eb qen\u00eb nj\u00eb modele<br \/>\n<a href=\"http:\/\/www.visit-ulcinj.com\/blog\/wp-content\/uploads\/2012\/10\/NoraIstrefi-modele.jpg\"><img loading=\"lazy\" class=\"alignleft  wp-image-64632\" title=\"NoraIstrefi modele\" src=\"http:\/\/www.visit-ulcinj.com\/blog\/wp-content\/uploads\/2012\/10\/NoraIstrefi-modele.jpg\" alt=\"\" width=\"508\" height=\"360\" \/><\/a><\/p>\n<p>Nora, shpeshher\u00eb \u00ebsht\u00eb kritikuar p\u00ebr kopjim stili t\u00eb Rihannas, Beyonce e Ciara, nd\u00ebrkaq ne po ua sjellim fotografit\u00eb dhe u l\u00ebm\u00eb juve t\u2019i gjykoni vet\u00eb. Ajo duket se po i kushton me shum\u00eb koh\u00eb b\u00ebrjes s\u00eb fotove se sa krijimtaris\u00eb muzikore, pasi u b\u00eb nj\u00eb periudh\u00eb koh\u00eb q\u00eb nuk ka sjell nj\u00eb k\u00ebng\u00eb t\u00eb re. Ne urojm\u00eb q\u00eb k\u00ebto foto t\u00eb jen\u00eb b\u00ebr\u00eb p\u00ebr ndonj\u00eb klip t\u00eb ri t\u00eb Nor\u00ebs, q\u00eb s\u00eb paku, ve\u00e7 epitetit seksi, ajo t\u00eb ket\u00eb edhe k\u00ebng\u00ebtarja m\u00eb e p\u00eblqyer e momentit.Vipat.info<\/p>\n<p><br \/>\n<iframe loading=\"lazy\" width=\"508\" height=\"360\" src=\"http:\/\/www.youtube.com\/embed\/lysEClfGn7s?rel=0\" frameborder=\"0\" allowfullscreen><\/iframe><\/p>\n","protected":false},"excerpt":{"rendered":"<p>Me imazhin e nj\u00ebr\u00ebs nga femrat m\u00eb seksi t\u00eb muzik\u00ebs dhe me stilin e ve\u00e7ant\u00eb, Nora Istrefi duket se nuk po ndalet, aq sa gjithmon\u00eb dhe m\u00eb shum\u00eb po i p\u00eblqen si\u00e7 duket ky epitet. S\u00eb fundmi, ajo ka publikuar disa fotografi, n\u00eb t\u00eb cilat shihet n\u00eb form\u00eb shum\u00eb t\u00eb mir\u00eb dhe tejet seksi, p\u00ebr [&hellip;]<\/p>\n","protected":false},"author":1,"featured_media":0,"comment_status":"open","ping_status":"closed","sticky":false,"template":"","format":"standard","meta":{"spay_email":"","jetpack_publicize_message":"","jetpack_is_tweetstorm":false,"jetpack_publicize_feature_enabled":true},"categories":[1],"tags":[4939],"jetpack_publicize_connections":[],"yoast_head":"<!-- This site is optimized with the Yoast SEO plugin v19.1 - https:\/\/yoast.com\/wordpress\/plugins\/seo\/ -->\n<title>Nora Istrefi tani edhe modele? Foto - Lajme nga Ulqini<\/title>\n<meta name=\"description\" content=\"Me imazhin e nj\u00ebr\u00ebs nga femrat m\u00eb seksi t\u00eb muzik\u00ebs dhe me stilin e ve\u00e7ant\u00eb, Nora Istrefi duket se nuk po ndalet, aq sa gjithmon\u00eb dhe m\u00eb shum\u00eb po i p\u00eblqen\" \/>\n<meta name=\"robots\" content=\"index, follow, max-snippet:-1, max-image-preview:large, max-video-preview:-1\" \/>\n<link rel=\"canonical\" href=\"https:\/\/www.visit-ulcinj.com\/blog\/2012\/10\/16\/nora-istrefi-tani-edhe-modele-foto\/\" \/>\n<meta property=\"og:locale\" content=\"en_US\" \/>\n<meta property=\"og:type\" content=\"article\" \/>\n<meta property=\"og:title\" content=\"Nora Istrefi tani edhe modele? Foto - Lajme nga Ulqini\" \/>\n<meta property=\"og:description\" content=\"Me imazhin e nj\u00ebr\u00ebs nga femrat m\u00eb seksi t\u00eb muzik\u00ebs dhe me stilin e ve\u00e7ant\u00eb, Nora Istrefi duket se nuk po ndalet, aq sa gjithmon\u00eb dhe m\u00eb shum\u00eb po i p\u00eblqen\" \/>\n<meta property=\"og:url\" content=\"https:\/\/www.visit-ulcinj.com\/blog\/2012\/10\/16\/nora-istrefi-tani-edhe-modele-foto\/\" \/>\n<meta property=\"og:site_name\" content=\"Lajme nga Ulqini\" \/>\n<meta property=\"article:published_time\" content=\"2012-10-16T08:25:40+00:00\" \/>\n<meta property=\"og:image\" content=\"https:\/\/www.visit-ulcinj.com\/blog\/wp-content\/uploads\/2012\/10\/NoraIstrefi-modele-150x150.jpg\" \/>\n<meta name=\"twitter:label1\" content=\"Written by\" \/>\n\t<meta name=\"twitter:data1\" content=\"ulqini\" \/>\n\t<meta name=\"twitter:label2\" content=\"Est. reading time\" \/>\n\t<meta name=\"twitter:data2\" content=\"1 minute\" \/>\n<script type=\"application\/ld+json\" class=\"yoast-schema-graph\">{\"@context\":\"https:\/\/schema.org\",\"@graph\":[{\"@type\":\"WebSite\",\"@id\":\"https:\/\/www.visit-ulcinj.com\/blog\/#website\",\"url\":\"https:\/\/www.visit-ulcinj.com\/blog\/\",\"name\":\"Lajme nga Ulqini\",\"description\":\"Lajme,Vijesti,Ulqini,Ulqin,Crna Gora,Mali i Zi\",\"potentialAction\":[{\"@type\":\"SearchAction\",\"target\":{\"@type\":\"EntryPoint\",\"urlTemplate\":\"https:\/\/www.visit-ulcinj.com\/blog\/?s={search_term_string}\"},\"query-input\":\"required name=search_term_string\"}],\"inLanguage\":\"en-US\"},{\"@type\":\"ImageObject\",\"inLanguage\":\"en-US\",\"@id\":\"https:\/\/www.visit-ulcinj.com\/blog\/2012\/10\/16\/nora-istrefi-tani-edhe-modele-foto\/#primaryimage\",\"url\":\"http:\/\/www.visit-ulcinj.com\/blog\/wp-content\/uploads\/2012\/10\/NoraIstrefi-modele.jpg\",\"contentUrl\":\"http:\/\/www.visit-ulcinj.com\/blog\/wp-content\/uploads\/2012\/10\/NoraIstrefi-modele.jpg\"},{\"@type\":\"WebPage\",\"@id\":\"https:\/\/www.visit-ulcinj.com\/blog\/2012\/10\/16\/nora-istrefi-tani-edhe-modele-foto\/#webpage\",\"url\":\"https:\/\/www.visit-ulcinj.com\/blog\/2012\/10\/16\/nora-istrefi-tani-edhe-modele-foto\/\",\"name\":\"Nora Istrefi tani edhe modele? Foto - Lajme nga Ulqini\",\"isPartOf\":{\"@id\":\"https:\/\/www.visit-ulcinj.com\/blog\/#website\"},\"primaryImageOfPage\":{\"@id\":\"https:\/\/www.visit-ulcinj.com\/blog\/2012\/10\/16\/nora-istrefi-tani-edhe-modele-foto\/#primaryimage\"},\"datePublished\":\"2012-10-16T08:25:40+00:00\",\"dateModified\":\"2012-10-16T08:25:40+00:00\",\"author\":{\"@id\":\"https:\/\/www.visit-ulcinj.com\/blog\/#\/schema\/person\/dcab619c614d3038751c63bc2aadc06d\"},\"description\":\"Me imazhin e nj\u00ebr\u00ebs nga femrat m\u00eb seksi t\u00eb muzik\u00ebs dhe me stilin e ve\u00e7ant\u00eb, Nora Istrefi duket se nuk po ndalet, aq sa gjithmon\u00eb dhe m\u00eb shum\u00eb po i p\u00eblqen\",\"breadcrumb\":{\"@id\":\"https:\/\/www.visit-ulcinj.com\/blog\/2012\/10\/16\/nora-istrefi-tani-edhe-modele-foto\/#breadcrumb\"},\"inLanguage\":\"en-US\",\"potentialAction\":[{\"@type\":\"ReadAction\",\"target\":[\"https:\/\/www.visit-ulcinj.com\/blog\/2012\/10\/16\/nora-istrefi-tani-edhe-modele-foto\/\"]}]},{\"@type\":\"BreadcrumbList\",\"@id\":\"https:\/\/www.visit-ulcinj.com\/blog\/2012\/10\/16\/nora-istrefi-tani-edhe-modele-foto\/#breadcrumb\",\"itemListElement\":[{\"@type\":\"ListItem\",\"position\":1,\"name\":\"Nora Istrefi tani edhe modele? Foto\"}]},{\"@type\":\"Person\",\"@id\":\"https:\/\/www.visit-ulcinj.com\/blog\/#\/schema\/person\/dcab619c614d3038751c63bc2aadc06d\",\"name\":\"ulqini\",\"sameAs\":[\"http:\/\/www.visit-ulcinj.com\"],\"url\":\"https:\/\/www.visit-ulcinj.com\/blog\/author\/admin\/\"}]}<\/script>\n<!-- \/ Yoast SEO plugin. -->","yoast_head_json":{"title":"Nora Istrefi tani edhe modele? Foto - Lajme nga Ulqini","description":"Me imazhin e nj\u00ebr\u00ebs nga femrat m\u00eb seksi t\u00eb muzik\u00ebs dhe me stilin e ve\u00e7ant\u00eb, Nora Istrefi duket se nuk po ndalet, aq sa gjithmon\u00eb dhe m\u00eb shum\u00eb po i p\u00eblqen","robots":{"index":"index","follow":"follow","max-snippet":"max-snippet:-1","max-image-preview":"max-image-preview:large","max-video-preview":"max-video-preview:-1"},"canonical":"https:\/\/www.visit-ulcinj.com\/blog\/2012\/10\/16\/nora-istrefi-tani-edhe-modele-foto\/","og_locale":"en_US","og_type":"article","og_title":"Nora Istrefi tani edhe modele? Foto - Lajme nga Ulqini","og_description":"Me imazhin e nj\u00ebr\u00ebs nga femrat m\u00eb seksi t\u00eb muzik\u00ebs dhe me stilin e ve\u00e7ant\u00eb, Nora Istrefi duket se nuk po ndalet, aq sa gjithmon\u00eb dhe m\u00eb shum\u00eb po i p\u00eblqen","og_url":"https:\/\/www.visit-ulcinj.com\/blog\/2012\/10\/16\/nora-istrefi-tani-edhe-modele-foto\/","og_site_name":"Lajme nga Ulqini","article_published_time":"2012-10-16T08:25:40+00:00","og_image":[{"url":"https:\/\/www.visit-ulcinj.com\/blog\/wp-content\/uploads\/2012\/10\/NoraIstrefi-modele-150x150.jpg"}],"twitter_misc":{"Written by":"ulqini","Est. reading time":"1 minute"},"schema":{"@context":"https:\/\/schema.org","@graph":[{"@type":"WebSite","@id":"https:\/\/www.visit-ulcinj.com\/blog\/#website","url":"https:\/\/www.visit-ulcinj.com\/blog\/","name":"Lajme nga Ulqini","description":"Lajme,Vijesti,Ulqini,Ulqin,Crna Gora,Mali i Zi","potentialAction":[{"@type":"SearchAction","target":{"@type":"EntryPoint","urlTemplate":"https:\/\/www.visit-ulcinj.com\/blog\/?s={search_term_string}"},"query-input":"required name=search_term_string"}],"inLanguage":"en-US"},{"@type":"ImageObject","inLanguage":"en-US","@id":"https:\/\/www.visit-ulcinj.com\/blog\/2012\/10\/16\/nora-istrefi-tani-edhe-modele-foto\/#primaryimage","url":"http:\/\/www.visit-ulcinj.com\/blog\/wp-content\/uploads\/2012\/10\/NoraIstrefi-modele.jpg","contentUrl":"http:\/\/www.visit-ulcinj.com\/blog\/wp-content\/uploads\/2012\/10\/NoraIstrefi-modele.jpg"},{"@type":"WebPage","@id":"https:\/\/www.visit-ulcinj.com\/blog\/2012\/10\/16\/nora-istrefi-tani-edhe-modele-foto\/#webpage","url":"https:\/\/www.visit-ulcinj.com\/blog\/2012\/10\/16\/nora-istrefi-tani-edhe-modele-foto\/","name":"Nora Istrefi tani edhe modele? Foto - Lajme nga Ulqini","isPartOf":{"@id":"https:\/\/www.visit-ulcinj.com\/blog\/#website"},"primaryImageOfPage":{"@id":"https:\/\/www.visit-ulcinj.com\/blog\/2012\/10\/16\/nora-istrefi-tani-edhe-modele-foto\/#primaryimage"},"datePublished":"2012-10-16T08:25:40+00:00","dateModified":"2012-10-16T08:25:40+00:00","author":{"@id":"https:\/\/www.visit-ulcinj.com\/blog\/#\/schema\/person\/dcab619c614d3038751c63bc2aadc06d"},"description":"Me imazhin e nj\u00ebr\u00ebs nga femrat m\u00eb seksi t\u00eb muzik\u00ebs dhe me stilin e ve\u00e7ant\u00eb, Nora Istrefi duket se nuk po ndalet, aq sa gjithmon\u00eb dhe m\u00eb shum\u00eb po i p\u00eblqen","breadcrumb":{"@id":"https:\/\/www.visit-ulcinj.com\/blog\/2012\/10\/16\/nora-istrefi-tani-edhe-modele-foto\/#breadcrumb"},"inLanguage":"en-US","potentialAction":[{"@type":"ReadAction","target":["https:\/\/www.visit-ulcinj.com\/blog\/2012\/10\/16\/nora-istrefi-tani-edhe-modele-foto\/"]}]},{"@type":"BreadcrumbList","@id":"https:\/\/www.visit-ulcinj.com\/blog\/2012\/10\/16\/nora-istrefi-tani-edhe-modele-foto\/#breadcrumb","itemListElement":[{"@type":"ListItem","position":1,"name":"Nora Istrefi tani edhe modele? Foto"}]},{"@type":"Person","@id":"https:\/\/www.visit-ulcinj.com\/blog\/#\/schema\/person\/dcab619c614d3038751c63bc2aadc06d","name":"ulqini","sameAs":["http:\/\/www.visit-ulcinj.com"],"url":"https:\/\/www.visit-ulcinj.com\/blog\/author\/admin\/"}]}},"jetpack_featured_media_url":"","jetpack_sharing_enabled":true,"jetpack_shortlink":"https:\/\/wp.me\/pe6lTn-gOr","_links":{"self":[{"href":"https:\/\/www.visit-ulcinj.com\/blog\/wp-json\/wp\/v2\/posts\/64631"}],"collection":[{"href":"https:\/\/www.visit-ulcinj.com\/blog\/wp-json\/wp\/v2\/posts"}],"about":[{"href":"https:\/\/www.visit-ulcinj.com\/blog\/wp-json\/wp\/v2\/types\/post"}],"author":[{"embeddable":true,"href":"https:\/\/www.visit-ulcinj.com\/blog\/wp-json\/wp\/v2\/users\/1"}],"replies":[{"embeddable":true,"href":"https:\/\/www.visit-ulcinj.com\/blog\/wp-json\/wp\/v2\/comments?post=64631"}],"version-history":[{"count":1,"href":"https:\/\/www.visit-ulcinj.com\/blog\/wp-json\/wp\/v2\/posts\/64631\/revisions"}],"predecessor-version":[{"id":64638,"href":"https:\/\/www.visit-ulcinj.com\/blog\/wp-json\/wp\/v2\/posts\/64631\/revisions\/64638"}],"wp:attachment":[{"href":"https:\/\/www.visit-ulcinj.com\/blog\/wp-json\/wp\/v2\/media?parent=64631"}],"wp:term":[{"taxonomy":"category","embeddable":true,"href":"https:\/\/www.visit-ulcinj.com\/blog\/wp-json\/wp\/v2\/categories?post=64631"},{"taxonomy":"post_tag","embeddable":true,"href":"https:\/\/www.visit-ulcinj.com\/blog\/wp-json\/wp\/v2\/tags?post=64631"}],"curies":[{"name":"wp","href":"https:\/\/api.w.org\/{rel}","templated":true}]}}