{"id":64639,"date":"2012-10-16T09:46:31","date_gmt":"2012-10-16T08:46:31","guid":{"rendered":"http:\/\/www.visit-ulcinj.com\/blog\/?p=64639"},"modified":"2012-10-16T09:55:19","modified_gmt":"2012-10-16T08:55:19","slug":"adrian-gaxha-si-perfundoi-historia-ime-me-luanen","status":"publish","type":"post","link":"https:\/\/www.visit-ulcinj.com\/blog\/2012\/10\/16\/adrian-gaxha-si-perfundoi-historia-ime-me-luanen\/","title":{"rendered":"Adrian Gaxha: Si p\u00ebrfundoi historia ime me Luan\u00ebn"},"content":{"rendered":"<p>\u00cbsht\u00eb rikthyer sivjet tek \u201cK\u00ebnga Magjike\u201d me nj\u00eb bashk\u00ebpunim krejt t\u00eb ve\u00e7ant\u00eb dhe me nj\u00eb k\u00ebng\u00eb e cila po p\u00eblqehet shum\u00eb nga publiku. Adrian Gaxha, djali i talentuar dhe i bukur i Shkupit, thot\u00eb se p\u00ebr t\u00eb p\u00eblqimi i publikut \u00ebsht\u00eb m\u00eb i r\u00ebnd\u00ebsishmi dhe, se v\u00ebrtet\u00eb p\u00ebr t\u00eb nuk kan\u00eb r\u00ebnd\u00ebsi \u00e7mimet n\u00ebse k\u00ebnga b\u00ebhet hit. Kjo po ndodh me k\u00ebng\u00ebn \u201cNgjyra e kuqe\u201d. Gjithashtu ai na tregoi se gjat\u00eb pjes\u00ebmarrjeve t\u00eb tij n\u00eb \u201cK\u00ebnga Magjike\u201d kurr\u00eb nuk \u00ebsht\u00eb b\u00ebr\u00eb pjes\u00eb e marr\u00ebveshjeve p\u00ebr pik\u00eb edhe pse shkon mir\u00eb me t\u00eb gjith\u00eb k\u00ebng\u00ebtar\u00ebt.<br \/>\n<a href=\"http:\/\/www.visit-ulcinj.com\/blog\/wp-content\/uploads\/2012\/10\/Adrian-Gaxha_Luana.jpg\"><img loading=\"lazy\" class=\"alignleft  wp-image-64640\" title=\"Adrian Gaxha_Luana\" src=\"http:\/\/www.visit-ulcinj.com\/blog\/wp-content\/uploads\/2012\/10\/Adrian-Gaxha_Luana.jpg\" alt=\"\" width=\"508\" height=\"360\" \/><\/a><\/p>\n<p>Tirana i p\u00eblqen dhe miqt\u00eb n\u00eb Shqip\u00ebri i ka t\u00eb shumt\u00eb. I qet\u00eb, dashamir\u00ebs dhe tejet i edukuar Adriani flet lirsh\u00ebm p\u00ebr pun\u00ebn dhe jet\u00ebn pa u v\u00ebn\u00eb n\u00eb siklet dhe pa u p\u00ebrpjekur t\u00eb p\u00ebrdor\u00eb fjal\u00eb t\u00eb m\u00ebdha. Rr\u00ebfen se vjen nga nj\u00eb familje artist\u00ebsh duke u krenuar me t\u00eb atin q\u00eb ka qen\u00eb nj\u00eb nga koreograf\u00ebt m\u00eb t\u00eb mir\u00eb t\u00eb vendit, dhe me t\u00eb v\u00ebllain q\u00eb \u00ebsht\u00eb gjithashtu nj\u00eb muzikant shum\u00eb i talentuar. Po ashtu Adriani me mir\u00ebbesim na flet edhe p\u00ebr nj\u00eb periudh\u00eb t\u00eb r\u00ebnd\u00ebsishme t\u00eb jet\u00ebs s\u00eb tij, p\u00ebr kat\u00ebr vitet e dashuris\u00eb me bukuroshen nga Tirana q\u00eb quhet Luana Vjollca.<br \/>\n<strong>Adrian si po i kalon k\u00ebto dit\u00eb? T\u00eb p\u00eblqen Tirana?<\/strong><br \/>\nGjithmon\u00eb k\u00ebnaqem kur vij n\u00eb Tiran\u00eb sepse kam miq shum\u00eb t\u00eb mir\u00eb k\u00ebtu. Edhe k\u00ebto dit\u00eb kam kaluar v\u00ebrtet\u00eb mir\u00eb. M\u00eb kishte marr\u00eb dhe malli se k\u00ebto dy vitet e fundit kam ardhur shum\u00eb rrall\u00eb p\u00ebr shkak se kam qen\u00eb i z\u00ebn\u00eb t\u00ebr\u00eb koh\u00ebn me pun\u00eb.<br \/>\n<strong>Pse \u00e7far\u00eb ka ndryshuar k\u00ebto dy vite n\u00eb pun\u00ebn t\u00ebnde?<\/strong><br \/>\nKam hapur nj\u00eb studio produksioni n\u00eb Shkup, n\u00eb t\u00eb cil\u00ebn realizohen k\u00ebng\u00eb. Normalisht q\u00eb kjo sip\u00ebrmarrje k\u00ebrkon koh\u00ebn e vet, sepse deri tani un\u00eb kam punuar vet\u00ebm p\u00ebr k\u00ebng\u00ebt e mia. Po mundohem t\u00eb b\u00ebj muzik\u00eb t\u00eb mir\u00eb, dhe nj\u00ebher\u00ebsh po d\u00ebgjoj edhe vet\u00eb shum\u00eb muzik\u00eb. Puna po ec\u00ebn mir\u00eb dhe m\u00eb p\u00eblqen.<br \/>\n<strong>P\u00ebr \u201cK\u00ebng\u00ebn Magjike\u201d ka ndonj\u00eb k\u00ebng\u00ebtar q\u00eb do prezantohet me k\u00ebng\u00ebn t\u00ebnde?<\/strong><br \/>\nN\u00eb fakt kam punuar me Shpat Kasapin p\u00ebr nj\u00eb k\u00ebng\u00eb q\u00eb \u00ebsht\u00eb v\u00ebrtet\u00eb e bukur, po nuk e di a do arrijm\u00eb ta p\u00ebrfundojm\u00eb n\u00eb koh\u00eb. T\u00eb shohim.<br \/>\nThuhet se me k\u00ebt\u00eb pun\u00ebn e produksionit t\u00eb k\u00ebng\u00ebve fitohen shum\u00eb lek\u00eb. \u00cbsht\u00eb v\u00ebrtet\u00eb ky nj\u00eb biznes kaq fitimprur\u00ebs?<br \/>\n\u00cbsht\u00eb nj\u00eb pun\u00eb q\u00eb k\u00ebrkon shum\u00eb kohe dhe impenjim. N\u00ebse ia jep k\u00ebto t\u00eb dyja mund t\u00eb them q\u00eb sjell fitime.<br \/>\n<strong>Si t\u00eb duket, si \u00ebsht\u00eb pritur k\u00ebnga \u201cNgjyra e kuqe\u201d?\u00a0<\/strong><br \/>\nShum\u00eb mir\u00eb po duket. M\u00eb kan\u00eb shkruar pafund njer\u00ebz, edhe artist\u00eb dhe jam i k\u00ebnaqur.<br \/>\n<strong>Si lindi bashk\u00ebpunimi me Florianin? Si u njoh\u00ebt?<\/strong><br \/>\nNj\u00eb miku im m\u00eb \u00e7on nj\u00eb video nga \u201cYoutube\u201d ku k\u00ebndon Flori dhe mua m\u00eb p\u00eblqeu shum\u00eb. Mendova se ky djal\u00eb jetonte diku jasht\u00eb Shqip\u00ebris\u00eb por miku im m\u00eb tha se ndodhej n\u00eb Shkup. I gjej numrin e telefonit t\u00eb atit, komunikoj me t\u00eb dhe k\u00ebshtu vendos\u00ebm t\u00eb bashk\u00ebpunojm\u00eb. Flori p\u00ebr mendimin tim \u00ebsht\u00eb nj\u00eb super talent dhe ka nj\u00eb z\u00eb t\u00eb rrall\u00eb. \u00cbsht\u00eb edhe djal\u00eb shum\u00eb i mir\u00eb (qesh).<\/p>\n<p><a href=\"http:\/\/www.visit-ulcinj.com\/blog\/wp-content\/uploads\/2012\/10\/Adrian-Gaxha_Luana.1.jpg\"><img loading=\"lazy\" class=\"alignleft size-full wp-image-64641\" title=\"Adrian Gaxha_Luana.1\" src=\"http:\/\/www.visit-ulcinj.com\/blog\/wp-content\/uploads\/2012\/10\/Adrian-Gaxha_Luana.1.jpg\" alt=\"\" width=\"508\" height=\"330\" \/><\/a><br \/>\n<strong>Floriani nuk na tregoi. Ti do na e thuash se kush \u00ebsht\u00eb kjo vajza misterioze me t\u00eb kuqe q\u00eb ju i k\u00ebndoni?<\/strong><br \/>\n(qesh) As un\u00eb nuk e di. \u00cbsht\u00eb nj\u00eb ide t\u00ebr\u00ebsisht e atij q\u00eb ka b\u00ebr\u00eb tekstin, i cili \u00ebsht\u00eb profesionit dhe nd\u00ebr m\u00eb t\u00eb mir\u00ebt n\u00eb Shkup. Me sa kuptova, ai vet\u00eb ka par\u00eb nj\u00eb vajz\u00eb me t\u00eb kuqe q\u00eb i ka mbetur n\u00eb mendje. Kur e pash\u00eb tekstin n\u00eb fillim ngjyra e kuqe mu duk si e konsumuar dhe nuk m\u00eb t\u00ebrhoqi dhe aq. Por pastaj kur u p\u00ebrfundua k\u00ebnga kuptova se i rrinte shum\u00eb mir\u00eb. Ndoshta vajza q\u00eb p\u00eblqen tekstshkruesi ka qen\u00eb e veshur me t\u00eb kuqe, por p\u00ebrdorimi i k\u00ebsaj ngjyre lidhet disi edhe me t\u00eb kuqen e flamurit, meq\u00eb jemi n\u00eb 100 vjetorin e Pavar\u00ebsis\u00eb.<br \/>\n<strong>Dometh\u00ebn\u00eb ti nuk ia dedikon asaj vajz\u00ebs me flok\u00eb t\u00eb kuqe q\u00eb po mendojm\u00eb ne?<\/strong><br \/>\n(qesh) Jo, nuk ka lidhje me t\u00eb.<br \/>\n<strong>Ti e di q\u00eb p\u00ebrve\u00e7se si k\u00ebng\u00ebtar, p\u00eblqehesh edhe si mashkull i bukur. P\u00ebr k\u00ebt\u00eb arsye jemi t\u00eb sigurt q\u00eb shum\u00eb femra duan t\u00eb din\u00eb a je beqar, a po \u201cgjuan\u201d ndok\u00ebnd\u2026?\u00a0<\/strong><br \/>\nMendoj q\u00eb jam vet\u00ebm.<br \/>\n<strong>Mendon apo je?<\/strong><br \/>\nJam.<br \/>\n<strong>Vazhdon komunikon me t\u00eb? (Luan\u00ebn)<\/strong><br \/>\nPo. Kemi ruajtur raporte t\u00eb mira, dhe m\u00eb p\u00eblqen ky fakt. T\u00eb ndahesh keq me njer\u00ebzit nuk ka asnj\u00eb vler\u00eb. Ajo q\u00eb m\u00eb p\u00eblqen m\u00eb pak tek njeriu \u00ebsht\u00eb kok\u00ebfort\u00ebsia. Un\u00eb vet\u00eb jam kok\u00ebfort\u00eb por mundohem shum\u00eb q\u00eb t\u00eb mos jem. Jam njeri i but\u00eb dhe p\u00ebrpiqem t\u00eb b\u00ebhem tolerant duke l\u00ebn\u00eb m\u00ebnjan\u00eb kok\u00ebfort\u00ebsin\u00eb. Kjo m\u00eb ka b\u00ebr\u00eb t\u00eb ruaj marr\u00ebdh\u00ebnie t\u00eb mira me njer\u00ebzit dhe \u00ebsht\u00eb di\u00e7ka pozitive.<br \/>\n<strong>E ke takuar k\u00ebto dit\u00eb q\u00eb ishe k\u00ebtu?<\/strong><br \/>\nPo, e kam takuar.<br \/>\n<strong>Ajo ka krijuar nj\u00eb lidhje t\u00eb re?<\/strong><br \/>\nMe sa di un\u00eb jo. Nuk i jap r\u00ebnd\u00ebsi fjal\u00ebve q\u00eb mund t\u00eb thuhen lart e posht\u00eb. Ajo vet\u00eb nuk m\u00eb ka th\u00ebn\u00eb gj\u00eb.<br \/>\n<strong>Sa ka zgjatur historia juaj?<\/strong><br \/>\nHistoria jon\u00eb ka zgjatur kat\u00ebr vjet.<br \/>\n<strong>Kan\u00eb qen\u00eb kat\u00ebr vite t\u00eb lumtura?<\/strong><br \/>\nSi t\u00eb gjitha \u00e7iftet. Ka pasur momente t\u00eb lumtura dhe momente m\u00eb pak t\u00eb lumtura. Mund t\u00eb them q\u00eb kan\u00eb qen\u00eb kat\u00ebr vite t\u00eb bukura.<br \/>\n<strong>Keni bashk\u00ebjetuar?<\/strong><br \/>\nJo, por takoheshim shpesh edhe pse ishim larg.<br \/>\n<strong>Vije m\u00eb shpesh ti, apo ajo?<\/strong><br \/>\nUn\u00eb. N\u00eb rrethana t\u00eb tilla djalit i takon t\u00eb udh\u00ebtoj\u00eb m\u00eb shpesh p\u00ebr t\u00eb takuar vajz\u00ebn q\u00eb do, apo jo\u2026<br \/>\n<strong>Pse u larguat nga nj\u00ebri-tjetri?<\/strong><br \/>\nNuk mund t\u00eb them ndonj\u00eb arsye t\u00eb ve\u00e7ant\u00eb. Si t\u00eb gjitha \u00e7iftet e tjera edhe p\u00ebr ne erdhi nj\u00eb moment vendos\u00ebm t\u00eb mos vazhdonim m\u00eb.<br \/>\n<strong><a href=\"http:\/\/www.visit-ulcinj.com\/blog\/wp-content\/uploads\/2012\/10\/Adrian-Gaxha_Luana.2.jpg\"><img loading=\"lazy\" class=\"alignleft size-full wp-image-64642\" title=\"Adrian Gaxha_Luana.2\" src=\"http:\/\/www.visit-ulcinj.com\/blog\/wp-content\/uploads\/2012\/10\/Adrian-Gaxha_Luana.2.jpg\" alt=\"\" width=\"291\" height=\"338\" \/><\/a>T\u00eb la ajo apo e le ti?<\/strong><br \/>\nVendos\u00ebm me mir\u00ebkuptim t\u00eb dy bashk\u00eb.<br \/>\n<strong>Kat\u00ebr vite q\u00eb keni qen\u00eb bashk\u00eb jeni p\u00ebrpjekur q\u00eb historia juaj t\u00eb jet\u00eb sa m\u00eb pak n\u00eb media. Pse?<\/strong><br \/>\nUn\u00eb asnj\u00ebher\u00eb nuk e kam mohuar. Gjithmon\u00eb kur m\u00eb kan\u00eb pyetur un\u00eb kam pohuar se jemi bashk\u00eb. N\u00eb gjith\u00eb k\u00ebto vite, kam kuptuar se me mediat duhet thjesht t\u00eb pajtohesh. Ka pasur raste kur jam revoltuar p\u00ebr shkrime t\u00eb ndryshme por n\u00eb fund asgj\u00eb s\u2019ka ndryshuar. Megjith\u00ebse \u00ebsht\u00eb e sikletshme kur gazetat shkruajn\u00eb p\u00ebr gj\u00ebra shum\u00eb private.<br \/>\n<strong>Po me fanset femra q\u00eb duhet t\u00eb jen\u00eb t\u00eb shumta n\u00eb num\u00ebr si i ke pun\u00ebt?<\/strong><br \/>\n(qesh) Shum\u00eb mir\u00eb.<br \/>\n<strong>Nuk po t\u00eb pushon telefoni. Kush po k\u00ebmb\u00ebngul aq shum\u00eb q\u00eb t\u00eb flas\u00eb dhe ti po e refuzon vazhdimisht?<\/strong><br \/>\n\u00cbsht\u00eb dikush (qesh). Dhe t\u00eb mendosh q\u00eb k\u00ebt\u00eb numrin ka vet\u00ebm dy dit\u00eb q\u00eb e ka marr\u00eb. Habitem si e kan\u00eb shp\u00ebrndar\u00eb kaq shpejt.<br \/>\n<strong>P\u00ebrdit\u00eb t\u00eb marrin vajza n\u00eb telefon? \u00c7far\u00eb t\u00eb thon\u00eb zakonisht? \u00c7far\u00eb t\u00eb k\u00ebrkojn\u00eb?<\/strong><br \/>\nN\u00eb t\u00eb shumt\u00eb e rasteve, edhe ato q\u00eb m\u00eb shkruajn\u00eb m\u00eb p\u00ebrg\u00ebzojn\u00eb p\u00ebr k\u00ebng\u00ebt dhe japin mendimin e tyre p\u00ebr pun\u00ebn time. Ka dhe nga ato pastaj q\u00eb duan t\u00eb m\u00eb takojn\u00eb, m\u00eb ftojn\u00eb p\u00ebr kafe (qesh).<\/p>\n<p>Adelajda Xhamani BLuetooth<\/p>\n<p><iframe loading=\"lazy\" width=\"508\" height=\"360\" src=\"http:\/\/www.youtube.com\/embed\/vkLVcgT0xHo?rel=0\" frameborder=\"0\" allowfullscreen><\/iframe><\/p>\n","protected":false},"excerpt":{"rendered":"<p>\u00cbsht\u00eb rikthyer sivjet tek \u201cK\u00ebnga Magjike\u201d me nj\u00eb bashk\u00ebpunim krejt t\u00eb ve\u00e7ant\u00eb dhe me nj\u00eb k\u00ebng\u00eb e cila po p\u00eblqehet shum\u00eb nga publiku. Adrian Gaxha, djali i talentuar dhe i bukur i Shkupit, thot\u00eb se p\u00ebr t\u00eb p\u00eblqimi i publikut \u00ebsht\u00eb m\u00eb i r\u00ebnd\u00ebsishmi dhe, se v\u00ebrtet\u00eb p\u00ebr t\u00eb nuk kan\u00eb r\u00ebnd\u00ebsi \u00e7mimet n\u00ebse k\u00ebnga [&hellip;]<\/p>\n","protected":false},"author":1,"featured_media":0,"comment_status":"open","ping_status":"closed","sticky":false,"template":"","format":"standard","meta":{"spay_email":"","jetpack_publicize_message":"","jetpack_is_tweetstorm":false,"jetpack_publicize_feature_enabled":true},"categories":[1],"tags":[13177,19677,19806,16036,8966,19514,21214,19511,6693,4684,19460],"jetpack_publicize_connections":[],"yoast_head":"<!-- This site is optimized with the Yoast SEO plugin v19.1 - https:\/\/yoast.com\/wordpress\/plugins\/seo\/ -->\n<title>Adrian Gaxha: Si p\u00ebrfundoi historia ime me Luan\u00ebn - Lajme nga Ulqini<\/title>\n<meta name=\"description\" content=\"\u00cbsht\u00eb rikthyer sivjet tek \u201cK\u00ebnga Magjike\u201d me nj\u00eb bashk\u00ebpunim krejt t\u00eb ve\u00e7ant\u00eb dhe me nj\u00eb k\u00ebng\u00eb e cila po p\u00eblqehet shum\u00eb nga publiku. Adrian Gaxha, djali i\" \/>\n<meta name=\"robots\" content=\"index, follow, max-snippet:-1, max-image-preview:large, max-video-preview:-1\" \/>\n<link rel=\"canonical\" href=\"https:\/\/www.visit-ulcinj.com\/blog\/2012\/10\/16\/adrian-gaxha-si-perfundoi-historia-ime-me-luanen\/\" \/>\n<meta property=\"og:locale\" content=\"en_US\" \/>\n<meta property=\"og:type\" content=\"article\" \/>\n<meta property=\"og:title\" content=\"Adrian Gaxha: Si p\u00ebrfundoi historia ime me Luan\u00ebn - Lajme nga Ulqini\" \/>\n<meta property=\"og:description\" content=\"\u00cbsht\u00eb rikthyer sivjet tek \u201cK\u00ebnga Magjike\u201d me nj\u00eb bashk\u00ebpunim krejt t\u00eb ve\u00e7ant\u00eb dhe me nj\u00eb k\u00ebng\u00eb e cila po p\u00eblqehet shum\u00eb nga publiku. Adrian Gaxha, djali i\" \/>\n<meta property=\"og:url\" content=\"https:\/\/www.visit-ulcinj.com\/blog\/2012\/10\/16\/adrian-gaxha-si-perfundoi-historia-ime-me-luanen\/\" \/>\n<meta property=\"og:site_name\" content=\"Lajme nga Ulqini\" \/>\n<meta property=\"article:published_time\" content=\"2012-10-16T08:46:31+00:00\" \/>\n<meta property=\"article:modified_time\" content=\"2012-10-16T08:55:19+00:00\" \/>\n<meta property=\"og:image\" content=\"http:\/\/www.visit-ulcinj.com\/blog\/wp-content\/uploads\/2012\/10\/Adrian-Gaxha_Luana.jpg\" \/>\n<meta name=\"twitter:label1\" content=\"Written by\" \/>\n\t<meta name=\"twitter:data1\" content=\"ulqini\" \/>\n\t<meta name=\"twitter:label2\" content=\"Est. reading time\" \/>\n\t<meta name=\"twitter:data2\" content=\"7 minutes\" \/>\n<script type=\"application\/ld+json\" class=\"yoast-schema-graph\">{\"@context\":\"https:\/\/schema.org\",\"@graph\":[{\"@type\":\"WebSite\",\"@id\":\"https:\/\/www.visit-ulcinj.com\/blog\/#website\",\"url\":\"https:\/\/www.visit-ulcinj.com\/blog\/\",\"name\":\"Lajme nga Ulqini\",\"description\":\"Lajme,Vijesti,Ulqini,Ulqin,Crna Gora,Mali i Zi\",\"potentialAction\":[{\"@type\":\"SearchAction\",\"target\":{\"@type\":\"EntryPoint\",\"urlTemplate\":\"https:\/\/www.visit-ulcinj.com\/blog\/?s={search_term_string}\"},\"query-input\":\"required name=search_term_string\"}],\"inLanguage\":\"en-US\"},{\"@type\":\"ImageObject\",\"inLanguage\":\"en-US\",\"@id\":\"https:\/\/www.visit-ulcinj.com\/blog\/2012\/10\/16\/adrian-gaxha-si-perfundoi-historia-ime-me-luanen\/#primaryimage\",\"url\":\"http:\/\/www.visit-ulcinj.com\/blog\/wp-content\/uploads\/2012\/10\/Adrian-Gaxha_Luana.jpg\",\"contentUrl\":\"http:\/\/www.visit-ulcinj.com\/blog\/wp-content\/uploads\/2012\/10\/Adrian-Gaxha_Luana.jpg\"},{\"@type\":\"WebPage\",\"@id\":\"https:\/\/www.visit-ulcinj.com\/blog\/2012\/10\/16\/adrian-gaxha-si-perfundoi-historia-ime-me-luanen\/#webpage\",\"url\":\"https:\/\/www.visit-ulcinj.com\/blog\/2012\/10\/16\/adrian-gaxha-si-perfundoi-historia-ime-me-luanen\/\",\"name\":\"Adrian Gaxha: Si p\u00ebrfundoi historia ime me Luan\u00ebn - Lajme nga Ulqini\",\"isPartOf\":{\"@id\":\"https:\/\/www.visit-ulcinj.com\/blog\/#website\"},\"primaryImageOfPage\":{\"@id\":\"https:\/\/www.visit-ulcinj.com\/blog\/2012\/10\/16\/adrian-gaxha-si-perfundoi-historia-ime-me-luanen\/#primaryimage\"},\"datePublished\":\"2012-10-16T08:46:31+00:00\",\"dateModified\":\"2012-10-16T08:55:19+00:00\",\"author\":{\"@id\":\"https:\/\/www.visit-ulcinj.com\/blog\/#\/schema\/person\/dcab619c614d3038751c63bc2aadc06d\"},\"description\":\"\u00cbsht\u00eb rikthyer sivjet tek \u201cK\u00ebnga Magjike\u201d me nj\u00eb bashk\u00ebpunim krejt t\u00eb ve\u00e7ant\u00eb dhe me nj\u00eb k\u00ebng\u00eb e cila po p\u00eblqehet shum\u00eb nga publiku. Adrian Gaxha, djali i\",\"breadcrumb\":{\"@id\":\"https:\/\/www.visit-ulcinj.com\/blog\/2012\/10\/16\/adrian-gaxha-si-perfundoi-historia-ime-me-luanen\/#breadcrumb\"},\"inLanguage\":\"en-US\",\"potentialAction\":[{\"@type\":\"ReadAction\",\"target\":[\"https:\/\/www.visit-ulcinj.com\/blog\/2012\/10\/16\/adrian-gaxha-si-perfundoi-historia-ime-me-luanen\/\"]}]},{\"@type\":\"BreadcrumbList\",\"@id\":\"https:\/\/www.visit-ulcinj.com\/blog\/2012\/10\/16\/adrian-gaxha-si-perfundoi-historia-ime-me-luanen\/#breadcrumb\",\"itemListElement\":[{\"@type\":\"ListItem\",\"position\":1,\"name\":\"Adrian Gaxha: Si p\u00ebrfundoi historia ime me Luan\u00ebn\"}]},{\"@type\":\"Person\",\"@id\":\"https:\/\/www.visit-ulcinj.com\/blog\/#\/schema\/person\/dcab619c614d3038751c63bc2aadc06d\",\"name\":\"ulqini\",\"sameAs\":[\"http:\/\/www.visit-ulcinj.com\"],\"url\":\"https:\/\/www.visit-ulcinj.com\/blog\/author\/admin\/\"}]}<\/script>\n<!-- \/ Yoast SEO plugin. -->","yoast_head_json":{"title":"Adrian Gaxha: Si p\u00ebrfundoi historia ime me Luan\u00ebn - Lajme nga Ulqini","description":"\u00cbsht\u00eb rikthyer sivjet tek \u201cK\u00ebnga Magjike\u201d me nj\u00eb bashk\u00ebpunim krejt t\u00eb ve\u00e7ant\u00eb dhe me nj\u00eb k\u00ebng\u00eb e cila po p\u00eblqehet shum\u00eb nga publiku. Adrian Gaxha, djali i","robots":{"index":"index","follow":"follow","max-snippet":"max-snippet:-1","max-image-preview":"max-image-preview:large","max-video-preview":"max-video-preview:-1"},"canonical":"https:\/\/www.visit-ulcinj.com\/blog\/2012\/10\/16\/adrian-gaxha-si-perfundoi-historia-ime-me-luanen\/","og_locale":"en_US","og_type":"article","og_title":"Adrian Gaxha: Si p\u00ebrfundoi historia ime me Luan\u00ebn - Lajme nga Ulqini","og_description":"\u00cbsht\u00eb rikthyer sivjet tek \u201cK\u00ebnga Magjike\u201d me nj\u00eb bashk\u00ebpunim krejt t\u00eb ve\u00e7ant\u00eb dhe me nj\u00eb k\u00ebng\u00eb e cila po p\u00eblqehet shum\u00eb nga publiku. Adrian Gaxha, djali i","og_url":"https:\/\/www.visit-ulcinj.com\/blog\/2012\/10\/16\/adrian-gaxha-si-perfundoi-historia-ime-me-luanen\/","og_site_name":"Lajme nga Ulqini","article_published_time":"2012-10-16T08:46:31+00:00","article_modified_time":"2012-10-16T08:55:19+00:00","og_image":[{"url":"http:\/\/www.visit-ulcinj.com\/blog\/wp-content\/uploads\/2012\/10\/Adrian-Gaxha_Luana.jpg"}],"twitter_misc":{"Written by":"ulqini","Est. reading time":"7 minutes"},"schema":{"@context":"https:\/\/schema.org","@graph":[{"@type":"WebSite","@id":"https:\/\/www.visit-ulcinj.com\/blog\/#website","url":"https:\/\/www.visit-ulcinj.com\/blog\/","name":"Lajme nga Ulqini","description":"Lajme,Vijesti,Ulqini,Ulqin,Crna Gora,Mali i Zi","potentialAction":[{"@type":"SearchAction","target":{"@type":"EntryPoint","urlTemplate":"https:\/\/www.visit-ulcinj.com\/blog\/?s={search_term_string}"},"query-input":"required name=search_term_string"}],"inLanguage":"en-US"},{"@type":"ImageObject","inLanguage":"en-US","@id":"https:\/\/www.visit-ulcinj.com\/blog\/2012\/10\/16\/adrian-gaxha-si-perfundoi-historia-ime-me-luanen\/#primaryimage","url":"http:\/\/www.visit-ulcinj.com\/blog\/wp-content\/uploads\/2012\/10\/Adrian-Gaxha_Luana.jpg","contentUrl":"http:\/\/www.visit-ulcinj.com\/blog\/wp-content\/uploads\/2012\/10\/Adrian-Gaxha_Luana.jpg"},{"@type":"WebPage","@id":"https:\/\/www.visit-ulcinj.com\/blog\/2012\/10\/16\/adrian-gaxha-si-perfundoi-historia-ime-me-luanen\/#webpage","url":"https:\/\/www.visit-ulcinj.com\/blog\/2012\/10\/16\/adrian-gaxha-si-perfundoi-historia-ime-me-luanen\/","name":"Adrian Gaxha: Si p\u00ebrfundoi historia ime me Luan\u00ebn - Lajme nga Ulqini","isPartOf":{"@id":"https:\/\/www.visit-ulcinj.com\/blog\/#website"},"primaryImageOfPage":{"@id":"https:\/\/www.visit-ulcinj.com\/blog\/2012\/10\/16\/adrian-gaxha-si-perfundoi-historia-ime-me-luanen\/#primaryimage"},"datePublished":"2012-10-16T08:46:31+00:00","dateModified":"2012-10-16T08:55:19+00:00","author":{"@id":"https:\/\/www.visit-ulcinj.com\/blog\/#\/schema\/person\/dcab619c614d3038751c63bc2aadc06d"},"description":"\u00cbsht\u00eb rikthyer sivjet tek \u201cK\u00ebnga Magjike\u201d me nj\u00eb bashk\u00ebpunim krejt t\u00eb ve\u00e7ant\u00eb dhe me nj\u00eb k\u00ebng\u00eb e cila po p\u00eblqehet shum\u00eb nga publiku. Adrian Gaxha, djali i","breadcrumb":{"@id":"https:\/\/www.visit-ulcinj.com\/blog\/2012\/10\/16\/adrian-gaxha-si-perfundoi-historia-ime-me-luanen\/#breadcrumb"},"inLanguage":"en-US","potentialAction":[{"@type":"ReadAction","target":["https:\/\/www.visit-ulcinj.com\/blog\/2012\/10\/16\/adrian-gaxha-si-perfundoi-historia-ime-me-luanen\/"]}]},{"@type":"BreadcrumbList","@id":"https:\/\/www.visit-ulcinj.com\/blog\/2012\/10\/16\/adrian-gaxha-si-perfundoi-historia-ime-me-luanen\/#breadcrumb","itemListElement":[{"@type":"ListItem","position":1,"name":"Adrian Gaxha: Si p\u00ebrfundoi historia ime me Luan\u00ebn"}]},{"@type":"Person","@id":"https:\/\/www.visit-ulcinj.com\/blog\/#\/schema\/person\/dcab619c614d3038751c63bc2aadc06d","name":"ulqini","sameAs":["http:\/\/www.visit-ulcinj.com"],"url":"https:\/\/www.visit-ulcinj.com\/blog\/author\/admin\/"}]}},"jetpack_featured_media_url":"","jetpack_sharing_enabled":true,"jetpack_shortlink":"https:\/\/wp.me\/pe6lTn-gOz","_links":{"self":[{"href":"https:\/\/www.visit-ulcinj.com\/blog\/wp-json\/wp\/v2\/posts\/64639"}],"collection":[{"href":"https:\/\/www.visit-ulcinj.com\/blog\/wp-json\/wp\/v2\/posts"}],"about":[{"href":"https:\/\/www.visit-ulcinj.com\/blog\/wp-json\/wp\/v2\/types\/post"}],"author":[{"embeddable":true,"href":"https:\/\/www.visit-ulcinj.com\/blog\/wp-json\/wp\/v2\/users\/1"}],"replies":[{"embeddable":true,"href":"https:\/\/www.visit-ulcinj.com\/blog\/wp-json\/wp\/v2\/comments?post=64639"}],"version-history":[{"count":2,"href":"https:\/\/www.visit-ulcinj.com\/blog\/wp-json\/wp\/v2\/posts\/64639\/revisions"}],"predecessor-version":[{"id":64645,"href":"https:\/\/www.visit-ulcinj.com\/blog\/wp-json\/wp\/v2\/posts\/64639\/revisions\/64645"}],"wp:attachment":[{"href":"https:\/\/www.visit-ulcinj.com\/blog\/wp-json\/wp\/v2\/media?parent=64639"}],"wp:term":[{"taxonomy":"category","embeddable":true,"href":"https:\/\/www.visit-ulcinj.com\/blog\/wp-json\/wp\/v2\/categories?post=64639"},{"taxonomy":"post_tag","embeddable":true,"href":"https:\/\/www.visit-ulcinj.com\/blog\/wp-json\/wp\/v2\/tags?post=64639"}],"curies":[{"name":"wp","href":"https:\/\/api.w.org\/{rel}","templated":true}]}}