{"id":64644,"date":"2012-10-16T10:30:33","date_gmt":"2012-10-16T09:30:33","guid":{"rendered":"http:\/\/www.visit-ulcinj.com\/blog\/?p=64644"},"modified":"2012-10-16T10:30:34","modified_gmt":"2012-10-16T09:30:34","slug":"gaxha-florian-beqiri-sikur-dikur-usher-justin-bieber","status":"publish","type":"post","link":"https:\/\/www.visit-ulcinj.com\/blog\/2012\/10\/16\/gaxha-florian-beqiri-sikur-dikur-usher-justin-bieber\/","title":{"rendered":"Gaxha &#038; Florian Beqiri, sikur dikur Usher &#038; Justin Bieber"},"content":{"rendered":"<p><a href=\"http:\/\/www.visit-ulcinj.com\/blog\/wp-content\/uploads\/2012\/10\/florianbeqiri-adriangaxha.jpg\"><img loading=\"lazy\" class=\"alignleft  wp-image-64646\" title=\"florianbeqiri-adriangaxha\" src=\"http:\/\/www.visit-ulcinj.com\/blog\/wp-content\/uploads\/2012\/10\/florianbeqiri-adriangaxha.jpg\" alt=\"\" width=\"508\" height=\"375\" \/><\/a>12 vjecari Florian Beqiri nga Shkupi, djaloshi qe emocionoi te gjithe me zerin e tij te vecante gjate duetit me Adrian Gaxhen ne Kenga Magjike me kengen &#8220;Ngjyra e Kuqe&#8221;, pa dyshim eshte zbulim i vitit, te mos themi i dekades. Eshte i vogel ne moshe, por me talent, zgjuaresi dhe shkathtesi te nje me te rrituri.<\/p>\n<p>Kur pame imazhet e te dyve, Gaxhes dhe Florit ne Kenga Magjike, per nje moment na u kujtua historia e kengetarit te ri kanadez, Justin Bieber i cili filloi karrieren duke kenduar ne Youtube. Ne vitin 2008, Bieber ne moshen 14 vjecare, zbulohet rastesisht ne Youtube nga talent kerkuesi Scooter Braun i cili e njoftoi ate me kengetarin e njohur Usher. Me pastaj, Bieber u be i famshem ne krahet e Usher dhe u shnderrua ne nje superyll, sic e njohim sot.<\/p>\n<p>Njelloj, Floriani u zbulua ne Youtube dhe urojme qe kjo histori e Gaxhes me Florin te perseritet dhe ai nje dite te behet Justin Bieber-i shqiptar. \/Albavipnews\/<\/p>\n<p><strong>Florian Beqiri, 12-vje\u00e7ari surpriz\u00eb i \u201cK\u00ebng\u00ebs Magjike<\/strong><\/p>\n<p>&nbsp;<\/p>\n<p>\u00cbsht\u00eb i vog\u00ebl n\u00eb mosh\u00eb, po sillet si djal\u00eb i madh. Nuk jep asnj\u00eb p\u00ebrgjigje pa u menduar, dhe p\u00ebrpiqet q\u00eb t\u00eb flas\u00eb bukur. \u00cbsht\u00eb i zgjuar dhe i shkath\u00ebt. P\u00ebrpos k\u00ebtyre t\u00eb gjith\u00eb e pan\u00eb q\u00eb \u00ebsht\u00eb edhe nj\u00eb djal\u00eb shum\u00eb i talentuar. Florian Beqiri, vog\u00eblushi nga Shkupi i emocionoi t\u00eb gjith\u00eb me z\u00ebrin e tij t\u00eb ve\u00e7ant\u00eb gjat\u00eb duetit me Adrian Gaxh\u00ebn. Ai konkurron n\u00eb festivalin \u201cK\u00ebnga Magjike\u201d p\u00ebrkrah Adrianit me k\u00ebng\u00ebn \u201cNgjyra e kuqe\u201d dhe thot\u00eb se \u00ebsht\u00eb shum\u00eb i interesuar p\u00ebr klikimet apo votat q\u00eb mund t\u00eb ket\u00eb marr\u00eb k\u00ebnga. N\u00eb vendlindje \u00ebsht\u00eb i famsh\u00ebm e i suksessh\u00ebm prej vitesh, dhe k\u00ebt\u00eb po e arrin shpejt edhe n\u00eb Tiran\u00eb. P\u00ebr t\u00eb vajzat e Tiran\u00ebs jan\u00eb m\u00eb t\u00eb bukura dhe i p\u00eblqen t\u00eb rrij\u00eb k\u00ebtu, vet\u00ebm se e merr malli p\u00ebr familjen.<br \/>\n<a href=\"http:\/\/www.visit-ulcinj.com\/blog\/wp-content\/uploads\/2012\/10\/Florian-Beqiri.jpg\"><img loading=\"lazy\" class=\"alignleft  wp-image-64647\" title=\"Florian Beqiri\" src=\"http:\/\/www.visit-ulcinj.com\/blog\/wp-content\/uploads\/2012\/10\/Florian-Beqiri.jpg\" alt=\"\" width=\"508\" height=\"300\" \/><\/a><\/p>\n<p><strong>Flori kjo \u00ebsht\u00eb hera e par\u00eb q\u00eb viziton Tiran\u00ebn? \u00cbsht\u00eb m\u00eb e bukur se Shkupi, apo jo?<\/strong><br \/>\nJo. Tirana m\u00eb p\u00eblqen, po Shkupi \u00ebsht\u00eb m\u00eb i bukur.<br \/>\n<strong>Po vajzat ku jan\u00eb m\u00eb t\u00eb bukura k\u00ebtu apo atje?<\/strong><br \/>\nVajzat e Tiran\u00ebs jan\u00eb m\u00eb t\u00eb bukura.<br \/>\n<strong>Po e thua ngaq\u00eb t\u00eb gjitha po t\u00eb puthin, apo\u2026<\/strong><br \/>\nN\u00eb Shkup jam m\u00eb i njohur dhe m\u00eb puthin m\u00eb shum\u00eb, po k\u00ebtu se di pse, m\u00eb p\u00eblqejn\u00eb m\u00eb tep\u00ebr.<br \/>\n<strong>T\u00eb ka marr\u00eb malli p\u00ebr familjen? Qave n\u00eb dark\u00eb p\u00ebr mamin kur shkuat n\u00eb hotel?<\/strong><br \/>\nJo nuk qava. Vajzat qajn\u00eb, un\u00eb s\u2019jam vajz\u00eb. Jam larguar edhe her\u00eb t\u00eb tjera me dit\u00eb nga sht\u00ebpia. Kur erdha k\u00ebtu n\u00eb Tiran\u00eb dit\u00ebn e par\u00eb nuk e kisha problem, po tani pas dy-tri dit\u00ebsh se si po m\u00eb duket. Por kam fol n\u00eb telefon familjen. Mezi po pres t\u00eb kthehem (qesh).<br \/>\n<strong>Po me m\u00ebsimet si do ia b\u00ebsh, se ke munguar gjith\u00eb k\u00ebto dit\u00eb? Nuk t\u00eb thon\u00eb gj\u00eb m\u00ebsueset?<\/strong><br \/>\nDo t\u2019i plot\u00ebsoj kur t\u00eb kthehem. M\u00ebsuesit nuk m\u00eb thon\u00eb gj\u00eb se e din\u00eb q\u00eb jam p\u00ebr pun\u00eb.<br \/>\n<strong>Si t\u00eb duket, u b\u00ebre i famsh\u00ebm tani q\u00eb dole tek \u201cK\u00ebnga Magjike\u201d?<\/strong><br \/>\nPo edhe k\u00ebtu po m\u00eb njohin, sepse shum\u00eb njer\u00ebz po m\u00eb thon\u00eb se e kan\u00eb p\u00eblqyer k\u00ebng\u00ebn.<br \/>\n<strong><a href=\"http:\/\/www.visit-ulcinj.com\/blog\/wp-content\/uploads\/2012\/10\/Florian-Beqiri.1.jpg\"><img loading=\"lazy\" class=\"alignleft  wp-image-64648\" title=\"Florian Beqiri.1\" src=\"http:\/\/www.visit-ulcinj.com\/blog\/wp-content\/uploads\/2012\/10\/Florian-Beqiri.1.jpg\" alt=\"\" width=\"508\" height=\"600\" \/><\/a>Nuk po e l\u00ebshon celularin nga dora\u2026 T\u00eb jan\u00eb shtuar k\u00ebrkesat e miq\u00ebsis\u00eb nga vajzat n\u00eb \u201cFacebook\u201d?<\/strong><br \/>\n(qesh)Po m\u00eb vijn\u00eb shum\u00eb k\u00ebrkesa, po jo t\u00eb gjitha i pranoj. I shikoj nga fotot ose nga emri dhe, ato q\u00eb m\u00eb p\u00eblqejn\u00eb e m\u00eb duken vajza serioze i pranoj. Pastaj shoh edhe \u201cdisponimin\u201d q\u00eb kan\u00eb n\u00eb mesazhet q\u00eb m\u00eb sjellin, e k\u00ebshtu\u2026<br \/>\n<strong>Ti je 12 vje\u00e7. Sa vite ke q\u00eb merresh me muzik\u00eb?<\/strong><br \/>\nQ\u00eb kur isha pes\u00eb vje\u00e7 k\u00ebndoja. Kam k\u00ebnduar n\u00ebp\u00ebr festa, p\u00ebr Vitin e Ri, e m\u00eb von\u00eb fillova t\u00eb k\u00ebndoj n\u00ebp\u00ebr dasma e lokale si\u00e7 b\u00ebj tani.<br \/>\n<strong>Deri \u00e7far\u00eb ore k\u00ebndon?<\/strong><br \/>\nDeri n\u00eb dy, tre po edhe n\u00eb or\u00ebn kat\u00ebr t\u00eb m\u00ebngjesit. Varet nga rasti.<br \/>\n<strong>Nuk t\u00eb vjen gjum\u00eb?<\/strong><br \/>\nJo fare. Jam m\u00ebsuar.<br \/>\n<strong>Mami dhe babi vijn\u00eb me ty kur k\u00ebndon?<\/strong><br \/>\nPo, po vijn\u00eb gjithmon\u00eb. Kudo q\u00eb shkoj m\u00eb shoq\u00ebrojn\u00eb ata.<br \/>\n<strong>\u00c7far\u00eb pun\u00eb b\u00ebjn\u00eb prind\u00ebrit?<\/strong><br \/>\nShkruajn\u00eb tekste k\u00ebng\u00ebsh p\u00ebr k\u00ebng\u00ebtar\u00ebt dhe p\u00ebr mua.<br \/>\n<strong>Me Adrianin si shkon? Jeni shok\u00eb? Si t\u00eb duket, u b\u00ebre m\u00eb i famsh\u00ebm se ai?<\/strong><br \/>\nShkoj shum\u00eb mir\u00eb. Ishim shok\u00eb, po tani jemi b\u00ebr\u00eb shok\u00eb t\u00eb ngusht\u00eb. Adriani \u00ebsht\u00eb shum\u00eb i famsh\u00ebm, dhe un\u00eb dua t\u00eb b\u00ebhem si ai.<br \/>\n<strong>Kujt k\u00ebng\u00ebtari do t\u2019ia jap\u00ebsh 20 pik\u00ebt e tua tek \u201cK\u00ebnga Magjike\u201d? Cila k\u00ebng\u00eb t\u00eb p\u00eblqen m\u00eb shum\u00eb deri tani?<\/strong><br \/>\nNuk e di se nuk i kam d\u00ebgjuar t\u00eb gjitha. Deri tani vet\u00ebm k\u00ebng\u00ebt q\u00eb ishin at\u00eb dit\u00eb me mua n\u00eb konkurrim kam d\u00ebgjuar, se un\u00eb edhe pse nuk dukesha n\u00eb ekran isha aty prej fillimit. At\u00eb dit\u00eb m\u00eb p\u00eblqeu k\u00ebnga e Eliz\u00ebs, ishte k\u00ebng\u00eb e bukur.<br \/>\n<strong>Do na e tregosh kush \u00ebsht\u00eb kjo vajza me t\u00eb kuqe q\u00eb i k\u00ebndon Adriani? Apo i k\u00ebndon ti?<\/strong><br \/>\nJo, un\u00eb jo. Un\u00eb nuk e di kush \u00ebsht\u00eb. E di tekstshkruesi.(p\u00ebrs\u00ebrit fjal\u00ebt e Adrianit).<br \/>\n<strong>Vet\u00eb ti, ke nj\u00eb t\u00eb dashur?<\/strong><br \/>\nJo, nuk kam (qesh). \u00cbsht\u00eb i vog\u00ebl n\u00eb\u00a0mosh\u00eb, po sillet si\u00a0djal\u00eb i madh. Nuk jep asnj\u00eb p\u00ebrgjigje pa u menduar, dhe p\u00ebrpiqet q\u00eb t\u00eb flas\u00eb bukur. \u00cbsht\u00eb i zgjuar dhe i shkath\u00ebt. P\u00ebrpos k\u00ebtyre t\u00eb gjith\u00eb e pan\u00eb q\u00eb \u00ebsht\u00eb edhe nj\u00eb djal\u00eb shum\u00eb i talentuar. Florian Beqiri, vog\u00eblushi nga Shkupi i emocionoi t\u00eb gjith\u00eb me z\u00ebrin e tij t\u00eb ve\u00e7ant\u00eb gjat\u00eb duetit me Adrian Gaxh\u00ebn. Ai konkurron n\u00eb festivalin \u201cK\u00ebnga Magjike\u201d p\u00ebrkrah Adrianit me k\u00ebng\u00ebn \u201cNgjyra e kuqe\u201d dhe thot\u00eb se \u00ebsht\u00eb shum\u00eb i interesuar p\u00ebr klikimet apo votat q\u00eb mund t\u00eb ket\u00eb marr\u00eb k\u00ebnga. N\u00eb vendlindje \u00ebsht\u00eb i famsh\u00ebm e i suksessh\u00ebm prej vitesh, dhe k\u00ebt\u00eb po e arrin shpejt edhe n\u00eb Tiran\u00eb. P\u00ebr t\u00eb vajzat e Tiran\u00ebs jan\u00eb m\u00eb t\u00eb bukura dhe i p\u00eblqen t\u00eb rrij\u00eb k\u00ebtu, vet\u00ebm se e merr malli p\u00ebr familjen.<br \/>\n<strong>Flori kjo \u00ebsht\u00eb hera e par\u00eb q\u00eb viziton Tiran\u00ebn? \u00cbsht\u00eb m\u00eb e bukur se Shkupi, apo jo?<\/strong><br \/>\nJo. Tirana m\u00eb p\u00eblqen, po Shkupi \u00ebsht\u00eb m\u00eb i bukur.<br \/>\n<strong>Po vajzat ku jan\u00eb m\u00eb t\u00eb bukura k\u00ebtu apo atje?<\/strong><br \/>\nVajzat e Tiran\u00ebs jan\u00eb m\u00eb t\u00eb bukura.<br \/>\n<strong>Po e thua ngaq\u00eb t\u00eb gjitha po t\u00eb puthin, apo\u2026<\/strong><br \/>\nN\u00eb Shkup jam m\u00eb i njohur dhe m\u00eb puthin m\u00eb shum\u00eb, po k\u00ebtu se di pse, m\u00eb p\u00eblqejn\u00eb m\u00eb tep\u00ebr.<br \/>\n<strong>T\u00eb ka marr\u00eb malli p\u00ebr familjen? Qave n\u00eb dark\u00eb p\u00ebr mamin kur shkuat n\u00eb hotel?<\/strong><br \/>\nJo nuk qava. Vajzat qajn\u00eb, un\u00eb s\u2019jam vajz\u00eb. Jam larguar edhe her\u00eb t\u00eb tjera me dit\u00eb nga sht\u00ebpia. Kur erdha k\u00ebtu n\u00eb Tiran\u00eb dit\u00ebn e par\u00eb nuk e kisha problem, po tani pas dy-tri dit\u00ebsh se si po m\u00eb duket. Por kam fol n\u00eb telefon familjen. Mezi po pres t\u00eb kthehem (qesh).<br \/>\n<strong>Po me m\u00ebsimet si do ia b\u00ebsh, se ke munguar gjith\u00eb k\u00ebto dit\u00eb? Nuk t\u00eb thon\u00eb gj\u00eb m\u00ebsueset?<\/strong><br \/>\nDo t\u2019i plot\u00ebsoj kur t\u00eb kthehem. M\u00ebsuesit nuk m\u00eb thon\u00eb gj\u00eb se e din\u00eb q\u00eb jam p\u00ebr pun\u00eb.<\/p>\n<p><a href=\"http:\/\/www.visit-ulcinj.com\/blog\/wp-content\/uploads\/2012\/10\/Florian-Beqiri_adriangaxha.jpg\"><img loading=\"lazy\" class=\"alignleft  wp-image-64649\" title=\"Florian Beqiri_adriangaxha\" src=\"http:\/\/www.visit-ulcinj.com\/blog\/wp-content\/uploads\/2012\/10\/Florian-Beqiri_adriangaxha.jpg\" alt=\"\" width=\"508\" height=\"600\" \/><\/a><br \/>\n<strong>Si t\u00eb duket, u b\u00ebre i famsh\u00ebm tani q\u00eb dole tek \u201cK\u00ebnga Magjike\u201d?<\/strong><br \/>\nPo edhe k\u00ebtu po m\u00eb njohin, sepse shum\u00eb njer\u00ebz po m\u00eb thon\u00eb se e kan\u00eb p\u00eblqyer k\u00ebng\u00ebn.<br \/>\n<strong>Nuk po e l\u00ebshon celularin nga dora\u2026 T\u00eb jan\u00eb shtuar k\u00ebrkesat e miq\u00ebsis\u00eb nga vajzat n\u00eb \u201cFacebook\u201d?<\/strong><br \/>\n(qesh)Po m\u00eb vijn\u00eb shum\u00eb k\u00ebrkesa, po jo t\u00eb gjitha i pranoj. I shikoj nga fotot ose nga emri dhe, ato q\u00eb m\u00eb p\u00eblqejn\u00eb e m\u00eb duken vajza serioze i pranoj. Pastaj shoh edhe \u201cdisponimin\u201d q\u00eb kan\u00eb n\u00eb mesazhet q\u00eb m\u00eb sjellin, e k\u00ebshtu\u2026<br \/>\n<strong>Ti je 12 vje\u00e7. Sa vite ke q\u00eb merresh me muzik\u00eb?<\/strong><br \/>\nQ\u00eb kur isha pes\u00eb vje\u00e7 k\u00ebndoja. Kam k\u00ebnduar n\u00ebp\u00ebr festa, p\u00ebr Vitin e Ri, e m\u00eb von\u00eb fillova t\u00eb k\u00ebndoj n\u00ebp\u00ebr dasma e lokale si\u00e7 b\u00ebj tani.<br \/>\n<strong>Deri \u00e7far\u00eb ore k\u00ebndon?<\/strong><br \/>\nDeri n\u00eb dy, tre po edhe n\u00eb or\u00ebn kat\u00ebr t\u00eb m\u00ebngjesit. Varet nga rasti.<br \/>\n<strong>Nuk t\u00eb vjen gjum\u00eb?<\/strong><br \/>\nJo fare. Jam m\u00ebsuar.<br \/>\n<strong>Mami dhe babi vijn\u00eb me ty kur k\u00ebndon?<\/strong><br \/>\nPo, po vijn\u00eb gjithmon\u00eb. Kudo q\u00eb shkoj m\u00eb shoq\u00ebrojn\u00eb ata.<br \/>\n<strong>\u00c7far\u00eb pun\u00eb b\u00ebjn\u00eb prind\u00ebrit?<\/strong><br \/>\nShkruajn\u00eb tekste k\u00ebng\u00ebsh p\u00ebr k\u00ebng\u00ebtar\u00ebt dhe p\u00ebr mua.<br \/>\n<strong>Me Adrianin si shkon? Jeni shok\u00eb? Si t\u00eb duket, u b\u00ebre m\u00eb i famsh\u00ebm se ai?<\/strong><br \/>\nShkoj shum\u00eb mir\u00eb. Ishim shok\u00eb, po tani jemi b\u00ebr\u00eb shok\u00eb t\u00eb ngusht\u00eb. Adriani \u00ebsht\u00eb shum\u00eb i famsh\u00ebm, dhe un\u00eb dua t\u00eb b\u00ebhem si ai.<br \/>\n<strong>Kujt k\u00ebng\u00ebtari do t\u2019ia jap\u00ebsh 20 pik\u00ebt e tua tek \u201cK\u00ebnga Magjike\u201d? Cila k\u00ebng\u00eb t\u00eb p\u00eblqen m\u00eb shum\u00eb deri tani?<\/strong><br \/>\nNuk e di se nuk i kam d\u00ebgjuar t\u00eb gjitha. Deri tani vet\u00ebm k\u00ebng\u00ebt q\u00eb ishin at\u00eb dit\u00eb me mua n\u00eb konkurrim kam d\u00ebgjuar, se un\u00eb edhe pse nuk dukesha n\u00eb ekran isha aty prej fillimit. At\u00eb dit\u00eb m\u00eb p\u00eblqeu k\u00ebnga e Eliz\u00ebs, ishte k\u00ebng\u00eb e bukur.<br \/>\n<strong>Do na e tregosh kush \u00ebsht\u00eb kjo vajza me t\u00eb kuqe q\u00eb i k\u00ebndon Adriani? Apo i k\u00ebndon ti?<\/strong><br \/>\nJo, un\u00eb jo. Un\u00eb nuk e di kush \u00ebsht\u00eb. E di tekstshkruesi.(p\u00ebrs\u00ebrit fjal\u00ebt e Adrianit).<br \/>\n<strong>Vet\u00eb ti, ke nj\u00eb t\u00eb dashur?<\/strong><br \/>\nJo, nuk kam (qesh).<\/p>\n<p>MAPO<br \/>\n<iframe loading=\"lazy\" width=\"508\" height=\"360\" src=\"http:\/\/www.youtube.com\/embed\/_nDQp5YD7RU?rel=0\" frameborder=\"0\" allowfullscreen><\/iframe><\/p>\n","protected":false},"excerpt":{"rendered":"<p>12 vjecari Florian Beqiri nga Shkupi, djaloshi qe emocionoi te gjithe me zerin e tij te vecante gjate duetit me Adrian Gaxhen ne Kenga Magjike me kengen &#8220;Ngjyra e Kuqe&#8221;, pa dyshim eshte zbulim i vitit, te mos themi i dekades. Eshte i vogel ne moshe, por me talent, zgjuaresi dhe shkathtesi te nje me [&hellip;]<\/p>\n","protected":false},"author":1,"featured_media":0,"comment_status":"open","ping_status":"closed","sticky":false,"template":"","format":"standard","meta":{"spay_email":"","jetpack_publicize_message":"","jetpack_is_tweetstorm":false,"jetpack_publicize_feature_enabled":true},"categories":[1],"tags":[19677,21215,19806,16036,8966,19514,19511,4684,19460],"jetpack_publicize_connections":[],"yoast_head":"<!-- This site is optimized with the Yoast SEO plugin v19.1 - https:\/\/yoast.com\/wordpress\/plugins\/seo\/ -->\n<title>Gaxha &amp; Florian Beqiri, sikur dikur Usher &amp; Justin Bieber - Lajme nga Ulqini<\/title>\n<meta name=\"description\" content=\"12 vjecari Florian Beqiri nga Shkupi, djaloshi qe emocionoi te gjithe me zerin e tij te vecante gjate duetit me Adrian Gaxhen ne Kenga Magjike me kengen\" \/>\n<meta name=\"robots\" content=\"index, follow, max-snippet:-1, max-image-preview:large, max-video-preview:-1\" \/>\n<link rel=\"canonical\" href=\"https:\/\/www.visit-ulcinj.com\/blog\/2012\/10\/16\/gaxha-florian-beqiri-sikur-dikur-usher-justin-bieber\/\" \/>\n<meta property=\"og:locale\" content=\"en_US\" \/>\n<meta property=\"og:type\" content=\"article\" \/>\n<meta property=\"og:title\" content=\"Gaxha &amp; Florian Beqiri, sikur dikur Usher &amp; Justin Bieber - Lajme nga Ulqini\" \/>\n<meta property=\"og:description\" content=\"12 vjecari Florian Beqiri nga Shkupi, djaloshi qe emocionoi te gjithe me zerin e tij te vecante gjate duetit me Adrian Gaxhen ne Kenga Magjike me kengen\" \/>\n<meta property=\"og:url\" content=\"https:\/\/www.visit-ulcinj.com\/blog\/2012\/10\/16\/gaxha-florian-beqiri-sikur-dikur-usher-justin-bieber\/\" \/>\n<meta property=\"og:site_name\" content=\"Lajme nga Ulqini\" \/>\n<meta property=\"article:published_time\" content=\"2012-10-16T09:30:33+00:00\" \/>\n<meta property=\"article:modified_time\" content=\"2012-10-16T09:30:34+00:00\" \/>\n<meta property=\"og:image\" content=\"http:\/\/www.visit-ulcinj.com\/blog\/wp-content\/uploads\/2012\/10\/florianbeqiri-adriangaxha.jpg\" \/>\n<meta name=\"twitter:label1\" content=\"Written by\" \/>\n\t<meta name=\"twitter:data1\" content=\"ulqini\" \/>\n\t<meta name=\"twitter:label2\" content=\"Est. reading time\" \/>\n\t<meta name=\"twitter:data2\" content=\"8 minutes\" \/>\n<script type=\"application\/ld+json\" class=\"yoast-schema-graph\">{\"@context\":\"https:\/\/schema.org\",\"@graph\":[{\"@type\":\"WebSite\",\"@id\":\"https:\/\/www.visit-ulcinj.com\/blog\/#website\",\"url\":\"https:\/\/www.visit-ulcinj.com\/blog\/\",\"name\":\"Lajme nga Ulqini\",\"description\":\"Lajme,Vijesti,Ulqini,Ulqin,Crna Gora,Mali i Zi\",\"potentialAction\":[{\"@type\":\"SearchAction\",\"target\":{\"@type\":\"EntryPoint\",\"urlTemplate\":\"https:\/\/www.visit-ulcinj.com\/blog\/?s={search_term_string}\"},\"query-input\":\"required name=search_term_string\"}],\"inLanguage\":\"en-US\"},{\"@type\":\"ImageObject\",\"inLanguage\":\"en-US\",\"@id\":\"https:\/\/www.visit-ulcinj.com\/blog\/2012\/10\/16\/gaxha-florian-beqiri-sikur-dikur-usher-justin-bieber\/#primaryimage\",\"url\":\"http:\/\/www.visit-ulcinj.com\/blog\/wp-content\/uploads\/2012\/10\/florianbeqiri-adriangaxha.jpg\",\"contentUrl\":\"http:\/\/www.visit-ulcinj.com\/blog\/wp-content\/uploads\/2012\/10\/florianbeqiri-adriangaxha.jpg\"},{\"@type\":\"WebPage\",\"@id\":\"https:\/\/www.visit-ulcinj.com\/blog\/2012\/10\/16\/gaxha-florian-beqiri-sikur-dikur-usher-justin-bieber\/#webpage\",\"url\":\"https:\/\/www.visit-ulcinj.com\/blog\/2012\/10\/16\/gaxha-florian-beqiri-sikur-dikur-usher-justin-bieber\/\",\"name\":\"Gaxha & Florian Beqiri, sikur dikur Usher & Justin Bieber - Lajme nga Ulqini\",\"isPartOf\":{\"@id\":\"https:\/\/www.visit-ulcinj.com\/blog\/#website\"},\"primaryImageOfPage\":{\"@id\":\"https:\/\/www.visit-ulcinj.com\/blog\/2012\/10\/16\/gaxha-florian-beqiri-sikur-dikur-usher-justin-bieber\/#primaryimage\"},\"datePublished\":\"2012-10-16T09:30:33+00:00\",\"dateModified\":\"2012-10-16T09:30:34+00:00\",\"author\":{\"@id\":\"https:\/\/www.visit-ulcinj.com\/blog\/#\/schema\/person\/dcab619c614d3038751c63bc2aadc06d\"},\"description\":\"12 vjecari Florian Beqiri nga Shkupi, djaloshi qe emocionoi te gjithe me zerin e tij te vecante gjate duetit me Adrian Gaxhen ne Kenga Magjike me kengen\",\"breadcrumb\":{\"@id\":\"https:\/\/www.visit-ulcinj.com\/blog\/2012\/10\/16\/gaxha-florian-beqiri-sikur-dikur-usher-justin-bieber\/#breadcrumb\"},\"inLanguage\":\"en-US\",\"potentialAction\":[{\"@type\":\"ReadAction\",\"target\":[\"https:\/\/www.visit-ulcinj.com\/blog\/2012\/10\/16\/gaxha-florian-beqiri-sikur-dikur-usher-justin-bieber\/\"]}]},{\"@type\":\"BreadcrumbList\",\"@id\":\"https:\/\/www.visit-ulcinj.com\/blog\/2012\/10\/16\/gaxha-florian-beqiri-sikur-dikur-usher-justin-bieber\/#breadcrumb\",\"itemListElement\":[{\"@type\":\"ListItem\",\"position\":1,\"name\":\"Gaxha &#038; Florian Beqiri, sikur dikur Usher &#038; Justin Bieber\"}]},{\"@type\":\"Person\",\"@id\":\"https:\/\/www.visit-ulcinj.com\/blog\/#\/schema\/person\/dcab619c614d3038751c63bc2aadc06d\",\"name\":\"ulqini\",\"sameAs\":[\"http:\/\/www.visit-ulcinj.com\"],\"url\":\"https:\/\/www.visit-ulcinj.com\/blog\/author\/admin\/\"}]}<\/script>\n<!-- \/ Yoast SEO plugin. -->","yoast_head_json":{"title":"Gaxha & Florian Beqiri, sikur dikur Usher & Justin Bieber - Lajme nga Ulqini","description":"12 vjecari Florian Beqiri nga Shkupi, djaloshi qe emocionoi te gjithe me zerin e tij te vecante gjate duetit me Adrian Gaxhen ne Kenga Magjike me kengen","robots":{"index":"index","follow":"follow","max-snippet":"max-snippet:-1","max-image-preview":"max-image-preview:large","max-video-preview":"max-video-preview:-1"},"canonical":"https:\/\/www.visit-ulcinj.com\/blog\/2012\/10\/16\/gaxha-florian-beqiri-sikur-dikur-usher-justin-bieber\/","og_locale":"en_US","og_type":"article","og_title":"Gaxha & Florian Beqiri, sikur dikur Usher & Justin Bieber - Lajme nga Ulqini","og_description":"12 vjecari Florian Beqiri nga Shkupi, djaloshi qe emocionoi te gjithe me zerin e tij te vecante gjate duetit me Adrian Gaxhen ne Kenga Magjike me kengen","og_url":"https:\/\/www.visit-ulcinj.com\/blog\/2012\/10\/16\/gaxha-florian-beqiri-sikur-dikur-usher-justin-bieber\/","og_site_name":"Lajme nga Ulqini","article_published_time":"2012-10-16T09:30:33+00:00","article_modified_time":"2012-10-16T09:30:34+00:00","og_image":[{"url":"http:\/\/www.visit-ulcinj.com\/blog\/wp-content\/uploads\/2012\/10\/florianbeqiri-adriangaxha.jpg"}],"twitter_misc":{"Written by":"ulqini","Est. reading time":"8 minutes"},"schema":{"@context":"https:\/\/schema.org","@graph":[{"@type":"WebSite","@id":"https:\/\/www.visit-ulcinj.com\/blog\/#website","url":"https:\/\/www.visit-ulcinj.com\/blog\/","name":"Lajme nga Ulqini","description":"Lajme,Vijesti,Ulqini,Ulqin,Crna Gora,Mali i Zi","potentialAction":[{"@type":"SearchAction","target":{"@type":"EntryPoint","urlTemplate":"https:\/\/www.visit-ulcinj.com\/blog\/?s={search_term_string}"},"query-input":"required name=search_term_string"}],"inLanguage":"en-US"},{"@type":"ImageObject","inLanguage":"en-US","@id":"https:\/\/www.visit-ulcinj.com\/blog\/2012\/10\/16\/gaxha-florian-beqiri-sikur-dikur-usher-justin-bieber\/#primaryimage","url":"http:\/\/www.visit-ulcinj.com\/blog\/wp-content\/uploads\/2012\/10\/florianbeqiri-adriangaxha.jpg","contentUrl":"http:\/\/www.visit-ulcinj.com\/blog\/wp-content\/uploads\/2012\/10\/florianbeqiri-adriangaxha.jpg"},{"@type":"WebPage","@id":"https:\/\/www.visit-ulcinj.com\/blog\/2012\/10\/16\/gaxha-florian-beqiri-sikur-dikur-usher-justin-bieber\/#webpage","url":"https:\/\/www.visit-ulcinj.com\/blog\/2012\/10\/16\/gaxha-florian-beqiri-sikur-dikur-usher-justin-bieber\/","name":"Gaxha & Florian Beqiri, sikur dikur Usher & Justin Bieber - Lajme nga Ulqini","isPartOf":{"@id":"https:\/\/www.visit-ulcinj.com\/blog\/#website"},"primaryImageOfPage":{"@id":"https:\/\/www.visit-ulcinj.com\/blog\/2012\/10\/16\/gaxha-florian-beqiri-sikur-dikur-usher-justin-bieber\/#primaryimage"},"datePublished":"2012-10-16T09:30:33+00:00","dateModified":"2012-10-16T09:30:34+00:00","author":{"@id":"https:\/\/www.visit-ulcinj.com\/blog\/#\/schema\/person\/dcab619c614d3038751c63bc2aadc06d"},"description":"12 vjecari Florian Beqiri nga Shkupi, djaloshi qe emocionoi te gjithe me zerin e tij te vecante gjate duetit me Adrian Gaxhen ne Kenga Magjike me kengen","breadcrumb":{"@id":"https:\/\/www.visit-ulcinj.com\/blog\/2012\/10\/16\/gaxha-florian-beqiri-sikur-dikur-usher-justin-bieber\/#breadcrumb"},"inLanguage":"en-US","potentialAction":[{"@type":"ReadAction","target":["https:\/\/www.visit-ulcinj.com\/blog\/2012\/10\/16\/gaxha-florian-beqiri-sikur-dikur-usher-justin-bieber\/"]}]},{"@type":"BreadcrumbList","@id":"https:\/\/www.visit-ulcinj.com\/blog\/2012\/10\/16\/gaxha-florian-beqiri-sikur-dikur-usher-justin-bieber\/#breadcrumb","itemListElement":[{"@type":"ListItem","position":1,"name":"Gaxha &#038; Florian Beqiri, sikur dikur Usher &#038; Justin Bieber"}]},{"@type":"Person","@id":"https:\/\/www.visit-ulcinj.com\/blog\/#\/schema\/person\/dcab619c614d3038751c63bc2aadc06d","name":"ulqini","sameAs":["http:\/\/www.visit-ulcinj.com"],"url":"https:\/\/www.visit-ulcinj.com\/blog\/author\/admin\/"}]}},"jetpack_featured_media_url":"","jetpack_sharing_enabled":true,"jetpack_shortlink":"https:\/\/wp.me\/pe6lTn-gOE","_links":{"self":[{"href":"https:\/\/www.visit-ulcinj.com\/blog\/wp-json\/wp\/v2\/posts\/64644"}],"collection":[{"href":"https:\/\/www.visit-ulcinj.com\/blog\/wp-json\/wp\/v2\/posts"}],"about":[{"href":"https:\/\/www.visit-ulcinj.com\/blog\/wp-json\/wp\/v2\/types\/post"}],"author":[{"embeddable":true,"href":"https:\/\/www.visit-ulcinj.com\/blog\/wp-json\/wp\/v2\/users\/1"}],"replies":[{"embeddable":true,"href":"https:\/\/www.visit-ulcinj.com\/blog\/wp-json\/wp\/v2\/comments?post=64644"}],"version-history":[{"count":2,"href":"https:\/\/www.visit-ulcinj.com\/blog\/wp-json\/wp\/v2\/posts\/64644\/revisions"}],"predecessor-version":[{"id":64663,"href":"https:\/\/www.visit-ulcinj.com\/blog\/wp-json\/wp\/v2\/posts\/64644\/revisions\/64663"}],"wp:attachment":[{"href":"https:\/\/www.visit-ulcinj.com\/blog\/wp-json\/wp\/v2\/media?parent=64644"}],"wp:term":[{"taxonomy":"category","embeddable":true,"href":"https:\/\/www.visit-ulcinj.com\/blog\/wp-json\/wp\/v2\/categories?post=64644"},{"taxonomy":"post_tag","embeddable":true,"href":"https:\/\/www.visit-ulcinj.com\/blog\/wp-json\/wp\/v2\/tags?post=64644"}],"curies":[{"name":"wp","href":"https:\/\/api.w.org\/{rel}","templated":true}]}}