{"id":64651,"date":"2012-10-16T10:17:40","date_gmt":"2012-10-16T09:17:40","guid":{"rendered":"http:\/\/www.visit-ulcinj.com\/blog\/?p=64651"},"modified":"2012-10-16T10:20:20","modified_gmt":"2012-10-16T09:20:20","slug":"eli-fara-nga-qeraxhiu-te-kenga-cigane-video","status":"publish","type":"post","link":"https:\/\/www.visit-ulcinj.com\/blog\/2012\/10\/16\/eli-fara-nga-qeraxhiu-te-kenga-cigane-video\/","title":{"rendered":"Eli Fara, nga \u201cQeraxhiu\u201d te k\u00ebnga cigane &#8211; Video"},"content":{"rendered":"<p><a href=\"http:\/\/www.visit-ulcinj.com\/blog\/wp-content\/uploads\/2012\/10\/Eli-Fara.jpg\"><img loading=\"lazy\" class=\"alignleft size-full wp-image-64652\" title=\"Eli Fara\" src=\"http:\/\/www.visit-ulcinj.com\/blog\/wp-content\/uploads\/2012\/10\/Eli-Fara.jpg\" alt=\"\" width=\"232\" height=\"360\" \/><\/a>E mbani mend Qeraxhiun? Po po, at\u00eb t\u00eb Grebenes\u00eb? E kush nuk e ka d\u00ebgjuar t\u00eb pakt\u00ebn nj\u00ebher\u00eb at\u00eb k\u00ebng\u00eb t\u00eb Eli Far\u00ebs. Sot, n\u00eb k\u00ebt\u00eb fundjav\u00eb me \u201cShekullin\u201d do t\u00eb flasim p\u00ebr k\u00ebng\u00ebtaren q\u00eb me z\u00ebrin e saj ka b\u00ebr\u00eb p\u00ebr vet\u00eb t\u00eb rinjt\u00eb e para viteve 90\u2019 por edhe t\u00eb sotmit. P\u00eblqimi q\u00eb ka publiku p\u00ebr t\u00eb nuk ka mosh\u00eb, ashtu si\u00e7 edhe vet\u00eb Eli Fara. Duket sikur vitet nuk kan\u00eb kaluar.<\/p>\n<p>Pjes\u00ebmarrja e saj n\u00eb festivalin \u201cK\u00ebnga Magjike\u201d do t\u00eb linte m\u00eb goj\u00eb hapur adhuruesit e muzik\u00ebs s\u00eb saj. Eli nuk \u00ebsht\u00eb frekuentuese e festivaleve, por n\u00eb nj\u00eb bised\u00eb me ne na pohon se ndoshta ishte momenti i pjes\u00ebmarrjes n\u00eb k\u00ebt\u00eb konkurrim.<\/p>\n<p>&nbsp;<\/p>\n<p>\u201c\u00cbsht\u00eb nj\u00eb k\u00ebng\u00eb cigane, i k\u00ebndohet liris\u00eb s\u00eb rom\u00ebve dhe harmonis\u00eb q\u00eb ata kan\u00eb me jet\u00ebn\u201d. Sipas Elit, ideja dhe realizimi i k\u00ebng\u00ebs ishte i Adi Hil\u00ebs, po ashtu edhe p\u00ebr bashk\u00ebpunimin me grupin kor\u00e7ar rom, nj\u00eb ide pohon Eli, q\u00eb u p\u00ebrqafua menj\u00ebher\u00eb nga ajo. \u201cDoja nj\u00eb k\u00ebng\u00eb me ritme ballkanike. N\u00eb t\u00eb nd\u00ebrthuren shum\u00eb bukur violina, z\u00ebri, muzika\u2026\u201d. Komentet q\u00eb ka marr\u00eb nga njer\u00ebzit kan\u00eb qen\u00eb si asnj\u00ebher\u00eb tjet\u00ebr.<\/p>\n<p><strong>E para \u00ebsht\u00eb fjala<\/strong><\/p>\n<p>Edhe pse ajo i ka k\u00ebnduar p\u00ebrher\u00eb dashuris\u00eb, asnj\u00ebher\u00eb nuk kemi mundur t\u00eb hyjm\u00eb n\u00eb jet\u00ebn e saj private. Eli pohon se teksti \u00ebsht\u00eb nj\u00eb nga pikat e dob\u00ebta kur ajo merr nj\u00eb k\u00ebng\u00eb p\u00ebr t\u00eb k\u00ebnduar. \u201cJam maniake n\u00eb p\u00ebrzgjedhjen e tekstit\u201d, rr\u00ebfen k\u00ebng\u00ebtarja duke shtuar se, \u201cn\u00ebse fjal\u00ebt nuk jan\u00eb t\u00eb bukura, nuk mund ta k\u00ebndoj nj\u00eb k\u00ebng\u00eb\u201d. Brenda k\u00ebng\u00ebs ajo synon t\u2019i k\u00ebt\u00eb t\u00eb gjitha, poezin\u00eb, provokimin, flirtimin, dashurin\u00eb dhe rebelimin.<\/p>\n<p><strong>\u201cN\u00ebn kuror\u00ebn e ullirit\u201d<\/strong><\/p>\n<p>Pakkush e di se si ka nisur rruyg\u00ebtimi i Elit drejt\u00eb muzik\u00ebs. E kemi pyetur p\u00ebr fillimet e saj dhe na ka rr\u00ebfyer se, ka k\u00ebnduar gjithmon\u00eb p\u00ebr veten kur ishte e vog\u00ebl dhe m\u00eb pas n\u00eb korin e shkoll\u00ebs. P\u00ebr her\u00eb t\u00eb par\u00eb n\u00eb sken\u00eb ka dal\u00eb n\u00eb klas\u00ebn kat\u00ebrt fillore dhe kjo ka qen\u00eb nj\u00eb nd\u00ebr daljet e saja me emocionuese. Me kalimin e koh\u00ebs Eli tregon se konkurroji p\u00ebr kanto, ku ishte prezantuar me k\u00ebng\u00ebn \u201cN\u00ebn kuror\u00ebn e Ullirit\u201d dhe me nj\u00eb k\u00ebng\u00eb popullore. Shum\u00eb gjera i kan\u00eb ardhur vet\u00eb, madje shpesh i kan\u00eb th\u00ebn\u00eb t\u00eb tjer\u00ebt: \u201cb\u00ebje se ke nj\u00eb gj\u00eb q\u00eb duhet ta b\u00ebsh\u201d!<\/p>\n<p><strong><a href=\"http:\/\/www.visit-ulcinj.com\/blog\/wp-content\/uploads\/2012\/10\/elifara.jpg\"><img loading=\"lazy\" class=\"alignleft size-full wp-image-64655\" title=\"elifara\" src=\"http:\/\/www.visit-ulcinj.com\/blog\/wp-content\/uploads\/2012\/10\/elifara.jpg\" alt=\"\" width=\"300\" height=\"290\" \/><\/a>Shk\u00eblqimi n\u00eb 1983<\/strong><\/p>\n<p>Ajo vazhdonte liceun n\u00eb qytetin e lindjes, n\u00eb Kor\u00e7\u00eb, dhe ishte \u201cVip\u201d n\u00eb at\u00eb qytet. N\u00eb shkoll\u00ebn e muzik\u00ebs t\u00eb gjith\u00eb k\u00ebndonin, pasi p\u00ebr at\u00eb kishin shkuar aty, t\u00eb merrnin m\u00ebsime n\u00eb kanto. Eli na rr\u00ebfen se shk\u00eblqimin e ka pasur n\u00eb Festivalin Folklorik t\u00eb Gjirokastr\u00ebs, n\u00eb vitin 1983, ku me sinqeritet tregon se ka ndjer\u00eb privilegjet e nj\u00eb personi q\u00eb ka di\u00e7ka t\u00eb ve\u00e7ant\u00eb. \u201cIsha vet\u00ebm 15 vje\u00e7\u201d \u2013 tregon \u2013 \u201cdhe shok\u00ebt e shoqet e klas\u00ebs m\u00eb kishin zili q\u00eb un\u00eb ndiqja n\u00eb m\u00ebnyr\u00eb intensive provat e festivalit\u201d.<\/p>\n<p><strong>\u00c7mimi i par\u00eb<\/strong><\/p>\n<p>Eli do t\u00eb ndjente q\u00eb ishte b\u00ebr\u00eb e famshme n\u00eb fund t\u00eb viteve 80. Kjo fam\u00eb kishte t\u00eb b\u00ebnte pik\u00ebrisht me pjes\u00ebmarrjen e radh\u00ebs n\u00eb Festivalin e Gjirokastr\u00ebs n\u00eb vitin 1989. Aty ajo fitoi \u00c7mimin e Par\u00eb dhe mori vul\u00ebn e k\u00ebtij \u00e7mimi mes gjith\u00eb atij tempulli k\u00ebng\u00ebtar\u00ebsh q\u00eb kishin vite eksperienc\u00eb. P\u00ebr Elin k\u00ebto ishin hapat vendimtare drejt fam\u00ebs aq sa ajo tregon se: \u201cIshte nj\u00eb arritje e madhe, edhe pse un\u00eb deri n\u00eb fund isha si e \u00e7uditur, \u201cb\u00ebn vaki?!\u201d (qesh). Para k\u00ebtij \u00e7mimi ajo kujtohej p\u00ebr k\u00ebng\u00ebn \u201cQeraxhiu\u201d e vitit 1988.<br \/>\n<a href=\"http:\/\/www.visit-ulcinj.com\/blog\/wp-content\/uploads\/2012\/10\/eli-fara.1.jpg\"><img loading=\"lazy\" class=\"alignleft  wp-image-64653\" title=\"eli fara.1\" src=\"http:\/\/www.visit-ulcinj.com\/blog\/wp-content\/uploads\/2012\/10\/eli-fara.1.jpg\" alt=\"\" width=\"508\" height=\"600\" \/><\/a><\/p>\n<p><strong>Vajza rebele<\/strong><\/p>\n<p>Ajo nuk e ka vazhduar shkoll\u00ebn e lart\u00eb direkt pas p\u00ebrfundimit t\u00eb liceut, por disa koh\u00eb m\u00eb pas. Ka ndjekur Pedagogjiken, pasi dashuria \u201cia mori\u201d mendjen shpejt. K\u00ebng\u00ebtarja na tregon se: \u201cUn\u00eb u martova pa mbaruar vitin e kat\u00ebrt. U b\u00ebra vajz\u00eb rebele. Nuk munda q\u00eb t\u00eb shkoja n\u00eb shkoll\u00ebn e lart\u00eb, t\u00eb vazhdoja p\u00ebr kanto, por at\u00ebher\u00eb ekzistonte mund\u00ebsia q\u00eb me Liceun Artistik t\u00eb hyje direkt m\u00ebsuese n\u00eb ciklin e ul\u00ebt dhe un\u00eb n\u00eb fund t\u00eb vitit t\u00eb kat\u00ebrt isha shtatz\u00ebn\u00eb dhe fillova pun\u00eb direkt m\u00ebsuese n\u00eb ciklin e ul\u00ebt n\u00eb nj\u00eb fshat, shum\u00eb larg nga Kor\u00e7a. Megjithat\u00eb e kujtoj si nj\u00eb periudh\u00eb q\u00eb ka ndikuar tek mendimet dhe formimi im p\u00ebr pun\u00ebn dhe sakrific\u00ebn. M\u00ebsova q\u00eb \u00e7do gj\u00eb q\u00eb t\u00eb vjen ta b\u00ebsh, duhet ta b\u00ebsh. Tre vjet kam punuar n\u00eb at\u00eb fshat, ishte goxha larg, nj\u00eb or\u00eb e gjysm\u00eb n\u00eb k\u00ebmb\u00eb\u201d \u2013 rr\u00ebfen ajo nd\u00ebrsa humbet n\u00eb kujtime.<\/p>\n<p><strong>Sakrificat e nj\u00eb n\u00ebn\u00eb\u2026<\/strong><\/p>\n<p>\u201cT\u00eb rris\u00ebsh nj\u00eb f\u00ebmij\u00eb n\u00eb nj\u00eb koh\u00eb q\u00eb je p\u00ebrher\u00eb n\u00eb udh\u00ebtim, t\u00eb dal\u00ebsh nga nj\u00eb vend i mbyllur me mentalitet tjet\u00ebr dhe t\u00eb fillosh t\u00eb k\u00ebndosh n\u00eb vende t\u00eb reja, ka qen\u00eb nj\u00eb periudh\u00eb eksperimentale, shum\u00eb e panjohur p\u00ebr ne\u201d. K\u00ebshtu shprehet Eli kur e pyesim se si \u00ebsht\u00eb ndjer\u00eb dhe si e ka p\u00ebrballuar t\u00eb q\u00ebnit n\u00ebn\u00eb. Nd\u00ebrsa me kalimin e viteve gjerat p\u00ebr t\u00eb kan\u00eb ndryshuar. \u201cMe Marin\u00ebn e kam th\u00ebn\u00eb shpesh her\u00eb q\u00eb shkoj p\u00ebr mrekulli. Ajo ka qen\u00eb nj\u00eb f\u00ebmij\u00eb shum\u00eb i qet\u00eb, nuk m\u00eb lodhte, nuk qante. Ishte nj\u00eb bionde e lezetshme me flok\u00ebt e bardha t\u00eb drejta, syt\u00eb i ka pak jeshil dhe t\u00eb b\u00ebnte p\u00ebrshtypje direkt. M\u00eb d\u00ebgjonte p\u00ebr \u00e7do gj\u00eb q\u00eb i thoja, dometh\u00ebn\u00eb kam qen\u00eb e mbushur, edhe jam\u201d.<\/p>\n<p><strong>Jeta n\u00eb Tiran\u00eb<\/strong><\/p>\n<p>P\u00ebr shum\u00eb vite Eli Fara ka jetuar n\u00eb Amerik\u00eb. Nd\u00ebrsa kujton at\u00eb koh\u00eb, ajo pohon se: \u201cVitet e Amerik\u00ebs i kujtoj si m\u00eb t\u00eb mirat. Edhe p\u00ebr m\u00ebnyr\u00ebn e jetes\u00ebs edhe n\u00eb fush\u00ebn e artit. Ishin m\u00eb t\u00eb mirat sepse jetoja shum\u00eb af\u00ebr atij vendit ku k\u00ebndoja, q\u00eb ishte super-luks. Puna ime ishte vet\u00ebm t\u00eb k\u00ebndoja dhe e kisha t\u00eb sigurt \u00e7do t\u00eb premte e t\u00eb shtun\u00eb. T\u00eb diel\u00ebn l\u00ebviznim me koncerte n\u00eb shtete t\u00eb tjera, por ishte pun\u00eb e qet\u00eb, me nj\u00eb shk\u00eblqim t\u00eb papar\u00eb, qarkullonin lloj-lloj artist\u00ebsh, kishte balerina etj. U b\u00eb si qend\u00ebr e shqiptar\u00ebve, si Pallat Kulture. Pastaj jav\u00ebn e kisha t\u00eb lir\u00eb p\u00ebr t\u00eb lyer thonjt\u00eb, p\u00ebr t\u00eb b\u00ebr\u00eb pazaret, p\u00ebr t\u2019u b\u00ebr\u00eb gati p\u00ebr fundjav\u00ebn tjet\u00ebr. M\u00ebsova trenat, l\u00ebvizja vet\u00eb gjat\u00eb gjith\u00eb dit\u00ebs. Atmosfera n\u00eb Nju Jork t\u00eb jep ndjesin\u00eb sikur ke lindur atje, sikur ke qen\u00eb atje, sikur ke jetuar atje. Vendet e tjera nuk \u00ebsht\u00eb se ta japin k\u00ebt\u00eb ndjesi\u201d . Sot ajo jeton n\u00eb kryeqytet dhe k\u00ebtu nuk i mungojn\u00eb aktivitetet. S\u00eb fundmi ato p\u00ebr 100-vjetorin e Pavar\u00ebsis\u00eb.<\/p>\n<p><strong>E bukura Eli\u2026<\/strong><\/p>\n<p>Mosha dhe pamja e saj \u00ebsht\u00eb diskutuar aq shum\u00eb, sa n\u00eb \u00e7do program televiziv\u00eb ku b\u00ebhet fjal\u00eb p\u00ebr plakjen dhe parandalimin e saj, nj\u00eb nga personazhet q\u00eb merret shembull \u00ebsht\u00eb k\u00ebng\u00ebtarja Fara.<\/p>\n<p>Jan\u00eb t\u00eb shumt\u00eb ata q\u00eb kur e shohin n\u00eb televizor thon\u00eb: Si nuk \u00ebsht\u00eb plakur kjo fem\u00ebr?! Mund t\u00eb themi pa frik\u00eb q\u00eb \u00ebsht\u00eb nj\u00eb ikon\u00eb bukurie. Nuk mbahet mend q\u00eb kur i ka k\u00ebnduar 25 g\u00ebrshetave dhe sot floku i saj ruan t\u00eb nj\u00ebjtin sh\u00ebndet dhe shk\u00eblqim. Po ashtu pamja e saj t\u00eb b\u00ebn kurioz dhe gjithmon\u00eb e m\u00eb shum\u00eb d\u00ebshiron ta pyes\u00ebsh; na trego edhe ne, \u00e7far\u00eb p\u00ebrdor? Mos u merakosni, e kemi b\u00ebr\u00eb ne p\u00ebr ju. Kemi folur me t\u00eb dhe na ka treguar sekretin e t\u00eb qenit gjithmon\u00eb me nj\u00eb l\u00ebkur\u00eb t\u00eb bukur e t\u00eb fresk\u00ebt. Eli tregon se e pastron fytyr\u00ebn \u00e7do dit\u00eb me xhelin q\u00eb ajo ka zgjedhur t\u00eb aplikoj\u00eb dhe nuk ka mbajtur nj\u00eb linj\u00eb kremrash gjat\u00eb k\u00ebtyre viteve. Nj\u00ebher\u00eb n\u00eb gjasht\u00eb muaj nd\u00ebrron kremrat q\u00eb p\u00ebrdor p\u00ebr fytyr\u00ebn dhe k\u00ebto jan\u00eb t\u00eb ndrysh\u00ebm. Nj\u00ebher\u00eb n\u00eb jav\u00eb aplikon maska n\u00eb fytyr\u00eb, jo vet\u00ebm ato t\u00eb blerat n\u00eb kozmetik\u00eb, por edhe natyralet. Disa nga ato jan\u00eb, kosi, mjalti\u2026 Nj\u00eb tjet\u00ebr sekret: ushqimi. \u201cEdhe un\u00eb abuzoj\u201d \u2013 tregon k\u00ebng\u00ebtarja \u201cpor n\u00eb m\u00eb t\u00eb shumt\u00ebn e koh\u00ebs mundohem t\u00eb jem e kujdesshme, konsumoj shum\u00eb fruta dhe uj\u00eb\u201d.<\/p>\n<p><a href=\"http:\/\/www.visit-ulcinj.com\/blog\/wp-content\/uploads\/2012\/10\/elifara.1.jpg\"><img loading=\"lazy\" class=\"alignleft  wp-image-64654\" title=\"elifara.1\" src=\"http:\/\/www.visit-ulcinj.com\/blog\/wp-content\/uploads\/2012\/10\/elifara.1.jpg\" alt=\"\" width=\"500\" height=\"300\" \/><\/a><\/p>\n<p><strong>Njeriu nuk rresht s\u00eb dashuruari<\/strong><\/p>\n<p>Dy dashurit\u00eb e m\u00ebdha t\u00eb sajat q\u00eb kan\u00eb dal n\u00eb pah jan\u00eb, vajza dhe muzika, p\u00ebr t\u00eb tjerat ajo nuk ka folur asnj\u00ebher\u00eb. Edhe sot, shprehet se: \u201cPuna nuk t\u00eb tradhton dhe sigurisht dashuria p\u00ebr f\u00ebmij\u00ebn mbetet dashuria m\u00eb e madhe p\u00ebr nj\u00eb njeri. Dashuri t\u00eb tjera, nuk \u00ebsht\u00eb q\u00eb nuk kam dashuruar, si \u00e7do fem\u00ebr. Un\u00eb nuk e quaj normale q\u00eb t\u00eb them q\u00eb s\u2019kam dashuruar apo nuk dashuroj. S\u2019ka kuptim, nuk \u00ebsht\u00eb njer\u00ebzore. Ato gj\u00ebra q\u00eb ndiej n\u00eb at\u00eb pjes\u00eb, jan\u00eb pjesa ime. Nuk dua ta ndaj me t\u00eb tjer\u00ebt, \u00ebsht\u00eb privat\u00ebsia ime. Mendoj se njeriu nuk rresht s\u00eb dashuruari\u201d- p\u00ebrfundon Eli.<\/p>\n<p><strong>Eli si shofere<\/strong><\/p>\n<p>\u201cKam qen\u00eb nga t\u00eb parat q\u00eb kam pasur makin\u00eb. Makin\u00ebn e kam marr\u00eb n\u00eb \u201993. Kisha nj\u00eb Benz dhe b\u00ebja vet\u00eb rrug\u00ebn nga Kor\u00e7a n\u00eb Tiran\u00eb. At\u00ebher\u00eb, si\u00e7 e thash\u00eb, nuk kishte shum\u00eb makina dhe n\u00eb Tiran\u00eb bije n\u00eb sy. Pastaj e lash\u00eb makin\u00ebn p\u00ebr nj\u00eb koh\u00eb, tani e kam prap\u00eb. Gjithsesi m\u00eb p\u00eblqen q\u00eb n\u00eb rrug\u00eb t\u00eb gjata, t\u00eb jem pasagjere, t\u00eb jem n\u00eb at\u00eb bot\u00ebn time, t\u00eb shijoj udh\u00ebtimin\u201d.<\/p>\n<p>Entela Resuli Gazeta Shekulli<br \/>\n<iframe loading=\"lazy\" src=\"http:\/\/www.youtube.com\/embed\/raat_YsatH0?rel=0\" frameborder=\"0\" width=\"506\" height=\"360\"><\/iframe><\/p>\n","protected":false},"excerpt":{"rendered":"<p>E mbani mend Qeraxhiun? Po po, at\u00eb t\u00eb Grebenes\u00eb? E kush nuk e ka d\u00ebgjuar t\u00eb pakt\u00ebn nj\u00ebher\u00eb at\u00eb k\u00ebng\u00eb t\u00eb Eli Far\u00ebs. Sot, n\u00eb k\u00ebt\u00eb fundjav\u00eb me \u201cShekullin\u201d do t\u00eb flasim p\u00ebr k\u00ebng\u00ebtaren q\u00eb me z\u00ebrin e saj ka b\u00ebr\u00eb p\u00ebr vet\u00eb t\u00eb rinjt\u00eb e para viteve 90\u2019 por edhe t\u00eb sotmit. P\u00eblqimi q\u00eb [&hellip;]<\/p>\n","protected":false},"author":1,"featured_media":0,"comment_status":"open","ping_status":"closed","sticky":false,"template":"","format":"standard","meta":{"spay_email":"","jetpack_publicize_message":"","jetpack_is_tweetstorm":false,"jetpack_publicize_feature_enabled":true},"categories":[1],"tags":[19677,5007,19806,16036,19514,19511,19513,4684,19460],"jetpack_publicize_connections":[],"yoast_head":"<!-- This site is optimized with the Yoast SEO plugin v19.1 - https:\/\/yoast.com\/wordpress\/plugins\/seo\/ -->\n<title>Eli Fara, nga \u201cQeraxhiu\u201d te k\u00ebnga cigane - Video - Lajme nga Ulqini<\/title>\n<meta name=\"description\" content=\"E mbani mend Qeraxhiun? Po po, at\u00eb t\u00eb Grebenes\u00eb? E kush nuk e ka d\u00ebgjuar t\u00eb pakt\u00ebn nj\u00ebher\u00eb at\u00eb k\u00ebng\u00eb t\u00eb Eli Far\u00ebs. Sot, n\u00eb k\u00ebt\u00eb fundjav\u00eb me \u201cShekullin\u201d do\" \/>\n<meta name=\"robots\" content=\"index, follow, max-snippet:-1, max-image-preview:large, max-video-preview:-1\" \/>\n<link rel=\"canonical\" href=\"https:\/\/www.visit-ulcinj.com\/blog\/2012\/10\/16\/eli-fara-nga-qeraxhiu-te-kenga-cigane-video\/\" \/>\n<meta property=\"og:locale\" content=\"en_US\" \/>\n<meta property=\"og:type\" content=\"article\" \/>\n<meta property=\"og:title\" content=\"Eli Fara, nga \u201cQeraxhiu\u201d te k\u00ebnga cigane - Video - Lajme nga Ulqini\" \/>\n<meta property=\"og:description\" content=\"E mbani mend Qeraxhiun? Po po, at\u00eb t\u00eb Grebenes\u00eb? E kush nuk e ka d\u00ebgjuar t\u00eb pakt\u00ebn nj\u00ebher\u00eb at\u00eb k\u00ebng\u00eb t\u00eb Eli Far\u00ebs. Sot, n\u00eb k\u00ebt\u00eb fundjav\u00eb me \u201cShekullin\u201d do\" \/>\n<meta property=\"og:url\" content=\"https:\/\/www.visit-ulcinj.com\/blog\/2012\/10\/16\/eli-fara-nga-qeraxhiu-te-kenga-cigane-video\/\" \/>\n<meta property=\"og:site_name\" content=\"Lajme nga Ulqini\" \/>\n<meta property=\"article:published_time\" content=\"2012-10-16T09:17:40+00:00\" \/>\n<meta property=\"article:modified_time\" content=\"2012-10-16T09:20:20+00:00\" \/>\n<meta property=\"og:image\" content=\"http:\/\/www.visit-ulcinj.com\/blog\/wp-content\/uploads\/2012\/10\/Eli-Fara.jpg\" \/>\n<meta name=\"twitter:label1\" content=\"Written by\" \/>\n\t<meta name=\"twitter:data1\" content=\"ulqini\" \/>\n\t<meta name=\"twitter:label2\" content=\"Est. reading time\" \/>\n\t<meta name=\"twitter:data2\" content=\"8 minutes\" \/>\n<script type=\"application\/ld+json\" class=\"yoast-schema-graph\">{\"@context\":\"https:\/\/schema.org\",\"@graph\":[{\"@type\":\"WebSite\",\"@id\":\"https:\/\/www.visit-ulcinj.com\/blog\/#website\",\"url\":\"https:\/\/www.visit-ulcinj.com\/blog\/\",\"name\":\"Lajme nga Ulqini\",\"description\":\"Lajme,Vijesti,Ulqini,Ulqin,Crna Gora,Mali i Zi\",\"potentialAction\":[{\"@type\":\"SearchAction\",\"target\":{\"@type\":\"EntryPoint\",\"urlTemplate\":\"https:\/\/www.visit-ulcinj.com\/blog\/?s={search_term_string}\"},\"query-input\":\"required name=search_term_string\"}],\"inLanguage\":\"en-US\"},{\"@type\":\"ImageObject\",\"inLanguage\":\"en-US\",\"@id\":\"https:\/\/www.visit-ulcinj.com\/blog\/2012\/10\/16\/eli-fara-nga-qeraxhiu-te-kenga-cigane-video\/#primaryimage\",\"url\":\"http:\/\/www.visit-ulcinj.com\/blog\/wp-content\/uploads\/2012\/10\/Eli-Fara.jpg\",\"contentUrl\":\"http:\/\/www.visit-ulcinj.com\/blog\/wp-content\/uploads\/2012\/10\/Eli-Fara.jpg\"},{\"@type\":\"WebPage\",\"@id\":\"https:\/\/www.visit-ulcinj.com\/blog\/2012\/10\/16\/eli-fara-nga-qeraxhiu-te-kenga-cigane-video\/#webpage\",\"url\":\"https:\/\/www.visit-ulcinj.com\/blog\/2012\/10\/16\/eli-fara-nga-qeraxhiu-te-kenga-cigane-video\/\",\"name\":\"Eli Fara, nga \u201cQeraxhiu\u201d te k\u00ebnga cigane - Video - Lajme nga Ulqini\",\"isPartOf\":{\"@id\":\"https:\/\/www.visit-ulcinj.com\/blog\/#website\"},\"primaryImageOfPage\":{\"@id\":\"https:\/\/www.visit-ulcinj.com\/blog\/2012\/10\/16\/eli-fara-nga-qeraxhiu-te-kenga-cigane-video\/#primaryimage\"},\"datePublished\":\"2012-10-16T09:17:40+00:00\",\"dateModified\":\"2012-10-16T09:20:20+00:00\",\"author\":{\"@id\":\"https:\/\/www.visit-ulcinj.com\/blog\/#\/schema\/person\/dcab619c614d3038751c63bc2aadc06d\"},\"description\":\"E mbani mend Qeraxhiun? Po po, at\u00eb t\u00eb Grebenes\u00eb? E kush nuk e ka d\u00ebgjuar t\u00eb pakt\u00ebn nj\u00ebher\u00eb at\u00eb k\u00ebng\u00eb t\u00eb Eli Far\u00ebs. Sot, n\u00eb k\u00ebt\u00eb fundjav\u00eb me \u201cShekullin\u201d do\",\"breadcrumb\":{\"@id\":\"https:\/\/www.visit-ulcinj.com\/blog\/2012\/10\/16\/eli-fara-nga-qeraxhiu-te-kenga-cigane-video\/#breadcrumb\"},\"inLanguage\":\"en-US\",\"potentialAction\":[{\"@type\":\"ReadAction\",\"target\":[\"https:\/\/www.visit-ulcinj.com\/blog\/2012\/10\/16\/eli-fara-nga-qeraxhiu-te-kenga-cigane-video\/\"]}]},{\"@type\":\"BreadcrumbList\",\"@id\":\"https:\/\/www.visit-ulcinj.com\/blog\/2012\/10\/16\/eli-fara-nga-qeraxhiu-te-kenga-cigane-video\/#breadcrumb\",\"itemListElement\":[{\"@type\":\"ListItem\",\"position\":1,\"name\":\"Eli Fara, nga \u201cQeraxhiu\u201d te k\u00ebnga cigane &#8211; Video\"}]},{\"@type\":\"Person\",\"@id\":\"https:\/\/www.visit-ulcinj.com\/blog\/#\/schema\/person\/dcab619c614d3038751c63bc2aadc06d\",\"name\":\"ulqini\",\"sameAs\":[\"http:\/\/www.visit-ulcinj.com\"],\"url\":\"https:\/\/www.visit-ulcinj.com\/blog\/author\/admin\/\"}]}<\/script>\n<!-- \/ Yoast SEO plugin. -->","yoast_head_json":{"title":"Eli Fara, nga \u201cQeraxhiu\u201d te k\u00ebnga cigane - Video - Lajme nga Ulqini","description":"E mbani mend Qeraxhiun? Po po, at\u00eb t\u00eb Grebenes\u00eb? E kush nuk e ka d\u00ebgjuar t\u00eb pakt\u00ebn nj\u00ebher\u00eb at\u00eb k\u00ebng\u00eb t\u00eb Eli Far\u00ebs. Sot, n\u00eb k\u00ebt\u00eb fundjav\u00eb me \u201cShekullin\u201d do","robots":{"index":"index","follow":"follow","max-snippet":"max-snippet:-1","max-image-preview":"max-image-preview:large","max-video-preview":"max-video-preview:-1"},"canonical":"https:\/\/www.visit-ulcinj.com\/blog\/2012\/10\/16\/eli-fara-nga-qeraxhiu-te-kenga-cigane-video\/","og_locale":"en_US","og_type":"article","og_title":"Eli Fara, nga \u201cQeraxhiu\u201d te k\u00ebnga cigane - Video - Lajme nga Ulqini","og_description":"E mbani mend Qeraxhiun? Po po, at\u00eb t\u00eb Grebenes\u00eb? E kush nuk e ka d\u00ebgjuar t\u00eb pakt\u00ebn nj\u00ebher\u00eb at\u00eb k\u00ebng\u00eb t\u00eb Eli Far\u00ebs. Sot, n\u00eb k\u00ebt\u00eb fundjav\u00eb me \u201cShekullin\u201d do","og_url":"https:\/\/www.visit-ulcinj.com\/blog\/2012\/10\/16\/eli-fara-nga-qeraxhiu-te-kenga-cigane-video\/","og_site_name":"Lajme nga Ulqini","article_published_time":"2012-10-16T09:17:40+00:00","article_modified_time":"2012-10-16T09:20:20+00:00","og_image":[{"url":"http:\/\/www.visit-ulcinj.com\/blog\/wp-content\/uploads\/2012\/10\/Eli-Fara.jpg"}],"twitter_misc":{"Written by":"ulqini","Est. reading time":"8 minutes"},"schema":{"@context":"https:\/\/schema.org","@graph":[{"@type":"WebSite","@id":"https:\/\/www.visit-ulcinj.com\/blog\/#website","url":"https:\/\/www.visit-ulcinj.com\/blog\/","name":"Lajme nga Ulqini","description":"Lajme,Vijesti,Ulqini,Ulqin,Crna Gora,Mali i Zi","potentialAction":[{"@type":"SearchAction","target":{"@type":"EntryPoint","urlTemplate":"https:\/\/www.visit-ulcinj.com\/blog\/?s={search_term_string}"},"query-input":"required name=search_term_string"}],"inLanguage":"en-US"},{"@type":"ImageObject","inLanguage":"en-US","@id":"https:\/\/www.visit-ulcinj.com\/blog\/2012\/10\/16\/eli-fara-nga-qeraxhiu-te-kenga-cigane-video\/#primaryimage","url":"http:\/\/www.visit-ulcinj.com\/blog\/wp-content\/uploads\/2012\/10\/Eli-Fara.jpg","contentUrl":"http:\/\/www.visit-ulcinj.com\/blog\/wp-content\/uploads\/2012\/10\/Eli-Fara.jpg"},{"@type":"WebPage","@id":"https:\/\/www.visit-ulcinj.com\/blog\/2012\/10\/16\/eli-fara-nga-qeraxhiu-te-kenga-cigane-video\/#webpage","url":"https:\/\/www.visit-ulcinj.com\/blog\/2012\/10\/16\/eli-fara-nga-qeraxhiu-te-kenga-cigane-video\/","name":"Eli Fara, nga \u201cQeraxhiu\u201d te k\u00ebnga cigane - Video - Lajme nga Ulqini","isPartOf":{"@id":"https:\/\/www.visit-ulcinj.com\/blog\/#website"},"primaryImageOfPage":{"@id":"https:\/\/www.visit-ulcinj.com\/blog\/2012\/10\/16\/eli-fara-nga-qeraxhiu-te-kenga-cigane-video\/#primaryimage"},"datePublished":"2012-10-16T09:17:40+00:00","dateModified":"2012-10-16T09:20:20+00:00","author":{"@id":"https:\/\/www.visit-ulcinj.com\/blog\/#\/schema\/person\/dcab619c614d3038751c63bc2aadc06d"},"description":"E mbani mend Qeraxhiun? Po po, at\u00eb t\u00eb Grebenes\u00eb? E kush nuk e ka d\u00ebgjuar t\u00eb pakt\u00ebn nj\u00ebher\u00eb at\u00eb k\u00ebng\u00eb t\u00eb Eli Far\u00ebs. Sot, n\u00eb k\u00ebt\u00eb fundjav\u00eb me \u201cShekullin\u201d do","breadcrumb":{"@id":"https:\/\/www.visit-ulcinj.com\/blog\/2012\/10\/16\/eli-fara-nga-qeraxhiu-te-kenga-cigane-video\/#breadcrumb"},"inLanguage":"en-US","potentialAction":[{"@type":"ReadAction","target":["https:\/\/www.visit-ulcinj.com\/blog\/2012\/10\/16\/eli-fara-nga-qeraxhiu-te-kenga-cigane-video\/"]}]},{"@type":"BreadcrumbList","@id":"https:\/\/www.visit-ulcinj.com\/blog\/2012\/10\/16\/eli-fara-nga-qeraxhiu-te-kenga-cigane-video\/#breadcrumb","itemListElement":[{"@type":"ListItem","position":1,"name":"Eli Fara, nga \u201cQeraxhiu\u201d te k\u00ebnga cigane &#8211; Video"}]},{"@type":"Person","@id":"https:\/\/www.visit-ulcinj.com\/blog\/#\/schema\/person\/dcab619c614d3038751c63bc2aadc06d","name":"ulqini","sameAs":["http:\/\/www.visit-ulcinj.com"],"url":"https:\/\/www.visit-ulcinj.com\/blog\/author\/admin\/"}]}},"jetpack_featured_media_url":"","jetpack_sharing_enabled":true,"jetpack_shortlink":"https:\/\/wp.me\/pe6lTn-gOL","_links":{"self":[{"href":"https:\/\/www.visit-ulcinj.com\/blog\/wp-json\/wp\/v2\/posts\/64651"}],"collection":[{"href":"https:\/\/www.visit-ulcinj.com\/blog\/wp-json\/wp\/v2\/posts"}],"about":[{"href":"https:\/\/www.visit-ulcinj.com\/blog\/wp-json\/wp\/v2\/types\/post"}],"author":[{"embeddable":true,"href":"https:\/\/www.visit-ulcinj.com\/blog\/wp-json\/wp\/v2\/users\/1"}],"replies":[{"embeddable":true,"href":"https:\/\/www.visit-ulcinj.com\/blog\/wp-json\/wp\/v2\/comments?post=64651"}],"version-history":[{"count":3,"href":"https:\/\/www.visit-ulcinj.com\/blog\/wp-json\/wp\/v2\/posts\/64651\/revisions"}],"predecessor-version":[{"id":64658,"href":"https:\/\/www.visit-ulcinj.com\/blog\/wp-json\/wp\/v2\/posts\/64651\/revisions\/64658"}],"wp:attachment":[{"href":"https:\/\/www.visit-ulcinj.com\/blog\/wp-json\/wp\/v2\/media?parent=64651"}],"wp:term":[{"taxonomy":"category","embeddable":true,"href":"https:\/\/www.visit-ulcinj.com\/blog\/wp-json\/wp\/v2\/categories?post=64651"},{"taxonomy":"post_tag","embeddable":true,"href":"https:\/\/www.visit-ulcinj.com\/blog\/wp-json\/wp\/v2\/tags?post=64651"}],"curies":[{"name":"wp","href":"https:\/\/api.w.org\/{rel}","templated":true}]}}