{"id":6470,"date":"2008-11-22T12:41:46","date_gmt":"2008-11-22T17:41:46","guid":{"rendered":"http:\/\/www.visit-ulcinj.com\/blog\/?p=6470"},"modified":"2008-11-22T12:41:46","modified_gmt":"2008-11-22T17:41:46","slug":"dom-kulture-ulcinjsve-je-bilo-po-zakonu","status":"publish","type":"post","link":"https:\/\/www.visit-ulcinj.com\/blog\/2008\/11\/22\/dom-kulture-ulcinjsve-je-bilo-po-zakonu\/","title":{"rendered":"Dom kulture Ulcinj:Sve je bilo po zakonu"},"content":{"rendered":"<p><a href=\"http:\/\/www.visit-ulcinj.com\/blog\/wp-content\/uploads\/2008\/09\/gzim-hajdinaga_gvozdenovic.jpg\"><img loading=\"lazy\" class=\"alignleft\" title=\"Dom kulture Ulcinj\" src=\"http:\/\/www.visit-ulcinj.com\/blog\/wp-content\/uploads\/2008\/09\/gzim-hajdinaga_gvozdenovic.jpg\" alt=\"\" width=\"363\" height=\"221\" \/><\/a><strong>Iz direkcije javnih radova negiraju da su poku\u0161ali da namjeste tender od 215.000 eura<\/strong><br \/>\nPodgorica &#8211; Direkcija javnih radova reagovala je ju?e na tekst objavljen u \u201cVijestima\u201d pod naslovom \u201eNekome namje\u0161tali posao od 215.000\u201c.<br \/>\n&#8211; Da smo htjeli posao postavljanja scenske rasvjete i ozvu?enja u sali Doma kulture u Ulcinju, da \u201enamjestimo\u201c nekoj firmi, ne bi bilo potrebe da raspisujemo tender ?etiri puta, jer je poznato kolika je to procedura i koliko ko\u0161ta. Podatak u tekstu, da je dr\u017eavna komisija za kontrolu postupka javnih nabavki, poni\u0161tila tender ta?an je, ali ne i razlog za poni\u0161tenje, koji ste naveli. Na odluku drugostepenog organa, Direkcija javnih radova podnije?e tu\u017ebu<br \/>\nUpravnom sudu, jer su predvidjeli podatak da Knjiga II tenderske dokumentacije predmjer radova sadr\u017ei dio u kome se jasno ka\u017ee da: \u201eponu?a? mo\u017ee nuditi i drugu opremu koja je istih ili boljih tehni?kih karakteristika od navedene. Na predmetnom predmjeru je potrebno popuniti sve jedini?ne cijene dok je na zasebnoj specifikaciji potrebno taksativno navesti koja stavka ili dio sistema se mijenja sa potrebnim opisom i odgovaraju?im katalo\u0161kim prilogom u kome su navedene sve potrebne tehni?ke i druge karakteristike\u201c. Ubije?en sam da je sve bilo po zakonu i kako treba, \u0161to ?emo i dokazati. Najgora stvar, zbog koje izuzetno \u017ealimo, je \u0161to je taj posao usporen, jer ne?e biti realizovan ove godine.<br \/>\nRazlog, koji je ?ak nagla\u0161en u naslovu, nigdje nije naveden, a mo\u017ee se primijetiti ni u samom Va\u0161em tekstu. To je velika optu\u017eba, a nepotkrijepljena je ?injenicama. Direkcija javnih radova uvijek je transparentno obavljala posao, tako da smo novinarima uvijek dostupni.<br \/>\nKompanija Euro-unit u?estvovala je u sva ?etiri javna nadmetanja, ali zbog nedostatka odgovaraju?e dokumentacija odbijena je u prethodna tri. Javno otvaranje za posljednje javno nadmetanje nije obavljeno, jer je ulo\u017een prigovor, a kasnije i \u017ealba. Naime, ponu?a? Euro-unit, u prvom nadmetanju nije dostavio dokaz od organa uprave za porez, kao ni organizaciju penzijskog i zdravstvenog osiguranja, odnosno dokaz da je izvr\u0161ena obaveza pla?anja poreza i doprinosa. Ta kompanija nije dostavila ni izvod, odnosno potvrdu o finansijskoj podobnosti banke, \u0161to su bili obavezni da urade u skladu sa ?lanom 51 Zakona o javnim nabavkama i \u0161to je tra\u017eeno samim pozivom i tenderskom dokumentacijom.<br \/>\nZaklju?ak je da je ponuda bila neispravna po ?lanu 69 stav 2 i stav 5 Zakona o javnim nabavkama.<br \/>\nTako?e, ni u jednom procesu nijesu dostavili jednu od najva\u017enijih dokumentacija, odnosno dokaz o ugradnji minimum dvije sli?ne opreme, uz obavezno dostavljenu preporuku od investitora. Obaveza je bila i da servisiraju opremu i da prilo\u017ee ovla\u0161?enje od proizvo?a?a opreme da je autorizovan da je zastupa, \u0161to oni, naravno, nijesu dostavili.<br \/>\nNedostataka je bilo jo\u0161, potrudili smo se da navedemo najva\u017enije, kako bismo ?itaocima, pribli\u017eili dosada\u0161nju proceduru. Posjedujemo cijelu dokumentaciju. I sada, a i ubudu?e otvoreni smo za suradnju &#8211; stoji u reagovanju koje je potpisao direktor Direkcije \u017darko \u017divkovi?.<br \/>\n<strong>Izvor \/ Vijesti<\/strong><\/p>\n","protected":false},"excerpt":{"rendered":"<p>Iz direkcije javnih radova negiraju da su poku\u0161ali da namjeste tender od 215.000 eura Podgorica &#8211; Direkcija javnih radova reagovala je ju?e na tekst objavljen u \u201cVijestima\u201d pod naslovom \u201eNekome namje\u0161tali posao od 215.000\u201c. &#8211; Da smo htjeli posao postavljanja scenske rasvjete i ozvu?enja u sali Doma kulture u Ulcinju, da \u201enamjestimo\u201c nekoj firmi, ne [&hellip;]<\/p>\n","protected":false},"author":1,"featured_media":0,"comment_status":"open","ping_status":"closed","sticky":false,"template":"","format":"standard","meta":{"spay_email":"","jetpack_publicize_message":"","jetpack_is_tweetstorm":false,"jetpack_publicize_feature_enabled":true},"categories":[11],"tags":[5113,5114],"jetpack_publicize_connections":[],"yoast_head":"<!-- This site is optimized with the Yoast SEO plugin v19.1 - https:\/\/yoast.com\/wordpress\/plugins\/seo\/ -->\n<title>Dom kulture Ulcinj:Sve je bilo po zakonu - Lajme nga Ulqini<\/title>\n<meta name=\"description\" content=\"Iz direkcije javnih radova negiraju da su poku\u0161ali da namjeste tender od 215.000 eura Podgorica - Direkcija javnih radova reagovala je ju?e na tekst\" \/>\n<meta name=\"robots\" content=\"index, follow, max-snippet:-1, max-image-preview:large, max-video-preview:-1\" \/>\n<link rel=\"canonical\" href=\"https:\/\/www.visit-ulcinj.com\/blog\/2008\/11\/22\/dom-kulture-ulcinjsve-je-bilo-po-zakonu\/\" \/>\n<meta property=\"og:locale\" content=\"en_US\" \/>\n<meta property=\"og:type\" content=\"article\" \/>\n<meta property=\"og:title\" content=\"Dom kulture Ulcinj:Sve je bilo po zakonu - Lajme nga Ulqini\" \/>\n<meta property=\"og:description\" content=\"Iz direkcije javnih radova negiraju da su poku\u0161ali da namjeste tender od 215.000 eura Podgorica - Direkcija javnih radova reagovala je ju?e na tekst\" \/>\n<meta property=\"og:url\" content=\"https:\/\/www.visit-ulcinj.com\/blog\/2008\/11\/22\/dom-kulture-ulcinjsve-je-bilo-po-zakonu\/\" \/>\n<meta property=\"og:site_name\" content=\"Lajme nga Ulqini\" \/>\n<meta property=\"article:published_time\" content=\"2008-11-22T17:41:46+00:00\" \/>\n<meta property=\"og:image\" content=\"http:\/\/www.visit-ulcinj.com\/blog\/wp-content\/uploads\/2008\/09\/gzim-hajdinaga_gvozdenovic.jpg\" \/>\n<meta name=\"twitter:label1\" content=\"Written by\" \/>\n\t<meta name=\"twitter:data1\" content=\"ulqini\" \/>\n\t<meta name=\"twitter:label2\" content=\"Est. reading time\" \/>\n\t<meta name=\"twitter:data2\" content=\"3 minutes\" \/>\n<script type=\"application\/ld+json\" class=\"yoast-schema-graph\">{\"@context\":\"https:\/\/schema.org\",\"@graph\":[{\"@type\":\"WebSite\",\"@id\":\"https:\/\/www.visit-ulcinj.com\/blog\/#website\",\"url\":\"https:\/\/www.visit-ulcinj.com\/blog\/\",\"name\":\"Lajme nga Ulqini\",\"description\":\"Lajme,Vijesti,Ulqini,Ulqin,Crna Gora,Mali i Zi\",\"potentialAction\":[{\"@type\":\"SearchAction\",\"target\":{\"@type\":\"EntryPoint\",\"urlTemplate\":\"https:\/\/www.visit-ulcinj.com\/blog\/?s={search_term_string}\"},\"query-input\":\"required name=search_term_string\"}],\"inLanguage\":\"en-US\"},{\"@type\":\"ImageObject\",\"inLanguage\":\"en-US\",\"@id\":\"https:\/\/www.visit-ulcinj.com\/blog\/2008\/11\/22\/dom-kulture-ulcinjsve-je-bilo-po-zakonu\/#primaryimage\",\"url\":\"http:\/\/www.visit-ulcinj.com\/blog\/wp-content\/uploads\/2008\/09\/gzim-hajdinaga_gvozdenovic.jpg\",\"contentUrl\":\"http:\/\/www.visit-ulcinj.com\/blog\/wp-content\/uploads\/2008\/09\/gzim-hajdinaga_gvozdenovic.jpg\"},{\"@type\":\"WebPage\",\"@id\":\"https:\/\/www.visit-ulcinj.com\/blog\/2008\/11\/22\/dom-kulture-ulcinjsve-je-bilo-po-zakonu\/#webpage\",\"url\":\"https:\/\/www.visit-ulcinj.com\/blog\/2008\/11\/22\/dom-kulture-ulcinjsve-je-bilo-po-zakonu\/\",\"name\":\"Dom kulture Ulcinj:Sve je bilo po zakonu - Lajme nga Ulqini\",\"isPartOf\":{\"@id\":\"https:\/\/www.visit-ulcinj.com\/blog\/#website\"},\"primaryImageOfPage\":{\"@id\":\"https:\/\/www.visit-ulcinj.com\/blog\/2008\/11\/22\/dom-kulture-ulcinjsve-je-bilo-po-zakonu\/#primaryimage\"},\"datePublished\":\"2008-11-22T17:41:46+00:00\",\"dateModified\":\"2008-11-22T17:41:46+00:00\",\"author\":{\"@id\":\"https:\/\/www.visit-ulcinj.com\/blog\/#\/schema\/person\/dcab619c614d3038751c63bc2aadc06d\"},\"description\":\"Iz direkcije javnih radova negiraju da su poku\u0161ali da namjeste tender od 215.000 eura Podgorica - Direkcija javnih radova reagovala je ju?e na tekst\",\"breadcrumb\":{\"@id\":\"https:\/\/www.visit-ulcinj.com\/blog\/2008\/11\/22\/dom-kulture-ulcinjsve-je-bilo-po-zakonu\/#breadcrumb\"},\"inLanguage\":\"en-US\",\"potentialAction\":[{\"@type\":\"ReadAction\",\"target\":[\"https:\/\/www.visit-ulcinj.com\/blog\/2008\/11\/22\/dom-kulture-ulcinjsve-je-bilo-po-zakonu\/\"]}]},{\"@type\":\"BreadcrumbList\",\"@id\":\"https:\/\/www.visit-ulcinj.com\/blog\/2008\/11\/22\/dom-kulture-ulcinjsve-je-bilo-po-zakonu\/#breadcrumb\",\"itemListElement\":[{\"@type\":\"ListItem\",\"position\":1,\"name\":\"Dom kulture Ulcinj:Sve je bilo po zakonu\"}]},{\"@type\":\"Person\",\"@id\":\"https:\/\/www.visit-ulcinj.com\/blog\/#\/schema\/person\/dcab619c614d3038751c63bc2aadc06d\",\"name\":\"ulqini\",\"sameAs\":[\"http:\/\/www.visit-ulcinj.com\"],\"url\":\"https:\/\/www.visit-ulcinj.com\/blog\/author\/admin\/\"}]}<\/script>\n<!-- \/ Yoast SEO plugin. -->","yoast_head_json":{"title":"Dom kulture Ulcinj:Sve je bilo po zakonu - Lajme nga Ulqini","description":"Iz direkcije javnih radova negiraju da su poku\u0161ali da namjeste tender od 215.000 eura Podgorica - Direkcija javnih radova reagovala je ju?e na tekst","robots":{"index":"index","follow":"follow","max-snippet":"max-snippet:-1","max-image-preview":"max-image-preview:large","max-video-preview":"max-video-preview:-1"},"canonical":"https:\/\/www.visit-ulcinj.com\/blog\/2008\/11\/22\/dom-kulture-ulcinjsve-je-bilo-po-zakonu\/","og_locale":"en_US","og_type":"article","og_title":"Dom kulture Ulcinj:Sve je bilo po zakonu - Lajme nga Ulqini","og_description":"Iz direkcije javnih radova negiraju da su poku\u0161ali da namjeste tender od 215.000 eura Podgorica - Direkcija javnih radova reagovala je ju?e na tekst","og_url":"https:\/\/www.visit-ulcinj.com\/blog\/2008\/11\/22\/dom-kulture-ulcinjsve-je-bilo-po-zakonu\/","og_site_name":"Lajme nga Ulqini","article_published_time":"2008-11-22T17:41:46+00:00","og_image":[{"url":"http:\/\/www.visit-ulcinj.com\/blog\/wp-content\/uploads\/2008\/09\/gzim-hajdinaga_gvozdenovic.jpg"}],"twitter_misc":{"Written by":"ulqini","Est. reading time":"3 minutes"},"schema":{"@context":"https:\/\/schema.org","@graph":[{"@type":"WebSite","@id":"https:\/\/www.visit-ulcinj.com\/blog\/#website","url":"https:\/\/www.visit-ulcinj.com\/blog\/","name":"Lajme nga Ulqini","description":"Lajme,Vijesti,Ulqini,Ulqin,Crna Gora,Mali i Zi","potentialAction":[{"@type":"SearchAction","target":{"@type":"EntryPoint","urlTemplate":"https:\/\/www.visit-ulcinj.com\/blog\/?s={search_term_string}"},"query-input":"required name=search_term_string"}],"inLanguage":"en-US"},{"@type":"ImageObject","inLanguage":"en-US","@id":"https:\/\/www.visit-ulcinj.com\/blog\/2008\/11\/22\/dom-kulture-ulcinjsve-je-bilo-po-zakonu\/#primaryimage","url":"http:\/\/www.visit-ulcinj.com\/blog\/wp-content\/uploads\/2008\/09\/gzim-hajdinaga_gvozdenovic.jpg","contentUrl":"http:\/\/www.visit-ulcinj.com\/blog\/wp-content\/uploads\/2008\/09\/gzim-hajdinaga_gvozdenovic.jpg"},{"@type":"WebPage","@id":"https:\/\/www.visit-ulcinj.com\/blog\/2008\/11\/22\/dom-kulture-ulcinjsve-je-bilo-po-zakonu\/#webpage","url":"https:\/\/www.visit-ulcinj.com\/blog\/2008\/11\/22\/dom-kulture-ulcinjsve-je-bilo-po-zakonu\/","name":"Dom kulture Ulcinj:Sve je bilo po zakonu - Lajme nga Ulqini","isPartOf":{"@id":"https:\/\/www.visit-ulcinj.com\/blog\/#website"},"primaryImageOfPage":{"@id":"https:\/\/www.visit-ulcinj.com\/blog\/2008\/11\/22\/dom-kulture-ulcinjsve-je-bilo-po-zakonu\/#primaryimage"},"datePublished":"2008-11-22T17:41:46+00:00","dateModified":"2008-11-22T17:41:46+00:00","author":{"@id":"https:\/\/www.visit-ulcinj.com\/blog\/#\/schema\/person\/dcab619c614d3038751c63bc2aadc06d"},"description":"Iz direkcije javnih radova negiraju da su poku\u0161ali da namjeste tender od 215.000 eura Podgorica - Direkcija javnih radova reagovala je ju?e na tekst","breadcrumb":{"@id":"https:\/\/www.visit-ulcinj.com\/blog\/2008\/11\/22\/dom-kulture-ulcinjsve-je-bilo-po-zakonu\/#breadcrumb"},"inLanguage":"en-US","potentialAction":[{"@type":"ReadAction","target":["https:\/\/www.visit-ulcinj.com\/blog\/2008\/11\/22\/dom-kulture-ulcinjsve-je-bilo-po-zakonu\/"]}]},{"@type":"BreadcrumbList","@id":"https:\/\/www.visit-ulcinj.com\/blog\/2008\/11\/22\/dom-kulture-ulcinjsve-je-bilo-po-zakonu\/#breadcrumb","itemListElement":[{"@type":"ListItem","position":1,"name":"Dom kulture Ulcinj:Sve je bilo po zakonu"}]},{"@type":"Person","@id":"https:\/\/www.visit-ulcinj.com\/blog\/#\/schema\/person\/dcab619c614d3038751c63bc2aadc06d","name":"ulqini","sameAs":["http:\/\/www.visit-ulcinj.com"],"url":"https:\/\/www.visit-ulcinj.com\/blog\/author\/admin\/"}]}},"jetpack_featured_media_url":"","jetpack_sharing_enabled":true,"jetpack_shortlink":"https:\/\/wp.me\/pe6lTn-1Gm","_links":{"self":[{"href":"https:\/\/www.visit-ulcinj.com\/blog\/wp-json\/wp\/v2\/posts\/6470"}],"collection":[{"href":"https:\/\/www.visit-ulcinj.com\/blog\/wp-json\/wp\/v2\/posts"}],"about":[{"href":"https:\/\/www.visit-ulcinj.com\/blog\/wp-json\/wp\/v2\/types\/post"}],"author":[{"embeddable":true,"href":"https:\/\/www.visit-ulcinj.com\/blog\/wp-json\/wp\/v2\/users\/1"}],"replies":[{"embeddable":true,"href":"https:\/\/www.visit-ulcinj.com\/blog\/wp-json\/wp\/v2\/comments?post=6470"}],"version-history":[{"count":0,"href":"https:\/\/www.visit-ulcinj.com\/blog\/wp-json\/wp\/v2\/posts\/6470\/revisions"}],"wp:attachment":[{"href":"https:\/\/www.visit-ulcinj.com\/blog\/wp-json\/wp\/v2\/media?parent=6470"}],"wp:term":[{"taxonomy":"category","embeddable":true,"href":"https:\/\/www.visit-ulcinj.com\/blog\/wp-json\/wp\/v2\/categories?post=6470"},{"taxonomy":"post_tag","embeddable":true,"href":"https:\/\/www.visit-ulcinj.com\/blog\/wp-json\/wp\/v2\/tags?post=6470"}],"curies":[{"name":"wp","href":"https:\/\/api.w.org\/{rel}","templated":true}]}}